{"id":14583,"date":"2021-10-08T07:48:54","date_gmt":"2021-10-08T12:48:54","guid":{"rendered":"https:\/\/luchonoticias.com\/?p=14583"},"modified":"2021-10-08T07:49:06","modified_gmt":"2021-10-08T12:49:06","slug":"candidatas-de-miss-universo-colombia-ya-estan-en-neiva","status":"publish","type":"post","link":"https:\/\/luchonoticias.com\/editor\/candidatas-de-miss-universo-colombia-ya-estan-en-neiva\/","title":{"rendered":"Candidatas de Miss Universo Colombia ya est\u00e1n en Neiva"},"content":{"rendered":"\n<p>Las 24 aspirantes al t\u00edtulo de Miss Universe Colombia, arribaron a Neiva con una apretada agenda social que inici\u00f3 en el Parque Metropolitano, con una puesta en escena liderada por la Secretar\u00eda de Desarrollo Social e Inclusi\u00f3n, en el primer evento oficial del concurso en la ciudad.<\/p>\n\n\n\n<p>\u201cEsta es la oportunidad para que conozcan m\u00e1s de nuestro trabajo social, de nuestra ciudad, nuestra econom\u00eda, del encanto de este departamento y de las bondades que tenemos como regi\u00f3n\u201d, precis\u00f3 Luz Marina Trujillo, gestora social de Neiva, quien destac\u00f3 que la realizaci\u00f3n por primera vez de este certamen en la ciudad, no s\u00f3lo es una gran vitrina para el pa\u00eds, sino que adem\u00e1s permite reactivar la econom\u00eda, tras la crisis de la pandemia.<\/p>\n\n\n\n<p>Muestras culturales aut\u00f3ctonas de nuestra tierra, productos audiovisuales con historias de vida de personas que han aprendido a enfrentar la adversidad y entrega de ayudas t\u00e9cnicas donadas por la Empresa de Servicios de Iluminaci\u00f3n P\u00fablica y Desarrollos Tecnol\u00f3gicos de Neiva, ESIP, disfrutaron las comitivas durante la jornada de la tarde.<\/p>\n\n\n\n<p>La agenda contin\u00faa hoy viernes 8 de octubre, desde la comuna 9, donde la Secretar\u00eda de la Mujer, Infancia y Adolescencia, har\u00e1 junto a las 24 candidatas y la comunidad, un pacto por la no violencia contra la mujer y la ni\u00f1ez.<br>A las 10 de la ma\u00f1ana, se dirigir\u00e1n hacia La Toma, con el prop\u00f3sito de disfrutar los murales pintados por artistas locales, para al medio d\u00eda almorzar en el restaurante La Mar Pac\u00edfico, como parte de la estrategia de reactivaci\u00f3n econ\u00f3mica de Neiva.<\/p>\n\n\n\n<p>La tarde iniciar\u00e1 con el evento Primero Neiva por la Reconciliaci\u00f3n, despu\u00e9s se desplazar\u00e1n hasta el San Juan Plaza y en la noche habr\u00e1 cena y pasarela en Casa Corona.<\/p>\n","protected":false},"excerpt":{"rendered":"<p>Las 24 aspirantes al t\u00edtulo de Miss Universe Colombia, arribaron a Neiva con una apretada agenda social que inici\u00f3 en el Parque Metropolitano, con una puesta en escena liderada por la Secretar\u00eda de Desarrollo Social e Inclusi\u00f3n, en el primer evento oficial del concurso en la ciudad. \u201cEsta es la oportunidad para que conozcan m\u00e1s [&hellip;]<\/p>\n","protected":false},"author":1,"featured_media":0,"comment_status":"open","ping_status":"open","sticky":false,"template":"","format":"standard","meta":{"footnotes":""},"categories":[36,31],"tags":[219,3815,42],"class_list":["post-14583","post","type-post","status-publish","format-standard","hentry","category-destacado","category-local","tag-llegada","tag-miss-universo","tag-neiva"],"yoast_head":"<!-- This site is optimized with the Yoast SEO plugin v26.6 - https:\/\/yoast.com\/wordpress\/plugins\/seo\/ -->\n<title>Candidatas de Miss Universo Colombia ya est\u00e1n en Neiva -<\/title>\n<meta name=\"robots\" content=\"index, follow, max-snippet:-1, max-image-preview:large, max-video-preview:-1\" \/>\n<link rel=\"canonical\" href=\"https:\/\/luchonoticias.com\/editor\/candidatas-de-miss-universo-colombia-ya-estan-en-neiva\/\" \/>\n<meta property=\"og:locale\" content=\"es_ES\" \/>\n<meta property=\"og:type\" content=\"article\" \/>\n<meta property=\"og:title\" content=\"Candidatas de Miss Universo Colombia ya est\u00e1n en Neiva -\" \/>\n<meta property=\"og:url\" content=\"https:\/\/luchonoticias.com\/editor\/candidatas-de-miss-universo-colombia-ya-estan-en-neiva\/\" \/>\n<meta property=\"article:publisher\" content=\"https:\/\/www.facebook.com\/luchonoticiasneiva\" \/>\n<meta property=\"article:author\" content=\"https:\/\/www.facebook.com\/luchonoticiasneiva\" \/>\n<meta property=\"article:published_time\" content=\"2021-10-08T12:48:54+00:00\" \/>\n<meta property=\"article:modified_time\" content=\"2021-10-08T12:49:06+00:00\" \/>\n<meta name=\"author\" content=\"admin\" \/>\n<meta name=\"twitter:card\" content=\"summary_large_image\" \/>\n<meta name=\"twitter:label1\" content=\"Escrito por\" \/>\n\t<meta name=\"twitter:data1\" content=\"admin\" \/>\n\t<meta name=\"twitter:label2\" content=\"Tiempo de lectura\" \/>\n\t<meta name=\"twitter:data2\" content=\"2 minutos\" \/>\n<script type=\"application\/ld+json\" class=\"yoast-schema-graph\">{\"@context\":\"https:\/\/schema.org\",\"@graph\":[{\"@type\":\"Article\",\"@id\":\"https:\/\/luchonoticias.com\/editor\/candidatas-de-miss-universo-colombia-ya-estan-en-neiva\/#article\",\"isPartOf\":{\"@id\":\"https:\/\/luchonoticias.com\/editor\/candidatas-de-miss-universo-colombia-ya-estan-en-neiva\/\"},\"author\":{\"name\":\"admin\",\"@id\":\"https:\/\/luchonoticias.com\/editor\/#\/schema\/person\/7a7fd911f58561fd056dbac7b55af9cd\"},\"headline\":\"Candidatas de Miss Universo Colombia ya est\u00e1n en Neiva\",\"datePublished\":\"2021-10-08T12:48:54+00:00\",\"dateModified\":\"2021-10-08T12:49:06+00:00\",\"mainEntityOfPage\":{\"@id\":\"https:\/\/luchonoticias.com\/editor\/candidatas-de-miss-universo-colombia-ya-estan-en-neiva\/\"},\"wordCount\":320,\"commentCount\":0,\"publisher\":{\"@id\":\"https:\/\/luchonoticias.com\/editor\/#\/schema\/person\/7a7fd911f58561fd056dbac7b55af9cd\"},\"keywords\":[\"llegada\",\"Miss Universo\",\"Neiva\"],\"articleSection\":[\"Destacado\",\"Local\"],\"inLanguage\":\"es\",\"potentialAction\":[{\"@type\":\"CommentAction\",\"name\":\"Comment\",\"target\":[\"https:\/\/luchonoticias.com\/editor\/candidatas-de-miss-universo-colombia-ya-estan-en-neiva\/#respond\"]}]},{\"@type\":\"WebPage\",\"@id\":\"https:\/\/luchonoticias.com\/editor\/candidatas-de-miss-universo-colombia-ya-estan-en-neiva\/\",\"url\":\"https:\/\/luchonoticias.com\/editor\/candidatas-de-miss-universo-colombia-ya-estan-en-neiva\/\",\"name\":\"Candidatas de Miss Universo Colombia ya est\u00e1n en Neiva -\",\"isPartOf\":{\"@id\":\"https:\/\/luchonoticias.com\/editor\/#website\"},\"datePublished\":\"2021-10-08T12:48:54+00:00\",\"dateModified\":\"2021-10-08T12:49:06+00:00\",\"breadcrumb\":{\"@id\":\"https:\/\/luchonoticias.com\/editor\/candidatas-de-miss-universo-colombia-ya-estan-en-neiva\/#breadcrumb\"},\"inLanguage\":\"es\",\"potentialAction\":[{\"@type\":\"ReadAction\",\"target\":[\"https:\/\/luchonoticias.com\/editor\/candidatas-de-miss-universo-colombia-ya-estan-en-neiva\/\"]}]},{\"@type\":\"BreadcrumbList\",\"@id\":\"https:\/\/luchonoticias.com\/editor\/candidatas-de-miss-universo-colombia-ya-estan-en-neiva\/#breadcrumb\",\"itemListElement\":[{\"@type\":\"ListItem\",\"position\":1,\"name\":\"Portada\",\"item\":\"https:\/\/luchonoticias.com\/editor\/\"},{\"@type\":\"ListItem\",\"position\":2,\"name\":\"Candidatas de Miss Universo Colombia ya est\u00e1n en Neiva\"}]},{\"@type\":\"WebSite\",\"@id\":\"https:\/\/luchonoticias.com\/editor\/#website\",\"url\":\"https:\/\/luchonoticias.com\/editor\/\",\"name\":\"\",\"description\":\"\",\"publisher\":{\"@id\":\"https:\/\/luchonoticias.com\/editor\/#\/schema\/person\/7a7fd911f58561fd056dbac7b55af9cd\"},\"potentialAction\":[{\"@type\":\"SearchAction\",\"target\":{\"@type\":\"EntryPoint\",\"urlTemplate\":\"https:\/\/luchonoticias.com\/editor\/?s={search_term_string}\"},\"query-input\":{\"@type\":\"PropertyValueSpecification\",\"valueRequired\":true,\"valueName\":\"search_term_string\"}}],\"inLanguage\":\"es\"},{\"@type\":[\"Person\",\"Organization\"],\"@id\":\"https:\/\/luchonoticias.com\/editor\/#\/schema\/person\/7a7fd911f58561fd056dbac7b55af9cd\",\"name\":\"admin\",\"image\":{\"@type\":\"ImageObject\",\"inLanguage\":\"es\",\"@id\":\"https:\/\/luchonoticias.com\/editor\/#\/schema\/person\/image\/\",\"url\":\"https:\/\/luchonoticias.com\/editor\/wp-content\/uploads\/2024\/02\/cropped-cropped-logolu.webp\",\"contentUrl\":\"https:\/\/luchonoticias.com\/editor\/wp-content\/uploads\/2024\/02\/cropped-cropped-logolu.webp\",\"width\":382,\"height\":170,\"caption\":\"admin\"},\"logo\":{\"@id\":\"https:\/\/luchonoticias.com\/editor\/#\/schema\/person\/image\/\"},\"sameAs\":[\"https:\/\/www.facebook.com\/luchonoticiasneiva\"],\"url\":\"https:\/\/luchonoticias.com\/editor\/author\/admin\/\"}]}<\/script>\n<!-- \/ Yoast SEO plugin. -->","yoast_head_json":{"title":"Candidatas de Miss Universo Colombia ya est\u00e1n en Neiva -","robots":{"index":"index","follow":"follow","max-snippet":"max-snippet:-1","max-image-preview":"max-image-preview:large","max-video-preview":"max-video-preview:-1"},"canonical":"https:\/\/luchonoticias.com\/editor\/candidatas-de-miss-universo-colombia-ya-estan-en-neiva\/","og_locale":"es_ES","og_type":"article","og_title":"Candidatas de Miss Universo Colombia ya est\u00e1n en Neiva -","og_url":"https:\/\/luchonoticias.com\/editor\/candidatas-de-miss-universo-colombia-ya-estan-en-neiva\/","article_publisher":"https:\/\/www.facebook.com\/luchonoticiasneiva","article_author":"https:\/\/www.facebook.com\/luchonoticiasneiva","article_published_time":"2021-10-08T12:48:54+00:00","article_modified_time":"2021-10-08T12:49:06+00:00","author":"admin","twitter_card":"summary_large_image","twitter_misc":{"Escrito por":"admin","Tiempo de lectura":"2 minutos"},"schema":{"@context":"https:\/\/schema.org","@graph":[{"@type":"Article","@id":"https:\/\/luchonoticias.com\/editor\/candidatas-de-miss-universo-colombia-ya-estan-en-neiva\/#article","isPartOf":{"@id":"https:\/\/luchonoticias.com\/editor\/candidatas-de-miss-universo-colombia-ya-estan-en-neiva\/"},"author":{"name":"admin","@id":"https:\/\/luchonoticias.com\/editor\/#\/schema\/person\/7a7fd911f58561fd056dbac7b55af9cd"},"headline":"Candidatas de Miss Universo Colombia ya est\u00e1n en Neiva","datePublished":"2021-10-08T12:48:54+00:00","dateModified":"2021-10-08T12:49:06+00:00","mainEntityOfPage":{"@id":"https:\/\/luchonoticias.com\/editor\/candidatas-de-miss-universo-colombia-ya-estan-en-neiva\/"},"wordCount":320,"commentCount":0,"publisher":{"@id":"https:\/\/luchonoticias.com\/editor\/#\/schema\/person\/7a7fd911f58561fd056dbac7b55af9cd"},"keywords":["llegada","Miss Universo","Neiva"],"articleSection":["Destacado","Local"],"inLanguage":"es","potentialAction":[{"@type":"CommentAction","name":"Comment","target":["https:\/\/luchonoticias.com\/editor\/candidatas-de-miss-universo-colombia-ya-estan-en-neiva\/#respond"]}]},{"@type":"WebPage","@id":"https:\/\/luchonoticias.com\/editor\/candidatas-de-miss-universo-colombia-ya-estan-en-neiva\/","url":"https:\/\/luchonoticias.com\/editor\/candidatas-de-miss-universo-colombia-ya-estan-en-neiva\/","name":"Candidatas de Miss Universo Colombia ya est\u00e1n en Neiva -","isPartOf":{"@id":"https:\/\/luchonoticias.com\/editor\/#website"},"datePublished":"2021-10-08T12:48:54+00:00","dateModified":"2021-10-08T12:49:06+00:00","breadcrumb":{"@id":"https:\/\/luchonoticias.com\/editor\/candidatas-de-miss-universo-colombia-ya-estan-en-neiva\/#breadcrumb"},"inLanguage":"es","potentialAction":[{"@type":"ReadAction","target":["https:\/\/luchonoticias.com\/editor\/candidatas-de-miss-universo-colombia-ya-estan-en-neiva\/"]}]},{"@type":"BreadcrumbList","@id":"https:\/\/luchonoticias.com\/editor\/candidatas-de-miss-universo-colombia-ya-estan-en-neiva\/#breadcrumb","itemListElement":[{"@type":"ListItem","position":1,"name":"Portada","item":"https:\/\/luchonoticias.com\/editor\/"},{"@type":"ListItem","position":2,"name":"Candidatas de Miss Universo Colombia ya est\u00e1n en Neiva"}]},{"@type":"WebSite","@id":"https:\/\/luchonoticias.com\/editor\/#website","url":"https:\/\/luchonoticias.com\/editor\/","name":"","description":"","publisher":{"@id":"https:\/\/luchonoticias.com\/editor\/#\/schema\/person\/7a7fd911f58561fd056dbac7b55af9cd"},"potentialAction":[{"@type":"SearchAction","target":{"@type":"EntryPoint","urlTemplate":"https:\/\/luchonoticias.com\/editor\/?s={search_term_string}"},"query-input":{"@type":"PropertyValueSpecification","valueRequired":true,"valueName":"search_term_string"}}],"inLanguage":"es"},{"@type":["Person","Organization"],"@id":"https:\/\/luchonoticias.com\/editor\/#\/schema\/person\/7a7fd911f58561fd056dbac7b55af9cd","name":"admin","image":{"@type":"ImageObject","inLanguage":"es","@id":"https:\/\/luchonoticias.com\/editor\/#\/schema\/person\/image\/","url":"https:\/\/luchonoticias.com\/editor\/wp-content\/uploads\/2024\/02\/cropped-cropped-logolu.webp","contentUrl":"https:\/\/luchonoticias.com\/editor\/wp-content\/uploads\/2024\/02\/cropped-cropped-logolu.webp","width":382,"height":170,"caption":"admin"},"logo":{"@id":"https:\/\/luchonoticias.com\/editor\/#\/schema\/person\/image\/"},"sameAs":["https:\/\/www.facebook.com\/luchonoticiasneiva"],"url":"https:\/\/luchonoticias.com\/editor\/author\/admin\/"}]}},"_links":{"self":[{"href":"https:\/\/luchonoticias.com\/editor\/wp-json\/wp\/v2\/posts\/14583","targetHints":{"allow":["GET"]}}],"collection":[{"href":"https:\/\/luchonoticias.com\/editor\/wp-json\/wp\/v2\/posts"}],"about":[{"href":"https:\/\/luchonoticias.com\/editor\/wp-json\/wp\/v2\/types\/post"}],"author":[{"embeddable":true,"href":"https:\/\/luchonoticias.com\/editor\/wp-json\/wp\/v2\/users\/1"}],"replies":[{"embeddable":true,"href":"https:\/\/luchonoticias.com\/editor\/wp-json\/wp\/v2\/comments?post=14583"}],"version-history":[{"count":0,"href":"https:\/\/luchonoticias.com\/editor\/wp-json\/wp\/v2\/posts\/14583\/revisions"}],"wp:attachment":[{"href":"https:\/\/luchonoticias.com\/editor\/wp-json\/wp\/v2\/media?parent=14583"}],"wp:term":[{"taxonomy":"category","embeddable":true,"href":"https:\/\/luchonoticias.com\/editor\/wp-json\/wp\/v2\/categories?post=14583"},{"taxonomy":"post_tag","embeddable":true,"href":"https:\/\/luchonoticias.com\/editor\/wp-json\/wp\/v2\/tags?post=14583"}],"curies":[{"name":"wp","href":"https:\/\/api.w.org\/{rel}","templated":true}]}}