{"id":14586,"date":"2021-10-08T07:51:20","date_gmt":"2021-10-08T12:51:20","guid":{"rendered":"https:\/\/luchonoticias.com\/?p=14586"},"modified":"2021-10-08T07:51:21","modified_gmt":"2021-10-08T12:51:21","slug":"se-puede-agendar-cita-para-la-tercera-dosis-de-la-vacuna-contra-el-covid-19","status":"publish","type":"post","link":"https:\/\/luchonoticias.com\/editor\/se-puede-agendar-cita-para-la-tercera-dosis-de-la-vacuna-contra-el-covid-19\/","title":{"rendered":"Se puede agendar cita para la tercera dosis de la vacuna contra el COVID 19"},"content":{"rendered":"\n<p>Las<strong>&nbsp;personas mayores de 70 a\u00f1os que fueron vacunadas en Neiva<\/strong>&nbsp;y que est\u00e1n&nbsp;<strong>pendientes de la tercera dosis<\/strong>, deben&nbsp;<strong>ser agendados por la EPS<\/strong>&nbsp;o aseguradora a la que pertenecen. Tambi\u00e9n deber\u00e1n indicarles a d\u00f3nde pueden acudir para que les apliquen la vacuna.<\/p>\n\n\n\n<p>As\u00ed lo dio a conocer la secretaria de Salud de Neiva, Lina Mar\u00eda Rivas, quien hizo un llamado a las entidades aseguradoras para que&nbsp;<strong>aligeren el agendamiento y vacunaci\u00f3n&nbsp;<\/strong>para esa poblaci\u00f3n.<\/p>\n\n\n\n<p>Explic\u00f3 tambi\u00e9n que las personas que est\u00e9n pendientes de la tercera dosis pueden optar por un biol\u00f3gico diferente al que adquirieron en las dosis anteriores, siempre y cuando lo autoricen por escrito.<\/p>\n\n\n\n<p>\u201cEl Ministerio de Salud decret\u00f3 que las personas mayores de 70 a\u00f1os que tengan ya las dos dosis de vacuna pueden acceder a una tercera dosis. Est\u00e1 claro que lo ideal es que se coloquen la tercera dosis del mismo biol\u00f3gico que se les suministr\u00f3 en las dosis anteriores, pero tambi\u00e9n pueden optar bajo un consentimiento informado por un biol\u00f3gico diferente para la tercera dosis\u201d, afirm\u00f3 la secretar\u00eda de Salud de Neiva, Lina Mar\u00eda Rivas.<\/p>\n\n\n\n<p>Est\u00e1 claro que para poder acceder a la tercera dosis las personas deben ser previamente agendadas por la EPS a la que est\u00e9n afiliados. Estas entidades debieron iniciar con este proceso desde el primero de octubre. La infraestructura que tiene la ciudad para aplicar las vacunas est\u00e1&nbsp;<strong>en condiciones de iniciar la aplicaci\u00f3n de la tercera dosis<\/strong>&nbsp;y continuar tambi\u00e9n con atenci\u00f3n al grupo de poblaci\u00f3n que falta por iniciar el proceso y de aplicaci\u00f3n de segunda dosis.<\/p>\n","protected":false},"excerpt":{"rendered":"<p>Las&nbsp;personas mayores de 70 a\u00f1os que fueron vacunadas en Neiva&nbsp;y que est\u00e1n&nbsp;pendientes de la tercera dosis, deben&nbsp;ser agendados por la EPS&nbsp;o aseguradora a la que pertenecen. Tambi\u00e9n deber\u00e1n indicarles a d\u00f3nde pueden acudir para que les apliquen la vacuna. As\u00ed lo dio a conocer la secretaria de Salud de Neiva, Lina Mar\u00eda Rivas, quien hizo [&hellip;]<\/p>\n","protected":false},"author":1,"featured_media":0,"comment_status":"open","ping_status":"open","sticky":false,"template":"","format":"standard","meta":{"footnotes":""},"categories":[36,31],"tags":[42,3816],"class_list":["post-14586","post","type-post","status-publish","format-standard","hentry","category-destacado","category-local","tag-neiva","tag-tercera-dosis"],"yoast_head":"<!-- This site is optimized with the Yoast SEO plugin v26.6 - https:\/\/yoast.com\/wordpress\/plugins\/seo\/ -->\n<title>Se puede agendar cita para la tercera dosis de la vacuna contra el COVID 19 -<\/title>\n<meta name=\"robots\" content=\"index, follow, max-snippet:-1, max-image-preview:large, max-video-preview:-1\" \/>\n<link rel=\"canonical\" href=\"https:\/\/luchonoticias.com\/editor\/se-puede-agendar-cita-para-la-tercera-dosis-de-la-vacuna-contra-el-covid-19\/\" \/>\n<meta property=\"og:locale\" content=\"es_ES\" \/>\n<meta property=\"og:type\" content=\"article\" \/>\n<meta property=\"og:title\" content=\"Se puede agendar cita para la tercera dosis de la vacuna contra el COVID 19 -\" \/>\n<meta property=\"og:url\" content=\"https:\/\/luchonoticias.com\/editor\/se-puede-agendar-cita-para-la-tercera-dosis-de-la-vacuna-contra-el-covid-19\/\" \/>\n<meta property=\"article:publisher\" content=\"https:\/\/www.facebook.com\/luchonoticiasneiva\" \/>\n<meta property=\"article:author\" content=\"https:\/\/www.facebook.com\/luchonoticiasneiva\" \/>\n<meta property=\"article:published_time\" content=\"2021-10-08T12:51:20+00:00\" \/>\n<meta property=\"article:modified_time\" content=\"2021-10-08T12:51:21+00:00\" \/>\n<meta name=\"author\" content=\"admin\" \/>\n<meta name=\"twitter:card\" content=\"summary_large_image\" \/>\n<meta name=\"twitter:label1\" content=\"Escrito por\" \/>\n\t<meta name=\"twitter:data1\" content=\"admin\" \/>\n\t<meta name=\"twitter:label2\" content=\"Tiempo de lectura\" \/>\n\t<meta name=\"twitter:data2\" content=\"1 minuto\" \/>\n<script type=\"application\/ld+json\" class=\"yoast-schema-graph\">{\"@context\":\"https:\/\/schema.org\",\"@graph\":[{\"@type\":\"Article\",\"@id\":\"https:\/\/luchonoticias.com\/editor\/se-puede-agendar-cita-para-la-tercera-dosis-de-la-vacuna-contra-el-covid-19\/#article\",\"isPartOf\":{\"@id\":\"https:\/\/luchonoticias.com\/editor\/se-puede-agendar-cita-para-la-tercera-dosis-de-la-vacuna-contra-el-covid-19\/\"},\"author\":{\"name\":\"admin\",\"@id\":\"https:\/\/luchonoticias.com\/editor\/#\/schema\/person\/7a7fd911f58561fd056dbac7b55af9cd\"},\"headline\":\"Se puede agendar cita para la tercera dosis de la vacuna contra el COVID 19\",\"datePublished\":\"2021-10-08T12:51:20+00:00\",\"dateModified\":\"2021-10-08T12:51:21+00:00\",\"mainEntityOfPage\":{\"@id\":\"https:\/\/luchonoticias.com\/editor\/se-puede-agendar-cita-para-la-tercera-dosis-de-la-vacuna-contra-el-covid-19\/\"},\"wordCount\":305,\"commentCount\":0,\"publisher\":{\"@id\":\"https:\/\/luchonoticias.com\/editor\/#\/schema\/person\/7a7fd911f58561fd056dbac7b55af9cd\"},\"keywords\":[\"Neiva\",\"tercera dosis\"],\"articleSection\":[\"Destacado\",\"Local\"],\"inLanguage\":\"es\",\"potentialAction\":[{\"@type\":\"CommentAction\",\"name\":\"Comment\",\"target\":[\"https:\/\/luchonoticias.com\/editor\/se-puede-agendar-cita-para-la-tercera-dosis-de-la-vacuna-contra-el-covid-19\/#respond\"]}]},{\"@type\":\"WebPage\",\"@id\":\"https:\/\/luchonoticias.com\/editor\/se-puede-agendar-cita-para-la-tercera-dosis-de-la-vacuna-contra-el-covid-19\/\",\"url\":\"https:\/\/luchonoticias.com\/editor\/se-puede-agendar-cita-para-la-tercera-dosis-de-la-vacuna-contra-el-covid-19\/\",\"name\":\"Se puede agendar cita para la tercera dosis de la vacuna contra el COVID 19 -\",\"isPartOf\":{\"@id\":\"https:\/\/luchonoticias.com\/editor\/#website\"},\"datePublished\":\"2021-10-08T12:51:20+00:00\",\"dateModified\":\"2021-10-08T12:51:21+00:00\",\"breadcrumb\":{\"@id\":\"https:\/\/luchonoticias.com\/editor\/se-puede-agendar-cita-para-la-tercera-dosis-de-la-vacuna-contra-el-covid-19\/#breadcrumb\"},\"inLanguage\":\"es\",\"potentialAction\":[{\"@type\":\"ReadAction\",\"target\":[\"https:\/\/luchonoticias.com\/editor\/se-puede-agendar-cita-para-la-tercera-dosis-de-la-vacuna-contra-el-covid-19\/\"]}]},{\"@type\":\"BreadcrumbList\",\"@id\":\"https:\/\/luchonoticias.com\/editor\/se-puede-agendar-cita-para-la-tercera-dosis-de-la-vacuna-contra-el-covid-19\/#breadcrumb\",\"itemListElement\":[{\"@type\":\"ListItem\",\"position\":1,\"name\":\"Portada\",\"item\":\"https:\/\/luchonoticias.com\/editor\/\"},{\"@type\":\"ListItem\",\"position\":2,\"name\":\"Se puede agendar cita para la tercera dosis de la vacuna contra el COVID 19\"}]},{\"@type\":\"WebSite\",\"@id\":\"https:\/\/luchonoticias.com\/editor\/#website\",\"url\":\"https:\/\/luchonoticias.com\/editor\/\",\"name\":\"\",\"description\":\"\",\"publisher\":{\"@id\":\"https:\/\/luchonoticias.com\/editor\/#\/schema\/person\/7a7fd911f58561fd056dbac7b55af9cd\"},\"potentialAction\":[{\"@type\":\"SearchAction\",\"target\":{\"@type\":\"EntryPoint\",\"urlTemplate\":\"https:\/\/luchonoticias.com\/editor\/?s={search_term_string}\"},\"query-input\":{\"@type\":\"PropertyValueSpecification\",\"valueRequired\":true,\"valueName\":\"search_term_string\"}}],\"inLanguage\":\"es\"},{\"@type\":[\"Person\",\"Organization\"],\"@id\":\"https:\/\/luchonoticias.com\/editor\/#\/schema\/person\/7a7fd911f58561fd056dbac7b55af9cd\",\"name\":\"admin\",\"image\":{\"@type\":\"ImageObject\",\"inLanguage\":\"es\",\"@id\":\"https:\/\/luchonoticias.com\/editor\/#\/schema\/person\/image\/\",\"url\":\"https:\/\/luchonoticias.com\/editor\/wp-content\/uploads\/2024\/02\/cropped-cropped-logolu.webp\",\"contentUrl\":\"https:\/\/luchonoticias.com\/editor\/wp-content\/uploads\/2024\/02\/cropped-cropped-logolu.webp\",\"width\":382,\"height\":170,\"caption\":\"admin\"},\"logo\":{\"@id\":\"https:\/\/luchonoticias.com\/editor\/#\/schema\/person\/image\/\"},\"sameAs\":[\"https:\/\/www.facebook.com\/luchonoticiasneiva\"],\"url\":\"https:\/\/luchonoticias.com\/editor\/author\/admin\/\"}]}<\/script>\n<!-- \/ Yoast SEO plugin. -->","yoast_head_json":{"title":"Se puede agendar cita para la tercera dosis de la vacuna contra el COVID 19 -","robots":{"index":"index","follow":"follow","max-snippet":"max-snippet:-1","max-image-preview":"max-image-preview:large","max-video-preview":"max-video-preview:-1"},"canonical":"https:\/\/luchonoticias.com\/editor\/se-puede-agendar-cita-para-la-tercera-dosis-de-la-vacuna-contra-el-covid-19\/","og_locale":"es_ES","og_type":"article","og_title":"Se puede agendar cita para la tercera dosis de la vacuna contra el COVID 19 -","og_url":"https:\/\/luchonoticias.com\/editor\/se-puede-agendar-cita-para-la-tercera-dosis-de-la-vacuna-contra-el-covid-19\/","article_publisher":"https:\/\/www.facebook.com\/luchonoticiasneiva","article_author":"https:\/\/www.facebook.com\/luchonoticiasneiva","article_published_time":"2021-10-08T12:51:20+00:00","article_modified_time":"2021-10-08T12:51:21+00:00","author":"admin","twitter_card":"summary_large_image","twitter_misc":{"Escrito por":"admin","Tiempo de lectura":"1 minuto"},"schema":{"@context":"https:\/\/schema.org","@graph":[{"@type":"Article","@id":"https:\/\/luchonoticias.com\/editor\/se-puede-agendar-cita-para-la-tercera-dosis-de-la-vacuna-contra-el-covid-19\/#article","isPartOf":{"@id":"https:\/\/luchonoticias.com\/editor\/se-puede-agendar-cita-para-la-tercera-dosis-de-la-vacuna-contra-el-covid-19\/"},"author":{"name":"admin","@id":"https:\/\/luchonoticias.com\/editor\/#\/schema\/person\/7a7fd911f58561fd056dbac7b55af9cd"},"headline":"Se puede agendar cita para la tercera dosis de la vacuna contra el COVID 19","datePublished":"2021-10-08T12:51:20+00:00","dateModified":"2021-10-08T12:51:21+00:00","mainEntityOfPage":{"@id":"https:\/\/luchonoticias.com\/editor\/se-puede-agendar-cita-para-la-tercera-dosis-de-la-vacuna-contra-el-covid-19\/"},"wordCount":305,"commentCount":0,"publisher":{"@id":"https:\/\/luchonoticias.com\/editor\/#\/schema\/person\/7a7fd911f58561fd056dbac7b55af9cd"},"keywords":["Neiva","tercera dosis"],"articleSection":["Destacado","Local"],"inLanguage":"es","potentialAction":[{"@type":"CommentAction","name":"Comment","target":["https:\/\/luchonoticias.com\/editor\/se-puede-agendar-cita-para-la-tercera-dosis-de-la-vacuna-contra-el-covid-19\/#respond"]}]},{"@type":"WebPage","@id":"https:\/\/luchonoticias.com\/editor\/se-puede-agendar-cita-para-la-tercera-dosis-de-la-vacuna-contra-el-covid-19\/","url":"https:\/\/luchonoticias.com\/editor\/se-puede-agendar-cita-para-la-tercera-dosis-de-la-vacuna-contra-el-covid-19\/","name":"Se puede agendar cita para la tercera dosis de la vacuna contra el COVID 19 -","isPartOf":{"@id":"https:\/\/luchonoticias.com\/editor\/#website"},"datePublished":"2021-10-08T12:51:20+00:00","dateModified":"2021-10-08T12:51:21+00:00","breadcrumb":{"@id":"https:\/\/luchonoticias.com\/editor\/se-puede-agendar-cita-para-la-tercera-dosis-de-la-vacuna-contra-el-covid-19\/#breadcrumb"},"inLanguage":"es","potentialAction":[{"@type":"ReadAction","target":["https:\/\/luchonoticias.com\/editor\/se-puede-agendar-cita-para-la-tercera-dosis-de-la-vacuna-contra-el-covid-19\/"]}]},{"@type":"BreadcrumbList","@id":"https:\/\/luchonoticias.com\/editor\/se-puede-agendar-cita-para-la-tercera-dosis-de-la-vacuna-contra-el-covid-19\/#breadcrumb","itemListElement":[{"@type":"ListItem","position":1,"name":"Portada","item":"https:\/\/luchonoticias.com\/editor\/"},{"@type":"ListItem","position":2,"name":"Se puede agendar cita para la tercera dosis de la vacuna contra el COVID 19"}]},{"@type":"WebSite","@id":"https:\/\/luchonoticias.com\/editor\/#website","url":"https:\/\/luchonoticias.com\/editor\/","name":"","description":"","publisher":{"@id":"https:\/\/luchonoticias.com\/editor\/#\/schema\/person\/7a7fd911f58561fd056dbac7b55af9cd"},"potentialAction":[{"@type":"SearchAction","target":{"@type":"EntryPoint","urlTemplate":"https:\/\/luchonoticias.com\/editor\/?s={search_term_string}"},"query-input":{"@type":"PropertyValueSpecification","valueRequired":true,"valueName":"search_term_string"}}],"inLanguage":"es"},{"@type":["Person","Organization"],"@id":"https:\/\/luchonoticias.com\/editor\/#\/schema\/person\/7a7fd911f58561fd056dbac7b55af9cd","name":"admin","image":{"@type":"ImageObject","inLanguage":"es","@id":"https:\/\/luchonoticias.com\/editor\/#\/schema\/person\/image\/","url":"https:\/\/luchonoticias.com\/editor\/wp-content\/uploads\/2024\/02\/cropped-cropped-logolu.webp","contentUrl":"https:\/\/luchonoticias.com\/editor\/wp-content\/uploads\/2024\/02\/cropped-cropped-logolu.webp","width":382,"height":170,"caption":"admin"},"logo":{"@id":"https:\/\/luchonoticias.com\/editor\/#\/schema\/person\/image\/"},"sameAs":["https:\/\/www.facebook.com\/luchonoticiasneiva"],"url":"https:\/\/luchonoticias.com\/editor\/author\/admin\/"}]}},"_links":{"self":[{"href":"https:\/\/luchonoticias.com\/editor\/wp-json\/wp\/v2\/posts\/14586","targetHints":{"allow":["GET"]}}],"collection":[{"href":"https:\/\/luchonoticias.com\/editor\/wp-json\/wp\/v2\/posts"}],"about":[{"href":"https:\/\/luchonoticias.com\/editor\/wp-json\/wp\/v2\/types\/post"}],"author":[{"embeddable":true,"href":"https:\/\/luchonoticias.com\/editor\/wp-json\/wp\/v2\/users\/1"}],"replies":[{"embeddable":true,"href":"https:\/\/luchonoticias.com\/editor\/wp-json\/wp\/v2\/comments?post=14586"}],"version-history":[{"count":0,"href":"https:\/\/luchonoticias.com\/editor\/wp-json\/wp\/v2\/posts\/14586\/revisions"}],"wp:attachment":[{"href":"https:\/\/luchonoticias.com\/editor\/wp-json\/wp\/v2\/media?parent=14586"}],"wp:term":[{"taxonomy":"category","embeddable":true,"href":"https:\/\/luchonoticias.com\/editor\/wp-json\/wp\/v2\/categories?post=14586"},{"taxonomy":"post_tag","embeddable":true,"href":"https:\/\/luchonoticias.com\/editor\/wp-json\/wp\/v2\/tags?post=14586"}],"curies":[{"name":"wp","href":"https:\/\/api.w.org\/{rel}","templated":true}]}}