{"id":14589,"date":"2021-10-08T07:53:50","date_gmt":"2021-10-08T12:53:50","guid":{"rendered":"https:\/\/luchonoticias.com\/?p=14589"},"modified":"2021-10-08T07:53:52","modified_gmt":"2021-10-08T12:53:52","slug":"carrera-atletica-recreativa-5k-en-neiva-este-domingo","status":"publish","type":"post","link":"https:\/\/luchonoticias.com\/editor\/carrera-atletica-recreativa-5k-en-neiva-este-domingo\/","title":{"rendered":"Carrera atl\u00e9tica recreativa 5K en Neiva este domingo"},"content":{"rendered":"\n<p>El pr\u00f3ximo domingo 10 de octubre la capital del Huila recibir\u00e1 La Gran Carrera Atl\u00e9tica Recreativa Familiar 5k, que tiene como objetivo brindar un espacio para disfrutar en familia, realizar deporte e integrar a los neivanos en un actividad deportiva. Este evento contar\u00e1 con la presencia a las candidatas a Miss Universe Colombia.<\/p>\n\n\n\n<p>La carrera segunda entre calles 26 y 64 en los dos carriles, estar\u00e1 habilitada para esta jornada que tendr\u00e1 apertura oficial a partir de las 6:00 a.m. en las instalaciones del Centro Comercial \u00danico, donde se iniciar\u00e1 con la respectiva caracterizaci\u00f3n, registro y entrega de los kits a las personas que realizaron su inscripci\u00f3n a trav\u00e9s de la plataforma que dispuso la Administraci\u00f3n Municipal.<\/p>\n\n\n\n<p>El Secretario de Deportes y Recreaci\u00f3n Jes\u00fas Fernando Tejada Bonilla, invit\u00f3 a la comunidad para que se sume a esta actividad y asista a este certamen que traer\u00e1 alegr\u00edas, diversi\u00f3n y una ma\u00f1ana llena de salud energ\u00eda positiva.<br>\u201cAqu\u00ed realizaremos no solamente el tema de actividad f\u00edsica, recreaci\u00f3n sino el aprovechamiento del tiempo libre siempre pensando en mejorar la calidad de vida de los neivanos\u201d, dijo.<\/p>\n\n\n\n<p>Tejada Bonilla agreg\u00f3 que dentro de la agenda del certamen de belleza Miss Universe se contar\u00e1 con la participaci\u00f3n de las candidatas, quienes entregar\u00e1n un mensaje a la comunidad neivana de la importancia de la realizaci\u00f3n de actividades f\u00edsicas.<\/p>\n\n\n\n<p>El programa de Juegos Comunitarios 2021 de Secretar\u00eda de Deportes y Recreaci\u00f3n de Neiva ha dispuesto de puntos de hidrataci\u00f3n, acompa\u00f1amiento de profesionales en deporte y compa\u00f1\u00eda de las autoridades locales para garantizar que esta actividad se desarrolle cumpliendo con los respectivos protocolos de bioseguridad.<\/p>\n\n\n\n<p>Protocolos<\/p>\n\n\n\n<p>Los 500 primeros deportistas que realizaron su inscripci\u00f3n en la p\u00e1gina que habilit\u00f3 la Alcald\u00eda Municipal, recibir\u00e1n una camiseta alusiva al evento por lo que deber\u00e1n llevar su documento de identidad para reclamarla.<\/p>\n\n\n\n<p>En las instalaciones del Centro Comercial \u00danico estar\u00e1 habilitado un punto de informaci\u00f3n para que los participantes de las diferentes categor\u00edas puedan realizar su registro, inscripci\u00f3n y entrega del n\u00famero con el que competir\u00e1n.<br>El compromiso del alcalde Gorky Mu\u00f1oz Calder\u00f3n, en su plan de desarrollo \u201cMandato Ciudadano, Territorio de Vida y Paz\u201d es el de brindar espacios para la ejecuci\u00f3n de eventos deportivos y culturales de talla local, nacional e internacional, pensando en la reactivaci\u00f3n econ\u00f3mica y dignificando la calidad de vida de los neivanos.<\/p>\n","protected":false},"excerpt":{"rendered":"<p>El pr\u00f3ximo domingo 10 de octubre la capital del Huila recibir\u00e1 La Gran Carrera Atl\u00e9tica Recreativa Familiar 5k, que tiene como objetivo brindar un espacio para disfrutar en familia, realizar deporte e integrar a los neivanos en un actividad deportiva. Este evento contar\u00e1 con la presencia a las candidatas a Miss Universe Colombia. La carrera [&hellip;]<\/p>\n","protected":false},"author":1,"featured_media":0,"comment_status":"open","ping_status":"open","sticky":false,"template":"","format":"standard","meta":{"footnotes":""},"categories":[34],"tags":[],"class_list":["post-14589","post","type-post","status-publish","format-standard","hentry","category-deportes"],"yoast_head":"<!-- This site is optimized with the Yoast SEO plugin v26.6 - https:\/\/yoast.com\/wordpress\/plugins\/seo\/ -->\n<title>Carrera atl\u00e9tica recreativa 5K en Neiva este domingo -<\/title>\n<meta name=\"robots\" content=\"index, follow, max-snippet:-1, max-image-preview:large, max-video-preview:-1\" \/>\n<link rel=\"canonical\" href=\"https:\/\/luchonoticias.com\/editor\/carrera-atletica-recreativa-5k-en-neiva-este-domingo\/\" \/>\n<meta property=\"og:locale\" content=\"es_ES\" \/>\n<meta property=\"og:type\" content=\"article\" \/>\n<meta property=\"og:title\" content=\"Carrera atl\u00e9tica recreativa 5K en Neiva este domingo -\" \/>\n<meta property=\"og:url\" content=\"https:\/\/luchonoticias.com\/editor\/carrera-atletica-recreativa-5k-en-neiva-este-domingo\/\" \/>\n<meta property=\"article:publisher\" content=\"https:\/\/www.facebook.com\/luchonoticiasneiva\" \/>\n<meta property=\"article:author\" content=\"https:\/\/www.facebook.com\/luchonoticiasneiva\" \/>\n<meta property=\"article:published_time\" content=\"2021-10-08T12:53:50+00:00\" \/>\n<meta property=\"article:modified_time\" content=\"2021-10-08T12:53:52+00:00\" \/>\n<meta name=\"author\" content=\"admin\" \/>\n<meta name=\"twitter:card\" content=\"summary_large_image\" \/>\n<meta name=\"twitter:label1\" content=\"Escrito por\" \/>\n\t<meta name=\"twitter:data1\" content=\"admin\" \/>\n\t<meta name=\"twitter:label2\" content=\"Tiempo de lectura\" \/>\n\t<meta name=\"twitter:data2\" content=\"2 minutos\" \/>\n<script type=\"application\/ld+json\" class=\"yoast-schema-graph\">{\"@context\":\"https:\/\/schema.org\",\"@graph\":[{\"@type\":\"Article\",\"@id\":\"https:\/\/luchonoticias.com\/editor\/carrera-atletica-recreativa-5k-en-neiva-este-domingo\/#article\",\"isPartOf\":{\"@id\":\"https:\/\/luchonoticias.com\/editor\/carrera-atletica-recreativa-5k-en-neiva-este-domingo\/\"},\"author\":{\"name\":\"admin\",\"@id\":\"https:\/\/luchonoticias.com\/editor\/#\/schema\/person\/7a7fd911f58561fd056dbac7b55af9cd\"},\"headline\":\"Carrera atl\u00e9tica recreativa 5K en Neiva este domingo\",\"datePublished\":\"2021-10-08T12:53:50+00:00\",\"dateModified\":\"2021-10-08T12:53:52+00:00\",\"mainEntityOfPage\":{\"@id\":\"https:\/\/luchonoticias.com\/editor\/carrera-atletica-recreativa-5k-en-neiva-este-domingo\/\"},\"wordCount\":429,\"commentCount\":0,\"publisher\":{\"@id\":\"https:\/\/luchonoticias.com\/editor\/#\/schema\/person\/7a7fd911f58561fd056dbac7b55af9cd\"},\"articleSection\":[\"Deportes\"],\"inLanguage\":\"es\",\"potentialAction\":[{\"@type\":\"CommentAction\",\"name\":\"Comment\",\"target\":[\"https:\/\/luchonoticias.com\/editor\/carrera-atletica-recreativa-5k-en-neiva-este-domingo\/#respond\"]}]},{\"@type\":\"WebPage\",\"@id\":\"https:\/\/luchonoticias.com\/editor\/carrera-atletica-recreativa-5k-en-neiva-este-domingo\/\",\"url\":\"https:\/\/luchonoticias.com\/editor\/carrera-atletica-recreativa-5k-en-neiva-este-domingo\/\",\"name\":\"Carrera atl\u00e9tica recreativa 5K en Neiva este domingo -\",\"isPartOf\":{\"@id\":\"https:\/\/luchonoticias.com\/editor\/#website\"},\"datePublished\":\"2021-10-08T12:53:50+00:00\",\"dateModified\":\"2021-10-08T12:53:52+00:00\",\"breadcrumb\":{\"@id\":\"https:\/\/luchonoticias.com\/editor\/carrera-atletica-recreativa-5k-en-neiva-este-domingo\/#breadcrumb\"},\"inLanguage\":\"es\",\"potentialAction\":[{\"@type\":\"ReadAction\",\"target\":[\"https:\/\/luchonoticias.com\/editor\/carrera-atletica-recreativa-5k-en-neiva-este-domingo\/\"]}]},{\"@type\":\"BreadcrumbList\",\"@id\":\"https:\/\/luchonoticias.com\/editor\/carrera-atletica-recreativa-5k-en-neiva-este-domingo\/#breadcrumb\",\"itemListElement\":[{\"@type\":\"ListItem\",\"position\":1,\"name\":\"Portada\",\"item\":\"https:\/\/luchonoticias.com\/editor\/\"},{\"@type\":\"ListItem\",\"position\":2,\"name\":\"Carrera atl\u00e9tica recreativa 5K en Neiva este domingo\"}]},{\"@type\":\"WebSite\",\"@id\":\"https:\/\/luchonoticias.com\/editor\/#website\",\"url\":\"https:\/\/luchonoticias.com\/editor\/\",\"name\":\"\",\"description\":\"\",\"publisher\":{\"@id\":\"https:\/\/luchonoticias.com\/editor\/#\/schema\/person\/7a7fd911f58561fd056dbac7b55af9cd\"},\"potentialAction\":[{\"@type\":\"SearchAction\",\"target\":{\"@type\":\"EntryPoint\",\"urlTemplate\":\"https:\/\/luchonoticias.com\/editor\/?s={search_term_string}\"},\"query-input\":{\"@type\":\"PropertyValueSpecification\",\"valueRequired\":true,\"valueName\":\"search_term_string\"}}],\"inLanguage\":\"es\"},{\"@type\":[\"Person\",\"Organization\"],\"@id\":\"https:\/\/luchonoticias.com\/editor\/#\/schema\/person\/7a7fd911f58561fd056dbac7b55af9cd\",\"name\":\"admin\",\"image\":{\"@type\":\"ImageObject\",\"inLanguage\":\"es\",\"@id\":\"https:\/\/luchonoticias.com\/editor\/#\/schema\/person\/image\/\",\"url\":\"https:\/\/luchonoticias.com\/editor\/wp-content\/uploads\/2024\/02\/cropped-cropped-logolu.webp\",\"contentUrl\":\"https:\/\/luchonoticias.com\/editor\/wp-content\/uploads\/2024\/02\/cropped-cropped-logolu.webp\",\"width\":382,\"height\":170,\"caption\":\"admin\"},\"logo\":{\"@id\":\"https:\/\/luchonoticias.com\/editor\/#\/schema\/person\/image\/\"},\"sameAs\":[\"https:\/\/www.facebook.com\/luchonoticiasneiva\"],\"url\":\"https:\/\/luchonoticias.com\/editor\/author\/admin\/\"}]}<\/script>\n<!-- \/ Yoast SEO plugin. -->","yoast_head_json":{"title":"Carrera atl\u00e9tica recreativa 5K en Neiva este domingo -","robots":{"index":"index","follow":"follow","max-snippet":"max-snippet:-1","max-image-preview":"max-image-preview:large","max-video-preview":"max-video-preview:-1"},"canonical":"https:\/\/luchonoticias.com\/editor\/carrera-atletica-recreativa-5k-en-neiva-este-domingo\/","og_locale":"es_ES","og_type":"article","og_title":"Carrera atl\u00e9tica recreativa 5K en Neiva este domingo -","og_url":"https:\/\/luchonoticias.com\/editor\/carrera-atletica-recreativa-5k-en-neiva-este-domingo\/","article_publisher":"https:\/\/www.facebook.com\/luchonoticiasneiva","article_author":"https:\/\/www.facebook.com\/luchonoticiasneiva","article_published_time":"2021-10-08T12:53:50+00:00","article_modified_time":"2021-10-08T12:53:52+00:00","author":"admin","twitter_card":"summary_large_image","twitter_misc":{"Escrito por":"admin","Tiempo de lectura":"2 minutos"},"schema":{"@context":"https:\/\/schema.org","@graph":[{"@type":"Article","@id":"https:\/\/luchonoticias.com\/editor\/carrera-atletica-recreativa-5k-en-neiva-este-domingo\/#article","isPartOf":{"@id":"https:\/\/luchonoticias.com\/editor\/carrera-atletica-recreativa-5k-en-neiva-este-domingo\/"},"author":{"name":"admin","@id":"https:\/\/luchonoticias.com\/editor\/#\/schema\/person\/7a7fd911f58561fd056dbac7b55af9cd"},"headline":"Carrera atl\u00e9tica recreativa 5K en Neiva este domingo","datePublished":"2021-10-08T12:53:50+00:00","dateModified":"2021-10-08T12:53:52+00:00","mainEntityOfPage":{"@id":"https:\/\/luchonoticias.com\/editor\/carrera-atletica-recreativa-5k-en-neiva-este-domingo\/"},"wordCount":429,"commentCount":0,"publisher":{"@id":"https:\/\/luchonoticias.com\/editor\/#\/schema\/person\/7a7fd911f58561fd056dbac7b55af9cd"},"articleSection":["Deportes"],"inLanguage":"es","potentialAction":[{"@type":"CommentAction","name":"Comment","target":["https:\/\/luchonoticias.com\/editor\/carrera-atletica-recreativa-5k-en-neiva-este-domingo\/#respond"]}]},{"@type":"WebPage","@id":"https:\/\/luchonoticias.com\/editor\/carrera-atletica-recreativa-5k-en-neiva-este-domingo\/","url":"https:\/\/luchonoticias.com\/editor\/carrera-atletica-recreativa-5k-en-neiva-este-domingo\/","name":"Carrera atl\u00e9tica recreativa 5K en Neiva este domingo -","isPartOf":{"@id":"https:\/\/luchonoticias.com\/editor\/#website"},"datePublished":"2021-10-08T12:53:50+00:00","dateModified":"2021-10-08T12:53:52+00:00","breadcrumb":{"@id":"https:\/\/luchonoticias.com\/editor\/carrera-atletica-recreativa-5k-en-neiva-este-domingo\/#breadcrumb"},"inLanguage":"es","potentialAction":[{"@type":"ReadAction","target":["https:\/\/luchonoticias.com\/editor\/carrera-atletica-recreativa-5k-en-neiva-este-domingo\/"]}]},{"@type":"BreadcrumbList","@id":"https:\/\/luchonoticias.com\/editor\/carrera-atletica-recreativa-5k-en-neiva-este-domingo\/#breadcrumb","itemListElement":[{"@type":"ListItem","position":1,"name":"Portada","item":"https:\/\/luchonoticias.com\/editor\/"},{"@type":"ListItem","position":2,"name":"Carrera atl\u00e9tica recreativa 5K en Neiva este domingo"}]},{"@type":"WebSite","@id":"https:\/\/luchonoticias.com\/editor\/#website","url":"https:\/\/luchonoticias.com\/editor\/","name":"","description":"","publisher":{"@id":"https:\/\/luchonoticias.com\/editor\/#\/schema\/person\/7a7fd911f58561fd056dbac7b55af9cd"},"potentialAction":[{"@type":"SearchAction","target":{"@type":"EntryPoint","urlTemplate":"https:\/\/luchonoticias.com\/editor\/?s={search_term_string}"},"query-input":{"@type":"PropertyValueSpecification","valueRequired":true,"valueName":"search_term_string"}}],"inLanguage":"es"},{"@type":["Person","Organization"],"@id":"https:\/\/luchonoticias.com\/editor\/#\/schema\/person\/7a7fd911f58561fd056dbac7b55af9cd","name":"admin","image":{"@type":"ImageObject","inLanguage":"es","@id":"https:\/\/luchonoticias.com\/editor\/#\/schema\/person\/image\/","url":"https:\/\/luchonoticias.com\/editor\/wp-content\/uploads\/2024\/02\/cropped-cropped-logolu.webp","contentUrl":"https:\/\/luchonoticias.com\/editor\/wp-content\/uploads\/2024\/02\/cropped-cropped-logolu.webp","width":382,"height":170,"caption":"admin"},"logo":{"@id":"https:\/\/luchonoticias.com\/editor\/#\/schema\/person\/image\/"},"sameAs":["https:\/\/www.facebook.com\/luchonoticiasneiva"],"url":"https:\/\/luchonoticias.com\/editor\/author\/admin\/"}]}},"_links":{"self":[{"href":"https:\/\/luchonoticias.com\/editor\/wp-json\/wp\/v2\/posts\/14589","targetHints":{"allow":["GET"]}}],"collection":[{"href":"https:\/\/luchonoticias.com\/editor\/wp-json\/wp\/v2\/posts"}],"about":[{"href":"https:\/\/luchonoticias.com\/editor\/wp-json\/wp\/v2\/types\/post"}],"author":[{"embeddable":true,"href":"https:\/\/luchonoticias.com\/editor\/wp-json\/wp\/v2\/users\/1"}],"replies":[{"embeddable":true,"href":"https:\/\/luchonoticias.com\/editor\/wp-json\/wp\/v2\/comments?post=14589"}],"version-history":[{"count":0,"href":"https:\/\/luchonoticias.com\/editor\/wp-json\/wp\/v2\/posts\/14589\/revisions"}],"wp:attachment":[{"href":"https:\/\/luchonoticias.com\/editor\/wp-json\/wp\/v2\/media?parent=14589"}],"wp:term":[{"taxonomy":"category","embeddable":true,"href":"https:\/\/luchonoticias.com\/editor\/wp-json\/wp\/v2\/categories?post=14589"},{"taxonomy":"post_tag","embeddable":true,"href":"https:\/\/luchonoticias.com\/editor\/wp-json\/wp\/v2\/tags?post=14589"}],"curies":[{"name":"wp","href":"https:\/\/api.w.org\/{rel}","templated":true}]}}