{"id":21771,"date":"2022-03-18T18:48:27","date_gmt":"2022-03-18T23:48:27","guid":{"rendered":"https:\/\/luchonoticias.com\/?p=21771"},"modified":"2022-03-18T18:48:29","modified_gmt":"2022-03-18T23:48:29","slug":"modificado-plan-de-accion-en-pitalito-por-calamidad-publica","status":"publish","type":"post","link":"https:\/\/luchonoticias.com\/editor\/modificado-plan-de-accion-en-pitalito-por-calamidad-publica\/","title":{"rendered":"Modificado plan de acci\u00f3n en Pitalito por calamidad p\u00fablica"},"content":{"rendered":"\n<p>Se llev\u00f3 a cabo una sesi\u00f3n extraordinaria del Consejo Municipal de Gesti\u00f3n del Riesgo de Desastres en donde se aprobaron los ajustes al Plan de Acci\u00f3n Espec\u00edficos por Calamidad P\u00fablica ante las lluvias del presente a\u00f1o en Pitalito y la regi\u00f3n, pues los reportes sectoriales han dejado 111 viviendas afectadas en los eventos del 26 y 27 de febrero y del 2 de marzo. A su vez, hay 50 puntos cr\u00edticos o impactados en la infraestructura por p\u00e9rdida de banca, deslizamiento y da\u00f1o en las v\u00edas.<\/p>\n\n\n\n<p>Por otra parte, en el sector agropecuario son 159 predios o unidades productivas afectadas por estas situaciones, principalmente cultivos de caf\u00e9, beneficiaderos y secaderos, y algunos cultivos de pancoger.<\/p>\n\n\n\n<p>Dianny Marcela Albornoz Bonilla, jefe de la Oficina de Ambiente y Gesti\u00f3n del Riesgo, asegura que las p\u00e9rdidas estimadas ascienden a 1200 millones de pesos, motivo por el cual se aprob\u00f3 el Plan de Contingencia desde el Consejo Municipal de Gesti\u00f3n del Riesgo para la primera temporada de lluvias, y se declar\u00f3 Alerta Amarilla. Esto quiere decir, afirma Dianny Albornoz, que los organismos, instituciones y las comunidades inician un proceso de alistamiento y preparaci\u00f3n frente a posibles eventualidades relacionadas a lluvias, decisi\u00f3n tomada tras el direccionamiento de la Oficina Departamental de Gesti\u00f3n del Riesgo, pues los suelos en esta localidad est\u00e1n saturados debido a las lluvias importantes registradas en las \u00faltimas semanas.<\/p>\n\n\n\n<p>Cabe destacar que este mismo mi\u00e9rcoles 16 de marzo el alcalde de Pitalito, Edgar Mu\u00f1oz Torres, se pronunci\u00f3 sobre el apoyo de parte de la Federaci\u00f3n Nacional de Cafeteros para atender la emergencia por lluvias que haya afectado a la zona rural, especialmente en el sector cafetero, resaltando su acompa\u00f1amiento en torno a la sostenibilidad para disminuir riesgos y vulnerabilidad de cultivos y de otras infraestructuras. As\u00ed entonces, se ha solicitado incorporar este eje con mayor fuerza en Pitalito para las afectaciones sectoriales de la zona rural de Pitalito.<\/p>\n\n\n\n<p>De esta manera, el Consejo Municipal de Gesti\u00f3n del Riesgo de Pitalito se encuentra activo, a su vez que sus integrantes, junto a la Alcald\u00eda Municipal, seguir\u00e1n atendiendo las emergencias presentadas y construyendo los consolidados para hacerle frente a la emergencia por lluvias en el territorio.<\/p>\n","protected":false},"excerpt":{"rendered":"<p>Se llev\u00f3 a cabo una sesi\u00f3n extraordinaria del Consejo Municipal de Gesti\u00f3n del Riesgo de Desastres en donde se aprobaron los ajustes al Plan de Acci\u00f3n Espec\u00edficos por Calamidad P\u00fablica ante las lluvias del presente a\u00f1o en Pitalito y la regi\u00f3n, pues los reportes sectoriales han dejado 111 viviendas afectadas en los eventos del 26 [&hellip;]<\/p>\n","protected":false},"author":1,"featured_media":0,"comment_status":"open","ping_status":"open","sticky":false,"template":"","format":"standard","meta":{"footnotes":""},"categories":[33],"tags":[],"class_list":["post-21771","post","type-post","status-publish","format-standard","hentry","category-huila"],"yoast_head":"<!-- This site is optimized with the Yoast SEO plugin v26.6 - https:\/\/yoast.com\/wordpress\/plugins\/seo\/ -->\n<title>Modificado plan de acci\u00f3n en Pitalito por calamidad p\u00fablica -<\/title>\n<meta name=\"robots\" content=\"index, follow, max-snippet:-1, max-image-preview:large, max-video-preview:-1\" \/>\n<link rel=\"canonical\" href=\"https:\/\/luchonoticias.com\/editor\/modificado-plan-de-accion-en-pitalito-por-calamidad-publica\/\" \/>\n<meta property=\"og:locale\" content=\"es_ES\" \/>\n<meta property=\"og:type\" content=\"article\" \/>\n<meta property=\"og:title\" content=\"Modificado plan de acci\u00f3n en Pitalito por calamidad p\u00fablica -\" \/>\n<meta property=\"og:url\" content=\"https:\/\/luchonoticias.com\/editor\/modificado-plan-de-accion-en-pitalito-por-calamidad-publica\/\" \/>\n<meta property=\"article:publisher\" content=\"https:\/\/www.facebook.com\/luchonoticiasneiva\" \/>\n<meta property=\"article:author\" content=\"https:\/\/www.facebook.com\/luchonoticiasneiva\" \/>\n<meta property=\"article:published_time\" content=\"2022-03-18T23:48:27+00:00\" \/>\n<meta property=\"article:modified_time\" content=\"2022-03-18T23:48:29+00:00\" \/>\n<meta name=\"author\" content=\"admin\" \/>\n<meta name=\"twitter:card\" content=\"summary_large_image\" \/>\n<meta name=\"twitter:label1\" content=\"Escrito por\" \/>\n\t<meta name=\"twitter:data1\" content=\"admin\" \/>\n\t<meta name=\"twitter:label2\" content=\"Tiempo de lectura\" \/>\n\t<meta name=\"twitter:data2\" content=\"2 minutos\" \/>\n<script type=\"application\/ld+json\" class=\"yoast-schema-graph\">{\"@context\":\"https:\/\/schema.org\",\"@graph\":[{\"@type\":\"Article\",\"@id\":\"https:\/\/luchonoticias.com\/editor\/modificado-plan-de-accion-en-pitalito-por-calamidad-publica\/#article\",\"isPartOf\":{\"@id\":\"https:\/\/luchonoticias.com\/editor\/modificado-plan-de-accion-en-pitalito-por-calamidad-publica\/\"},\"author\":{\"name\":\"admin\",\"@id\":\"https:\/\/luchonoticias.com\/editor\/#\/schema\/person\/7a7fd911f58561fd056dbac7b55af9cd\"},\"headline\":\"Modificado plan de acci\u00f3n en Pitalito por calamidad p\u00fablica\",\"datePublished\":\"2022-03-18T23:48:27+00:00\",\"dateModified\":\"2022-03-18T23:48:29+00:00\",\"mainEntityOfPage\":{\"@id\":\"https:\/\/luchonoticias.com\/editor\/modificado-plan-de-accion-en-pitalito-por-calamidad-publica\/\"},\"wordCount\":390,\"commentCount\":0,\"publisher\":{\"@id\":\"https:\/\/luchonoticias.com\/editor\/#\/schema\/person\/7a7fd911f58561fd056dbac7b55af9cd\"},\"articleSection\":[\"Huila\"],\"inLanguage\":\"es\",\"potentialAction\":[{\"@type\":\"CommentAction\",\"name\":\"Comment\",\"target\":[\"https:\/\/luchonoticias.com\/editor\/modificado-plan-de-accion-en-pitalito-por-calamidad-publica\/#respond\"]}]},{\"@type\":\"WebPage\",\"@id\":\"https:\/\/luchonoticias.com\/editor\/modificado-plan-de-accion-en-pitalito-por-calamidad-publica\/\",\"url\":\"https:\/\/luchonoticias.com\/editor\/modificado-plan-de-accion-en-pitalito-por-calamidad-publica\/\",\"name\":\"Modificado plan de acci\u00f3n en Pitalito por calamidad p\u00fablica -\",\"isPartOf\":{\"@id\":\"https:\/\/luchonoticias.com\/editor\/#website\"},\"datePublished\":\"2022-03-18T23:48:27+00:00\",\"dateModified\":\"2022-03-18T23:48:29+00:00\",\"breadcrumb\":{\"@id\":\"https:\/\/luchonoticias.com\/editor\/modificado-plan-de-accion-en-pitalito-por-calamidad-publica\/#breadcrumb\"},\"inLanguage\":\"es\",\"potentialAction\":[{\"@type\":\"ReadAction\",\"target\":[\"https:\/\/luchonoticias.com\/editor\/modificado-plan-de-accion-en-pitalito-por-calamidad-publica\/\"]}]},{\"@type\":\"BreadcrumbList\",\"@id\":\"https:\/\/luchonoticias.com\/editor\/modificado-plan-de-accion-en-pitalito-por-calamidad-publica\/#breadcrumb\",\"itemListElement\":[{\"@type\":\"ListItem\",\"position\":1,\"name\":\"Portada\",\"item\":\"https:\/\/luchonoticias.com\/editor\/\"},{\"@type\":\"ListItem\",\"position\":2,\"name\":\"Modificado plan de acci\u00f3n en Pitalito por calamidad p\u00fablica\"}]},{\"@type\":\"WebSite\",\"@id\":\"https:\/\/luchonoticias.com\/editor\/#website\",\"url\":\"https:\/\/luchonoticias.com\/editor\/\",\"name\":\"\",\"description\":\"\",\"publisher\":{\"@id\":\"https:\/\/luchonoticias.com\/editor\/#\/schema\/person\/7a7fd911f58561fd056dbac7b55af9cd\"},\"potentialAction\":[{\"@type\":\"SearchAction\",\"target\":{\"@type\":\"EntryPoint\",\"urlTemplate\":\"https:\/\/luchonoticias.com\/editor\/?s={search_term_string}\"},\"query-input\":{\"@type\":\"PropertyValueSpecification\",\"valueRequired\":true,\"valueName\":\"search_term_string\"}}],\"inLanguage\":\"es\"},{\"@type\":[\"Person\",\"Organization\"],\"@id\":\"https:\/\/luchonoticias.com\/editor\/#\/schema\/person\/7a7fd911f58561fd056dbac7b55af9cd\",\"name\":\"admin\",\"image\":{\"@type\":\"ImageObject\",\"inLanguage\":\"es\",\"@id\":\"https:\/\/luchonoticias.com\/editor\/#\/schema\/person\/image\/\",\"url\":\"https:\/\/luchonoticias.com\/editor\/wp-content\/uploads\/2024\/02\/cropped-cropped-logolu.webp\",\"contentUrl\":\"https:\/\/luchonoticias.com\/editor\/wp-content\/uploads\/2024\/02\/cropped-cropped-logolu.webp\",\"width\":382,\"height\":170,\"caption\":\"admin\"},\"logo\":{\"@id\":\"https:\/\/luchonoticias.com\/editor\/#\/schema\/person\/image\/\"},\"sameAs\":[\"https:\/\/www.facebook.com\/luchonoticiasneiva\"],\"url\":\"https:\/\/luchonoticias.com\/editor\/author\/admin\/\"}]}<\/script>\n<!-- \/ Yoast SEO plugin. -->","yoast_head_json":{"title":"Modificado plan de acci\u00f3n en Pitalito por calamidad p\u00fablica -","robots":{"index":"index","follow":"follow","max-snippet":"max-snippet:-1","max-image-preview":"max-image-preview:large","max-video-preview":"max-video-preview:-1"},"canonical":"https:\/\/luchonoticias.com\/editor\/modificado-plan-de-accion-en-pitalito-por-calamidad-publica\/","og_locale":"es_ES","og_type":"article","og_title":"Modificado plan de acci\u00f3n en Pitalito por calamidad p\u00fablica -","og_url":"https:\/\/luchonoticias.com\/editor\/modificado-plan-de-accion-en-pitalito-por-calamidad-publica\/","article_publisher":"https:\/\/www.facebook.com\/luchonoticiasneiva","article_author":"https:\/\/www.facebook.com\/luchonoticiasneiva","article_published_time":"2022-03-18T23:48:27+00:00","article_modified_time":"2022-03-18T23:48:29+00:00","author":"admin","twitter_card":"summary_large_image","twitter_misc":{"Escrito por":"admin","Tiempo de lectura":"2 minutos"},"schema":{"@context":"https:\/\/schema.org","@graph":[{"@type":"Article","@id":"https:\/\/luchonoticias.com\/editor\/modificado-plan-de-accion-en-pitalito-por-calamidad-publica\/#article","isPartOf":{"@id":"https:\/\/luchonoticias.com\/editor\/modificado-plan-de-accion-en-pitalito-por-calamidad-publica\/"},"author":{"name":"admin","@id":"https:\/\/luchonoticias.com\/editor\/#\/schema\/person\/7a7fd911f58561fd056dbac7b55af9cd"},"headline":"Modificado plan de acci\u00f3n en Pitalito por calamidad p\u00fablica","datePublished":"2022-03-18T23:48:27+00:00","dateModified":"2022-03-18T23:48:29+00:00","mainEntityOfPage":{"@id":"https:\/\/luchonoticias.com\/editor\/modificado-plan-de-accion-en-pitalito-por-calamidad-publica\/"},"wordCount":390,"commentCount":0,"publisher":{"@id":"https:\/\/luchonoticias.com\/editor\/#\/schema\/person\/7a7fd911f58561fd056dbac7b55af9cd"},"articleSection":["Huila"],"inLanguage":"es","potentialAction":[{"@type":"CommentAction","name":"Comment","target":["https:\/\/luchonoticias.com\/editor\/modificado-plan-de-accion-en-pitalito-por-calamidad-publica\/#respond"]}]},{"@type":"WebPage","@id":"https:\/\/luchonoticias.com\/editor\/modificado-plan-de-accion-en-pitalito-por-calamidad-publica\/","url":"https:\/\/luchonoticias.com\/editor\/modificado-plan-de-accion-en-pitalito-por-calamidad-publica\/","name":"Modificado plan de acci\u00f3n en Pitalito por calamidad p\u00fablica -","isPartOf":{"@id":"https:\/\/luchonoticias.com\/editor\/#website"},"datePublished":"2022-03-18T23:48:27+00:00","dateModified":"2022-03-18T23:48:29+00:00","breadcrumb":{"@id":"https:\/\/luchonoticias.com\/editor\/modificado-plan-de-accion-en-pitalito-por-calamidad-publica\/#breadcrumb"},"inLanguage":"es","potentialAction":[{"@type":"ReadAction","target":["https:\/\/luchonoticias.com\/editor\/modificado-plan-de-accion-en-pitalito-por-calamidad-publica\/"]}]},{"@type":"BreadcrumbList","@id":"https:\/\/luchonoticias.com\/editor\/modificado-plan-de-accion-en-pitalito-por-calamidad-publica\/#breadcrumb","itemListElement":[{"@type":"ListItem","position":1,"name":"Portada","item":"https:\/\/luchonoticias.com\/editor\/"},{"@type":"ListItem","position":2,"name":"Modificado plan de acci\u00f3n en Pitalito por calamidad p\u00fablica"}]},{"@type":"WebSite","@id":"https:\/\/luchonoticias.com\/editor\/#website","url":"https:\/\/luchonoticias.com\/editor\/","name":"","description":"","publisher":{"@id":"https:\/\/luchonoticias.com\/editor\/#\/schema\/person\/7a7fd911f58561fd056dbac7b55af9cd"},"potentialAction":[{"@type":"SearchAction","target":{"@type":"EntryPoint","urlTemplate":"https:\/\/luchonoticias.com\/editor\/?s={search_term_string}"},"query-input":{"@type":"PropertyValueSpecification","valueRequired":true,"valueName":"search_term_string"}}],"inLanguage":"es"},{"@type":["Person","Organization"],"@id":"https:\/\/luchonoticias.com\/editor\/#\/schema\/person\/7a7fd911f58561fd056dbac7b55af9cd","name":"admin","image":{"@type":"ImageObject","inLanguage":"es","@id":"https:\/\/luchonoticias.com\/editor\/#\/schema\/person\/image\/","url":"https:\/\/luchonoticias.com\/editor\/wp-content\/uploads\/2024\/02\/cropped-cropped-logolu.webp","contentUrl":"https:\/\/luchonoticias.com\/editor\/wp-content\/uploads\/2024\/02\/cropped-cropped-logolu.webp","width":382,"height":170,"caption":"admin"},"logo":{"@id":"https:\/\/luchonoticias.com\/editor\/#\/schema\/person\/image\/"},"sameAs":["https:\/\/www.facebook.com\/luchonoticiasneiva"],"url":"https:\/\/luchonoticias.com\/editor\/author\/admin\/"}]}},"_links":{"self":[{"href":"https:\/\/luchonoticias.com\/editor\/wp-json\/wp\/v2\/posts\/21771","targetHints":{"allow":["GET"]}}],"collection":[{"href":"https:\/\/luchonoticias.com\/editor\/wp-json\/wp\/v2\/posts"}],"about":[{"href":"https:\/\/luchonoticias.com\/editor\/wp-json\/wp\/v2\/types\/post"}],"author":[{"embeddable":true,"href":"https:\/\/luchonoticias.com\/editor\/wp-json\/wp\/v2\/users\/1"}],"replies":[{"embeddable":true,"href":"https:\/\/luchonoticias.com\/editor\/wp-json\/wp\/v2\/comments?post=21771"}],"version-history":[{"count":0,"href":"https:\/\/luchonoticias.com\/editor\/wp-json\/wp\/v2\/posts\/21771\/revisions"}],"wp:attachment":[{"href":"https:\/\/luchonoticias.com\/editor\/wp-json\/wp\/v2\/media?parent=21771"}],"wp:term":[{"taxonomy":"category","embeddable":true,"href":"https:\/\/luchonoticias.com\/editor\/wp-json\/wp\/v2\/categories?post=21771"},{"taxonomy":"post_tag","embeddable":true,"href":"https:\/\/luchonoticias.com\/editor\/wp-json\/wp\/v2\/tags?post=21771"}],"curies":[{"name":"wp","href":"https:\/\/api.w.org\/{rel}","templated":true}]}}