{"id":23311,"date":"2022-04-09T05:42:20","date_gmt":"2022-04-09T10:42:20","guid":{"rendered":"https:\/\/luchonoticias.com\/?p=23311"},"modified":"2022-04-09T05:42:22","modified_gmt":"2022-04-09T10:42:22","slug":"inversion-departamental-educativa-para-la-plata","status":"publish","type":"post","link":"https:\/\/luchonoticias.com\/editor\/inversion-departamental-educativa-para-la-plata\/","title":{"rendered":"Inversi\u00f3n departamental educativa para La Plata"},"content":{"rendered":"\n<p>Un\u00a0<strong>recorrido por las distintas sedes educativas\u00a0<\/strong>de la zona urbana y rural de\u00a0<strong>La Plata<\/strong>\u00a0realiz\u00f3 la\u00a0<strong>Secretaria de Educaci\u00f3n del Huila<\/strong>, escuchando a la comunidad educativa de esta localidad, padres de familia, estudiantes, rectores y docentes.<\/p>\n\n\n\n<p>\u201cDentro de esta visita escuchamos inquietudes de la comunidad educativa y les dijimos que una de nuestras prontas acciones ser\u00e1 la del mejoramiento de infraestructura educativa en 4 sedes de prescolar, entre las que est\u00e1n la de San Sebasti\u00e1n, sede La Libertad, y Luis Carlos Trujillo Polanco, sede El Cabuyal, con m\u00e1s de $32 millones para cada una\u201d, a\u00f1adi\u00f3.<\/p>\n\n\n\n<p>\u201cFue una labor exitosa atendiendo las<strong>&nbsp;comunidades de las sedes educativas Villa Losada, Las Palmas, Monserrate, Marillac, San Sebasti\u00e1n, El Triunfo,&nbsp;<\/strong>y dimos tranquilidad a la comunidad con la planta docente donde nos estaban faltando docentes, y en ese sentido tenemos ya un compromiso de soluci\u00f3n\u201d, expres\u00f3 la secretaria.<\/p>\n\n\n\n<p>Tambi\u00e9n afirm\u00f3 que<strong>&nbsp;se tiene establecido una obra de construcci\u00f3n de restaurante escolar para la sede educativa Las Brisas&nbsp;<\/strong>por un valor de $143 millones. As\u00ed mismo, con la sede principal de la IE Luis Carlos Trujillo Polanco, donde se aspira en un mes iniciar su remodelaci\u00f3n de infraestructura, por un valor de $248 millones en los que se incluye la instalaci\u00f3n de ascensores y rampas para ni\u00f1os y ni\u00f1as con discapacidad.<\/p>\n\n\n\n<h5 class=\"wp-block-heading\">Recursos para infraestructura<\/h5>\n\n\n\n<p>La Secretaria tambi\u00e9n anunci\u00f3 que dentro de la convocatoria del Ministerio de Educaci\u00f3n Nacional 2022, el gobierno de Luis Enrique Duss\u00e1n<strong>&nbsp;ejecutar\u00e1 importantes recursos gestionados ante el Fondo de Financiamiento de Infraestructura Educativa,<\/strong>&nbsp;para el Municipio de La Plata y donde tambi\u00e9n aportar\u00e1 recursos el Departamento en convenio con recursos de La Naci\u00f3n. En conjunto, alcanzan los 1.390 millones de pesos.<\/p>\n\n\n\n<ul class=\"wp-block-list\"><li>Instituto T\u00e9cnico Agr\u00edcola con $180\u2019000.000 ($27\u2019000.000 Gobernaci\u00f3n y $153\u2019000.000 Naci\u00f3n)<\/li><li>I.E. Villa de Los Andes con $180\u2019000.000 ($27\u2019000.000 Gobernaci\u00f3n y $153\u2019000.000 Naci\u00f3n)<\/li><li>I.E. Villa Losada $180\u2019000.000 ($27\u2019000.000 Gobernaci\u00f3n y $153\u2019000.000 Naci\u00f3n)<\/li><li>I.E. Misael Pastrana Borrero con $350\u2019000.000 ($52\u2019500.000 Gobernaci\u00f3n y $297\u2019500.000 Naci\u00f3n)<\/li><li>I.E. San Vicente \u2013 sede Las Brisas con $500\u2019000.000 ($75\u2019000.000 Gobernaci\u00f3n y $425\u2019000.000 Naci\u00f3n)<\/li><\/ul>\n","protected":false},"excerpt":{"rendered":"<p>Un\u00a0recorrido por las distintas sedes educativas\u00a0de la zona urbana y rural de\u00a0La Plata\u00a0realiz\u00f3 la\u00a0Secretaria de Educaci\u00f3n del Huila, escuchando a la comunidad educativa de esta localidad, padres de familia, estudiantes, rectores y docentes. \u201cDentro de esta visita escuchamos inquietudes de la comunidad educativa y les dijimos que una de nuestras prontas acciones ser\u00e1 la del [&hellip;]<\/p>\n","protected":false},"author":1,"featured_media":0,"comment_status":"open","ping_status":"open","sticky":false,"template":"","format":"standard","meta":{"footnotes":""},"categories":[33],"tags":[],"class_list":["post-23311","post","type-post","status-publish","format-standard","hentry","category-huila"],"yoast_head":"<!-- This site is optimized with the Yoast SEO plugin v26.6 - https:\/\/yoast.com\/wordpress\/plugins\/seo\/ -->\n<title>Inversi\u00f3n departamental educativa para La Plata -<\/title>\n<meta name=\"robots\" content=\"index, follow, max-snippet:-1, max-image-preview:large, max-video-preview:-1\" \/>\n<link rel=\"canonical\" href=\"https:\/\/luchonoticias.com\/editor\/inversion-departamental-educativa-para-la-plata\/\" \/>\n<meta property=\"og:locale\" content=\"es_ES\" \/>\n<meta property=\"og:type\" content=\"article\" \/>\n<meta property=\"og:title\" content=\"Inversi\u00f3n departamental educativa para La Plata -\" \/>\n<meta property=\"og:url\" content=\"https:\/\/luchonoticias.com\/editor\/inversion-departamental-educativa-para-la-plata\/\" \/>\n<meta property=\"article:publisher\" content=\"https:\/\/www.facebook.com\/luchonoticiasneiva\" \/>\n<meta property=\"article:author\" content=\"https:\/\/www.facebook.com\/luchonoticiasneiva\" \/>\n<meta property=\"article:published_time\" content=\"2022-04-09T10:42:20+00:00\" \/>\n<meta property=\"article:modified_time\" content=\"2022-04-09T10:42:22+00:00\" \/>\n<meta name=\"author\" content=\"admin\" \/>\n<meta name=\"twitter:card\" content=\"summary_large_image\" \/>\n<meta name=\"twitter:label1\" content=\"Escrito por\" \/>\n\t<meta name=\"twitter:data1\" content=\"admin\" \/>\n\t<meta name=\"twitter:label2\" content=\"Tiempo de lectura\" \/>\n\t<meta name=\"twitter:data2\" content=\"2 minutos\" \/>\n<script type=\"application\/ld+json\" class=\"yoast-schema-graph\">{\"@context\":\"https:\/\/schema.org\",\"@graph\":[{\"@type\":\"Article\",\"@id\":\"https:\/\/luchonoticias.com\/editor\/inversion-departamental-educativa-para-la-plata\/#article\",\"isPartOf\":{\"@id\":\"https:\/\/luchonoticias.com\/editor\/inversion-departamental-educativa-para-la-plata\/\"},\"author\":{\"name\":\"admin\",\"@id\":\"https:\/\/luchonoticias.com\/editor\/#\/schema\/person\/7a7fd911f58561fd056dbac7b55af9cd\"},\"headline\":\"Inversi\u00f3n departamental educativa para La Plata\",\"datePublished\":\"2022-04-09T10:42:20+00:00\",\"dateModified\":\"2022-04-09T10:42:22+00:00\",\"mainEntityOfPage\":{\"@id\":\"https:\/\/luchonoticias.com\/editor\/inversion-departamental-educativa-para-la-plata\/\"},\"wordCount\":363,\"commentCount\":0,\"publisher\":{\"@id\":\"https:\/\/luchonoticias.com\/editor\/#\/schema\/person\/7a7fd911f58561fd056dbac7b55af9cd\"},\"articleSection\":[\"Huila\"],\"inLanguage\":\"es\",\"potentialAction\":[{\"@type\":\"CommentAction\",\"name\":\"Comment\",\"target\":[\"https:\/\/luchonoticias.com\/editor\/inversion-departamental-educativa-para-la-plata\/#respond\"]}]},{\"@type\":\"WebPage\",\"@id\":\"https:\/\/luchonoticias.com\/editor\/inversion-departamental-educativa-para-la-plata\/\",\"url\":\"https:\/\/luchonoticias.com\/editor\/inversion-departamental-educativa-para-la-plata\/\",\"name\":\"Inversi\u00f3n departamental educativa para La Plata -\",\"isPartOf\":{\"@id\":\"https:\/\/luchonoticias.com\/editor\/#website\"},\"datePublished\":\"2022-04-09T10:42:20+00:00\",\"dateModified\":\"2022-04-09T10:42:22+00:00\",\"breadcrumb\":{\"@id\":\"https:\/\/luchonoticias.com\/editor\/inversion-departamental-educativa-para-la-plata\/#breadcrumb\"},\"inLanguage\":\"es\",\"potentialAction\":[{\"@type\":\"ReadAction\",\"target\":[\"https:\/\/luchonoticias.com\/editor\/inversion-departamental-educativa-para-la-plata\/\"]}]},{\"@type\":\"BreadcrumbList\",\"@id\":\"https:\/\/luchonoticias.com\/editor\/inversion-departamental-educativa-para-la-plata\/#breadcrumb\",\"itemListElement\":[{\"@type\":\"ListItem\",\"position\":1,\"name\":\"Portada\",\"item\":\"https:\/\/luchonoticias.com\/editor\/\"},{\"@type\":\"ListItem\",\"position\":2,\"name\":\"Inversi\u00f3n departamental educativa para La Plata\"}]},{\"@type\":\"WebSite\",\"@id\":\"https:\/\/luchonoticias.com\/editor\/#website\",\"url\":\"https:\/\/luchonoticias.com\/editor\/\",\"name\":\"\",\"description\":\"\",\"publisher\":{\"@id\":\"https:\/\/luchonoticias.com\/editor\/#\/schema\/person\/7a7fd911f58561fd056dbac7b55af9cd\"},\"potentialAction\":[{\"@type\":\"SearchAction\",\"target\":{\"@type\":\"EntryPoint\",\"urlTemplate\":\"https:\/\/luchonoticias.com\/editor\/?s={search_term_string}\"},\"query-input\":{\"@type\":\"PropertyValueSpecification\",\"valueRequired\":true,\"valueName\":\"search_term_string\"}}],\"inLanguage\":\"es\"},{\"@type\":[\"Person\",\"Organization\"],\"@id\":\"https:\/\/luchonoticias.com\/editor\/#\/schema\/person\/7a7fd911f58561fd056dbac7b55af9cd\",\"name\":\"admin\",\"image\":{\"@type\":\"ImageObject\",\"inLanguage\":\"es\",\"@id\":\"https:\/\/luchonoticias.com\/editor\/#\/schema\/person\/image\/\",\"url\":\"https:\/\/luchonoticias.com\/editor\/wp-content\/uploads\/2024\/02\/cropped-cropped-logolu.webp\",\"contentUrl\":\"https:\/\/luchonoticias.com\/editor\/wp-content\/uploads\/2024\/02\/cropped-cropped-logolu.webp\",\"width\":382,\"height\":170,\"caption\":\"admin\"},\"logo\":{\"@id\":\"https:\/\/luchonoticias.com\/editor\/#\/schema\/person\/image\/\"},\"sameAs\":[\"https:\/\/www.facebook.com\/luchonoticiasneiva\"],\"url\":\"https:\/\/luchonoticias.com\/editor\/author\/admin\/\"}]}<\/script>\n<!-- \/ Yoast SEO plugin. -->","yoast_head_json":{"title":"Inversi\u00f3n departamental educativa para La Plata -","robots":{"index":"index","follow":"follow","max-snippet":"max-snippet:-1","max-image-preview":"max-image-preview:large","max-video-preview":"max-video-preview:-1"},"canonical":"https:\/\/luchonoticias.com\/editor\/inversion-departamental-educativa-para-la-plata\/","og_locale":"es_ES","og_type":"article","og_title":"Inversi\u00f3n departamental educativa para La Plata -","og_url":"https:\/\/luchonoticias.com\/editor\/inversion-departamental-educativa-para-la-plata\/","article_publisher":"https:\/\/www.facebook.com\/luchonoticiasneiva","article_author":"https:\/\/www.facebook.com\/luchonoticiasneiva","article_published_time":"2022-04-09T10:42:20+00:00","article_modified_time":"2022-04-09T10:42:22+00:00","author":"admin","twitter_card":"summary_large_image","twitter_misc":{"Escrito por":"admin","Tiempo de lectura":"2 minutos"},"schema":{"@context":"https:\/\/schema.org","@graph":[{"@type":"Article","@id":"https:\/\/luchonoticias.com\/editor\/inversion-departamental-educativa-para-la-plata\/#article","isPartOf":{"@id":"https:\/\/luchonoticias.com\/editor\/inversion-departamental-educativa-para-la-plata\/"},"author":{"name":"admin","@id":"https:\/\/luchonoticias.com\/editor\/#\/schema\/person\/7a7fd911f58561fd056dbac7b55af9cd"},"headline":"Inversi\u00f3n departamental educativa para La Plata","datePublished":"2022-04-09T10:42:20+00:00","dateModified":"2022-04-09T10:42:22+00:00","mainEntityOfPage":{"@id":"https:\/\/luchonoticias.com\/editor\/inversion-departamental-educativa-para-la-plata\/"},"wordCount":363,"commentCount":0,"publisher":{"@id":"https:\/\/luchonoticias.com\/editor\/#\/schema\/person\/7a7fd911f58561fd056dbac7b55af9cd"},"articleSection":["Huila"],"inLanguage":"es","potentialAction":[{"@type":"CommentAction","name":"Comment","target":["https:\/\/luchonoticias.com\/editor\/inversion-departamental-educativa-para-la-plata\/#respond"]}]},{"@type":"WebPage","@id":"https:\/\/luchonoticias.com\/editor\/inversion-departamental-educativa-para-la-plata\/","url":"https:\/\/luchonoticias.com\/editor\/inversion-departamental-educativa-para-la-plata\/","name":"Inversi\u00f3n departamental educativa para La Plata -","isPartOf":{"@id":"https:\/\/luchonoticias.com\/editor\/#website"},"datePublished":"2022-04-09T10:42:20+00:00","dateModified":"2022-04-09T10:42:22+00:00","breadcrumb":{"@id":"https:\/\/luchonoticias.com\/editor\/inversion-departamental-educativa-para-la-plata\/#breadcrumb"},"inLanguage":"es","potentialAction":[{"@type":"ReadAction","target":["https:\/\/luchonoticias.com\/editor\/inversion-departamental-educativa-para-la-plata\/"]}]},{"@type":"BreadcrumbList","@id":"https:\/\/luchonoticias.com\/editor\/inversion-departamental-educativa-para-la-plata\/#breadcrumb","itemListElement":[{"@type":"ListItem","position":1,"name":"Portada","item":"https:\/\/luchonoticias.com\/editor\/"},{"@type":"ListItem","position":2,"name":"Inversi\u00f3n departamental educativa para La Plata"}]},{"@type":"WebSite","@id":"https:\/\/luchonoticias.com\/editor\/#website","url":"https:\/\/luchonoticias.com\/editor\/","name":"","description":"","publisher":{"@id":"https:\/\/luchonoticias.com\/editor\/#\/schema\/person\/7a7fd911f58561fd056dbac7b55af9cd"},"potentialAction":[{"@type":"SearchAction","target":{"@type":"EntryPoint","urlTemplate":"https:\/\/luchonoticias.com\/editor\/?s={search_term_string}"},"query-input":{"@type":"PropertyValueSpecification","valueRequired":true,"valueName":"search_term_string"}}],"inLanguage":"es"},{"@type":["Person","Organization"],"@id":"https:\/\/luchonoticias.com\/editor\/#\/schema\/person\/7a7fd911f58561fd056dbac7b55af9cd","name":"admin","image":{"@type":"ImageObject","inLanguage":"es","@id":"https:\/\/luchonoticias.com\/editor\/#\/schema\/person\/image\/","url":"https:\/\/luchonoticias.com\/editor\/wp-content\/uploads\/2024\/02\/cropped-cropped-logolu.webp","contentUrl":"https:\/\/luchonoticias.com\/editor\/wp-content\/uploads\/2024\/02\/cropped-cropped-logolu.webp","width":382,"height":170,"caption":"admin"},"logo":{"@id":"https:\/\/luchonoticias.com\/editor\/#\/schema\/person\/image\/"},"sameAs":["https:\/\/www.facebook.com\/luchonoticiasneiva"],"url":"https:\/\/luchonoticias.com\/editor\/author\/admin\/"}]}},"_links":{"self":[{"href":"https:\/\/luchonoticias.com\/editor\/wp-json\/wp\/v2\/posts\/23311","targetHints":{"allow":["GET"]}}],"collection":[{"href":"https:\/\/luchonoticias.com\/editor\/wp-json\/wp\/v2\/posts"}],"about":[{"href":"https:\/\/luchonoticias.com\/editor\/wp-json\/wp\/v2\/types\/post"}],"author":[{"embeddable":true,"href":"https:\/\/luchonoticias.com\/editor\/wp-json\/wp\/v2\/users\/1"}],"replies":[{"embeddable":true,"href":"https:\/\/luchonoticias.com\/editor\/wp-json\/wp\/v2\/comments?post=23311"}],"version-history":[{"count":0,"href":"https:\/\/luchonoticias.com\/editor\/wp-json\/wp\/v2\/posts\/23311\/revisions"}],"wp:attachment":[{"href":"https:\/\/luchonoticias.com\/editor\/wp-json\/wp\/v2\/media?parent=23311"}],"wp:term":[{"taxonomy":"category","embeddable":true,"href":"https:\/\/luchonoticias.com\/editor\/wp-json\/wp\/v2\/categories?post=23311"},{"taxonomy":"post_tag","embeddable":true,"href":"https:\/\/luchonoticias.com\/editor\/wp-json\/wp\/v2\/tags?post=23311"}],"curies":[{"name":"wp","href":"https:\/\/api.w.org\/{rel}","templated":true}]}}