{"id":23317,"date":"2022-04-09T05:57:45","date_gmt":"2022-04-09T10:57:45","guid":{"rendered":"https:\/\/luchonoticias.com\/?p=23317"},"modified":"2022-04-09T05:57:47","modified_gmt":"2022-04-09T10:57:47","slug":"estudiantes-de-ultimos-semestres-de-la-usco-se-preparan-para-las-pruebas-saber-pro","status":"publish","type":"post","link":"https:\/\/luchonoticias.com\/editor\/estudiantes-de-ultimos-semestres-de-la-usco-se-preparan-para-las-pruebas-saber-pro\/","title":{"rendered":"Estudiantes de \u00faltimos semestres de la USCO se preparan para las Pruebas Saber Pro"},"content":{"rendered":"\n<p>La Vicerrector\u00eda Acad\u00e9mica de la Universidad Surcolombiana lidera el proyecto de fortalecimiento de las Competencias Gen\u00e9ricas Saber Pro, que busca fortalecer a los estudiantes del alma m\u00e1ter en las competencias referentes a estas pruebas de Estado.<\/p>\n\n\n\n<p>El objetivo de la iniciativa es familiarizar a los estudiantes que cumplan con el 75% de los cr\u00e9ditos acad\u00e9micos aprobados en las cinco competencias que les ser\u00e1n evaluadas este examen: Razonamiento cuantitativo, Lectura cr\u00edtica, Comunicaci\u00f3n escrita, ingl\u00e9s y Competencias ciudadanas.<\/p>\n\n\n\n<p><strong>Requisito de grado obligatorio<\/strong><\/p>\n\n\n\n<p>Este es requisito obligatorio de grado para todos los estudiantes de las Instituciones de Educaci\u00f3n Superior que aspiren a obtener su t\u00edtulo profesional, de acuerdo con la Ley 1324 de 2009.<\/p>\n\n\n\n<p>Por los buenos desempe\u00f1os obtenidos, los estudiantes pueden ser beneficiados con becas post-graduales, ofertas laborales y contrataciones; y tener mayores posibilidades en procesos de selecci\u00f3n en diferentes convocatorias.<\/p>\n\n\n\n<p>Pensando en la obtenci\u00f3n de niveles de desempe\u00f1o alto en los futuros profesionales surcolombianos, desde la Vicerrector\u00eda Acad\u00e9mica, en cabeza de Mar\u00eda Fernanda Jaime Osorio, se ha establecido la realizaci\u00f3n de los talleres en Competencias Gen\u00e9ricas Saber Pro, aportando as\u00ed al proceso formativo.<\/p>\n\n\n\n<p>Para el a\u00f1o 2022, por disposici\u00f3n del ICFES, se llevar\u00e1n a cabo dos aplicaciones del examen Saber Pro a nivel Nacional: La primera ser\u00e1 los d\u00edas 11 y 12 de junio de 2022 y, la segunda, est\u00e1 dispuesta para llevarse a cabo entre el 22 y el 30 de octubre del corriente a\u00f1o.<\/p>\n\n\n\n<p>El primer bloque de talleres est\u00e1 dirigido a estudiantes que presentar\u00e1n la prueba en junio, que para el a\u00f1o 2022 se llevar\u00e1 a cabo de manera presencial en el horario seleccionado por cada estudiante y en el sal\u00f3n asignado por parte del Proyecto, cuya informaci\u00f3n fue remitida al correo electr\u00f3nico institucional del estudiante inscrito.<\/p>\n\n\n\n<p>Ante cualquier inquietud referente a los talleres podr\u00e1 comunicarse al correo mejores_saberpro@usco.edu.co<\/p>\n","protected":false},"excerpt":{"rendered":"<p>La Vicerrector\u00eda Acad\u00e9mica de la Universidad Surcolombiana lidera el proyecto de fortalecimiento de las Competencias Gen\u00e9ricas Saber Pro, que busca fortalecer a los estudiantes del alma m\u00e1ter en las competencias referentes a estas pruebas de Estado. El objetivo de la iniciativa es familiarizar a los estudiantes que cumplan con el 75% de los cr\u00e9ditos acad\u00e9micos [&hellip;]<\/p>\n","protected":false},"author":1,"featured_media":0,"comment_status":"open","ping_status":"open","sticky":false,"template":"","format":"standard","meta":{"footnotes":""},"categories":[28,36],"tags":[],"class_list":["post-23317","post","type-post","status-publish","format-standard","hentry","category-actualidad","category-destacado"],"yoast_head":"<!-- This site is optimized with the Yoast SEO plugin v26.6 - https:\/\/yoast.com\/wordpress\/plugins\/seo\/ -->\n<title>Estudiantes de \u00faltimos semestres de la USCO se preparan para las Pruebas Saber Pro -<\/title>\n<meta name=\"robots\" content=\"index, follow, max-snippet:-1, max-image-preview:large, max-video-preview:-1\" \/>\n<link rel=\"canonical\" href=\"https:\/\/luchonoticias.com\/editor\/estudiantes-de-ultimos-semestres-de-la-usco-se-preparan-para-las-pruebas-saber-pro\/\" \/>\n<meta property=\"og:locale\" content=\"es_ES\" \/>\n<meta property=\"og:type\" content=\"article\" \/>\n<meta property=\"og:title\" content=\"Estudiantes de \u00faltimos semestres de la USCO se preparan para las Pruebas Saber Pro -\" \/>\n<meta property=\"og:url\" content=\"https:\/\/luchonoticias.com\/editor\/estudiantes-de-ultimos-semestres-de-la-usco-se-preparan-para-las-pruebas-saber-pro\/\" \/>\n<meta property=\"article:publisher\" content=\"https:\/\/www.facebook.com\/luchonoticiasneiva\" \/>\n<meta property=\"article:author\" content=\"https:\/\/www.facebook.com\/luchonoticiasneiva\" \/>\n<meta property=\"article:published_time\" content=\"2022-04-09T10:57:45+00:00\" \/>\n<meta property=\"article:modified_time\" content=\"2022-04-09T10:57:47+00:00\" \/>\n<meta name=\"author\" content=\"admin\" \/>\n<meta name=\"twitter:card\" content=\"summary_large_image\" \/>\n<meta name=\"twitter:label1\" content=\"Escrito por\" \/>\n\t<meta name=\"twitter:data1\" content=\"admin\" \/>\n\t<meta name=\"twitter:label2\" content=\"Tiempo de lectura\" \/>\n\t<meta name=\"twitter:data2\" content=\"2 minutos\" \/>\n<script type=\"application\/ld+json\" class=\"yoast-schema-graph\">{\"@context\":\"https:\/\/schema.org\",\"@graph\":[{\"@type\":\"Article\",\"@id\":\"https:\/\/luchonoticias.com\/editor\/estudiantes-de-ultimos-semestres-de-la-usco-se-preparan-para-las-pruebas-saber-pro\/#article\",\"isPartOf\":{\"@id\":\"https:\/\/luchonoticias.com\/editor\/estudiantes-de-ultimos-semestres-de-la-usco-se-preparan-para-las-pruebas-saber-pro\/\"},\"author\":{\"name\":\"admin\",\"@id\":\"https:\/\/luchonoticias.com\/editor\/#\/schema\/person\/7a7fd911f58561fd056dbac7b55af9cd\"},\"headline\":\"Estudiantes de \u00faltimos semestres de la USCO se preparan para las Pruebas Saber Pro\",\"datePublished\":\"2022-04-09T10:57:45+00:00\",\"dateModified\":\"2022-04-09T10:57:47+00:00\",\"mainEntityOfPage\":{\"@id\":\"https:\/\/luchonoticias.com\/editor\/estudiantes-de-ultimos-semestres-de-la-usco-se-preparan-para-las-pruebas-saber-pro\/\"},\"wordCount\":340,\"commentCount\":0,\"publisher\":{\"@id\":\"https:\/\/luchonoticias.com\/editor\/#\/schema\/person\/7a7fd911f58561fd056dbac7b55af9cd\"},\"articleSection\":[\"Actualidad\",\"Destacado\"],\"inLanguage\":\"es\",\"potentialAction\":[{\"@type\":\"CommentAction\",\"name\":\"Comment\",\"target\":[\"https:\/\/luchonoticias.com\/editor\/estudiantes-de-ultimos-semestres-de-la-usco-se-preparan-para-las-pruebas-saber-pro\/#respond\"]}]},{\"@type\":\"WebPage\",\"@id\":\"https:\/\/luchonoticias.com\/editor\/estudiantes-de-ultimos-semestres-de-la-usco-se-preparan-para-las-pruebas-saber-pro\/\",\"url\":\"https:\/\/luchonoticias.com\/editor\/estudiantes-de-ultimos-semestres-de-la-usco-se-preparan-para-las-pruebas-saber-pro\/\",\"name\":\"Estudiantes de \u00faltimos semestres de la USCO se preparan para las Pruebas Saber Pro -\",\"isPartOf\":{\"@id\":\"https:\/\/luchonoticias.com\/editor\/#website\"},\"datePublished\":\"2022-04-09T10:57:45+00:00\",\"dateModified\":\"2022-04-09T10:57:47+00:00\",\"breadcrumb\":{\"@id\":\"https:\/\/luchonoticias.com\/editor\/estudiantes-de-ultimos-semestres-de-la-usco-se-preparan-para-las-pruebas-saber-pro\/#breadcrumb\"},\"inLanguage\":\"es\",\"potentialAction\":[{\"@type\":\"ReadAction\",\"target\":[\"https:\/\/luchonoticias.com\/editor\/estudiantes-de-ultimos-semestres-de-la-usco-se-preparan-para-las-pruebas-saber-pro\/\"]}]},{\"@type\":\"BreadcrumbList\",\"@id\":\"https:\/\/luchonoticias.com\/editor\/estudiantes-de-ultimos-semestres-de-la-usco-se-preparan-para-las-pruebas-saber-pro\/#breadcrumb\",\"itemListElement\":[{\"@type\":\"ListItem\",\"position\":1,\"name\":\"Portada\",\"item\":\"https:\/\/luchonoticias.com\/editor\/\"},{\"@type\":\"ListItem\",\"position\":2,\"name\":\"Estudiantes de \u00faltimos semestres de la USCO se preparan para las Pruebas Saber Pro\"}]},{\"@type\":\"WebSite\",\"@id\":\"https:\/\/luchonoticias.com\/editor\/#website\",\"url\":\"https:\/\/luchonoticias.com\/editor\/\",\"name\":\"\",\"description\":\"\",\"publisher\":{\"@id\":\"https:\/\/luchonoticias.com\/editor\/#\/schema\/person\/7a7fd911f58561fd056dbac7b55af9cd\"},\"potentialAction\":[{\"@type\":\"SearchAction\",\"target\":{\"@type\":\"EntryPoint\",\"urlTemplate\":\"https:\/\/luchonoticias.com\/editor\/?s={search_term_string}\"},\"query-input\":{\"@type\":\"PropertyValueSpecification\",\"valueRequired\":true,\"valueName\":\"search_term_string\"}}],\"inLanguage\":\"es\"},{\"@type\":[\"Person\",\"Organization\"],\"@id\":\"https:\/\/luchonoticias.com\/editor\/#\/schema\/person\/7a7fd911f58561fd056dbac7b55af9cd\",\"name\":\"admin\",\"image\":{\"@type\":\"ImageObject\",\"inLanguage\":\"es\",\"@id\":\"https:\/\/luchonoticias.com\/editor\/#\/schema\/person\/image\/\",\"url\":\"https:\/\/luchonoticias.com\/editor\/wp-content\/uploads\/2024\/02\/cropped-cropped-logolu.webp\",\"contentUrl\":\"https:\/\/luchonoticias.com\/editor\/wp-content\/uploads\/2024\/02\/cropped-cropped-logolu.webp\",\"width\":382,\"height\":170,\"caption\":\"admin\"},\"logo\":{\"@id\":\"https:\/\/luchonoticias.com\/editor\/#\/schema\/person\/image\/\"},\"sameAs\":[\"https:\/\/www.facebook.com\/luchonoticiasneiva\"],\"url\":\"https:\/\/luchonoticias.com\/editor\/author\/admin\/\"}]}<\/script>\n<!-- \/ Yoast SEO plugin. -->","yoast_head_json":{"title":"Estudiantes de \u00faltimos semestres de la USCO se preparan para las Pruebas Saber Pro -","robots":{"index":"index","follow":"follow","max-snippet":"max-snippet:-1","max-image-preview":"max-image-preview:large","max-video-preview":"max-video-preview:-1"},"canonical":"https:\/\/luchonoticias.com\/editor\/estudiantes-de-ultimos-semestres-de-la-usco-se-preparan-para-las-pruebas-saber-pro\/","og_locale":"es_ES","og_type":"article","og_title":"Estudiantes de \u00faltimos semestres de la USCO se preparan para las Pruebas Saber Pro -","og_url":"https:\/\/luchonoticias.com\/editor\/estudiantes-de-ultimos-semestres-de-la-usco-se-preparan-para-las-pruebas-saber-pro\/","article_publisher":"https:\/\/www.facebook.com\/luchonoticiasneiva","article_author":"https:\/\/www.facebook.com\/luchonoticiasneiva","article_published_time":"2022-04-09T10:57:45+00:00","article_modified_time":"2022-04-09T10:57:47+00:00","author":"admin","twitter_card":"summary_large_image","twitter_misc":{"Escrito por":"admin","Tiempo de lectura":"2 minutos"},"schema":{"@context":"https:\/\/schema.org","@graph":[{"@type":"Article","@id":"https:\/\/luchonoticias.com\/editor\/estudiantes-de-ultimos-semestres-de-la-usco-se-preparan-para-las-pruebas-saber-pro\/#article","isPartOf":{"@id":"https:\/\/luchonoticias.com\/editor\/estudiantes-de-ultimos-semestres-de-la-usco-se-preparan-para-las-pruebas-saber-pro\/"},"author":{"name":"admin","@id":"https:\/\/luchonoticias.com\/editor\/#\/schema\/person\/7a7fd911f58561fd056dbac7b55af9cd"},"headline":"Estudiantes de \u00faltimos semestres de la USCO se preparan para las Pruebas Saber Pro","datePublished":"2022-04-09T10:57:45+00:00","dateModified":"2022-04-09T10:57:47+00:00","mainEntityOfPage":{"@id":"https:\/\/luchonoticias.com\/editor\/estudiantes-de-ultimos-semestres-de-la-usco-se-preparan-para-las-pruebas-saber-pro\/"},"wordCount":340,"commentCount":0,"publisher":{"@id":"https:\/\/luchonoticias.com\/editor\/#\/schema\/person\/7a7fd911f58561fd056dbac7b55af9cd"},"articleSection":["Actualidad","Destacado"],"inLanguage":"es","potentialAction":[{"@type":"CommentAction","name":"Comment","target":["https:\/\/luchonoticias.com\/editor\/estudiantes-de-ultimos-semestres-de-la-usco-se-preparan-para-las-pruebas-saber-pro\/#respond"]}]},{"@type":"WebPage","@id":"https:\/\/luchonoticias.com\/editor\/estudiantes-de-ultimos-semestres-de-la-usco-se-preparan-para-las-pruebas-saber-pro\/","url":"https:\/\/luchonoticias.com\/editor\/estudiantes-de-ultimos-semestres-de-la-usco-se-preparan-para-las-pruebas-saber-pro\/","name":"Estudiantes de \u00faltimos semestres de la USCO se preparan para las Pruebas Saber Pro -","isPartOf":{"@id":"https:\/\/luchonoticias.com\/editor\/#website"},"datePublished":"2022-04-09T10:57:45+00:00","dateModified":"2022-04-09T10:57:47+00:00","breadcrumb":{"@id":"https:\/\/luchonoticias.com\/editor\/estudiantes-de-ultimos-semestres-de-la-usco-se-preparan-para-las-pruebas-saber-pro\/#breadcrumb"},"inLanguage":"es","potentialAction":[{"@type":"ReadAction","target":["https:\/\/luchonoticias.com\/editor\/estudiantes-de-ultimos-semestres-de-la-usco-se-preparan-para-las-pruebas-saber-pro\/"]}]},{"@type":"BreadcrumbList","@id":"https:\/\/luchonoticias.com\/editor\/estudiantes-de-ultimos-semestres-de-la-usco-se-preparan-para-las-pruebas-saber-pro\/#breadcrumb","itemListElement":[{"@type":"ListItem","position":1,"name":"Portada","item":"https:\/\/luchonoticias.com\/editor\/"},{"@type":"ListItem","position":2,"name":"Estudiantes de \u00faltimos semestres de la USCO se preparan para las Pruebas Saber Pro"}]},{"@type":"WebSite","@id":"https:\/\/luchonoticias.com\/editor\/#website","url":"https:\/\/luchonoticias.com\/editor\/","name":"","description":"","publisher":{"@id":"https:\/\/luchonoticias.com\/editor\/#\/schema\/person\/7a7fd911f58561fd056dbac7b55af9cd"},"potentialAction":[{"@type":"SearchAction","target":{"@type":"EntryPoint","urlTemplate":"https:\/\/luchonoticias.com\/editor\/?s={search_term_string}"},"query-input":{"@type":"PropertyValueSpecification","valueRequired":true,"valueName":"search_term_string"}}],"inLanguage":"es"},{"@type":["Person","Organization"],"@id":"https:\/\/luchonoticias.com\/editor\/#\/schema\/person\/7a7fd911f58561fd056dbac7b55af9cd","name":"admin","image":{"@type":"ImageObject","inLanguage":"es","@id":"https:\/\/luchonoticias.com\/editor\/#\/schema\/person\/image\/","url":"https:\/\/luchonoticias.com\/editor\/wp-content\/uploads\/2024\/02\/cropped-cropped-logolu.webp","contentUrl":"https:\/\/luchonoticias.com\/editor\/wp-content\/uploads\/2024\/02\/cropped-cropped-logolu.webp","width":382,"height":170,"caption":"admin"},"logo":{"@id":"https:\/\/luchonoticias.com\/editor\/#\/schema\/person\/image\/"},"sameAs":["https:\/\/www.facebook.com\/luchonoticiasneiva"],"url":"https:\/\/luchonoticias.com\/editor\/author\/admin\/"}]}},"_links":{"self":[{"href":"https:\/\/luchonoticias.com\/editor\/wp-json\/wp\/v2\/posts\/23317","targetHints":{"allow":["GET"]}}],"collection":[{"href":"https:\/\/luchonoticias.com\/editor\/wp-json\/wp\/v2\/posts"}],"about":[{"href":"https:\/\/luchonoticias.com\/editor\/wp-json\/wp\/v2\/types\/post"}],"author":[{"embeddable":true,"href":"https:\/\/luchonoticias.com\/editor\/wp-json\/wp\/v2\/users\/1"}],"replies":[{"embeddable":true,"href":"https:\/\/luchonoticias.com\/editor\/wp-json\/wp\/v2\/comments?post=23317"}],"version-history":[{"count":0,"href":"https:\/\/luchonoticias.com\/editor\/wp-json\/wp\/v2\/posts\/23317\/revisions"}],"wp:attachment":[{"href":"https:\/\/luchonoticias.com\/editor\/wp-json\/wp\/v2\/media?parent=23317"}],"wp:term":[{"taxonomy":"category","embeddable":true,"href":"https:\/\/luchonoticias.com\/editor\/wp-json\/wp\/v2\/categories?post=23317"},{"taxonomy":"post_tag","embeddable":true,"href":"https:\/\/luchonoticias.com\/editor\/wp-json\/wp\/v2\/tags?post=23317"}],"curies":[{"name":"wp","href":"https:\/\/api.w.org\/{rel}","templated":true}]}}