{"id":23847,"date":"2022-04-18T13:06:38","date_gmt":"2022-04-18T18:06:38","guid":{"rendered":"https:\/\/luchonoticias.com\/?p=23847"},"modified":"2022-04-18T13:06:41","modified_gmt":"2022-04-18T18:06:41","slug":"reinaldo-rueda-no-seguira-con-la-seleccion-colombia","status":"publish","type":"post","link":"https:\/\/luchonoticias.com\/editor\/reinaldo-rueda-no-seguira-con-la-seleccion-colombia\/","title":{"rendered":"Reinaldo Rueda no seguir\u00e1 con la Selecci\u00f3n Colombia"},"content":{"rendered":"\n<p>Mediante comunicado la\u00a0<strong>Federaci\u00f3n Colombiana de F\u00fatbol<\/strong>\u00a0anunci\u00f3 que en reuni\u00f3n ordinaria de comit\u00e9 ejecutivo se acord\u00f3 la\u00a0<strong>desvinculaci\u00f3n de Reinaldo Rueda<\/strong>\u00a0como entrenador del equipo nacional categor\u00eda mayores, decisi\u00f3n que tambi\u00e9n incluye a su cuerpo t\u00e9cnico.<\/p>\n\n\n\n<p>Rueda sale de la escuadra nacional luego de\u00a0<strong>no poder conquistar la clasificaci\u00f3n al mundial de Catar<\/strong>, al que no pudo llegar ni siquiera para el repechaje intercontinental.\u00a0<\/p>\n\n\n\n<p>Finalmente la federaci\u00f3n anunci\u00f3 que Comit\u00e9 Ejecutivo&nbsp;<strong>analizar\u00e1 y evaluar\u00e1 las opciones existentes o que llegaren a existir<\/strong>, con el fin de determinar qui\u00e9n debe asumir la direcci\u00f3n t\u00e9cnica del equipo nacional.<\/p>\n","protected":false},"excerpt":{"rendered":"<p>Mediante comunicado la\u00a0Federaci\u00f3n Colombiana de F\u00fatbol\u00a0anunci\u00f3 que en reuni\u00f3n ordinaria de comit\u00e9 ejecutivo se acord\u00f3 la\u00a0desvinculaci\u00f3n de Reinaldo Rueda\u00a0como entrenador del equipo nacional categor\u00eda mayores, decisi\u00f3n que tambi\u00e9n incluye a su cuerpo t\u00e9cnico. Rueda sale de la escuadra nacional luego de\u00a0no poder conquistar la clasificaci\u00f3n al mundial de Catar, al que no pudo llegar ni [&hellip;]<\/p>\n","protected":false},"author":1,"featured_media":0,"comment_status":"open","ping_status":"open","sticky":false,"template":"","format":"standard","meta":{"footnotes":""},"categories":[34],"tags":[],"class_list":["post-23847","post","type-post","status-publish","format-standard","hentry","category-deportes"],"yoast_head":"<!-- This site is optimized with the Yoast SEO plugin v26.6 - https:\/\/yoast.com\/wordpress\/plugins\/seo\/ -->\n<title>Reinaldo Rueda no seguir\u00e1 con la Selecci\u00f3n Colombia -<\/title>\n<meta name=\"robots\" content=\"index, follow, max-snippet:-1, max-image-preview:large, max-video-preview:-1\" \/>\n<link rel=\"canonical\" href=\"https:\/\/luchonoticias.com\/editor\/reinaldo-rueda-no-seguira-con-la-seleccion-colombia\/\" \/>\n<meta property=\"og:locale\" content=\"es_ES\" \/>\n<meta property=\"og:type\" content=\"article\" \/>\n<meta property=\"og:title\" content=\"Reinaldo Rueda no seguir\u00e1 con la Selecci\u00f3n Colombia -\" \/>\n<meta property=\"og:url\" content=\"https:\/\/luchonoticias.com\/editor\/reinaldo-rueda-no-seguira-con-la-seleccion-colombia\/\" \/>\n<meta property=\"article:publisher\" content=\"https:\/\/www.facebook.com\/luchonoticiasneiva\" \/>\n<meta property=\"article:author\" content=\"https:\/\/www.facebook.com\/luchonoticiasneiva\" \/>\n<meta property=\"article:published_time\" content=\"2022-04-18T18:06:38+00:00\" \/>\n<meta property=\"article:modified_time\" content=\"2022-04-18T18:06:41+00:00\" \/>\n<meta name=\"author\" content=\"admin\" \/>\n<meta name=\"twitter:card\" content=\"summary_large_image\" \/>\n<meta name=\"twitter:label1\" content=\"Escrito por\" \/>\n\t<meta name=\"twitter:data1\" content=\"admin\" \/>\n\t<meta name=\"twitter:label2\" content=\"Tiempo de lectura\" \/>\n\t<meta name=\"twitter:data2\" content=\"1 minuto\" \/>\n<script type=\"application\/ld+json\" class=\"yoast-schema-graph\">{\"@context\":\"https:\/\/schema.org\",\"@graph\":[{\"@type\":\"Article\",\"@id\":\"https:\/\/luchonoticias.com\/editor\/reinaldo-rueda-no-seguira-con-la-seleccion-colombia\/#article\",\"isPartOf\":{\"@id\":\"https:\/\/luchonoticias.com\/editor\/reinaldo-rueda-no-seguira-con-la-seleccion-colombia\/\"},\"author\":{\"name\":\"admin\",\"@id\":\"https:\/\/luchonoticias.com\/editor\/#\/schema\/person\/7a7fd911f58561fd056dbac7b55af9cd\"},\"headline\":\"Reinaldo Rueda no seguir\u00e1 con la Selecci\u00f3n Colombia\",\"datePublished\":\"2022-04-18T18:06:38+00:00\",\"dateModified\":\"2022-04-18T18:06:41+00:00\",\"mainEntityOfPage\":{\"@id\":\"https:\/\/luchonoticias.com\/editor\/reinaldo-rueda-no-seguira-con-la-seleccion-colombia\/\"},\"wordCount\":120,\"commentCount\":0,\"publisher\":{\"@id\":\"https:\/\/luchonoticias.com\/editor\/#\/schema\/person\/7a7fd911f58561fd056dbac7b55af9cd\"},\"articleSection\":[\"Deportes\"],\"inLanguage\":\"es\",\"potentialAction\":[{\"@type\":\"CommentAction\",\"name\":\"Comment\",\"target\":[\"https:\/\/luchonoticias.com\/editor\/reinaldo-rueda-no-seguira-con-la-seleccion-colombia\/#respond\"]}]},{\"@type\":\"WebPage\",\"@id\":\"https:\/\/luchonoticias.com\/editor\/reinaldo-rueda-no-seguira-con-la-seleccion-colombia\/\",\"url\":\"https:\/\/luchonoticias.com\/editor\/reinaldo-rueda-no-seguira-con-la-seleccion-colombia\/\",\"name\":\"Reinaldo Rueda no seguir\u00e1 con la Selecci\u00f3n Colombia -\",\"isPartOf\":{\"@id\":\"https:\/\/luchonoticias.com\/editor\/#website\"},\"datePublished\":\"2022-04-18T18:06:38+00:00\",\"dateModified\":\"2022-04-18T18:06:41+00:00\",\"breadcrumb\":{\"@id\":\"https:\/\/luchonoticias.com\/editor\/reinaldo-rueda-no-seguira-con-la-seleccion-colombia\/#breadcrumb\"},\"inLanguage\":\"es\",\"potentialAction\":[{\"@type\":\"ReadAction\",\"target\":[\"https:\/\/luchonoticias.com\/editor\/reinaldo-rueda-no-seguira-con-la-seleccion-colombia\/\"]}]},{\"@type\":\"BreadcrumbList\",\"@id\":\"https:\/\/luchonoticias.com\/editor\/reinaldo-rueda-no-seguira-con-la-seleccion-colombia\/#breadcrumb\",\"itemListElement\":[{\"@type\":\"ListItem\",\"position\":1,\"name\":\"Portada\",\"item\":\"https:\/\/luchonoticias.com\/editor\/\"},{\"@type\":\"ListItem\",\"position\":2,\"name\":\"Reinaldo Rueda no seguir\u00e1 con la Selecci\u00f3n Colombia\"}]},{\"@type\":\"WebSite\",\"@id\":\"https:\/\/luchonoticias.com\/editor\/#website\",\"url\":\"https:\/\/luchonoticias.com\/editor\/\",\"name\":\"\",\"description\":\"\",\"publisher\":{\"@id\":\"https:\/\/luchonoticias.com\/editor\/#\/schema\/person\/7a7fd911f58561fd056dbac7b55af9cd\"},\"potentialAction\":[{\"@type\":\"SearchAction\",\"target\":{\"@type\":\"EntryPoint\",\"urlTemplate\":\"https:\/\/luchonoticias.com\/editor\/?s={search_term_string}\"},\"query-input\":{\"@type\":\"PropertyValueSpecification\",\"valueRequired\":true,\"valueName\":\"search_term_string\"}}],\"inLanguage\":\"es\"},{\"@type\":[\"Person\",\"Organization\"],\"@id\":\"https:\/\/luchonoticias.com\/editor\/#\/schema\/person\/7a7fd911f58561fd056dbac7b55af9cd\",\"name\":\"admin\",\"image\":{\"@type\":\"ImageObject\",\"inLanguage\":\"es\",\"@id\":\"https:\/\/luchonoticias.com\/editor\/#\/schema\/person\/image\/\",\"url\":\"https:\/\/luchonoticias.com\/editor\/wp-content\/uploads\/2024\/02\/cropped-cropped-logolu.webp\",\"contentUrl\":\"https:\/\/luchonoticias.com\/editor\/wp-content\/uploads\/2024\/02\/cropped-cropped-logolu.webp\",\"width\":382,\"height\":170,\"caption\":\"admin\"},\"logo\":{\"@id\":\"https:\/\/luchonoticias.com\/editor\/#\/schema\/person\/image\/\"},\"sameAs\":[\"https:\/\/www.facebook.com\/luchonoticiasneiva\"],\"url\":\"https:\/\/luchonoticias.com\/editor\/author\/admin\/\"}]}<\/script>\n<!-- \/ Yoast SEO plugin. -->","yoast_head_json":{"title":"Reinaldo Rueda no seguir\u00e1 con la Selecci\u00f3n Colombia -","robots":{"index":"index","follow":"follow","max-snippet":"max-snippet:-1","max-image-preview":"max-image-preview:large","max-video-preview":"max-video-preview:-1"},"canonical":"https:\/\/luchonoticias.com\/editor\/reinaldo-rueda-no-seguira-con-la-seleccion-colombia\/","og_locale":"es_ES","og_type":"article","og_title":"Reinaldo Rueda no seguir\u00e1 con la Selecci\u00f3n Colombia -","og_url":"https:\/\/luchonoticias.com\/editor\/reinaldo-rueda-no-seguira-con-la-seleccion-colombia\/","article_publisher":"https:\/\/www.facebook.com\/luchonoticiasneiva","article_author":"https:\/\/www.facebook.com\/luchonoticiasneiva","article_published_time":"2022-04-18T18:06:38+00:00","article_modified_time":"2022-04-18T18:06:41+00:00","author":"admin","twitter_card":"summary_large_image","twitter_misc":{"Escrito por":"admin","Tiempo de lectura":"1 minuto"},"schema":{"@context":"https:\/\/schema.org","@graph":[{"@type":"Article","@id":"https:\/\/luchonoticias.com\/editor\/reinaldo-rueda-no-seguira-con-la-seleccion-colombia\/#article","isPartOf":{"@id":"https:\/\/luchonoticias.com\/editor\/reinaldo-rueda-no-seguira-con-la-seleccion-colombia\/"},"author":{"name":"admin","@id":"https:\/\/luchonoticias.com\/editor\/#\/schema\/person\/7a7fd911f58561fd056dbac7b55af9cd"},"headline":"Reinaldo Rueda no seguir\u00e1 con la Selecci\u00f3n Colombia","datePublished":"2022-04-18T18:06:38+00:00","dateModified":"2022-04-18T18:06:41+00:00","mainEntityOfPage":{"@id":"https:\/\/luchonoticias.com\/editor\/reinaldo-rueda-no-seguira-con-la-seleccion-colombia\/"},"wordCount":120,"commentCount":0,"publisher":{"@id":"https:\/\/luchonoticias.com\/editor\/#\/schema\/person\/7a7fd911f58561fd056dbac7b55af9cd"},"articleSection":["Deportes"],"inLanguage":"es","potentialAction":[{"@type":"CommentAction","name":"Comment","target":["https:\/\/luchonoticias.com\/editor\/reinaldo-rueda-no-seguira-con-la-seleccion-colombia\/#respond"]}]},{"@type":"WebPage","@id":"https:\/\/luchonoticias.com\/editor\/reinaldo-rueda-no-seguira-con-la-seleccion-colombia\/","url":"https:\/\/luchonoticias.com\/editor\/reinaldo-rueda-no-seguira-con-la-seleccion-colombia\/","name":"Reinaldo Rueda no seguir\u00e1 con la Selecci\u00f3n Colombia -","isPartOf":{"@id":"https:\/\/luchonoticias.com\/editor\/#website"},"datePublished":"2022-04-18T18:06:38+00:00","dateModified":"2022-04-18T18:06:41+00:00","breadcrumb":{"@id":"https:\/\/luchonoticias.com\/editor\/reinaldo-rueda-no-seguira-con-la-seleccion-colombia\/#breadcrumb"},"inLanguage":"es","potentialAction":[{"@type":"ReadAction","target":["https:\/\/luchonoticias.com\/editor\/reinaldo-rueda-no-seguira-con-la-seleccion-colombia\/"]}]},{"@type":"BreadcrumbList","@id":"https:\/\/luchonoticias.com\/editor\/reinaldo-rueda-no-seguira-con-la-seleccion-colombia\/#breadcrumb","itemListElement":[{"@type":"ListItem","position":1,"name":"Portada","item":"https:\/\/luchonoticias.com\/editor\/"},{"@type":"ListItem","position":2,"name":"Reinaldo Rueda no seguir\u00e1 con la Selecci\u00f3n Colombia"}]},{"@type":"WebSite","@id":"https:\/\/luchonoticias.com\/editor\/#website","url":"https:\/\/luchonoticias.com\/editor\/","name":"","description":"","publisher":{"@id":"https:\/\/luchonoticias.com\/editor\/#\/schema\/person\/7a7fd911f58561fd056dbac7b55af9cd"},"potentialAction":[{"@type":"SearchAction","target":{"@type":"EntryPoint","urlTemplate":"https:\/\/luchonoticias.com\/editor\/?s={search_term_string}"},"query-input":{"@type":"PropertyValueSpecification","valueRequired":true,"valueName":"search_term_string"}}],"inLanguage":"es"},{"@type":["Person","Organization"],"@id":"https:\/\/luchonoticias.com\/editor\/#\/schema\/person\/7a7fd911f58561fd056dbac7b55af9cd","name":"admin","image":{"@type":"ImageObject","inLanguage":"es","@id":"https:\/\/luchonoticias.com\/editor\/#\/schema\/person\/image\/","url":"https:\/\/luchonoticias.com\/editor\/wp-content\/uploads\/2024\/02\/cropped-cropped-logolu.webp","contentUrl":"https:\/\/luchonoticias.com\/editor\/wp-content\/uploads\/2024\/02\/cropped-cropped-logolu.webp","width":382,"height":170,"caption":"admin"},"logo":{"@id":"https:\/\/luchonoticias.com\/editor\/#\/schema\/person\/image\/"},"sameAs":["https:\/\/www.facebook.com\/luchonoticiasneiva"],"url":"https:\/\/luchonoticias.com\/editor\/author\/admin\/"}]}},"_links":{"self":[{"href":"https:\/\/luchonoticias.com\/editor\/wp-json\/wp\/v2\/posts\/23847","targetHints":{"allow":["GET"]}}],"collection":[{"href":"https:\/\/luchonoticias.com\/editor\/wp-json\/wp\/v2\/posts"}],"about":[{"href":"https:\/\/luchonoticias.com\/editor\/wp-json\/wp\/v2\/types\/post"}],"author":[{"embeddable":true,"href":"https:\/\/luchonoticias.com\/editor\/wp-json\/wp\/v2\/users\/1"}],"replies":[{"embeddable":true,"href":"https:\/\/luchonoticias.com\/editor\/wp-json\/wp\/v2\/comments?post=23847"}],"version-history":[{"count":0,"href":"https:\/\/luchonoticias.com\/editor\/wp-json\/wp\/v2\/posts\/23847\/revisions"}],"wp:attachment":[{"href":"https:\/\/luchonoticias.com\/editor\/wp-json\/wp\/v2\/media?parent=23847"}],"wp:term":[{"taxonomy":"category","embeddable":true,"href":"https:\/\/luchonoticias.com\/editor\/wp-json\/wp\/v2\/categories?post=23847"},{"taxonomy":"post_tag","embeddable":true,"href":"https:\/\/luchonoticias.com\/editor\/wp-json\/wp\/v2\/tags?post=23847"}],"curies":[{"name":"wp","href":"https:\/\/api.w.org\/{rel}","templated":true}]}}