{"id":23958,"date":"2022-04-19T15:10:23","date_gmt":"2022-04-19T20:10:23","guid":{"rendered":"https:\/\/luchonoticias.com\/?p=23958"},"modified":"2022-04-19T15:10:45","modified_gmt":"2022-04-19T20:10:45","slug":"temblor-de-4-6-de-magnitud-sacudio-el-sur-del-huila","status":"publish","type":"post","link":"https:\/\/luchonoticias.com\/editor\/temblor-de-4-6-de-magnitud-sacudio-el-sur-del-huila\/","title":{"rendered":"Temblor de 4.6 de magnitud sacudi\u00f3 el sur del Huila"},"content":{"rendered":"\n<p>El Servicio Geol\u00f3gico Colombiano, dio a conocer que en horas de la tarde de hoy, se report\u00f3 un fuerte temblor de magnitud 4.6 en la escala de Richter, el cual tuvo como epicentro el municipio de Pitalito y se sinti\u00f3 en varios municipios del sur del Huila y algunos sectores de los departamentos del Caquet\u00e1 y Putumayo.<\/p>\n\n\n\n<p>\u00abServicio Geol\u00f3gico @sgcol. #SismosColombiaSGC Evento S\u00edsmico &#8211; Bolet\u00edn Actualizado 1, 2022-04-19, 14:32 hora local Magnitud 4.6, Profundidad Superficial (Menor a 30 km), Pitalito &#8211; Huila, Colombia \u00bfSinti\u00f3 este sismo? rep\u00f3rtelo\u00bb, se\u00f1al\u00f3 la entidad en su cuenta de Twitter.<\/p>\n\n\n\n<p>Asimismo, seg\u00fan lo establecido por este medio de comunicaci\u00f3n, el fuerte movimiento de tierra, no dejaron afectaciones graves en viviendas y edificios del Valle de Laboyos, al igual, se conoci\u00f3 que las autoridades se encuentran realizando un estudio y un seguimiento al hecho, ya que algunos habitantes sienten temor a una r\u00e9plica de mayor magnitud.<\/p>\n","protected":false},"excerpt":{"rendered":"<p>El Servicio Geol\u00f3gico Colombiano, dio a conocer que en horas de la tarde de hoy, se report\u00f3 un fuerte temblor de magnitud 4.6 en la escala de Richter, el cual tuvo como epicentro el municipio de Pitalito y se sinti\u00f3 en varios municipios del sur del Huila y algunos sectores de los departamentos del Caquet\u00e1 [&hellip;]<\/p>\n","protected":false},"author":1,"featured_media":0,"comment_status":"open","ping_status":"open","sticky":false,"template":"","format":"standard","meta":{"footnotes":""},"categories":[28,36],"tags":[],"class_list":["post-23958","post","type-post","status-publish","format-standard","hentry","category-actualidad","category-destacado"],"yoast_head":"<!-- This site is optimized with the Yoast SEO plugin v26.6 - https:\/\/yoast.com\/wordpress\/plugins\/seo\/ -->\n<title>Temblor de 4.6 de magnitud sacudi\u00f3 el sur del Huila -<\/title>\n<meta name=\"robots\" content=\"index, follow, max-snippet:-1, max-image-preview:large, max-video-preview:-1\" \/>\n<link rel=\"canonical\" href=\"https:\/\/luchonoticias.com\/editor\/temblor-de-4-6-de-magnitud-sacudio-el-sur-del-huila\/\" \/>\n<meta property=\"og:locale\" content=\"es_ES\" \/>\n<meta property=\"og:type\" content=\"article\" \/>\n<meta property=\"og:title\" content=\"Temblor de 4.6 de magnitud sacudi\u00f3 el sur del Huila -\" \/>\n<meta property=\"og:url\" content=\"https:\/\/luchonoticias.com\/editor\/temblor-de-4-6-de-magnitud-sacudio-el-sur-del-huila\/\" \/>\n<meta property=\"article:publisher\" content=\"https:\/\/www.facebook.com\/luchonoticiasneiva\" \/>\n<meta property=\"article:author\" content=\"https:\/\/www.facebook.com\/luchonoticiasneiva\" \/>\n<meta property=\"article:published_time\" content=\"2022-04-19T20:10:23+00:00\" \/>\n<meta property=\"article:modified_time\" content=\"2022-04-19T20:10:45+00:00\" \/>\n<meta name=\"author\" content=\"admin\" \/>\n<meta name=\"twitter:card\" content=\"summary_large_image\" \/>\n<meta name=\"twitter:label1\" content=\"Escrito por\" \/>\n\t<meta name=\"twitter:data1\" content=\"admin\" \/>\n\t<meta name=\"twitter:label2\" content=\"Tiempo de lectura\" \/>\n\t<meta name=\"twitter:data2\" content=\"1 minuto\" \/>\n<script type=\"application\/ld+json\" class=\"yoast-schema-graph\">{\"@context\":\"https:\/\/schema.org\",\"@graph\":[{\"@type\":\"Article\",\"@id\":\"https:\/\/luchonoticias.com\/editor\/temblor-de-4-6-de-magnitud-sacudio-el-sur-del-huila\/#article\",\"isPartOf\":{\"@id\":\"https:\/\/luchonoticias.com\/editor\/temblor-de-4-6-de-magnitud-sacudio-el-sur-del-huila\/\"},\"author\":{\"name\":\"admin\",\"@id\":\"https:\/\/luchonoticias.com\/editor\/#\/schema\/person\/7a7fd911f58561fd056dbac7b55af9cd\"},\"headline\":\"Temblor de 4.6 de magnitud sacudi\u00f3 el sur del Huila\",\"datePublished\":\"2022-04-19T20:10:23+00:00\",\"dateModified\":\"2022-04-19T20:10:45+00:00\",\"mainEntityOfPage\":{\"@id\":\"https:\/\/luchonoticias.com\/editor\/temblor-de-4-6-de-magnitud-sacudio-el-sur-del-huila\/\"},\"wordCount\":164,\"commentCount\":0,\"publisher\":{\"@id\":\"https:\/\/luchonoticias.com\/editor\/#\/schema\/person\/7a7fd911f58561fd056dbac7b55af9cd\"},\"articleSection\":[\"Actualidad\",\"Destacado\"],\"inLanguage\":\"es\",\"potentialAction\":[{\"@type\":\"CommentAction\",\"name\":\"Comment\",\"target\":[\"https:\/\/luchonoticias.com\/editor\/temblor-de-4-6-de-magnitud-sacudio-el-sur-del-huila\/#respond\"]}]},{\"@type\":\"WebPage\",\"@id\":\"https:\/\/luchonoticias.com\/editor\/temblor-de-4-6-de-magnitud-sacudio-el-sur-del-huila\/\",\"url\":\"https:\/\/luchonoticias.com\/editor\/temblor-de-4-6-de-magnitud-sacudio-el-sur-del-huila\/\",\"name\":\"Temblor de 4.6 de magnitud sacudi\u00f3 el sur del Huila -\",\"isPartOf\":{\"@id\":\"https:\/\/luchonoticias.com\/editor\/#website\"},\"datePublished\":\"2022-04-19T20:10:23+00:00\",\"dateModified\":\"2022-04-19T20:10:45+00:00\",\"breadcrumb\":{\"@id\":\"https:\/\/luchonoticias.com\/editor\/temblor-de-4-6-de-magnitud-sacudio-el-sur-del-huila\/#breadcrumb\"},\"inLanguage\":\"es\",\"potentialAction\":[{\"@type\":\"ReadAction\",\"target\":[\"https:\/\/luchonoticias.com\/editor\/temblor-de-4-6-de-magnitud-sacudio-el-sur-del-huila\/\"]}]},{\"@type\":\"BreadcrumbList\",\"@id\":\"https:\/\/luchonoticias.com\/editor\/temblor-de-4-6-de-magnitud-sacudio-el-sur-del-huila\/#breadcrumb\",\"itemListElement\":[{\"@type\":\"ListItem\",\"position\":1,\"name\":\"Portada\",\"item\":\"https:\/\/luchonoticias.com\/editor\/\"},{\"@type\":\"ListItem\",\"position\":2,\"name\":\"Temblor de 4.6 de magnitud sacudi\u00f3 el sur del Huila\"}]},{\"@type\":\"WebSite\",\"@id\":\"https:\/\/luchonoticias.com\/editor\/#website\",\"url\":\"https:\/\/luchonoticias.com\/editor\/\",\"name\":\"\",\"description\":\"\",\"publisher\":{\"@id\":\"https:\/\/luchonoticias.com\/editor\/#\/schema\/person\/7a7fd911f58561fd056dbac7b55af9cd\"},\"potentialAction\":[{\"@type\":\"SearchAction\",\"target\":{\"@type\":\"EntryPoint\",\"urlTemplate\":\"https:\/\/luchonoticias.com\/editor\/?s={search_term_string}\"},\"query-input\":{\"@type\":\"PropertyValueSpecification\",\"valueRequired\":true,\"valueName\":\"search_term_string\"}}],\"inLanguage\":\"es\"},{\"@type\":[\"Person\",\"Organization\"],\"@id\":\"https:\/\/luchonoticias.com\/editor\/#\/schema\/person\/7a7fd911f58561fd056dbac7b55af9cd\",\"name\":\"admin\",\"image\":{\"@type\":\"ImageObject\",\"inLanguage\":\"es\",\"@id\":\"https:\/\/luchonoticias.com\/editor\/#\/schema\/person\/image\/\",\"url\":\"https:\/\/luchonoticias.com\/editor\/wp-content\/uploads\/2024\/02\/cropped-cropped-logolu.webp\",\"contentUrl\":\"https:\/\/luchonoticias.com\/editor\/wp-content\/uploads\/2024\/02\/cropped-cropped-logolu.webp\",\"width\":382,\"height\":170,\"caption\":\"admin\"},\"logo\":{\"@id\":\"https:\/\/luchonoticias.com\/editor\/#\/schema\/person\/image\/\"},\"sameAs\":[\"https:\/\/www.facebook.com\/luchonoticiasneiva\"],\"url\":\"https:\/\/luchonoticias.com\/editor\/author\/admin\/\"}]}<\/script>\n<!-- \/ Yoast SEO plugin. -->","yoast_head_json":{"title":"Temblor de 4.6 de magnitud sacudi\u00f3 el sur del Huila -","robots":{"index":"index","follow":"follow","max-snippet":"max-snippet:-1","max-image-preview":"max-image-preview:large","max-video-preview":"max-video-preview:-1"},"canonical":"https:\/\/luchonoticias.com\/editor\/temblor-de-4-6-de-magnitud-sacudio-el-sur-del-huila\/","og_locale":"es_ES","og_type":"article","og_title":"Temblor de 4.6 de magnitud sacudi\u00f3 el sur del Huila -","og_url":"https:\/\/luchonoticias.com\/editor\/temblor-de-4-6-de-magnitud-sacudio-el-sur-del-huila\/","article_publisher":"https:\/\/www.facebook.com\/luchonoticiasneiva","article_author":"https:\/\/www.facebook.com\/luchonoticiasneiva","article_published_time":"2022-04-19T20:10:23+00:00","article_modified_time":"2022-04-19T20:10:45+00:00","author":"admin","twitter_card":"summary_large_image","twitter_misc":{"Escrito por":"admin","Tiempo de lectura":"1 minuto"},"schema":{"@context":"https:\/\/schema.org","@graph":[{"@type":"Article","@id":"https:\/\/luchonoticias.com\/editor\/temblor-de-4-6-de-magnitud-sacudio-el-sur-del-huila\/#article","isPartOf":{"@id":"https:\/\/luchonoticias.com\/editor\/temblor-de-4-6-de-magnitud-sacudio-el-sur-del-huila\/"},"author":{"name":"admin","@id":"https:\/\/luchonoticias.com\/editor\/#\/schema\/person\/7a7fd911f58561fd056dbac7b55af9cd"},"headline":"Temblor de 4.6 de magnitud sacudi\u00f3 el sur del Huila","datePublished":"2022-04-19T20:10:23+00:00","dateModified":"2022-04-19T20:10:45+00:00","mainEntityOfPage":{"@id":"https:\/\/luchonoticias.com\/editor\/temblor-de-4-6-de-magnitud-sacudio-el-sur-del-huila\/"},"wordCount":164,"commentCount":0,"publisher":{"@id":"https:\/\/luchonoticias.com\/editor\/#\/schema\/person\/7a7fd911f58561fd056dbac7b55af9cd"},"articleSection":["Actualidad","Destacado"],"inLanguage":"es","potentialAction":[{"@type":"CommentAction","name":"Comment","target":["https:\/\/luchonoticias.com\/editor\/temblor-de-4-6-de-magnitud-sacudio-el-sur-del-huila\/#respond"]}]},{"@type":"WebPage","@id":"https:\/\/luchonoticias.com\/editor\/temblor-de-4-6-de-magnitud-sacudio-el-sur-del-huila\/","url":"https:\/\/luchonoticias.com\/editor\/temblor-de-4-6-de-magnitud-sacudio-el-sur-del-huila\/","name":"Temblor de 4.6 de magnitud sacudi\u00f3 el sur del Huila -","isPartOf":{"@id":"https:\/\/luchonoticias.com\/editor\/#website"},"datePublished":"2022-04-19T20:10:23+00:00","dateModified":"2022-04-19T20:10:45+00:00","breadcrumb":{"@id":"https:\/\/luchonoticias.com\/editor\/temblor-de-4-6-de-magnitud-sacudio-el-sur-del-huila\/#breadcrumb"},"inLanguage":"es","potentialAction":[{"@type":"ReadAction","target":["https:\/\/luchonoticias.com\/editor\/temblor-de-4-6-de-magnitud-sacudio-el-sur-del-huila\/"]}]},{"@type":"BreadcrumbList","@id":"https:\/\/luchonoticias.com\/editor\/temblor-de-4-6-de-magnitud-sacudio-el-sur-del-huila\/#breadcrumb","itemListElement":[{"@type":"ListItem","position":1,"name":"Portada","item":"https:\/\/luchonoticias.com\/editor\/"},{"@type":"ListItem","position":2,"name":"Temblor de 4.6 de magnitud sacudi\u00f3 el sur del Huila"}]},{"@type":"WebSite","@id":"https:\/\/luchonoticias.com\/editor\/#website","url":"https:\/\/luchonoticias.com\/editor\/","name":"","description":"","publisher":{"@id":"https:\/\/luchonoticias.com\/editor\/#\/schema\/person\/7a7fd911f58561fd056dbac7b55af9cd"},"potentialAction":[{"@type":"SearchAction","target":{"@type":"EntryPoint","urlTemplate":"https:\/\/luchonoticias.com\/editor\/?s={search_term_string}"},"query-input":{"@type":"PropertyValueSpecification","valueRequired":true,"valueName":"search_term_string"}}],"inLanguage":"es"},{"@type":["Person","Organization"],"@id":"https:\/\/luchonoticias.com\/editor\/#\/schema\/person\/7a7fd911f58561fd056dbac7b55af9cd","name":"admin","image":{"@type":"ImageObject","inLanguage":"es","@id":"https:\/\/luchonoticias.com\/editor\/#\/schema\/person\/image\/","url":"https:\/\/luchonoticias.com\/editor\/wp-content\/uploads\/2024\/02\/cropped-cropped-logolu.webp","contentUrl":"https:\/\/luchonoticias.com\/editor\/wp-content\/uploads\/2024\/02\/cropped-cropped-logolu.webp","width":382,"height":170,"caption":"admin"},"logo":{"@id":"https:\/\/luchonoticias.com\/editor\/#\/schema\/person\/image\/"},"sameAs":["https:\/\/www.facebook.com\/luchonoticiasneiva"],"url":"https:\/\/luchonoticias.com\/editor\/author\/admin\/"}]}},"_links":{"self":[{"href":"https:\/\/luchonoticias.com\/editor\/wp-json\/wp\/v2\/posts\/23958","targetHints":{"allow":["GET"]}}],"collection":[{"href":"https:\/\/luchonoticias.com\/editor\/wp-json\/wp\/v2\/posts"}],"about":[{"href":"https:\/\/luchonoticias.com\/editor\/wp-json\/wp\/v2\/types\/post"}],"author":[{"embeddable":true,"href":"https:\/\/luchonoticias.com\/editor\/wp-json\/wp\/v2\/users\/1"}],"replies":[{"embeddable":true,"href":"https:\/\/luchonoticias.com\/editor\/wp-json\/wp\/v2\/comments?post=23958"}],"version-history":[{"count":0,"href":"https:\/\/luchonoticias.com\/editor\/wp-json\/wp\/v2\/posts\/23958\/revisions"}],"wp:attachment":[{"href":"https:\/\/luchonoticias.com\/editor\/wp-json\/wp\/v2\/media?parent=23958"}],"wp:term":[{"taxonomy":"category","embeddable":true,"href":"https:\/\/luchonoticias.com\/editor\/wp-json\/wp\/v2\/categories?post=23958"},{"taxonomy":"post_tag","embeddable":true,"href":"https:\/\/luchonoticias.com\/editor\/wp-json\/wp\/v2\/tags?post=23958"}],"curies":[{"name":"wp","href":"https:\/\/api.w.org\/{rel}","templated":true}]}}