{"id":24027,"date":"2022-04-20T07:42:31","date_gmt":"2022-04-20T12:42:31","guid":{"rendered":"https:\/\/luchonoticias.com\/?p=24027"},"modified":"2022-04-20T07:42:33","modified_gmt":"2022-04-20T12:42:33","slug":"arrancaron-trabajo-para-el-centro-sacudete-de-bruselas-en-pitalito","status":"publish","type":"post","link":"https:\/\/luchonoticias.com\/editor\/arrancaron-trabajo-para-el-centro-sacudete-de-bruselas-en-pitalito\/","title":{"rendered":"Arrancaron trabajo para el Centro Sac\u00fadete de Bruselas en Pitalito"},"content":{"rendered":"\n<p>La Alcald\u00eda de Pitalito dio inicio a la&nbsp;<strong>construcci\u00f3n del proyecto Centro Sac\u00fadete al Parque,<\/strong>&nbsp;en el corregimiento de Bruselas, obra a la que<strong>&nbsp;ya le fueron aprobados los dise\u00f1os<\/strong>&nbsp;tras verificar los tr\u00e1mites necesarios, y poder as\u00ed iniciar esta importante infraestructura para ni\u00f1os, ni\u00f1as, j\u00f3venes y familias bruselenses.<\/p>\n\n\n\n<p>Cristian Fabi\u00e1n Pizzo, secretario de Infraestructura de Pitalito, manifest\u00f3 que la moderna obra tipo 1, la cual<strong> se construir\u00e1 al lado de la Plaza de Mercado\u00a0<\/strong>en el centro poblado en un per\u00edodo de aproximadamente 4 meses, ser\u00e1\u00a0<strong>un foco del deporte, cultura, tecnolog\u00eda y la recreaci\u00f3n,<\/strong>\u00a0lo que traer\u00e1 consigo el mejoramiento de la calidad de vida de los habitantes del corregimiento y la zona rural del municipio.<\/p>\n\n\n\n<p>De esta forma, fueron adicionados 298 millones de pesos por parte del municipio para una inversi\u00f3n total de 1548 millones de pesos en convenio con el Fondo Nacional de Seguridad y Convivencia Ciudadana \u2013 Fonsecon, del Ministerio del Interior de Colombia, dise\u00f1os aprobados que incluyen&nbsp;<strong>cancha sint\u00e9tica, grader\u00edas, gimnasio biosaludable, juegos infantiles<\/strong>, sal\u00f3n comunitario, ba\u00f1os, cafeter\u00eda, cicloparqueo, gu\u00eda para invidentes y un auditorio para eventos, zonas que se construir\u00e1n en un \u00e1rea de 1250 metros cuadrados.<\/p>\n\n\n\n<p>Adicional a ello la Alcald\u00eda del segundo municipio del Huila ya viene&nbsp;<strong>analizando&nbsp;<\/strong>los estudios y dise\u00f1os del&nbsp;<strong>proyecto Sac\u00fadete<\/strong>&nbsp;que se construir\u00e1 en el&nbsp;<strong>barrio Brisas del Guarapas, en la Comuna 1.<\/strong><\/p>\n","protected":false},"excerpt":{"rendered":"<p>La Alcald\u00eda de Pitalito dio inicio a la&nbsp;construcci\u00f3n del proyecto Centro Sac\u00fadete al Parque,&nbsp;en el corregimiento de Bruselas, obra a la que&nbsp;ya le fueron aprobados los dise\u00f1os&nbsp;tras verificar los tr\u00e1mites necesarios, y poder as\u00ed iniciar esta importante infraestructura para ni\u00f1os, ni\u00f1as, j\u00f3venes y familias bruselenses. Cristian Fabi\u00e1n Pizzo, secretario de Infraestructura de Pitalito, manifest\u00f3 que [&hellip;]<\/p>\n","protected":false},"author":1,"featured_media":0,"comment_status":"open","ping_status":"open","sticky":false,"template":"","format":"standard","meta":{"footnotes":""},"categories":[34],"tags":[],"class_list":["post-24027","post","type-post","status-publish","format-standard","hentry","category-deportes"],"yoast_head":"<!-- This site is optimized with the Yoast SEO plugin v26.6 - https:\/\/yoast.com\/wordpress\/plugins\/seo\/ -->\n<title>Arrancaron trabajo para el Centro Sac\u00fadete de Bruselas en Pitalito -<\/title>\n<meta name=\"robots\" content=\"index, follow, max-snippet:-1, max-image-preview:large, max-video-preview:-1\" \/>\n<link rel=\"canonical\" href=\"https:\/\/luchonoticias.com\/editor\/arrancaron-trabajo-para-el-centro-sacudete-de-bruselas-en-pitalito\/\" \/>\n<meta property=\"og:locale\" content=\"es_ES\" \/>\n<meta property=\"og:type\" content=\"article\" \/>\n<meta property=\"og:title\" content=\"Arrancaron trabajo para el Centro Sac\u00fadete de Bruselas en Pitalito -\" \/>\n<meta property=\"og:url\" content=\"https:\/\/luchonoticias.com\/editor\/arrancaron-trabajo-para-el-centro-sacudete-de-bruselas-en-pitalito\/\" \/>\n<meta property=\"article:publisher\" content=\"https:\/\/www.facebook.com\/luchonoticiasneiva\" \/>\n<meta property=\"article:author\" content=\"https:\/\/www.facebook.com\/luchonoticiasneiva\" \/>\n<meta property=\"article:published_time\" content=\"2022-04-20T12:42:31+00:00\" \/>\n<meta property=\"article:modified_time\" content=\"2022-04-20T12:42:33+00:00\" \/>\n<meta name=\"author\" content=\"admin\" \/>\n<meta name=\"twitter:card\" content=\"summary_large_image\" \/>\n<meta name=\"twitter:label1\" content=\"Escrito por\" \/>\n\t<meta name=\"twitter:data1\" content=\"admin\" \/>\n\t<meta name=\"twitter:label2\" content=\"Tiempo de lectura\" \/>\n\t<meta name=\"twitter:data2\" content=\"1 minuto\" \/>\n<script type=\"application\/ld+json\" class=\"yoast-schema-graph\">{\"@context\":\"https:\/\/schema.org\",\"@graph\":[{\"@type\":\"Article\",\"@id\":\"https:\/\/luchonoticias.com\/editor\/arrancaron-trabajo-para-el-centro-sacudete-de-bruselas-en-pitalito\/#article\",\"isPartOf\":{\"@id\":\"https:\/\/luchonoticias.com\/editor\/arrancaron-trabajo-para-el-centro-sacudete-de-bruselas-en-pitalito\/\"},\"author\":{\"name\":\"admin\",\"@id\":\"https:\/\/luchonoticias.com\/editor\/#\/schema\/person\/7a7fd911f58561fd056dbac7b55af9cd\"},\"headline\":\"Arrancaron trabajo para el Centro Sac\u00fadete de Bruselas en Pitalito\",\"datePublished\":\"2022-04-20T12:42:31+00:00\",\"dateModified\":\"2022-04-20T12:42:33+00:00\",\"mainEntityOfPage\":{\"@id\":\"https:\/\/luchonoticias.com\/editor\/arrancaron-trabajo-para-el-centro-sacudete-de-bruselas-en-pitalito\/\"},\"wordCount\":265,\"commentCount\":0,\"publisher\":{\"@id\":\"https:\/\/luchonoticias.com\/editor\/#\/schema\/person\/7a7fd911f58561fd056dbac7b55af9cd\"},\"articleSection\":[\"Deportes\"],\"inLanguage\":\"es\",\"potentialAction\":[{\"@type\":\"CommentAction\",\"name\":\"Comment\",\"target\":[\"https:\/\/luchonoticias.com\/editor\/arrancaron-trabajo-para-el-centro-sacudete-de-bruselas-en-pitalito\/#respond\"]}]},{\"@type\":\"WebPage\",\"@id\":\"https:\/\/luchonoticias.com\/editor\/arrancaron-trabajo-para-el-centro-sacudete-de-bruselas-en-pitalito\/\",\"url\":\"https:\/\/luchonoticias.com\/editor\/arrancaron-trabajo-para-el-centro-sacudete-de-bruselas-en-pitalito\/\",\"name\":\"Arrancaron trabajo para el Centro Sac\u00fadete de Bruselas en Pitalito -\",\"isPartOf\":{\"@id\":\"https:\/\/luchonoticias.com\/editor\/#website\"},\"datePublished\":\"2022-04-20T12:42:31+00:00\",\"dateModified\":\"2022-04-20T12:42:33+00:00\",\"breadcrumb\":{\"@id\":\"https:\/\/luchonoticias.com\/editor\/arrancaron-trabajo-para-el-centro-sacudete-de-bruselas-en-pitalito\/#breadcrumb\"},\"inLanguage\":\"es\",\"potentialAction\":[{\"@type\":\"ReadAction\",\"target\":[\"https:\/\/luchonoticias.com\/editor\/arrancaron-trabajo-para-el-centro-sacudete-de-bruselas-en-pitalito\/\"]}]},{\"@type\":\"BreadcrumbList\",\"@id\":\"https:\/\/luchonoticias.com\/editor\/arrancaron-trabajo-para-el-centro-sacudete-de-bruselas-en-pitalito\/#breadcrumb\",\"itemListElement\":[{\"@type\":\"ListItem\",\"position\":1,\"name\":\"Portada\",\"item\":\"https:\/\/luchonoticias.com\/editor\/\"},{\"@type\":\"ListItem\",\"position\":2,\"name\":\"Arrancaron trabajo para el Centro Sac\u00fadete de Bruselas en Pitalito\"}]},{\"@type\":\"WebSite\",\"@id\":\"https:\/\/luchonoticias.com\/editor\/#website\",\"url\":\"https:\/\/luchonoticias.com\/editor\/\",\"name\":\"\",\"description\":\"\",\"publisher\":{\"@id\":\"https:\/\/luchonoticias.com\/editor\/#\/schema\/person\/7a7fd911f58561fd056dbac7b55af9cd\"},\"potentialAction\":[{\"@type\":\"SearchAction\",\"target\":{\"@type\":\"EntryPoint\",\"urlTemplate\":\"https:\/\/luchonoticias.com\/editor\/?s={search_term_string}\"},\"query-input\":{\"@type\":\"PropertyValueSpecification\",\"valueRequired\":true,\"valueName\":\"search_term_string\"}}],\"inLanguage\":\"es\"},{\"@type\":[\"Person\",\"Organization\"],\"@id\":\"https:\/\/luchonoticias.com\/editor\/#\/schema\/person\/7a7fd911f58561fd056dbac7b55af9cd\",\"name\":\"admin\",\"image\":{\"@type\":\"ImageObject\",\"inLanguage\":\"es\",\"@id\":\"https:\/\/luchonoticias.com\/editor\/#\/schema\/person\/image\/\",\"url\":\"https:\/\/luchonoticias.com\/editor\/wp-content\/uploads\/2024\/02\/cropped-cropped-logolu.webp\",\"contentUrl\":\"https:\/\/luchonoticias.com\/editor\/wp-content\/uploads\/2024\/02\/cropped-cropped-logolu.webp\",\"width\":382,\"height\":170,\"caption\":\"admin\"},\"logo\":{\"@id\":\"https:\/\/luchonoticias.com\/editor\/#\/schema\/person\/image\/\"},\"sameAs\":[\"https:\/\/www.facebook.com\/luchonoticiasneiva\"],\"url\":\"https:\/\/luchonoticias.com\/editor\/author\/admin\/\"}]}<\/script>\n<!-- \/ Yoast SEO plugin. -->","yoast_head_json":{"title":"Arrancaron trabajo para el Centro Sac\u00fadete de Bruselas en Pitalito -","robots":{"index":"index","follow":"follow","max-snippet":"max-snippet:-1","max-image-preview":"max-image-preview:large","max-video-preview":"max-video-preview:-1"},"canonical":"https:\/\/luchonoticias.com\/editor\/arrancaron-trabajo-para-el-centro-sacudete-de-bruselas-en-pitalito\/","og_locale":"es_ES","og_type":"article","og_title":"Arrancaron trabajo para el Centro Sac\u00fadete de Bruselas en Pitalito -","og_url":"https:\/\/luchonoticias.com\/editor\/arrancaron-trabajo-para-el-centro-sacudete-de-bruselas-en-pitalito\/","article_publisher":"https:\/\/www.facebook.com\/luchonoticiasneiva","article_author":"https:\/\/www.facebook.com\/luchonoticiasneiva","article_published_time":"2022-04-20T12:42:31+00:00","article_modified_time":"2022-04-20T12:42:33+00:00","author":"admin","twitter_card":"summary_large_image","twitter_misc":{"Escrito por":"admin","Tiempo de lectura":"1 minuto"},"schema":{"@context":"https:\/\/schema.org","@graph":[{"@type":"Article","@id":"https:\/\/luchonoticias.com\/editor\/arrancaron-trabajo-para-el-centro-sacudete-de-bruselas-en-pitalito\/#article","isPartOf":{"@id":"https:\/\/luchonoticias.com\/editor\/arrancaron-trabajo-para-el-centro-sacudete-de-bruselas-en-pitalito\/"},"author":{"name":"admin","@id":"https:\/\/luchonoticias.com\/editor\/#\/schema\/person\/7a7fd911f58561fd056dbac7b55af9cd"},"headline":"Arrancaron trabajo para el Centro Sac\u00fadete de Bruselas en Pitalito","datePublished":"2022-04-20T12:42:31+00:00","dateModified":"2022-04-20T12:42:33+00:00","mainEntityOfPage":{"@id":"https:\/\/luchonoticias.com\/editor\/arrancaron-trabajo-para-el-centro-sacudete-de-bruselas-en-pitalito\/"},"wordCount":265,"commentCount":0,"publisher":{"@id":"https:\/\/luchonoticias.com\/editor\/#\/schema\/person\/7a7fd911f58561fd056dbac7b55af9cd"},"articleSection":["Deportes"],"inLanguage":"es","potentialAction":[{"@type":"CommentAction","name":"Comment","target":["https:\/\/luchonoticias.com\/editor\/arrancaron-trabajo-para-el-centro-sacudete-de-bruselas-en-pitalito\/#respond"]}]},{"@type":"WebPage","@id":"https:\/\/luchonoticias.com\/editor\/arrancaron-trabajo-para-el-centro-sacudete-de-bruselas-en-pitalito\/","url":"https:\/\/luchonoticias.com\/editor\/arrancaron-trabajo-para-el-centro-sacudete-de-bruselas-en-pitalito\/","name":"Arrancaron trabajo para el Centro Sac\u00fadete de Bruselas en Pitalito -","isPartOf":{"@id":"https:\/\/luchonoticias.com\/editor\/#website"},"datePublished":"2022-04-20T12:42:31+00:00","dateModified":"2022-04-20T12:42:33+00:00","breadcrumb":{"@id":"https:\/\/luchonoticias.com\/editor\/arrancaron-trabajo-para-el-centro-sacudete-de-bruselas-en-pitalito\/#breadcrumb"},"inLanguage":"es","potentialAction":[{"@type":"ReadAction","target":["https:\/\/luchonoticias.com\/editor\/arrancaron-trabajo-para-el-centro-sacudete-de-bruselas-en-pitalito\/"]}]},{"@type":"BreadcrumbList","@id":"https:\/\/luchonoticias.com\/editor\/arrancaron-trabajo-para-el-centro-sacudete-de-bruselas-en-pitalito\/#breadcrumb","itemListElement":[{"@type":"ListItem","position":1,"name":"Portada","item":"https:\/\/luchonoticias.com\/editor\/"},{"@type":"ListItem","position":2,"name":"Arrancaron trabajo para el Centro Sac\u00fadete de Bruselas en Pitalito"}]},{"@type":"WebSite","@id":"https:\/\/luchonoticias.com\/editor\/#website","url":"https:\/\/luchonoticias.com\/editor\/","name":"","description":"","publisher":{"@id":"https:\/\/luchonoticias.com\/editor\/#\/schema\/person\/7a7fd911f58561fd056dbac7b55af9cd"},"potentialAction":[{"@type":"SearchAction","target":{"@type":"EntryPoint","urlTemplate":"https:\/\/luchonoticias.com\/editor\/?s={search_term_string}"},"query-input":{"@type":"PropertyValueSpecification","valueRequired":true,"valueName":"search_term_string"}}],"inLanguage":"es"},{"@type":["Person","Organization"],"@id":"https:\/\/luchonoticias.com\/editor\/#\/schema\/person\/7a7fd911f58561fd056dbac7b55af9cd","name":"admin","image":{"@type":"ImageObject","inLanguage":"es","@id":"https:\/\/luchonoticias.com\/editor\/#\/schema\/person\/image\/","url":"https:\/\/luchonoticias.com\/editor\/wp-content\/uploads\/2024\/02\/cropped-cropped-logolu.webp","contentUrl":"https:\/\/luchonoticias.com\/editor\/wp-content\/uploads\/2024\/02\/cropped-cropped-logolu.webp","width":382,"height":170,"caption":"admin"},"logo":{"@id":"https:\/\/luchonoticias.com\/editor\/#\/schema\/person\/image\/"},"sameAs":["https:\/\/www.facebook.com\/luchonoticiasneiva"],"url":"https:\/\/luchonoticias.com\/editor\/author\/admin\/"}]}},"_links":{"self":[{"href":"https:\/\/luchonoticias.com\/editor\/wp-json\/wp\/v2\/posts\/24027","targetHints":{"allow":["GET"]}}],"collection":[{"href":"https:\/\/luchonoticias.com\/editor\/wp-json\/wp\/v2\/posts"}],"about":[{"href":"https:\/\/luchonoticias.com\/editor\/wp-json\/wp\/v2\/types\/post"}],"author":[{"embeddable":true,"href":"https:\/\/luchonoticias.com\/editor\/wp-json\/wp\/v2\/users\/1"}],"replies":[{"embeddable":true,"href":"https:\/\/luchonoticias.com\/editor\/wp-json\/wp\/v2\/comments?post=24027"}],"version-history":[{"count":0,"href":"https:\/\/luchonoticias.com\/editor\/wp-json\/wp\/v2\/posts\/24027\/revisions"}],"wp:attachment":[{"href":"https:\/\/luchonoticias.com\/editor\/wp-json\/wp\/v2\/media?parent=24027"}],"wp:term":[{"taxonomy":"category","embeddable":true,"href":"https:\/\/luchonoticias.com\/editor\/wp-json\/wp\/v2\/categories?post=24027"},{"taxonomy":"post_tag","embeddable":true,"href":"https:\/\/luchonoticias.com\/editor\/wp-json\/wp\/v2\/tags?post=24027"}],"curies":[{"name":"wp","href":"https:\/\/api.w.org\/{rel}","templated":true}]}}