{"id":24030,"date":"2022-04-20T07:44:33","date_gmt":"2022-04-20T12:44:33","guid":{"rendered":"https:\/\/luchonoticias.com\/?p=24030"},"modified":"2022-04-20T07:44:34","modified_gmt":"2022-04-20T12:44:34","slug":"primera-convocatoria-para-el-equipo-profesional-de-futbol-sala","status":"publish","type":"post","link":"https:\/\/luchonoticias.com\/editor\/primera-convocatoria-para-el-equipo-profesional-de-futbol-sala\/","title":{"rendered":"Primera convocatoria para el equipo profesional de f\u00fatbol sala"},"content":{"rendered":"\n<p>Comenzaron en el Coliseo \u00c1lvaro S\u00e1nchez Silva, las primeras&nbsp;<strong>convocatorias del Utrahuilca<\/strong>&nbsp;para integrar el&nbsp;<strong>equipo de f\u00fatbol sala<\/strong>&nbsp;que intervendr\u00e1 en la Liga Profesional.<\/p>\n\n\n\n<p>Bajo el mando del\u00a0<strong>profesor Juli\u00e1n C\u00e1rdenas<\/strong>\u00a0hicieron presencia el pasado lunes\u00a0<strong>m\u00e1s de 20 jugadores que atendieron el llamado<\/strong>\u00a0y que en su primera jornada, tuvieron juegos de calentamiento para conocer las habilidades de los convocados.<\/p>\n\n\n\n<p>Se espera en los pr\u00f3ximos d\u00edas<strong>&nbsp;seguir recibiendo jugadores interesados<\/strong>, la consigna con ellos es el de, ya definidos el grupo de admitidos,&nbsp;<strong>unirlos con el grupo base<\/strong>&nbsp;e iniciar un proceso para el campeonato nacional.<\/p>\n","protected":false},"excerpt":{"rendered":"<p>Comenzaron en el Coliseo \u00c1lvaro S\u00e1nchez Silva, las primeras&nbsp;convocatorias del Utrahuilca&nbsp;para integrar el&nbsp;equipo de f\u00fatbol sala&nbsp;que intervendr\u00e1 en la Liga Profesional. Bajo el mando del\u00a0profesor Juli\u00e1n C\u00e1rdenas\u00a0hicieron presencia el pasado lunes\u00a0m\u00e1s de 20 jugadores que atendieron el llamado\u00a0y que en su primera jornada, tuvieron juegos de calentamiento para conocer las habilidades de los convocados. Se [&hellip;]<\/p>\n","protected":false},"author":1,"featured_media":0,"comment_status":"open","ping_status":"open","sticky":false,"template":"","format":"standard","meta":{"footnotes":""},"categories":[34],"tags":[],"class_list":["post-24030","post","type-post","status-publish","format-standard","hentry","category-deportes"],"yoast_head":"<!-- This site is optimized with the Yoast SEO plugin v26.6 - https:\/\/yoast.com\/wordpress\/plugins\/seo\/ -->\n<title>Primera convocatoria para el equipo profesional de f\u00fatbol sala -<\/title>\n<meta name=\"robots\" content=\"index, follow, max-snippet:-1, max-image-preview:large, max-video-preview:-1\" \/>\n<link rel=\"canonical\" href=\"https:\/\/luchonoticias.com\/editor\/primera-convocatoria-para-el-equipo-profesional-de-futbol-sala\/\" \/>\n<meta property=\"og:locale\" content=\"es_ES\" \/>\n<meta property=\"og:type\" content=\"article\" \/>\n<meta property=\"og:title\" content=\"Primera convocatoria para el equipo profesional de f\u00fatbol sala -\" \/>\n<meta property=\"og:url\" content=\"https:\/\/luchonoticias.com\/editor\/primera-convocatoria-para-el-equipo-profesional-de-futbol-sala\/\" \/>\n<meta property=\"article:publisher\" content=\"https:\/\/www.facebook.com\/luchonoticiasneiva\" \/>\n<meta property=\"article:author\" content=\"https:\/\/www.facebook.com\/luchonoticiasneiva\" \/>\n<meta property=\"article:published_time\" content=\"2022-04-20T12:44:33+00:00\" \/>\n<meta property=\"article:modified_time\" content=\"2022-04-20T12:44:34+00:00\" \/>\n<meta name=\"author\" content=\"admin\" \/>\n<meta name=\"twitter:card\" content=\"summary_large_image\" \/>\n<meta name=\"twitter:label1\" content=\"Escrito por\" \/>\n\t<meta name=\"twitter:data1\" content=\"admin\" \/>\n\t<meta name=\"twitter:label2\" content=\"Tiempo de lectura\" \/>\n\t<meta name=\"twitter:data2\" content=\"1 minuto\" \/>\n<script type=\"application\/ld+json\" class=\"yoast-schema-graph\">{\"@context\":\"https:\/\/schema.org\",\"@graph\":[{\"@type\":\"Article\",\"@id\":\"https:\/\/luchonoticias.com\/editor\/primera-convocatoria-para-el-equipo-profesional-de-futbol-sala\/#article\",\"isPartOf\":{\"@id\":\"https:\/\/luchonoticias.com\/editor\/primera-convocatoria-para-el-equipo-profesional-de-futbol-sala\/\"},\"author\":{\"name\":\"admin\",\"@id\":\"https:\/\/luchonoticias.com\/editor\/#\/schema\/person\/7a7fd911f58561fd056dbac7b55af9cd\"},\"headline\":\"Primera convocatoria para el equipo profesional de f\u00fatbol sala\",\"datePublished\":\"2022-04-20T12:44:33+00:00\",\"dateModified\":\"2022-04-20T12:44:34+00:00\",\"mainEntityOfPage\":{\"@id\":\"https:\/\/luchonoticias.com\/editor\/primera-convocatoria-para-el-equipo-profesional-de-futbol-sala\/\"},\"wordCount\":121,\"commentCount\":0,\"publisher\":{\"@id\":\"https:\/\/luchonoticias.com\/editor\/#\/schema\/person\/7a7fd911f58561fd056dbac7b55af9cd\"},\"articleSection\":[\"Deportes\"],\"inLanguage\":\"es\",\"potentialAction\":[{\"@type\":\"CommentAction\",\"name\":\"Comment\",\"target\":[\"https:\/\/luchonoticias.com\/editor\/primera-convocatoria-para-el-equipo-profesional-de-futbol-sala\/#respond\"]}]},{\"@type\":\"WebPage\",\"@id\":\"https:\/\/luchonoticias.com\/editor\/primera-convocatoria-para-el-equipo-profesional-de-futbol-sala\/\",\"url\":\"https:\/\/luchonoticias.com\/editor\/primera-convocatoria-para-el-equipo-profesional-de-futbol-sala\/\",\"name\":\"Primera convocatoria para el equipo profesional de f\u00fatbol sala -\",\"isPartOf\":{\"@id\":\"https:\/\/luchonoticias.com\/editor\/#website\"},\"datePublished\":\"2022-04-20T12:44:33+00:00\",\"dateModified\":\"2022-04-20T12:44:34+00:00\",\"breadcrumb\":{\"@id\":\"https:\/\/luchonoticias.com\/editor\/primera-convocatoria-para-el-equipo-profesional-de-futbol-sala\/#breadcrumb\"},\"inLanguage\":\"es\",\"potentialAction\":[{\"@type\":\"ReadAction\",\"target\":[\"https:\/\/luchonoticias.com\/editor\/primera-convocatoria-para-el-equipo-profesional-de-futbol-sala\/\"]}]},{\"@type\":\"BreadcrumbList\",\"@id\":\"https:\/\/luchonoticias.com\/editor\/primera-convocatoria-para-el-equipo-profesional-de-futbol-sala\/#breadcrumb\",\"itemListElement\":[{\"@type\":\"ListItem\",\"position\":1,\"name\":\"Portada\",\"item\":\"https:\/\/luchonoticias.com\/editor\/\"},{\"@type\":\"ListItem\",\"position\":2,\"name\":\"Primera convocatoria para el equipo profesional de f\u00fatbol sala\"}]},{\"@type\":\"WebSite\",\"@id\":\"https:\/\/luchonoticias.com\/editor\/#website\",\"url\":\"https:\/\/luchonoticias.com\/editor\/\",\"name\":\"\",\"description\":\"\",\"publisher\":{\"@id\":\"https:\/\/luchonoticias.com\/editor\/#\/schema\/person\/7a7fd911f58561fd056dbac7b55af9cd\"},\"potentialAction\":[{\"@type\":\"SearchAction\",\"target\":{\"@type\":\"EntryPoint\",\"urlTemplate\":\"https:\/\/luchonoticias.com\/editor\/?s={search_term_string}\"},\"query-input\":{\"@type\":\"PropertyValueSpecification\",\"valueRequired\":true,\"valueName\":\"search_term_string\"}}],\"inLanguage\":\"es\"},{\"@type\":[\"Person\",\"Organization\"],\"@id\":\"https:\/\/luchonoticias.com\/editor\/#\/schema\/person\/7a7fd911f58561fd056dbac7b55af9cd\",\"name\":\"admin\",\"image\":{\"@type\":\"ImageObject\",\"inLanguage\":\"es\",\"@id\":\"https:\/\/luchonoticias.com\/editor\/#\/schema\/person\/image\/\",\"url\":\"https:\/\/luchonoticias.com\/editor\/wp-content\/uploads\/2024\/02\/cropped-cropped-logolu.webp\",\"contentUrl\":\"https:\/\/luchonoticias.com\/editor\/wp-content\/uploads\/2024\/02\/cropped-cropped-logolu.webp\",\"width\":382,\"height\":170,\"caption\":\"admin\"},\"logo\":{\"@id\":\"https:\/\/luchonoticias.com\/editor\/#\/schema\/person\/image\/\"},\"sameAs\":[\"https:\/\/www.facebook.com\/luchonoticiasneiva\"],\"url\":\"https:\/\/luchonoticias.com\/editor\/author\/admin\/\"}]}<\/script>\n<!-- \/ Yoast SEO plugin. -->","yoast_head_json":{"title":"Primera convocatoria para el equipo profesional de f\u00fatbol sala -","robots":{"index":"index","follow":"follow","max-snippet":"max-snippet:-1","max-image-preview":"max-image-preview:large","max-video-preview":"max-video-preview:-1"},"canonical":"https:\/\/luchonoticias.com\/editor\/primera-convocatoria-para-el-equipo-profesional-de-futbol-sala\/","og_locale":"es_ES","og_type":"article","og_title":"Primera convocatoria para el equipo profesional de f\u00fatbol sala -","og_url":"https:\/\/luchonoticias.com\/editor\/primera-convocatoria-para-el-equipo-profesional-de-futbol-sala\/","article_publisher":"https:\/\/www.facebook.com\/luchonoticiasneiva","article_author":"https:\/\/www.facebook.com\/luchonoticiasneiva","article_published_time":"2022-04-20T12:44:33+00:00","article_modified_time":"2022-04-20T12:44:34+00:00","author":"admin","twitter_card":"summary_large_image","twitter_misc":{"Escrito por":"admin","Tiempo de lectura":"1 minuto"},"schema":{"@context":"https:\/\/schema.org","@graph":[{"@type":"Article","@id":"https:\/\/luchonoticias.com\/editor\/primera-convocatoria-para-el-equipo-profesional-de-futbol-sala\/#article","isPartOf":{"@id":"https:\/\/luchonoticias.com\/editor\/primera-convocatoria-para-el-equipo-profesional-de-futbol-sala\/"},"author":{"name":"admin","@id":"https:\/\/luchonoticias.com\/editor\/#\/schema\/person\/7a7fd911f58561fd056dbac7b55af9cd"},"headline":"Primera convocatoria para el equipo profesional de f\u00fatbol sala","datePublished":"2022-04-20T12:44:33+00:00","dateModified":"2022-04-20T12:44:34+00:00","mainEntityOfPage":{"@id":"https:\/\/luchonoticias.com\/editor\/primera-convocatoria-para-el-equipo-profesional-de-futbol-sala\/"},"wordCount":121,"commentCount":0,"publisher":{"@id":"https:\/\/luchonoticias.com\/editor\/#\/schema\/person\/7a7fd911f58561fd056dbac7b55af9cd"},"articleSection":["Deportes"],"inLanguage":"es","potentialAction":[{"@type":"CommentAction","name":"Comment","target":["https:\/\/luchonoticias.com\/editor\/primera-convocatoria-para-el-equipo-profesional-de-futbol-sala\/#respond"]}]},{"@type":"WebPage","@id":"https:\/\/luchonoticias.com\/editor\/primera-convocatoria-para-el-equipo-profesional-de-futbol-sala\/","url":"https:\/\/luchonoticias.com\/editor\/primera-convocatoria-para-el-equipo-profesional-de-futbol-sala\/","name":"Primera convocatoria para el equipo profesional de f\u00fatbol sala -","isPartOf":{"@id":"https:\/\/luchonoticias.com\/editor\/#website"},"datePublished":"2022-04-20T12:44:33+00:00","dateModified":"2022-04-20T12:44:34+00:00","breadcrumb":{"@id":"https:\/\/luchonoticias.com\/editor\/primera-convocatoria-para-el-equipo-profesional-de-futbol-sala\/#breadcrumb"},"inLanguage":"es","potentialAction":[{"@type":"ReadAction","target":["https:\/\/luchonoticias.com\/editor\/primera-convocatoria-para-el-equipo-profesional-de-futbol-sala\/"]}]},{"@type":"BreadcrumbList","@id":"https:\/\/luchonoticias.com\/editor\/primera-convocatoria-para-el-equipo-profesional-de-futbol-sala\/#breadcrumb","itemListElement":[{"@type":"ListItem","position":1,"name":"Portada","item":"https:\/\/luchonoticias.com\/editor\/"},{"@type":"ListItem","position":2,"name":"Primera convocatoria para el equipo profesional de f\u00fatbol sala"}]},{"@type":"WebSite","@id":"https:\/\/luchonoticias.com\/editor\/#website","url":"https:\/\/luchonoticias.com\/editor\/","name":"","description":"","publisher":{"@id":"https:\/\/luchonoticias.com\/editor\/#\/schema\/person\/7a7fd911f58561fd056dbac7b55af9cd"},"potentialAction":[{"@type":"SearchAction","target":{"@type":"EntryPoint","urlTemplate":"https:\/\/luchonoticias.com\/editor\/?s={search_term_string}"},"query-input":{"@type":"PropertyValueSpecification","valueRequired":true,"valueName":"search_term_string"}}],"inLanguage":"es"},{"@type":["Person","Organization"],"@id":"https:\/\/luchonoticias.com\/editor\/#\/schema\/person\/7a7fd911f58561fd056dbac7b55af9cd","name":"admin","image":{"@type":"ImageObject","inLanguage":"es","@id":"https:\/\/luchonoticias.com\/editor\/#\/schema\/person\/image\/","url":"https:\/\/luchonoticias.com\/editor\/wp-content\/uploads\/2024\/02\/cropped-cropped-logolu.webp","contentUrl":"https:\/\/luchonoticias.com\/editor\/wp-content\/uploads\/2024\/02\/cropped-cropped-logolu.webp","width":382,"height":170,"caption":"admin"},"logo":{"@id":"https:\/\/luchonoticias.com\/editor\/#\/schema\/person\/image\/"},"sameAs":["https:\/\/www.facebook.com\/luchonoticiasneiva"],"url":"https:\/\/luchonoticias.com\/editor\/author\/admin\/"}]}},"_links":{"self":[{"href":"https:\/\/luchonoticias.com\/editor\/wp-json\/wp\/v2\/posts\/24030","targetHints":{"allow":["GET"]}}],"collection":[{"href":"https:\/\/luchonoticias.com\/editor\/wp-json\/wp\/v2\/posts"}],"about":[{"href":"https:\/\/luchonoticias.com\/editor\/wp-json\/wp\/v2\/types\/post"}],"author":[{"embeddable":true,"href":"https:\/\/luchonoticias.com\/editor\/wp-json\/wp\/v2\/users\/1"}],"replies":[{"embeddable":true,"href":"https:\/\/luchonoticias.com\/editor\/wp-json\/wp\/v2\/comments?post=24030"}],"version-history":[{"count":0,"href":"https:\/\/luchonoticias.com\/editor\/wp-json\/wp\/v2\/posts\/24030\/revisions"}],"wp:attachment":[{"href":"https:\/\/luchonoticias.com\/editor\/wp-json\/wp\/v2\/media?parent=24030"}],"wp:term":[{"taxonomy":"category","embeddable":true,"href":"https:\/\/luchonoticias.com\/editor\/wp-json\/wp\/v2\/categories?post=24030"},{"taxonomy":"post_tag","embeddable":true,"href":"https:\/\/luchonoticias.com\/editor\/wp-json\/wp\/v2\/tags?post=24030"}],"curies":[{"name":"wp","href":"https:\/\/api.w.org\/{rel}","templated":true}]}}