{"id":24036,"date":"2022-04-20T07:51:58","date_gmt":"2022-04-20T12:51:58","guid":{"rendered":"https:\/\/luchonoticias.com\/?p=24036"},"modified":"2022-04-20T07:52:00","modified_gmt":"2022-04-20T12:52:00","slug":"pacto-por-la-calidad-educativa-en-el-huila","status":"publish","type":"post","link":"https:\/\/luchonoticias.com\/editor\/pacto-por-la-calidad-educativa-en-el-huila\/","title":{"rendered":"Pacto por la calidad educativa en el Huila"},"content":{"rendered":"\n<p>La Secretaria de Educaci\u00f3n del Huila, Milena Oliveros, particip\u00f3 de la\u00a0<strong>firma del Pacto para desarrollar la estrategia \u2018Evaluar para Avanzar<\/strong>\u2019, iniciativa del Ministerio de Educaci\u00f3n que busca\u00a0<strong>aunar esfuerzos para contribuir con el cierre de brechas, el fortalecimiento de los aprendizajes y el desarrollo de infantes, adolescentes y j\u00f3venes en los colegios oficiales y privados<\/strong>. En el acto tambi\u00e9n secretarios y funcionarios de las Secretar\u00edas de Educaci\u00f3n de Neiva y Pitalito.<\/p>\n\n\n\n<p>Evaluar para Avanzar \u2013 EVA, es una estrategia que\u00a0<strong>reconoce las vivencias, las experiencias y los desaf\u00edos que tienen los territorios para mejorar la calidad educativa<\/strong>, buscando que los resultados de las pruebas no sean solo cuantitativos sino tambi\u00e9n cualitativos para poder hablar de la valoraci\u00f3n de los escolares.<\/p>\n\n\n\n<p>\u00abNos comprometimos firmando este pacto con la calidad de la educaci\u00f3n, de Evaluar para Avanzar, y que viene desde el 2019 y hoy la estamos materializando, sobre todo porque queremos saber de esos rezagos de nuestros ni\u00f1os y ni\u00f1as luego de la pandemia del Covid19, c\u00f3mo podemos avanzar, y para ello tenemos todo el equipo de calidad de la Secretar\u00eda mirando como implementamos esta estrategia que no es de calificaci\u00f3n, sino de evaluaci\u00f3n, saber d\u00f3nde est\u00e1n los vac\u00edos y c\u00f3mo podemos corregirlos\u00bb destac\u00f3 la Secretaria de Educaci\u00f3n Departamental, Milena Oliveros.<\/p>\n\n\n\n<p>Por su parte, Claudia Milena G\u00f3mez, directora de calidad del Viceministerio de preescolar b\u00e1sica y media del Ministerio de Educaci\u00f3n Nacional, dijo que la idea es&nbsp;<strong>contar con herramientas para fortalecer la pr\u00e1ctica Pedag\u00f3gica en las instituciones educativas.<\/strong><\/p>\n\n\n\n<p>\u00abIdentificar retos deben&nbsp;<strong>dar respuesta a las necesidades con los recursos que se cuentan.&nbsp;<\/strong>Eso es pertinencia educativa y eso es lo que busca Evaluar para Avanzar. Es una invitaci\u00f3n a comprometernos con la calidad educativa, entablando un di\u00e1logo constante con la comunidad educativa. Son reflexiones que luego de la pandemia es imperativo llevar a cabo en la misi\u00f3n de la educaci\u00f3n en nuestro pa\u00eds\u00bb, rese\u00f1\u00f3 la alta funcionaria del MEN.<\/p>\n\n\n\n<p>En la firma del Pacto por la calidad educativa Evaluar para Avanzar tambi\u00e9n participaron Doris Andrea Su\u00e1rez, subdirectora de calidad de Primera Infancia, Olga Luc\u00eda Gonz\u00e1lez, Asesora de despacho de Calidad y Yovana Pe\u00f1a Rojas, l\u00edder territorial para ETC Huila, Neiva y Pitalito, del Ministerio de Educaci\u00f3n Nacional.<\/p>\n","protected":false},"excerpt":{"rendered":"<p>La Secretaria de Educaci\u00f3n del Huila, Milena Oliveros, particip\u00f3 de la\u00a0firma del Pacto para desarrollar la estrategia \u2018Evaluar para Avanzar\u2019, iniciativa del Ministerio de Educaci\u00f3n que busca\u00a0aunar esfuerzos para contribuir con el cierre de brechas, el fortalecimiento de los aprendizajes y el desarrollo de infantes, adolescentes y j\u00f3venes en los colegios oficiales y privados. En [&hellip;]<\/p>\n","protected":false},"author":1,"featured_media":0,"comment_status":"open","ping_status":"open","sticky":false,"template":"","format":"standard","meta":{"footnotes":""},"categories":[36,33],"tags":[],"class_list":["post-24036","post","type-post","status-publish","format-standard","hentry","category-destacado","category-huila"],"yoast_head":"<!-- This site is optimized with the Yoast SEO plugin v26.6 - https:\/\/yoast.com\/wordpress\/plugins\/seo\/ -->\n<title>Pacto por la calidad educativa en el Huila -<\/title>\n<meta name=\"robots\" content=\"index, follow, max-snippet:-1, max-image-preview:large, max-video-preview:-1\" \/>\n<link rel=\"canonical\" href=\"https:\/\/luchonoticias.com\/editor\/pacto-por-la-calidad-educativa-en-el-huila\/\" \/>\n<meta property=\"og:locale\" content=\"es_ES\" \/>\n<meta property=\"og:type\" content=\"article\" \/>\n<meta property=\"og:title\" content=\"Pacto por la calidad educativa en el Huila -\" \/>\n<meta property=\"og:url\" content=\"https:\/\/luchonoticias.com\/editor\/pacto-por-la-calidad-educativa-en-el-huila\/\" \/>\n<meta property=\"article:publisher\" content=\"https:\/\/www.facebook.com\/luchonoticiasneiva\" \/>\n<meta property=\"article:author\" content=\"https:\/\/www.facebook.com\/luchonoticiasneiva\" \/>\n<meta property=\"article:published_time\" content=\"2022-04-20T12:51:58+00:00\" \/>\n<meta property=\"article:modified_time\" content=\"2022-04-20T12:52:00+00:00\" \/>\n<meta name=\"author\" content=\"admin\" \/>\n<meta name=\"twitter:card\" content=\"summary_large_image\" \/>\n<meta name=\"twitter:label1\" content=\"Escrito por\" \/>\n\t<meta name=\"twitter:data1\" content=\"admin\" \/>\n\t<meta name=\"twitter:label2\" content=\"Tiempo de lectura\" \/>\n\t<meta name=\"twitter:data2\" content=\"2 minutos\" \/>\n<script type=\"application\/ld+json\" class=\"yoast-schema-graph\">{\"@context\":\"https:\/\/schema.org\",\"@graph\":[{\"@type\":\"Article\",\"@id\":\"https:\/\/luchonoticias.com\/editor\/pacto-por-la-calidad-educativa-en-el-huila\/#article\",\"isPartOf\":{\"@id\":\"https:\/\/luchonoticias.com\/editor\/pacto-por-la-calidad-educativa-en-el-huila\/\"},\"author\":{\"name\":\"admin\",\"@id\":\"https:\/\/luchonoticias.com\/editor\/#\/schema\/person\/7a7fd911f58561fd056dbac7b55af9cd\"},\"headline\":\"Pacto por la calidad educativa en el Huila\",\"datePublished\":\"2022-04-20T12:51:58+00:00\",\"dateModified\":\"2022-04-20T12:52:00+00:00\",\"mainEntityOfPage\":{\"@id\":\"https:\/\/luchonoticias.com\/editor\/pacto-por-la-calidad-educativa-en-el-huila\/\"},\"wordCount\":415,\"commentCount\":0,\"publisher\":{\"@id\":\"https:\/\/luchonoticias.com\/editor\/#\/schema\/person\/7a7fd911f58561fd056dbac7b55af9cd\"},\"articleSection\":[\"Destacado\",\"Huila\"],\"inLanguage\":\"es\",\"potentialAction\":[{\"@type\":\"CommentAction\",\"name\":\"Comment\",\"target\":[\"https:\/\/luchonoticias.com\/editor\/pacto-por-la-calidad-educativa-en-el-huila\/#respond\"]}]},{\"@type\":\"WebPage\",\"@id\":\"https:\/\/luchonoticias.com\/editor\/pacto-por-la-calidad-educativa-en-el-huila\/\",\"url\":\"https:\/\/luchonoticias.com\/editor\/pacto-por-la-calidad-educativa-en-el-huila\/\",\"name\":\"Pacto por la calidad educativa en el Huila -\",\"isPartOf\":{\"@id\":\"https:\/\/luchonoticias.com\/editor\/#website\"},\"datePublished\":\"2022-04-20T12:51:58+00:00\",\"dateModified\":\"2022-04-20T12:52:00+00:00\",\"breadcrumb\":{\"@id\":\"https:\/\/luchonoticias.com\/editor\/pacto-por-la-calidad-educativa-en-el-huila\/#breadcrumb\"},\"inLanguage\":\"es\",\"potentialAction\":[{\"@type\":\"ReadAction\",\"target\":[\"https:\/\/luchonoticias.com\/editor\/pacto-por-la-calidad-educativa-en-el-huila\/\"]}]},{\"@type\":\"BreadcrumbList\",\"@id\":\"https:\/\/luchonoticias.com\/editor\/pacto-por-la-calidad-educativa-en-el-huila\/#breadcrumb\",\"itemListElement\":[{\"@type\":\"ListItem\",\"position\":1,\"name\":\"Portada\",\"item\":\"https:\/\/luchonoticias.com\/editor\/\"},{\"@type\":\"ListItem\",\"position\":2,\"name\":\"Pacto por la calidad educativa en el Huila\"}]},{\"@type\":\"WebSite\",\"@id\":\"https:\/\/luchonoticias.com\/editor\/#website\",\"url\":\"https:\/\/luchonoticias.com\/editor\/\",\"name\":\"\",\"description\":\"\",\"publisher\":{\"@id\":\"https:\/\/luchonoticias.com\/editor\/#\/schema\/person\/7a7fd911f58561fd056dbac7b55af9cd\"},\"potentialAction\":[{\"@type\":\"SearchAction\",\"target\":{\"@type\":\"EntryPoint\",\"urlTemplate\":\"https:\/\/luchonoticias.com\/editor\/?s={search_term_string}\"},\"query-input\":{\"@type\":\"PropertyValueSpecification\",\"valueRequired\":true,\"valueName\":\"search_term_string\"}}],\"inLanguage\":\"es\"},{\"@type\":[\"Person\",\"Organization\"],\"@id\":\"https:\/\/luchonoticias.com\/editor\/#\/schema\/person\/7a7fd911f58561fd056dbac7b55af9cd\",\"name\":\"admin\",\"image\":{\"@type\":\"ImageObject\",\"inLanguage\":\"es\",\"@id\":\"https:\/\/luchonoticias.com\/editor\/#\/schema\/person\/image\/\",\"url\":\"https:\/\/luchonoticias.com\/editor\/wp-content\/uploads\/2024\/02\/cropped-cropped-logolu.webp\",\"contentUrl\":\"https:\/\/luchonoticias.com\/editor\/wp-content\/uploads\/2024\/02\/cropped-cropped-logolu.webp\",\"width\":382,\"height\":170,\"caption\":\"admin\"},\"logo\":{\"@id\":\"https:\/\/luchonoticias.com\/editor\/#\/schema\/person\/image\/\"},\"sameAs\":[\"https:\/\/www.facebook.com\/luchonoticiasneiva\"],\"url\":\"https:\/\/luchonoticias.com\/editor\/author\/admin\/\"}]}<\/script>\n<!-- \/ Yoast SEO plugin. -->","yoast_head_json":{"title":"Pacto por la calidad educativa en el Huila -","robots":{"index":"index","follow":"follow","max-snippet":"max-snippet:-1","max-image-preview":"max-image-preview:large","max-video-preview":"max-video-preview:-1"},"canonical":"https:\/\/luchonoticias.com\/editor\/pacto-por-la-calidad-educativa-en-el-huila\/","og_locale":"es_ES","og_type":"article","og_title":"Pacto por la calidad educativa en el Huila -","og_url":"https:\/\/luchonoticias.com\/editor\/pacto-por-la-calidad-educativa-en-el-huila\/","article_publisher":"https:\/\/www.facebook.com\/luchonoticiasneiva","article_author":"https:\/\/www.facebook.com\/luchonoticiasneiva","article_published_time":"2022-04-20T12:51:58+00:00","article_modified_time":"2022-04-20T12:52:00+00:00","author":"admin","twitter_card":"summary_large_image","twitter_misc":{"Escrito por":"admin","Tiempo de lectura":"2 minutos"},"schema":{"@context":"https:\/\/schema.org","@graph":[{"@type":"Article","@id":"https:\/\/luchonoticias.com\/editor\/pacto-por-la-calidad-educativa-en-el-huila\/#article","isPartOf":{"@id":"https:\/\/luchonoticias.com\/editor\/pacto-por-la-calidad-educativa-en-el-huila\/"},"author":{"name":"admin","@id":"https:\/\/luchonoticias.com\/editor\/#\/schema\/person\/7a7fd911f58561fd056dbac7b55af9cd"},"headline":"Pacto por la calidad educativa en el Huila","datePublished":"2022-04-20T12:51:58+00:00","dateModified":"2022-04-20T12:52:00+00:00","mainEntityOfPage":{"@id":"https:\/\/luchonoticias.com\/editor\/pacto-por-la-calidad-educativa-en-el-huila\/"},"wordCount":415,"commentCount":0,"publisher":{"@id":"https:\/\/luchonoticias.com\/editor\/#\/schema\/person\/7a7fd911f58561fd056dbac7b55af9cd"},"articleSection":["Destacado","Huila"],"inLanguage":"es","potentialAction":[{"@type":"CommentAction","name":"Comment","target":["https:\/\/luchonoticias.com\/editor\/pacto-por-la-calidad-educativa-en-el-huila\/#respond"]}]},{"@type":"WebPage","@id":"https:\/\/luchonoticias.com\/editor\/pacto-por-la-calidad-educativa-en-el-huila\/","url":"https:\/\/luchonoticias.com\/editor\/pacto-por-la-calidad-educativa-en-el-huila\/","name":"Pacto por la calidad educativa en el Huila -","isPartOf":{"@id":"https:\/\/luchonoticias.com\/editor\/#website"},"datePublished":"2022-04-20T12:51:58+00:00","dateModified":"2022-04-20T12:52:00+00:00","breadcrumb":{"@id":"https:\/\/luchonoticias.com\/editor\/pacto-por-la-calidad-educativa-en-el-huila\/#breadcrumb"},"inLanguage":"es","potentialAction":[{"@type":"ReadAction","target":["https:\/\/luchonoticias.com\/editor\/pacto-por-la-calidad-educativa-en-el-huila\/"]}]},{"@type":"BreadcrumbList","@id":"https:\/\/luchonoticias.com\/editor\/pacto-por-la-calidad-educativa-en-el-huila\/#breadcrumb","itemListElement":[{"@type":"ListItem","position":1,"name":"Portada","item":"https:\/\/luchonoticias.com\/editor\/"},{"@type":"ListItem","position":2,"name":"Pacto por la calidad educativa en el Huila"}]},{"@type":"WebSite","@id":"https:\/\/luchonoticias.com\/editor\/#website","url":"https:\/\/luchonoticias.com\/editor\/","name":"","description":"","publisher":{"@id":"https:\/\/luchonoticias.com\/editor\/#\/schema\/person\/7a7fd911f58561fd056dbac7b55af9cd"},"potentialAction":[{"@type":"SearchAction","target":{"@type":"EntryPoint","urlTemplate":"https:\/\/luchonoticias.com\/editor\/?s={search_term_string}"},"query-input":{"@type":"PropertyValueSpecification","valueRequired":true,"valueName":"search_term_string"}}],"inLanguage":"es"},{"@type":["Person","Organization"],"@id":"https:\/\/luchonoticias.com\/editor\/#\/schema\/person\/7a7fd911f58561fd056dbac7b55af9cd","name":"admin","image":{"@type":"ImageObject","inLanguage":"es","@id":"https:\/\/luchonoticias.com\/editor\/#\/schema\/person\/image\/","url":"https:\/\/luchonoticias.com\/editor\/wp-content\/uploads\/2024\/02\/cropped-cropped-logolu.webp","contentUrl":"https:\/\/luchonoticias.com\/editor\/wp-content\/uploads\/2024\/02\/cropped-cropped-logolu.webp","width":382,"height":170,"caption":"admin"},"logo":{"@id":"https:\/\/luchonoticias.com\/editor\/#\/schema\/person\/image\/"},"sameAs":["https:\/\/www.facebook.com\/luchonoticiasneiva"],"url":"https:\/\/luchonoticias.com\/editor\/author\/admin\/"}]}},"_links":{"self":[{"href":"https:\/\/luchonoticias.com\/editor\/wp-json\/wp\/v2\/posts\/24036","targetHints":{"allow":["GET"]}}],"collection":[{"href":"https:\/\/luchonoticias.com\/editor\/wp-json\/wp\/v2\/posts"}],"about":[{"href":"https:\/\/luchonoticias.com\/editor\/wp-json\/wp\/v2\/types\/post"}],"author":[{"embeddable":true,"href":"https:\/\/luchonoticias.com\/editor\/wp-json\/wp\/v2\/users\/1"}],"replies":[{"embeddable":true,"href":"https:\/\/luchonoticias.com\/editor\/wp-json\/wp\/v2\/comments?post=24036"}],"version-history":[{"count":0,"href":"https:\/\/luchonoticias.com\/editor\/wp-json\/wp\/v2\/posts\/24036\/revisions"}],"wp:attachment":[{"href":"https:\/\/luchonoticias.com\/editor\/wp-json\/wp\/v2\/media?parent=24036"}],"wp:term":[{"taxonomy":"category","embeddable":true,"href":"https:\/\/luchonoticias.com\/editor\/wp-json\/wp\/v2\/categories?post=24036"},{"taxonomy":"post_tag","embeddable":true,"href":"https:\/\/luchonoticias.com\/editor\/wp-json\/wp\/v2\/tags?post=24036"}],"curies":[{"name":"wp","href":"https:\/\/api.w.org\/{rel}","templated":true}]}}