{"id":24102,"date":"2022-04-21T07:36:11","date_gmt":"2022-04-21T12:36:11","guid":{"rendered":"https:\/\/luchonoticias.com\/?p=24102"},"modified":"2022-04-21T07:36:13","modified_gmt":"2022-04-21T12:36:13","slug":"huila-estara-en-encuentro-nacional-de-robotica","status":"publish","type":"post","link":"https:\/\/luchonoticias.com\/editor\/huila-estara-en-encuentro-nacional-de-robotica\/","title":{"rendered":"Huila estar\u00e1 en encuentro nacional de rob\u00f3tica"},"content":{"rendered":"\n<p>La Gobernaci\u00f3n del Huila les hizo entrega a estos\u00a0<strong>22 ni\u00f1os, ni\u00f1as y a sus padres de familia\u00a0<\/strong>camisas, gorras y unos detalles para incentivar y felicitarlos por su\u00a0<strong>participaci\u00f3n y representaci\u00f3n<\/strong>\u00a0en el \u201cBeet Bot Challenge 2022\u201d que se realizar\u00e1 en Medell\u00edn el 22 y 23 de abril.<\/p>\n\n\n\n<p>\u201cHoy estamos entreg\u00e1ndoles a unos peque\u00f1os, unos ni\u00f1os que adem\u00e1s nos han sorprendido no solo por las habilidades que tienen y el gusto hacia la rob\u00f3tica, sino por la edad de ellos, son\u00a0<strong>ni\u00f1os que van desde los 6 hasta los 12 a\u00f1os de edad<\/strong>, ni\u00f1os<strong>\u00a0que est\u00e1n interesados y que han sido inculcados por sus padres\u00a0<\/strong>para que despierten ese inter\u00e9s por estas ramas que son tan importantes, que hoy nuestros j\u00f3venes est\u00e1n inmersos y que han ido cambiando y evolucionando\u201d, explic\u00f3 Claudia Marcela Maya, jefe de la Oficina Asesora de la Mujer, Infancia, Adolescencia y\u00a0 Asuntos sociales de la Gobernaci\u00f3n.<\/p>\n\n\n\n<p>Este apoyo y reconocimiento a los ni\u00f1os fue posible gracias a la articulaci\u00f3n de la universidad Corhuila, Gimnasio Educakids, el club de Rob\u00f3tica Robokids, Suchanse, la Loter\u00eda del Huila, el colegio Little Hill y la Gobernaci\u00f3n del Huila a trav\u00e9s de la Oficina de Productividad y Competitividad y la Oficina de Asuntos sociales.<\/p>\n\n\n\n<p>Estos ni\u00f1os&nbsp;<strong>se han venido preparando desde el a\u00f1o pasado<\/strong>, donde la universidad Corhuila gener\u00f3 un espacio de entretenimiento, competencias, conferencias con ponentes internacionales, \u201ctodo esto inici\u00f3 en el primer encuentro internacional de rob\u00f3tica, organizado por la Corhuila el a\u00f1o pasado en el mes de Octubre, all\u00ed se hizo una competencia de primera infancia y otras categor\u00edas, hoy en d\u00eda estamos organizando nuestra primera selecci\u00f3n Huila de rob\u00f3tica de primera infancia que va a participar del primer campeonato nacional denominado \u201cBee Bot Challenge 2022\u201d, resalt\u00f3 Jhon Ricardo Madero, director del programa de Mecatr\u00f3nica de la Corhuila.<\/p>\n\n\n\n<p>M\u00e1s que a competir, los ni\u00f1os van&nbsp;<strong>a divertirse y a jugar con robots y algoritmos<\/strong>&nbsp;desarrollando todo su potencial mediante la l\u00fadica y la creatividad. &nbsp;&nbsp;<\/p>\n","protected":false},"excerpt":{"rendered":"<p>La Gobernaci\u00f3n del Huila les hizo entrega a estos\u00a022 ni\u00f1os, ni\u00f1as y a sus padres de familia\u00a0camisas, gorras y unos detalles para incentivar y felicitarlos por su\u00a0participaci\u00f3n y representaci\u00f3n\u00a0en el \u201cBeet Bot Challenge 2022\u201d que se realizar\u00e1 en Medell\u00edn el 22 y 23 de abril. \u201cHoy estamos entreg\u00e1ndoles a unos peque\u00f1os, unos ni\u00f1os que adem\u00e1s [&hellip;]<\/p>\n","protected":false},"author":1,"featured_media":0,"comment_status":"open","ping_status":"open","sticky":false,"template":"","format":"standard","meta":{"footnotes":""},"categories":[33],"tags":[510,58,282,3958],"class_list":["post-24102","post","type-post","status-publish","format-standard","hentry","category-huila","tag-campeonato","tag-huila","tag-participacion","tag-robotica"],"yoast_head":"<!-- This site is optimized with the Yoast SEO plugin v26.6 - https:\/\/yoast.com\/wordpress\/plugins\/seo\/ -->\n<title>Huila estar\u00e1 en encuentro nacional de rob\u00f3tica -<\/title>\n<meta name=\"robots\" content=\"index, follow, max-snippet:-1, max-image-preview:large, max-video-preview:-1\" \/>\n<link rel=\"canonical\" href=\"https:\/\/luchonoticias.com\/editor\/huila-estara-en-encuentro-nacional-de-robotica\/\" \/>\n<meta property=\"og:locale\" content=\"es_ES\" \/>\n<meta property=\"og:type\" content=\"article\" \/>\n<meta property=\"og:title\" content=\"Huila estar\u00e1 en encuentro nacional de rob\u00f3tica -\" \/>\n<meta property=\"og:url\" content=\"https:\/\/luchonoticias.com\/editor\/huila-estara-en-encuentro-nacional-de-robotica\/\" \/>\n<meta property=\"article:publisher\" content=\"https:\/\/www.facebook.com\/luchonoticiasneiva\" \/>\n<meta property=\"article:author\" content=\"https:\/\/www.facebook.com\/luchonoticiasneiva\" \/>\n<meta property=\"article:published_time\" content=\"2022-04-21T12:36:11+00:00\" \/>\n<meta property=\"article:modified_time\" content=\"2022-04-21T12:36:13+00:00\" \/>\n<meta name=\"author\" content=\"admin\" \/>\n<meta name=\"twitter:card\" content=\"summary_large_image\" \/>\n<meta name=\"twitter:label1\" content=\"Escrito por\" \/>\n\t<meta name=\"twitter:data1\" content=\"admin\" \/>\n\t<meta name=\"twitter:label2\" content=\"Tiempo de lectura\" \/>\n\t<meta name=\"twitter:data2\" content=\"2 minutos\" \/>\n<script type=\"application\/ld+json\" class=\"yoast-schema-graph\">{\"@context\":\"https:\/\/schema.org\",\"@graph\":[{\"@type\":\"Article\",\"@id\":\"https:\/\/luchonoticias.com\/editor\/huila-estara-en-encuentro-nacional-de-robotica\/#article\",\"isPartOf\":{\"@id\":\"https:\/\/luchonoticias.com\/editor\/huila-estara-en-encuentro-nacional-de-robotica\/\"},\"author\":{\"name\":\"admin\",\"@id\":\"https:\/\/luchonoticias.com\/editor\/#\/schema\/person\/7a7fd911f58561fd056dbac7b55af9cd\"},\"headline\":\"Huila estar\u00e1 en encuentro nacional de rob\u00f3tica\",\"datePublished\":\"2022-04-21T12:36:11+00:00\",\"dateModified\":\"2022-04-21T12:36:13+00:00\",\"mainEntityOfPage\":{\"@id\":\"https:\/\/luchonoticias.com\/editor\/huila-estara-en-encuentro-nacional-de-robotica\/\"},\"wordCount\":369,\"commentCount\":0,\"publisher\":{\"@id\":\"https:\/\/luchonoticias.com\/editor\/#\/schema\/person\/7a7fd911f58561fd056dbac7b55af9cd\"},\"keywords\":[\"campeonato\",\"Huila\",\"participaci\u00f3n\",\"rob\u00f3tica\"],\"articleSection\":[\"Huila\"],\"inLanguage\":\"es\",\"potentialAction\":[{\"@type\":\"CommentAction\",\"name\":\"Comment\",\"target\":[\"https:\/\/luchonoticias.com\/editor\/huila-estara-en-encuentro-nacional-de-robotica\/#respond\"]}]},{\"@type\":\"WebPage\",\"@id\":\"https:\/\/luchonoticias.com\/editor\/huila-estara-en-encuentro-nacional-de-robotica\/\",\"url\":\"https:\/\/luchonoticias.com\/editor\/huila-estara-en-encuentro-nacional-de-robotica\/\",\"name\":\"Huila estar\u00e1 en encuentro nacional de rob\u00f3tica -\",\"isPartOf\":{\"@id\":\"https:\/\/luchonoticias.com\/editor\/#website\"},\"datePublished\":\"2022-04-21T12:36:11+00:00\",\"dateModified\":\"2022-04-21T12:36:13+00:00\",\"breadcrumb\":{\"@id\":\"https:\/\/luchonoticias.com\/editor\/huila-estara-en-encuentro-nacional-de-robotica\/#breadcrumb\"},\"inLanguage\":\"es\",\"potentialAction\":[{\"@type\":\"ReadAction\",\"target\":[\"https:\/\/luchonoticias.com\/editor\/huila-estara-en-encuentro-nacional-de-robotica\/\"]}]},{\"@type\":\"BreadcrumbList\",\"@id\":\"https:\/\/luchonoticias.com\/editor\/huila-estara-en-encuentro-nacional-de-robotica\/#breadcrumb\",\"itemListElement\":[{\"@type\":\"ListItem\",\"position\":1,\"name\":\"Portada\",\"item\":\"https:\/\/luchonoticias.com\/editor\/\"},{\"@type\":\"ListItem\",\"position\":2,\"name\":\"Huila estar\u00e1 en encuentro nacional de rob\u00f3tica\"}]},{\"@type\":\"WebSite\",\"@id\":\"https:\/\/luchonoticias.com\/editor\/#website\",\"url\":\"https:\/\/luchonoticias.com\/editor\/\",\"name\":\"\",\"description\":\"\",\"publisher\":{\"@id\":\"https:\/\/luchonoticias.com\/editor\/#\/schema\/person\/7a7fd911f58561fd056dbac7b55af9cd\"},\"potentialAction\":[{\"@type\":\"SearchAction\",\"target\":{\"@type\":\"EntryPoint\",\"urlTemplate\":\"https:\/\/luchonoticias.com\/editor\/?s={search_term_string}\"},\"query-input\":{\"@type\":\"PropertyValueSpecification\",\"valueRequired\":true,\"valueName\":\"search_term_string\"}}],\"inLanguage\":\"es\"},{\"@type\":[\"Person\",\"Organization\"],\"@id\":\"https:\/\/luchonoticias.com\/editor\/#\/schema\/person\/7a7fd911f58561fd056dbac7b55af9cd\",\"name\":\"admin\",\"image\":{\"@type\":\"ImageObject\",\"inLanguage\":\"es\",\"@id\":\"https:\/\/luchonoticias.com\/editor\/#\/schema\/person\/image\/\",\"url\":\"https:\/\/luchonoticias.com\/editor\/wp-content\/uploads\/2024\/02\/cropped-cropped-logolu.webp\",\"contentUrl\":\"https:\/\/luchonoticias.com\/editor\/wp-content\/uploads\/2024\/02\/cropped-cropped-logolu.webp\",\"width\":382,\"height\":170,\"caption\":\"admin\"},\"logo\":{\"@id\":\"https:\/\/luchonoticias.com\/editor\/#\/schema\/person\/image\/\"},\"sameAs\":[\"https:\/\/www.facebook.com\/luchonoticiasneiva\"],\"url\":\"https:\/\/luchonoticias.com\/editor\/author\/admin\/\"}]}<\/script>\n<!-- \/ Yoast SEO plugin. -->","yoast_head_json":{"title":"Huila estar\u00e1 en encuentro nacional de rob\u00f3tica -","robots":{"index":"index","follow":"follow","max-snippet":"max-snippet:-1","max-image-preview":"max-image-preview:large","max-video-preview":"max-video-preview:-1"},"canonical":"https:\/\/luchonoticias.com\/editor\/huila-estara-en-encuentro-nacional-de-robotica\/","og_locale":"es_ES","og_type":"article","og_title":"Huila estar\u00e1 en encuentro nacional de rob\u00f3tica -","og_url":"https:\/\/luchonoticias.com\/editor\/huila-estara-en-encuentro-nacional-de-robotica\/","article_publisher":"https:\/\/www.facebook.com\/luchonoticiasneiva","article_author":"https:\/\/www.facebook.com\/luchonoticiasneiva","article_published_time":"2022-04-21T12:36:11+00:00","article_modified_time":"2022-04-21T12:36:13+00:00","author":"admin","twitter_card":"summary_large_image","twitter_misc":{"Escrito por":"admin","Tiempo de lectura":"2 minutos"},"schema":{"@context":"https:\/\/schema.org","@graph":[{"@type":"Article","@id":"https:\/\/luchonoticias.com\/editor\/huila-estara-en-encuentro-nacional-de-robotica\/#article","isPartOf":{"@id":"https:\/\/luchonoticias.com\/editor\/huila-estara-en-encuentro-nacional-de-robotica\/"},"author":{"name":"admin","@id":"https:\/\/luchonoticias.com\/editor\/#\/schema\/person\/7a7fd911f58561fd056dbac7b55af9cd"},"headline":"Huila estar\u00e1 en encuentro nacional de rob\u00f3tica","datePublished":"2022-04-21T12:36:11+00:00","dateModified":"2022-04-21T12:36:13+00:00","mainEntityOfPage":{"@id":"https:\/\/luchonoticias.com\/editor\/huila-estara-en-encuentro-nacional-de-robotica\/"},"wordCount":369,"commentCount":0,"publisher":{"@id":"https:\/\/luchonoticias.com\/editor\/#\/schema\/person\/7a7fd911f58561fd056dbac7b55af9cd"},"keywords":["campeonato","Huila","participaci\u00f3n","rob\u00f3tica"],"articleSection":["Huila"],"inLanguage":"es","potentialAction":[{"@type":"CommentAction","name":"Comment","target":["https:\/\/luchonoticias.com\/editor\/huila-estara-en-encuentro-nacional-de-robotica\/#respond"]}]},{"@type":"WebPage","@id":"https:\/\/luchonoticias.com\/editor\/huila-estara-en-encuentro-nacional-de-robotica\/","url":"https:\/\/luchonoticias.com\/editor\/huila-estara-en-encuentro-nacional-de-robotica\/","name":"Huila estar\u00e1 en encuentro nacional de rob\u00f3tica -","isPartOf":{"@id":"https:\/\/luchonoticias.com\/editor\/#website"},"datePublished":"2022-04-21T12:36:11+00:00","dateModified":"2022-04-21T12:36:13+00:00","breadcrumb":{"@id":"https:\/\/luchonoticias.com\/editor\/huila-estara-en-encuentro-nacional-de-robotica\/#breadcrumb"},"inLanguage":"es","potentialAction":[{"@type":"ReadAction","target":["https:\/\/luchonoticias.com\/editor\/huila-estara-en-encuentro-nacional-de-robotica\/"]}]},{"@type":"BreadcrumbList","@id":"https:\/\/luchonoticias.com\/editor\/huila-estara-en-encuentro-nacional-de-robotica\/#breadcrumb","itemListElement":[{"@type":"ListItem","position":1,"name":"Portada","item":"https:\/\/luchonoticias.com\/editor\/"},{"@type":"ListItem","position":2,"name":"Huila estar\u00e1 en encuentro nacional de rob\u00f3tica"}]},{"@type":"WebSite","@id":"https:\/\/luchonoticias.com\/editor\/#website","url":"https:\/\/luchonoticias.com\/editor\/","name":"","description":"","publisher":{"@id":"https:\/\/luchonoticias.com\/editor\/#\/schema\/person\/7a7fd911f58561fd056dbac7b55af9cd"},"potentialAction":[{"@type":"SearchAction","target":{"@type":"EntryPoint","urlTemplate":"https:\/\/luchonoticias.com\/editor\/?s={search_term_string}"},"query-input":{"@type":"PropertyValueSpecification","valueRequired":true,"valueName":"search_term_string"}}],"inLanguage":"es"},{"@type":["Person","Organization"],"@id":"https:\/\/luchonoticias.com\/editor\/#\/schema\/person\/7a7fd911f58561fd056dbac7b55af9cd","name":"admin","image":{"@type":"ImageObject","inLanguage":"es","@id":"https:\/\/luchonoticias.com\/editor\/#\/schema\/person\/image\/","url":"https:\/\/luchonoticias.com\/editor\/wp-content\/uploads\/2024\/02\/cropped-cropped-logolu.webp","contentUrl":"https:\/\/luchonoticias.com\/editor\/wp-content\/uploads\/2024\/02\/cropped-cropped-logolu.webp","width":382,"height":170,"caption":"admin"},"logo":{"@id":"https:\/\/luchonoticias.com\/editor\/#\/schema\/person\/image\/"},"sameAs":["https:\/\/www.facebook.com\/luchonoticiasneiva"],"url":"https:\/\/luchonoticias.com\/editor\/author\/admin\/"}]}},"_links":{"self":[{"href":"https:\/\/luchonoticias.com\/editor\/wp-json\/wp\/v2\/posts\/24102","targetHints":{"allow":["GET"]}}],"collection":[{"href":"https:\/\/luchonoticias.com\/editor\/wp-json\/wp\/v2\/posts"}],"about":[{"href":"https:\/\/luchonoticias.com\/editor\/wp-json\/wp\/v2\/types\/post"}],"author":[{"embeddable":true,"href":"https:\/\/luchonoticias.com\/editor\/wp-json\/wp\/v2\/users\/1"}],"replies":[{"embeddable":true,"href":"https:\/\/luchonoticias.com\/editor\/wp-json\/wp\/v2\/comments?post=24102"}],"version-history":[{"count":0,"href":"https:\/\/luchonoticias.com\/editor\/wp-json\/wp\/v2\/posts\/24102\/revisions"}],"wp:attachment":[{"href":"https:\/\/luchonoticias.com\/editor\/wp-json\/wp\/v2\/media?parent=24102"}],"wp:term":[{"taxonomy":"category","embeddable":true,"href":"https:\/\/luchonoticias.com\/editor\/wp-json\/wp\/v2\/categories?post=24102"},{"taxonomy":"post_tag","embeddable":true,"href":"https:\/\/luchonoticias.com\/editor\/wp-json\/wp\/v2\/tags?post=24102"}],"curies":[{"name":"wp","href":"https:\/\/api.w.org\/{rel}","templated":true}]}}