{"id":24575,"date":"2022-04-28T04:51:35","date_gmt":"2022-04-28T09:51:35","guid":{"rendered":"https:\/\/luchonoticias.com\/?p=24575"},"modified":"2022-04-28T04:51:37","modified_gmt":"2022-04-28T09:51:37","slug":"despues-de-un-ano-de-la-avalancha-en-san-luis-administracion-municipal-sigue-trabajando-por-los-damnificados","status":"publish","type":"post","link":"https:\/\/luchonoticias.com\/editor\/despues-de-un-ano-de-la-avalancha-en-san-luis-administracion-municipal-sigue-trabajando-por-los-damnificados\/","title":{"rendered":"Despu\u00e9s de un a\u00f1o de la avalancha en San Luis, Administraci\u00f3n Municipal sigue trabajando por los damnificados"},"content":{"rendered":"\n<p>Inversiones en materia de infraestructura, trabajo de rehabilitaci\u00f3n vial, reconstrucci\u00f3n de acueductos veredales, entrega de ayudas humanitarias, subsidios de arrendamiento, reubicaci\u00f3n de familias, entre otras acciones, se han venido adelantado desde el 27 de abril de 2021, cuando el desbordamiento de la quebrada \u00d3rganos dej\u00f3 m\u00e1s de 200 familias damnificadas, de las que 30 de ellas, perdieron por completo sus viviendas y todos sus enseres.<\/p>\n\n\n\n<p>Durante este a\u00f1o, se han venido realizando mesas de trabajo donde se prioriza el tipo de inversi\u00f3n e intervenci\u00f3n que necesitan las diferentes veredas del occidente del municipio. La \u00faltima reuni\u00f3n con la comunidad se realiz\u00f3 en el marco del cumplimiento de un a\u00f1o de la cat\u00e1strofe ambiental, con el fin de dar trazabilidad al trabajo que se ejecuta con las comunidades, donde el mayor requerimiento se tiene en materia vial.<\/p>\n\n\n\n<figure class=\"wp-block-gallery has-nested-images columns-default is-cropped wp-block-gallery-1 is-layout-flex wp-block-gallery-is-layout-flex\">\n<figure class=\"wp-block-image size-large\"><img decoding=\"async\" data-id=\"24577\" src=\"https:\/\/luchonoticias.com\/wp-content\/uploads\/2022\/04\/WhatsApp-Image-2022-04-27-at-6.56.39-PM-1-1024x682.jpeg\" alt=\"\" class=\"wp-image-24577\"\/><\/figure>\n\n\n\n<figure class=\"wp-block-image size-large\"><img decoding=\"async\" data-id=\"24578\" src=\"https:\/\/luchonoticias.com\/wp-content\/uploads\/2022\/04\/WhatsApp-Image-2022-04-27-at-6.56.39-PM-1024x683.jpeg\" alt=\"\" class=\"wp-image-24578\"\/><\/figure>\n\n\n\n<figure class=\"wp-block-image size-large\"><img decoding=\"async\" data-id=\"24579\" src=\"https:\/\/luchonoticias.com\/wp-content\/uploads\/2022\/04\/WhatsApp-Image-2022-04-27-at-6.56.38-PM-1-1024x682.jpeg\" alt=\"\" class=\"wp-image-24579\"\/><\/figure>\n\n\n\n<figure class=\"wp-block-image size-large\"><img decoding=\"async\" data-id=\"24580\" src=\"https:\/\/luchonoticias.com\/wp-content\/uploads\/2022\/04\/WhatsApp-Image-2022-04-27-at-6.56.37-PM-1-1024x683.jpeg\" alt=\"\" class=\"wp-image-24580\"\/><\/figure>\n\n\n\n<figure class=\"wp-block-image size-large\"><img decoding=\"async\" data-id=\"24581\" src=\"https:\/\/luchonoticias.com\/wp-content\/uploads\/2022\/04\/WhatsApp-Image-2022-04-27-at-6.56.37-PM-1024x683.jpeg\" alt=\"\" class=\"wp-image-24581\"\/><\/figure>\n<\/figure>\n\n\n\n<p>\u201cAqu\u00ed podemos ver c\u00f3mo las inclemencias de las lluvias nos han generado grandes afectaciones, hemos tenido que atender, puntualmente, el retiro de derrumbes por diferentes v\u00edas en los tres corregimientos del occidente. Hemos estado permanentemente aqu\u00ed y vamos a continuar este trabajo con un cronograma puntual\u201d, indic\u00f3 el secretario de Infraestructura Norberto Palomino R\u00edos.<\/p>\n\n\n\n<p>En estos corregimientos -San Luis, Chapinero y Aipecito- tambi\u00e9n se avanza en la construcci\u00f3n de nueve tramos de placa huella de 120 metros cada una, gracias a un convenio celebrado con el Comit\u00e9 de Cafeteros, por un valor total de $2.756 millones de pesos, la cual presenta avances mayores al 70% de ejecuci\u00f3n.<\/p>\n\n\n\n<figure class=\"wp-block-gallery has-nested-images columns-default is-cropped wp-block-gallery-2 is-layout-flex wp-block-gallery-is-layout-flex\">\n<figure class=\"wp-block-image size-large\"><img decoding=\"async\" data-id=\"24582\" src=\"https:\/\/luchonoticias.com\/wp-content\/uploads\/2022\/04\/WhatsApp-Image-2022-04-27-at-6.56.38-PM.jpeg\" alt=\"\" class=\"wp-image-24582\"\/><\/figure>\n\n\n\n<figure class=\"wp-block-image size-large\"><img decoding=\"async\" data-id=\"24583\" src=\"https:\/\/luchonoticias.com\/wp-content\/uploads\/2022\/04\/WhatsApp-Image-2022-04-27-at-6.56.37-PM-2-1024x683.jpeg\" alt=\"\" class=\"wp-image-24583\"\/><\/figure>\n<\/figure>\n\n\n\n<p><strong>Censo y emergencias<\/strong><\/p>\n\n\n\n<p>Por su parte, el secretario de Gesti\u00f3n del Riesgo, Armando Cabrera, le record\u00f3 a la poblaci\u00f3n de este sector que el municipio se encuentra en declaratoria de calamidad p\u00fablica por la temporada de lluvias.<\/p>\n\n\n\n<p>\u201cVenimos atendiendo las emergencias, evaluando las necesidades de estas personas, censando damnificados, para que posteriormente hagamos entrega de ayudas humanitarias representadas en colchones, kits de aseo y de cocina, tejas de zinc, que son parte de los compromisos pactados con la comunidad\u201d, puntualiz\u00f3 el funcionario de esta cartera.<\/p>\n\n\n\n<p>Cabrera tambi\u00e9n indic\u00f3, que se vienen adelantando gestiones con la Unidad para la Gesti\u00f3n del Riesgo con el fin de adquirir maquinaria amarilla, para ayudar a mitigar los efectos de las lluvias que est\u00e1n pronosticadas hasta el mes de mayo del presente a\u00f1o.<\/p>\n","protected":false},"excerpt":{"rendered":"<p>Inversiones en materia de infraestructura, trabajo de rehabilitaci\u00f3n vial, reconstrucci\u00f3n de acueductos veredales, entrega de ayudas humanitarias, subsidios de arrendamiento, reubicaci\u00f3n de familias, entre otras acciones, se han venido adelantado desde el 27 de abril de 2021, cuando el desbordamiento de la quebrada \u00d3rganos dej\u00f3 m\u00e1s de 200 familias damnificadas, de las que 30 de [&hellip;]<\/p>\n","protected":false},"author":1,"featured_media":0,"comment_status":"open","ping_status":"open","sticky":false,"template":"","format":"standard","meta":{"footnotes":""},"categories":[36,31],"tags":[],"class_list":["post-24575","post","type-post","status-publish","format-standard","hentry","category-destacado","category-local"],"yoast_head":"<!-- This site is optimized with the Yoast SEO plugin v26.6 - https:\/\/yoast.com\/wordpress\/plugins\/seo\/ -->\n<title>Despu\u00e9s de un a\u00f1o de la avalancha en San Luis, Administraci\u00f3n Municipal sigue trabajando por los damnificados -<\/title>\n<meta name=\"robots\" content=\"index, follow, max-snippet:-1, max-image-preview:large, max-video-preview:-1\" \/>\n<link rel=\"canonical\" href=\"https:\/\/luchonoticias.com\/editor\/despues-de-un-ano-de-la-avalancha-en-san-luis-administracion-municipal-sigue-trabajando-por-los-damnificados\/\" \/>\n<meta property=\"og:locale\" content=\"es_ES\" \/>\n<meta property=\"og:type\" content=\"article\" \/>\n<meta property=\"og:title\" content=\"Despu\u00e9s de un a\u00f1o de la avalancha en San Luis, Administraci\u00f3n Municipal sigue trabajando por los damnificados -\" \/>\n<meta property=\"og:url\" content=\"https:\/\/luchonoticias.com\/editor\/despues-de-un-ano-de-la-avalancha-en-san-luis-administracion-municipal-sigue-trabajando-por-los-damnificados\/\" \/>\n<meta property=\"article:publisher\" content=\"https:\/\/www.facebook.com\/luchonoticiasneiva\" \/>\n<meta property=\"article:author\" content=\"https:\/\/www.facebook.com\/luchonoticiasneiva\" \/>\n<meta property=\"article:published_time\" content=\"2022-04-28T09:51:35+00:00\" \/>\n<meta property=\"article:modified_time\" content=\"2022-04-28T09:51:37+00:00\" \/>\n<meta property=\"og:image\" content=\"https:\/\/luchonoticias.com\/wp-content\/uploads\/2022\/04\/WhatsApp-Image-2022-04-27-at-6.56.39-PM-1-1024x682.jpeg\" \/>\n<meta name=\"author\" content=\"admin\" \/>\n<meta name=\"twitter:card\" content=\"summary_large_image\" \/>\n<meta name=\"twitter:label1\" content=\"Escrito por\" \/>\n\t<meta name=\"twitter:data1\" content=\"admin\" \/>\n\t<meta name=\"twitter:label2\" content=\"Tiempo de lectura\" \/>\n\t<meta name=\"twitter:data2\" content=\"2 minutos\" \/>\n<script type=\"application\/ld+json\" class=\"yoast-schema-graph\">{\"@context\":\"https:\/\/schema.org\",\"@graph\":[{\"@type\":\"Article\",\"@id\":\"https:\/\/luchonoticias.com\/editor\/despues-de-un-ano-de-la-avalancha-en-san-luis-administracion-municipal-sigue-trabajando-por-los-damnificados\/#article\",\"isPartOf\":{\"@id\":\"https:\/\/luchonoticias.com\/editor\/despues-de-un-ano-de-la-avalancha-en-san-luis-administracion-municipal-sigue-trabajando-por-los-damnificados\/\"},\"author\":{\"name\":\"admin\",\"@id\":\"https:\/\/luchonoticias.com\/editor\/#\/schema\/person\/7a7fd911f58561fd056dbac7b55af9cd\"},\"headline\":\"Despu\u00e9s de un a\u00f1o de la avalancha en San Luis, Administraci\u00f3n Municipal sigue trabajando por los damnificados\",\"datePublished\":\"2022-04-28T09:51:35+00:00\",\"dateModified\":\"2022-04-28T09:51:37+00:00\",\"mainEntityOfPage\":{\"@id\":\"https:\/\/luchonoticias.com\/editor\/despues-de-un-ano-de-la-avalancha-en-san-luis-administracion-municipal-sigue-trabajando-por-los-damnificados\/\"},\"wordCount\":407,\"commentCount\":0,\"publisher\":{\"@id\":\"https:\/\/luchonoticias.com\/editor\/#\/schema\/person\/7a7fd911f58561fd056dbac7b55af9cd\"},\"image\":{\"@id\":\"https:\/\/luchonoticias.com\/editor\/despues-de-un-ano-de-la-avalancha-en-san-luis-administracion-municipal-sigue-trabajando-por-los-damnificados\/#primaryimage\"},\"thumbnailUrl\":\"https:\/\/luchonoticias.com\/wp-content\/uploads\/2022\/04\/WhatsApp-Image-2022-04-27-at-6.56.39-PM-1-1024x682.jpeg\",\"articleSection\":[\"Destacado\",\"Local\"],\"inLanguage\":\"es\",\"potentialAction\":[{\"@type\":\"CommentAction\",\"name\":\"Comment\",\"target\":[\"https:\/\/luchonoticias.com\/editor\/despues-de-un-ano-de-la-avalancha-en-san-luis-administracion-municipal-sigue-trabajando-por-los-damnificados\/#respond\"]}]},{\"@type\":\"WebPage\",\"@id\":\"https:\/\/luchonoticias.com\/editor\/despues-de-un-ano-de-la-avalancha-en-san-luis-administracion-municipal-sigue-trabajando-por-los-damnificados\/\",\"url\":\"https:\/\/luchonoticias.com\/editor\/despues-de-un-ano-de-la-avalancha-en-san-luis-administracion-municipal-sigue-trabajando-por-los-damnificados\/\",\"name\":\"Despu\u00e9s de un a\u00f1o de la avalancha en San Luis, Administraci\u00f3n Municipal sigue trabajando por los damnificados -\",\"isPartOf\":{\"@id\":\"https:\/\/luchonoticias.com\/editor\/#website\"},\"primaryImageOfPage\":{\"@id\":\"https:\/\/luchonoticias.com\/editor\/despues-de-un-ano-de-la-avalancha-en-san-luis-administracion-municipal-sigue-trabajando-por-los-damnificados\/#primaryimage\"},\"image\":{\"@id\":\"https:\/\/luchonoticias.com\/editor\/despues-de-un-ano-de-la-avalancha-en-san-luis-administracion-municipal-sigue-trabajando-por-los-damnificados\/#primaryimage\"},\"thumbnailUrl\":\"https:\/\/luchonoticias.com\/wp-content\/uploads\/2022\/04\/WhatsApp-Image-2022-04-27-at-6.56.39-PM-1-1024x682.jpeg\",\"datePublished\":\"2022-04-28T09:51:35+00:00\",\"dateModified\":\"2022-04-28T09:51:37+00:00\",\"breadcrumb\":{\"@id\":\"https:\/\/luchonoticias.com\/editor\/despues-de-un-ano-de-la-avalancha-en-san-luis-administracion-municipal-sigue-trabajando-por-los-damnificados\/#breadcrumb\"},\"inLanguage\":\"es\",\"potentialAction\":[{\"@type\":\"ReadAction\",\"target\":[\"https:\/\/luchonoticias.com\/editor\/despues-de-un-ano-de-la-avalancha-en-san-luis-administracion-municipal-sigue-trabajando-por-los-damnificados\/\"]}]},{\"@type\":\"ImageObject\",\"inLanguage\":\"es\",\"@id\":\"https:\/\/luchonoticias.com\/editor\/despues-de-un-ano-de-la-avalancha-en-san-luis-administracion-municipal-sigue-trabajando-por-los-damnificados\/#primaryimage\",\"url\":\"https:\/\/luchonoticias.com\/wp-content\/uploads\/2022\/04\/WhatsApp-Image-2022-04-27-at-6.56.39-PM-1-1024x682.jpeg\",\"contentUrl\":\"https:\/\/luchonoticias.com\/wp-content\/uploads\/2022\/04\/WhatsApp-Image-2022-04-27-at-6.56.39-PM-1-1024x682.jpeg\"},{\"@type\":\"BreadcrumbList\",\"@id\":\"https:\/\/luchonoticias.com\/editor\/despues-de-un-ano-de-la-avalancha-en-san-luis-administracion-municipal-sigue-trabajando-por-los-damnificados\/#breadcrumb\",\"itemListElement\":[{\"@type\":\"ListItem\",\"position\":1,\"name\":\"Portada\",\"item\":\"https:\/\/luchonoticias.com\/editor\/\"},{\"@type\":\"ListItem\",\"position\":2,\"name\":\"Despu\u00e9s de un a\u00f1o de la avalancha en San Luis, Administraci\u00f3n Municipal sigue trabajando por los damnificados\"}]},{\"@type\":\"WebSite\",\"@id\":\"https:\/\/luchonoticias.com\/editor\/#website\",\"url\":\"https:\/\/luchonoticias.com\/editor\/\",\"name\":\"\",\"description\":\"\",\"publisher\":{\"@id\":\"https:\/\/luchonoticias.com\/editor\/#\/schema\/person\/7a7fd911f58561fd056dbac7b55af9cd\"},\"potentialAction\":[{\"@type\":\"SearchAction\",\"target\":{\"@type\":\"EntryPoint\",\"urlTemplate\":\"https:\/\/luchonoticias.com\/editor\/?s={search_term_string}\"},\"query-input\":{\"@type\":\"PropertyValueSpecification\",\"valueRequired\":true,\"valueName\":\"search_term_string\"}}],\"inLanguage\":\"es\"},{\"@type\":[\"Person\",\"Organization\"],\"@id\":\"https:\/\/luchonoticias.com\/editor\/#\/schema\/person\/7a7fd911f58561fd056dbac7b55af9cd\",\"name\":\"admin\",\"image\":{\"@type\":\"ImageObject\",\"inLanguage\":\"es\",\"@id\":\"https:\/\/luchonoticias.com\/editor\/#\/schema\/person\/image\/\",\"url\":\"https:\/\/luchonoticias.com\/editor\/wp-content\/uploads\/2024\/02\/cropped-cropped-logolu.webp\",\"contentUrl\":\"https:\/\/luchonoticias.com\/editor\/wp-content\/uploads\/2024\/02\/cropped-cropped-logolu.webp\",\"width\":382,\"height\":170,\"caption\":\"admin\"},\"logo\":{\"@id\":\"https:\/\/luchonoticias.com\/editor\/#\/schema\/person\/image\/\"},\"sameAs\":[\"https:\/\/www.facebook.com\/luchonoticiasneiva\"],\"url\":\"https:\/\/luchonoticias.com\/editor\/author\/admin\/\"}]}<\/script>\n<!-- \/ Yoast SEO plugin. -->","yoast_head_json":{"title":"Despu\u00e9s de un a\u00f1o de la avalancha en San Luis, Administraci\u00f3n Municipal sigue trabajando por los damnificados -","robots":{"index":"index","follow":"follow","max-snippet":"max-snippet:-1","max-image-preview":"max-image-preview:large","max-video-preview":"max-video-preview:-1"},"canonical":"https:\/\/luchonoticias.com\/editor\/despues-de-un-ano-de-la-avalancha-en-san-luis-administracion-municipal-sigue-trabajando-por-los-damnificados\/","og_locale":"es_ES","og_type":"article","og_title":"Despu\u00e9s de un a\u00f1o de la avalancha en San Luis, Administraci\u00f3n Municipal sigue trabajando por los damnificados -","og_url":"https:\/\/luchonoticias.com\/editor\/despues-de-un-ano-de-la-avalancha-en-san-luis-administracion-municipal-sigue-trabajando-por-los-damnificados\/","article_publisher":"https:\/\/www.facebook.com\/luchonoticiasneiva","article_author":"https:\/\/www.facebook.com\/luchonoticiasneiva","article_published_time":"2022-04-28T09:51:35+00:00","article_modified_time":"2022-04-28T09:51:37+00:00","og_image":[{"url":"https:\/\/luchonoticias.com\/wp-content\/uploads\/2022\/04\/WhatsApp-Image-2022-04-27-at-6.56.39-PM-1-1024x682.jpeg","type":"","width":"","height":""}],"author":"admin","twitter_card":"summary_large_image","twitter_misc":{"Escrito por":"admin","Tiempo de lectura":"2 minutos"},"schema":{"@context":"https:\/\/schema.org","@graph":[{"@type":"Article","@id":"https:\/\/luchonoticias.com\/editor\/despues-de-un-ano-de-la-avalancha-en-san-luis-administracion-municipal-sigue-trabajando-por-los-damnificados\/#article","isPartOf":{"@id":"https:\/\/luchonoticias.com\/editor\/despues-de-un-ano-de-la-avalancha-en-san-luis-administracion-municipal-sigue-trabajando-por-los-damnificados\/"},"author":{"name":"admin","@id":"https:\/\/luchonoticias.com\/editor\/#\/schema\/person\/7a7fd911f58561fd056dbac7b55af9cd"},"headline":"Despu\u00e9s de un a\u00f1o de la avalancha en San Luis, Administraci\u00f3n Municipal sigue trabajando por los damnificados","datePublished":"2022-04-28T09:51:35+00:00","dateModified":"2022-04-28T09:51:37+00:00","mainEntityOfPage":{"@id":"https:\/\/luchonoticias.com\/editor\/despues-de-un-ano-de-la-avalancha-en-san-luis-administracion-municipal-sigue-trabajando-por-los-damnificados\/"},"wordCount":407,"commentCount":0,"publisher":{"@id":"https:\/\/luchonoticias.com\/editor\/#\/schema\/person\/7a7fd911f58561fd056dbac7b55af9cd"},"image":{"@id":"https:\/\/luchonoticias.com\/editor\/despues-de-un-ano-de-la-avalancha-en-san-luis-administracion-municipal-sigue-trabajando-por-los-damnificados\/#primaryimage"},"thumbnailUrl":"https:\/\/luchonoticias.com\/wp-content\/uploads\/2022\/04\/WhatsApp-Image-2022-04-27-at-6.56.39-PM-1-1024x682.jpeg","articleSection":["Destacado","Local"],"inLanguage":"es","potentialAction":[{"@type":"CommentAction","name":"Comment","target":["https:\/\/luchonoticias.com\/editor\/despues-de-un-ano-de-la-avalancha-en-san-luis-administracion-municipal-sigue-trabajando-por-los-damnificados\/#respond"]}]},{"@type":"WebPage","@id":"https:\/\/luchonoticias.com\/editor\/despues-de-un-ano-de-la-avalancha-en-san-luis-administracion-municipal-sigue-trabajando-por-los-damnificados\/","url":"https:\/\/luchonoticias.com\/editor\/despues-de-un-ano-de-la-avalancha-en-san-luis-administracion-municipal-sigue-trabajando-por-los-damnificados\/","name":"Despu\u00e9s de un a\u00f1o de la avalancha en San Luis, Administraci\u00f3n Municipal sigue trabajando por los damnificados -","isPartOf":{"@id":"https:\/\/luchonoticias.com\/editor\/#website"},"primaryImageOfPage":{"@id":"https:\/\/luchonoticias.com\/editor\/despues-de-un-ano-de-la-avalancha-en-san-luis-administracion-municipal-sigue-trabajando-por-los-damnificados\/#primaryimage"},"image":{"@id":"https:\/\/luchonoticias.com\/editor\/despues-de-un-ano-de-la-avalancha-en-san-luis-administracion-municipal-sigue-trabajando-por-los-damnificados\/#primaryimage"},"thumbnailUrl":"https:\/\/luchonoticias.com\/wp-content\/uploads\/2022\/04\/WhatsApp-Image-2022-04-27-at-6.56.39-PM-1-1024x682.jpeg","datePublished":"2022-04-28T09:51:35+00:00","dateModified":"2022-04-28T09:51:37+00:00","breadcrumb":{"@id":"https:\/\/luchonoticias.com\/editor\/despues-de-un-ano-de-la-avalancha-en-san-luis-administracion-municipal-sigue-trabajando-por-los-damnificados\/#breadcrumb"},"inLanguage":"es","potentialAction":[{"@type":"ReadAction","target":["https:\/\/luchonoticias.com\/editor\/despues-de-un-ano-de-la-avalancha-en-san-luis-administracion-municipal-sigue-trabajando-por-los-damnificados\/"]}]},{"@type":"ImageObject","inLanguage":"es","@id":"https:\/\/luchonoticias.com\/editor\/despues-de-un-ano-de-la-avalancha-en-san-luis-administracion-municipal-sigue-trabajando-por-los-damnificados\/#primaryimage","url":"https:\/\/luchonoticias.com\/wp-content\/uploads\/2022\/04\/WhatsApp-Image-2022-04-27-at-6.56.39-PM-1-1024x682.jpeg","contentUrl":"https:\/\/luchonoticias.com\/wp-content\/uploads\/2022\/04\/WhatsApp-Image-2022-04-27-at-6.56.39-PM-1-1024x682.jpeg"},{"@type":"BreadcrumbList","@id":"https:\/\/luchonoticias.com\/editor\/despues-de-un-ano-de-la-avalancha-en-san-luis-administracion-municipal-sigue-trabajando-por-los-damnificados\/#breadcrumb","itemListElement":[{"@type":"ListItem","position":1,"name":"Portada","item":"https:\/\/luchonoticias.com\/editor\/"},{"@type":"ListItem","position":2,"name":"Despu\u00e9s de un a\u00f1o de la avalancha en San Luis, Administraci\u00f3n Municipal sigue trabajando por los damnificados"}]},{"@type":"WebSite","@id":"https:\/\/luchonoticias.com\/editor\/#website","url":"https:\/\/luchonoticias.com\/editor\/","name":"","description":"","publisher":{"@id":"https:\/\/luchonoticias.com\/editor\/#\/schema\/person\/7a7fd911f58561fd056dbac7b55af9cd"},"potentialAction":[{"@type":"SearchAction","target":{"@type":"EntryPoint","urlTemplate":"https:\/\/luchonoticias.com\/editor\/?s={search_term_string}"},"query-input":{"@type":"PropertyValueSpecification","valueRequired":true,"valueName":"search_term_string"}}],"inLanguage":"es"},{"@type":["Person","Organization"],"@id":"https:\/\/luchonoticias.com\/editor\/#\/schema\/person\/7a7fd911f58561fd056dbac7b55af9cd","name":"admin","image":{"@type":"ImageObject","inLanguage":"es","@id":"https:\/\/luchonoticias.com\/editor\/#\/schema\/person\/image\/","url":"https:\/\/luchonoticias.com\/editor\/wp-content\/uploads\/2024\/02\/cropped-cropped-logolu.webp","contentUrl":"https:\/\/luchonoticias.com\/editor\/wp-content\/uploads\/2024\/02\/cropped-cropped-logolu.webp","width":382,"height":170,"caption":"admin"},"logo":{"@id":"https:\/\/luchonoticias.com\/editor\/#\/schema\/person\/image\/"},"sameAs":["https:\/\/www.facebook.com\/luchonoticiasneiva"],"url":"https:\/\/luchonoticias.com\/editor\/author\/admin\/"}]}},"_links":{"self":[{"href":"https:\/\/luchonoticias.com\/editor\/wp-json\/wp\/v2\/posts\/24575","targetHints":{"allow":["GET"]}}],"collection":[{"href":"https:\/\/luchonoticias.com\/editor\/wp-json\/wp\/v2\/posts"}],"about":[{"href":"https:\/\/luchonoticias.com\/editor\/wp-json\/wp\/v2\/types\/post"}],"author":[{"embeddable":true,"href":"https:\/\/luchonoticias.com\/editor\/wp-json\/wp\/v2\/users\/1"}],"replies":[{"embeddable":true,"href":"https:\/\/luchonoticias.com\/editor\/wp-json\/wp\/v2\/comments?post=24575"}],"version-history":[{"count":0,"href":"https:\/\/luchonoticias.com\/editor\/wp-json\/wp\/v2\/posts\/24575\/revisions"}],"wp:attachment":[{"href":"https:\/\/luchonoticias.com\/editor\/wp-json\/wp\/v2\/media?parent=24575"}],"wp:term":[{"taxonomy":"category","embeddable":true,"href":"https:\/\/luchonoticias.com\/editor\/wp-json\/wp\/v2\/categories?post=24575"},{"taxonomy":"post_tag","embeddable":true,"href":"https:\/\/luchonoticias.com\/editor\/wp-json\/wp\/v2\/tags?post=24575"}],"curies":[{"name":"wp","href":"https:\/\/api.w.org\/{rel}","templated":true}]}}