{"id":24631,"date":"2022-04-28T06:59:37","date_gmt":"2022-04-28T11:59:37","guid":{"rendered":"https:\/\/luchonoticias.com\/?p=24631"},"modified":"2022-04-28T06:59:39","modified_gmt":"2022-04-28T11:59:39","slug":"colegios-y-universidades-no-sera-obligatorio-el-uso-del-tapabocas-desde-el-15-de-mayo","status":"publish","type":"post","link":"https:\/\/luchonoticias.com\/editor\/colegios-y-universidades-no-sera-obligatorio-el-uso-del-tapabocas-desde-el-15-de-mayo\/","title":{"rendered":"Colegios y universidades no ser\u00e1 obligatorio el uso del tapabocas desde el 15 de mayo"},"content":{"rendered":"\n<p>El Ministro de Salud y Protecci\u00f3n Social Fernando Ruiz anunci\u00f3 este mi\u00e9rcoles nuevo medidas para el uso de tapabocas en entornos escolares.<\/p>\n\n\n\n<p>De acuerdo con Ruiz \u201cse ha tomado la decisi\u00f3n de eliminar el uso del tapabocas en espacios abiertos y cerrados de las escuelas, colegios y universidades de Colombia\u201d.<\/p>\n\n\n\n<p>La medida se levantar\u00e1 a partir del 15 de mayo de 2022 y seg\u00fan el ministro tiene el prop\u00f3sito de \u201capoyar a los ni\u00f1os que han sido muy juiciosos en sus procesos de aprendizaje\u201d.<\/p>\n\n\n\n<p>Sin embargo, recomendaron a gobernaciones, alcald\u00edas, secretar\u00edas de educaci\u00f3n, autoridades escolares y padres de familia continuar con los esfuerzos para aumentar las tasas de vacunaci\u00f3n en ni\u00f1os y ni\u00f1as cuyo promedio es relativamente bajo en comparaci\u00f3n con otros grupos poblacionales.<\/p>\n","protected":false},"excerpt":{"rendered":"<p>El Ministro de Salud y Protecci\u00f3n Social Fernando Ruiz anunci\u00f3 este mi\u00e9rcoles nuevo medidas para el uso de tapabocas en entornos escolares. De acuerdo con Ruiz \u201cse ha tomado la decisi\u00f3n de eliminar el uso del tapabocas en espacios abiertos y cerrados de las escuelas, colegios y universidades de Colombia\u201d. La medida se levantar\u00e1 a [&hellip;]<\/p>\n","protected":false},"author":1,"featured_media":0,"comment_status":"open","ping_status":"open","sticky":false,"template":"","format":"standard","meta":{"footnotes":""},"categories":[28,36],"tags":[],"class_list":["post-24631","post","type-post","status-publish","format-standard","hentry","category-actualidad","category-destacado"],"yoast_head":"<!-- This site is optimized with the Yoast SEO plugin v26.6 - https:\/\/yoast.com\/wordpress\/plugins\/seo\/ -->\n<title>Colegios y universidades no ser\u00e1 obligatorio el uso del tapabocas desde el 15 de mayo -<\/title>\n<meta name=\"robots\" content=\"index, follow, max-snippet:-1, max-image-preview:large, max-video-preview:-1\" \/>\n<link rel=\"canonical\" href=\"https:\/\/luchonoticias.com\/editor\/colegios-y-universidades-no-sera-obligatorio-el-uso-del-tapabocas-desde-el-15-de-mayo\/\" \/>\n<meta property=\"og:locale\" content=\"es_ES\" \/>\n<meta property=\"og:type\" content=\"article\" \/>\n<meta property=\"og:title\" content=\"Colegios y universidades no ser\u00e1 obligatorio el uso del tapabocas desde el 15 de mayo -\" \/>\n<meta property=\"og:url\" content=\"https:\/\/luchonoticias.com\/editor\/colegios-y-universidades-no-sera-obligatorio-el-uso-del-tapabocas-desde-el-15-de-mayo\/\" \/>\n<meta property=\"article:publisher\" content=\"https:\/\/www.facebook.com\/luchonoticiasneiva\" \/>\n<meta property=\"article:author\" content=\"https:\/\/www.facebook.com\/luchonoticiasneiva\" \/>\n<meta property=\"article:published_time\" content=\"2022-04-28T11:59:37+00:00\" \/>\n<meta property=\"article:modified_time\" content=\"2022-04-28T11:59:39+00:00\" \/>\n<meta name=\"author\" content=\"admin\" \/>\n<meta name=\"twitter:card\" content=\"summary_large_image\" \/>\n<meta name=\"twitter:label1\" content=\"Escrito por\" \/>\n\t<meta name=\"twitter:data1\" content=\"admin\" \/>\n\t<meta name=\"twitter:label2\" content=\"Tiempo de lectura\" \/>\n\t<meta name=\"twitter:data2\" content=\"1 minuto\" \/>\n<script type=\"application\/ld+json\" class=\"yoast-schema-graph\">{\"@context\":\"https:\/\/schema.org\",\"@graph\":[{\"@type\":\"Article\",\"@id\":\"https:\/\/luchonoticias.com\/editor\/colegios-y-universidades-no-sera-obligatorio-el-uso-del-tapabocas-desde-el-15-de-mayo\/#article\",\"isPartOf\":{\"@id\":\"https:\/\/luchonoticias.com\/editor\/colegios-y-universidades-no-sera-obligatorio-el-uso-del-tapabocas-desde-el-15-de-mayo\/\"},\"author\":{\"name\":\"admin\",\"@id\":\"https:\/\/luchonoticias.com\/editor\/#\/schema\/person\/7a7fd911f58561fd056dbac7b55af9cd\"},\"headline\":\"Colegios y universidades no ser\u00e1 obligatorio el uso del tapabocas desde el 15 de mayo\",\"datePublished\":\"2022-04-28T11:59:37+00:00\",\"dateModified\":\"2022-04-28T11:59:39+00:00\",\"mainEntityOfPage\":{\"@id\":\"https:\/\/luchonoticias.com\/editor\/colegios-y-universidades-no-sera-obligatorio-el-uso-del-tapabocas-desde-el-15-de-mayo\/\"},\"wordCount\":149,\"commentCount\":0,\"publisher\":{\"@id\":\"https:\/\/luchonoticias.com\/editor\/#\/schema\/person\/7a7fd911f58561fd056dbac7b55af9cd\"},\"articleSection\":[\"Actualidad\",\"Destacado\"],\"inLanguage\":\"es\",\"potentialAction\":[{\"@type\":\"CommentAction\",\"name\":\"Comment\",\"target\":[\"https:\/\/luchonoticias.com\/editor\/colegios-y-universidades-no-sera-obligatorio-el-uso-del-tapabocas-desde-el-15-de-mayo\/#respond\"]}]},{\"@type\":\"WebPage\",\"@id\":\"https:\/\/luchonoticias.com\/editor\/colegios-y-universidades-no-sera-obligatorio-el-uso-del-tapabocas-desde-el-15-de-mayo\/\",\"url\":\"https:\/\/luchonoticias.com\/editor\/colegios-y-universidades-no-sera-obligatorio-el-uso-del-tapabocas-desde-el-15-de-mayo\/\",\"name\":\"Colegios y universidades no ser\u00e1 obligatorio el uso del tapabocas desde el 15 de mayo -\",\"isPartOf\":{\"@id\":\"https:\/\/luchonoticias.com\/editor\/#website\"},\"datePublished\":\"2022-04-28T11:59:37+00:00\",\"dateModified\":\"2022-04-28T11:59:39+00:00\",\"breadcrumb\":{\"@id\":\"https:\/\/luchonoticias.com\/editor\/colegios-y-universidades-no-sera-obligatorio-el-uso-del-tapabocas-desde-el-15-de-mayo\/#breadcrumb\"},\"inLanguage\":\"es\",\"potentialAction\":[{\"@type\":\"ReadAction\",\"target\":[\"https:\/\/luchonoticias.com\/editor\/colegios-y-universidades-no-sera-obligatorio-el-uso-del-tapabocas-desde-el-15-de-mayo\/\"]}]},{\"@type\":\"BreadcrumbList\",\"@id\":\"https:\/\/luchonoticias.com\/editor\/colegios-y-universidades-no-sera-obligatorio-el-uso-del-tapabocas-desde-el-15-de-mayo\/#breadcrumb\",\"itemListElement\":[{\"@type\":\"ListItem\",\"position\":1,\"name\":\"Portada\",\"item\":\"https:\/\/luchonoticias.com\/editor\/\"},{\"@type\":\"ListItem\",\"position\":2,\"name\":\"Colegios y universidades no ser\u00e1 obligatorio el uso del tapabocas desde el 15 de mayo\"}]},{\"@type\":\"WebSite\",\"@id\":\"https:\/\/luchonoticias.com\/editor\/#website\",\"url\":\"https:\/\/luchonoticias.com\/editor\/\",\"name\":\"\",\"description\":\"\",\"publisher\":{\"@id\":\"https:\/\/luchonoticias.com\/editor\/#\/schema\/person\/7a7fd911f58561fd056dbac7b55af9cd\"},\"potentialAction\":[{\"@type\":\"SearchAction\",\"target\":{\"@type\":\"EntryPoint\",\"urlTemplate\":\"https:\/\/luchonoticias.com\/editor\/?s={search_term_string}\"},\"query-input\":{\"@type\":\"PropertyValueSpecification\",\"valueRequired\":true,\"valueName\":\"search_term_string\"}}],\"inLanguage\":\"es\"},{\"@type\":[\"Person\",\"Organization\"],\"@id\":\"https:\/\/luchonoticias.com\/editor\/#\/schema\/person\/7a7fd911f58561fd056dbac7b55af9cd\",\"name\":\"admin\",\"image\":{\"@type\":\"ImageObject\",\"inLanguage\":\"es\",\"@id\":\"https:\/\/luchonoticias.com\/editor\/#\/schema\/person\/image\/\",\"url\":\"https:\/\/luchonoticias.com\/editor\/wp-content\/uploads\/2024\/02\/cropped-cropped-logolu.webp\",\"contentUrl\":\"https:\/\/luchonoticias.com\/editor\/wp-content\/uploads\/2024\/02\/cropped-cropped-logolu.webp\",\"width\":382,\"height\":170,\"caption\":\"admin\"},\"logo\":{\"@id\":\"https:\/\/luchonoticias.com\/editor\/#\/schema\/person\/image\/\"},\"sameAs\":[\"https:\/\/www.facebook.com\/luchonoticiasneiva\"],\"url\":\"https:\/\/luchonoticias.com\/editor\/author\/admin\/\"}]}<\/script>\n<!-- \/ Yoast SEO plugin. -->","yoast_head_json":{"title":"Colegios y universidades no ser\u00e1 obligatorio el uso del tapabocas desde el 15 de mayo -","robots":{"index":"index","follow":"follow","max-snippet":"max-snippet:-1","max-image-preview":"max-image-preview:large","max-video-preview":"max-video-preview:-1"},"canonical":"https:\/\/luchonoticias.com\/editor\/colegios-y-universidades-no-sera-obligatorio-el-uso-del-tapabocas-desde-el-15-de-mayo\/","og_locale":"es_ES","og_type":"article","og_title":"Colegios y universidades no ser\u00e1 obligatorio el uso del tapabocas desde el 15 de mayo -","og_url":"https:\/\/luchonoticias.com\/editor\/colegios-y-universidades-no-sera-obligatorio-el-uso-del-tapabocas-desde-el-15-de-mayo\/","article_publisher":"https:\/\/www.facebook.com\/luchonoticiasneiva","article_author":"https:\/\/www.facebook.com\/luchonoticiasneiva","article_published_time":"2022-04-28T11:59:37+00:00","article_modified_time":"2022-04-28T11:59:39+00:00","author":"admin","twitter_card":"summary_large_image","twitter_misc":{"Escrito por":"admin","Tiempo de lectura":"1 minuto"},"schema":{"@context":"https:\/\/schema.org","@graph":[{"@type":"Article","@id":"https:\/\/luchonoticias.com\/editor\/colegios-y-universidades-no-sera-obligatorio-el-uso-del-tapabocas-desde-el-15-de-mayo\/#article","isPartOf":{"@id":"https:\/\/luchonoticias.com\/editor\/colegios-y-universidades-no-sera-obligatorio-el-uso-del-tapabocas-desde-el-15-de-mayo\/"},"author":{"name":"admin","@id":"https:\/\/luchonoticias.com\/editor\/#\/schema\/person\/7a7fd911f58561fd056dbac7b55af9cd"},"headline":"Colegios y universidades no ser\u00e1 obligatorio el uso del tapabocas desde el 15 de mayo","datePublished":"2022-04-28T11:59:37+00:00","dateModified":"2022-04-28T11:59:39+00:00","mainEntityOfPage":{"@id":"https:\/\/luchonoticias.com\/editor\/colegios-y-universidades-no-sera-obligatorio-el-uso-del-tapabocas-desde-el-15-de-mayo\/"},"wordCount":149,"commentCount":0,"publisher":{"@id":"https:\/\/luchonoticias.com\/editor\/#\/schema\/person\/7a7fd911f58561fd056dbac7b55af9cd"},"articleSection":["Actualidad","Destacado"],"inLanguage":"es","potentialAction":[{"@type":"CommentAction","name":"Comment","target":["https:\/\/luchonoticias.com\/editor\/colegios-y-universidades-no-sera-obligatorio-el-uso-del-tapabocas-desde-el-15-de-mayo\/#respond"]}]},{"@type":"WebPage","@id":"https:\/\/luchonoticias.com\/editor\/colegios-y-universidades-no-sera-obligatorio-el-uso-del-tapabocas-desde-el-15-de-mayo\/","url":"https:\/\/luchonoticias.com\/editor\/colegios-y-universidades-no-sera-obligatorio-el-uso-del-tapabocas-desde-el-15-de-mayo\/","name":"Colegios y universidades no ser\u00e1 obligatorio el uso del tapabocas desde el 15 de mayo -","isPartOf":{"@id":"https:\/\/luchonoticias.com\/editor\/#website"},"datePublished":"2022-04-28T11:59:37+00:00","dateModified":"2022-04-28T11:59:39+00:00","breadcrumb":{"@id":"https:\/\/luchonoticias.com\/editor\/colegios-y-universidades-no-sera-obligatorio-el-uso-del-tapabocas-desde-el-15-de-mayo\/#breadcrumb"},"inLanguage":"es","potentialAction":[{"@type":"ReadAction","target":["https:\/\/luchonoticias.com\/editor\/colegios-y-universidades-no-sera-obligatorio-el-uso-del-tapabocas-desde-el-15-de-mayo\/"]}]},{"@type":"BreadcrumbList","@id":"https:\/\/luchonoticias.com\/editor\/colegios-y-universidades-no-sera-obligatorio-el-uso-del-tapabocas-desde-el-15-de-mayo\/#breadcrumb","itemListElement":[{"@type":"ListItem","position":1,"name":"Portada","item":"https:\/\/luchonoticias.com\/editor\/"},{"@type":"ListItem","position":2,"name":"Colegios y universidades no ser\u00e1 obligatorio el uso del tapabocas desde el 15 de mayo"}]},{"@type":"WebSite","@id":"https:\/\/luchonoticias.com\/editor\/#website","url":"https:\/\/luchonoticias.com\/editor\/","name":"","description":"","publisher":{"@id":"https:\/\/luchonoticias.com\/editor\/#\/schema\/person\/7a7fd911f58561fd056dbac7b55af9cd"},"potentialAction":[{"@type":"SearchAction","target":{"@type":"EntryPoint","urlTemplate":"https:\/\/luchonoticias.com\/editor\/?s={search_term_string}"},"query-input":{"@type":"PropertyValueSpecification","valueRequired":true,"valueName":"search_term_string"}}],"inLanguage":"es"},{"@type":["Person","Organization"],"@id":"https:\/\/luchonoticias.com\/editor\/#\/schema\/person\/7a7fd911f58561fd056dbac7b55af9cd","name":"admin","image":{"@type":"ImageObject","inLanguage":"es","@id":"https:\/\/luchonoticias.com\/editor\/#\/schema\/person\/image\/","url":"https:\/\/luchonoticias.com\/editor\/wp-content\/uploads\/2024\/02\/cropped-cropped-logolu.webp","contentUrl":"https:\/\/luchonoticias.com\/editor\/wp-content\/uploads\/2024\/02\/cropped-cropped-logolu.webp","width":382,"height":170,"caption":"admin"},"logo":{"@id":"https:\/\/luchonoticias.com\/editor\/#\/schema\/person\/image\/"},"sameAs":["https:\/\/www.facebook.com\/luchonoticiasneiva"],"url":"https:\/\/luchonoticias.com\/editor\/author\/admin\/"}]}},"_links":{"self":[{"href":"https:\/\/luchonoticias.com\/editor\/wp-json\/wp\/v2\/posts\/24631","targetHints":{"allow":["GET"]}}],"collection":[{"href":"https:\/\/luchonoticias.com\/editor\/wp-json\/wp\/v2\/posts"}],"about":[{"href":"https:\/\/luchonoticias.com\/editor\/wp-json\/wp\/v2\/types\/post"}],"author":[{"embeddable":true,"href":"https:\/\/luchonoticias.com\/editor\/wp-json\/wp\/v2\/users\/1"}],"replies":[{"embeddable":true,"href":"https:\/\/luchonoticias.com\/editor\/wp-json\/wp\/v2\/comments?post=24631"}],"version-history":[{"count":0,"href":"https:\/\/luchonoticias.com\/editor\/wp-json\/wp\/v2\/posts\/24631\/revisions"}],"wp:attachment":[{"href":"https:\/\/luchonoticias.com\/editor\/wp-json\/wp\/v2\/media?parent=24631"}],"wp:term":[{"taxonomy":"category","embeddable":true,"href":"https:\/\/luchonoticias.com\/editor\/wp-json\/wp\/v2\/categories?post=24631"},{"taxonomy":"post_tag","embeddable":true,"href":"https:\/\/luchonoticias.com\/editor\/wp-json\/wp\/v2\/tags?post=24631"}],"curies":[{"name":"wp","href":"https:\/\/api.w.org\/{rel}","templated":true}]}}