{"id":24834,"date":"2022-05-01T08:22:23","date_gmt":"2022-05-01T13:22:23","guid":{"rendered":"https:\/\/luchonoticias.com\/?p=24834"},"modified":"2022-05-01T08:22:44","modified_gmt":"2022-05-01T13:22:44","slug":"policia-celebra-el-dia-de-la-ninez-y-la-recreacion-en-el-huila","status":"publish","type":"post","link":"https:\/\/luchonoticias.com\/editor\/policia-celebra-el-dia-de-la-ninez-y-la-recreacion-en-el-huila\/","title":{"rendered":"Polic\u00eda celebr\u00f3 el D\u00eda de La Ni\u00f1ez y la Recreaci\u00f3n en el Huila"},"content":{"rendered":"\n<p>Llevando a cabo la estrategia \u00abCrianza Amorosa + Juego\u00bb y a trav\u00e9s del programa \u201cAbre Tus Ojos\u201d se llev\u00f3 alegr\u00eda a los hogares huilenses con mensajes de prevenci\u00f3n y protecci\u00f3n de los derechos e integridad de los ni\u00f1os, ni\u00f1as y adolescentes, recordando a los ciudadanos que la Polic\u00eda Nacional siempre estar\u00e1 presente, brindando todo el apoyo, cari\u00f1o y comprensi\u00f3n, en pro del bienestar de la ni\u00f1ez.<\/p>\n\n\n\n<p>Es as\u00ed como a trav\u00e9s de las diferentes actividades l\u00fadico \u2013 recreativas, se realizaron actividades como pintucaritas, mesas para colorear, rondas infantiles y juegos tradicionales, con el fin de promover la pr\u00e1ctica al deporte y el buen uso de tiempo libre, previniendo la violencia intrafamiliar, maltrato y explotaci\u00f3n laboral infantil.<\/p>\n\n\n\n<p>As\u00ed mismo se desplegaron campa\u00f1as de sensibilizaci\u00f3n a los padres de familia en el di\u00e1logo, donde se debe reconocer el estado emocional, rompiendo el silencio ante la vulneraci\u00f3n de los derechos de los menores, buscando contrarrestar todo tipo de delito o comportamiento violento, que trasgreda la integridad f\u00edsica.<\/p>\n\n\n\n<figure class=\"wp-block-gallery has-nested-images columns-default is-cropped wp-block-gallery-1 is-layout-flex wp-block-gallery-is-layout-flex\">\n<figure class=\"wp-block-image size-large\"><img decoding=\"async\" data-id=\"24838\" src=\"https:\/\/luchonoticias.com\/wp-content\/uploads\/2022\/05\/WhatsApp-Image-2022-04-30-at-4.01.43-PM-1024x576.jpeg\" alt=\"\" class=\"wp-image-24838\"\/><\/figure>\n\n\n\n<figure class=\"wp-block-image size-large\"><img decoding=\"async\" data-id=\"24840\" src=\"https:\/\/luchonoticias.com\/wp-content\/uploads\/2022\/05\/WhatsApp-Image-2022-04-30-at-4.01.42-PM-1024x766.jpeg\" alt=\"\" class=\"wp-image-24840\"\/><\/figure>\n\n\n\n<figure class=\"wp-block-image size-large\"><img decoding=\"async\" data-id=\"24839\" src=\"https:\/\/luchonoticias.com\/wp-content\/uploads\/2022\/05\/WhatsApp-Image-2022-04-30-at-4.01.41-PM-1024x768.jpeg\" alt=\"\" class=\"wp-image-24839\"\/><\/figure>\n\n\n\n<figure class=\"wp-block-image size-large\"><img decoding=\"async\" data-id=\"24843\" src=\"https:\/\/luchonoticias.com\/wp-content\/uploads\/2022\/05\/WhatsApp-Image-2022-04-30-at-4.01.40-PM-1024x769.jpeg\" alt=\"\" class=\"wp-image-24843\"\/><\/figure>\n\n\n\n<figure class=\"wp-block-image size-large\"><img decoding=\"async\" data-id=\"24842\" src=\"https:\/\/luchonoticias.com\/wp-content\/uploads\/2022\/05\/WhatsApp-Image-2022-04-30-at-4.01.39-PM-1024x768.jpeg\" alt=\"\" class=\"wp-image-24842\"\/><\/figure>\n\n\n\n<figure class=\"wp-block-image size-large\"><img decoding=\"async\" data-id=\"24841\" src=\"https:\/\/luchonoticias.com\/wp-content\/uploads\/2022\/05\/WhatsApp-Image-2022-04-30-at-4.01.38-PM-1024x769.jpeg\" alt=\"\" class=\"wp-image-24841\"\/><\/figure>\n<\/figure>\n\n\n\n<p>Cabe resaltar que durante el mes de abril se brindaron las siguientes recomendaciones:<\/p>\n\n\n\n<p>1.&nbsp;&nbsp;&nbsp;&nbsp;&nbsp;&nbsp;&nbsp;&nbsp;&nbsp;&nbsp;&nbsp; Los ni\u00f1os tienen derechos, no permita que se pierdan en casa.<\/p>\n\n\n\n<p>2.&nbsp;&nbsp;&nbsp;&nbsp;&nbsp;&nbsp;&nbsp;&nbsp;&nbsp;&nbsp;&nbsp; El futuro de los ni\u00f1os depende de la educaci\u00f3n y el amor que sus padres siembran en ellos.<\/p>\n\n\n\n<p>3.&nbsp;&nbsp;&nbsp;&nbsp;&nbsp;&nbsp;&nbsp;&nbsp;&nbsp;&nbsp;&nbsp; Es valiosos acompa\u00f1ar a sus hijos en el proceso de la educaci\u00f3n, sean sus compa\u00f1eros de clases en sus hogares.<\/p>\n\n\n\n<p>4.&nbsp;&nbsp;&nbsp;&nbsp;&nbsp;&nbsp;&nbsp;&nbsp;&nbsp;&nbsp;&nbsp; No descuide a sus hijos por el hecho de estar en casa, deben protegerlos siempre.<\/p>\n\n\n\n<p>5.&nbsp;&nbsp;&nbsp;&nbsp;&nbsp;&nbsp;&nbsp;&nbsp;&nbsp;&nbsp;&nbsp; Convierta sus rutinas diarias en ense\u00f1anzas y construya un conocimiento valioso para sus hijos.<\/p>\n\n\n\n<p>6.&nbsp;&nbsp;&nbsp;&nbsp;&nbsp;&nbsp;&nbsp;&nbsp;&nbsp;&nbsp;&nbsp; Es momento de recuperar cada instante al lado de nuestra familia, revivamos el amor al lado de los ni\u00f1os.<\/p>\n\n\n\n<p>7.&nbsp;&nbsp;&nbsp;&nbsp;&nbsp;&nbsp;&nbsp;&nbsp;&nbsp;&nbsp;&nbsp; No permitan que sus hijos hagan mal uso de las redes sociales, revisen las actividades que realizan en internet.<\/p>\n\n\n\n<p>8.\u00a0\u00a0\u00a0\u00a0\u00a0\u00a0\u00a0\u00a0\u00a0\u00a0\u00a0 Jueguen, r\u00edan, divi\u00e9rtanse con sus hijos, cada cosa que hacen positivamente es de gran ayuda para su educaci\u00f3n.<\/p>\n\n\n\n<figure class=\"wp-block-gallery has-nested-images columns-default is-cropped wp-block-gallery-2 is-layout-flex wp-block-gallery-is-layout-flex\">\n<figure class=\"wp-block-image size-large\"><img decoding=\"async\" data-id=\"24850\" src=\"https:\/\/luchonoticias.com\/wp-content\/uploads\/2022\/05\/WhatsApp-Image-2022-04-30-at-4.01.37-PM-1024x769.jpeg\" alt=\"\" class=\"wp-image-24850\"\/><\/figure>\n\n\n\n<figure class=\"wp-block-image size-large\"><img decoding=\"async\" data-id=\"24851\" src=\"https:\/\/luchonoticias.com\/wp-content\/uploads\/2022\/05\/WhatsApp-Image-2022-04-30-at-4.01.36-PM-1-1024x768.jpeg\" alt=\"\" class=\"wp-image-24851\"\/><\/figure>\n\n\n\n<figure class=\"wp-block-image size-large\"><img decoding=\"async\" data-id=\"24846\" src=\"https:\/\/luchonoticias.com\/wp-content\/uploads\/2022\/05\/WhatsApp-Image-2022-04-30-at-4.01.35-PM-1024x768.jpeg\" alt=\"\" class=\"wp-image-24846\"\/><\/figure>\n\n\n\n<figure class=\"wp-block-image size-large\"><img decoding=\"async\" data-id=\"24845\" src=\"https:\/\/luchonoticias.com\/wp-content\/uploads\/2022\/05\/WhatsApp-Image-2022-04-30-at-4.01.34-PM-1024x768.jpeg\" alt=\"\" class=\"wp-image-24845\"\/><\/figure>\n\n\n\n<figure class=\"wp-block-image size-large\"><img decoding=\"async\" data-id=\"24847\" src=\"https:\/\/luchonoticias.com\/wp-content\/uploads\/2022\/05\/WhatsApp-Image-2022-04-30-at-4.01.33-PM-1024x768.jpeg\" alt=\"\" class=\"wp-image-24847\"\/><\/figure>\n\n\n\n<figure class=\"wp-block-image size-large\"><img decoding=\"async\" data-id=\"24844\" src=\"https:\/\/luchonoticias.com\/wp-content\/uploads\/2022\/05\/WhatsApp-Image-2022-04-30-at-4.01.31-PM-1024x768.jpeg\" alt=\"\" class=\"wp-image-24844\"\/><\/figure>\n\n\n\n<figure class=\"wp-block-image size-large\"><img decoding=\"async\" data-id=\"24849\" src=\"https:\/\/luchonoticias.com\/wp-content\/uploads\/2022\/05\/WhatsApp-Image-2022-04-30-at-4.01.30-PM-1024x769.jpeg\" alt=\"\" class=\"wp-image-24849\"\/><\/figure>\n\n\n\n<figure class=\"wp-block-image size-large\"><img decoding=\"async\" data-id=\"24848\" src=\"https:\/\/luchonoticias.com\/wp-content\/uploads\/2022\/05\/WhatsApp-Image-2022-04-30-at-4.01.29-PM-1024x768.jpeg\" alt=\"\" class=\"wp-image-24848\"\/><\/figure>\n<\/figure>\n\n\n\n<p>El Coronel Gustavo Adolfo Camargo Romero Comandante del Departamento de polic\u00eda Huila, invita a todas las personas para que denuncien oportunamente cualquier actividad que vulnere los derechos de nuestros ni\u00f1os, ni\u00f1as y adolescentes al celular del cuadrante de su jurisdicci\u00f3n o a la l\u00ednea gratuita 123, donde profesionales lo atender\u00e1n, garantizando absoluta reserva.<\/p>\n","protected":false},"excerpt":{"rendered":"<p>Llevando a cabo la estrategia \u00abCrianza Amorosa + Juego\u00bb y a trav\u00e9s del programa \u201cAbre Tus Ojos\u201d se llev\u00f3 alegr\u00eda a los hogares huilenses con mensajes de prevenci\u00f3n y protecci\u00f3n de los derechos e integridad de los ni\u00f1os, ni\u00f1as y adolescentes, recordando a los ciudadanos que la Polic\u00eda Nacional siempre estar\u00e1 presente, brindando todo el [&hellip;]<\/p>\n","protected":false},"author":1,"featured_media":0,"comment_status":"open","ping_status":"open","sticky":false,"template":"","format":"standard","meta":{"footnotes":""},"categories":[36,33],"tags":[],"class_list":["post-24834","post","type-post","status-publish","format-standard","hentry","category-destacado","category-huila"],"yoast_head":"<!-- This site is optimized with the Yoast SEO plugin v26.6 - https:\/\/yoast.com\/wordpress\/plugins\/seo\/ -->\n<title>Polic\u00eda celebr\u00f3 el D\u00eda de La Ni\u00f1ez y la Recreaci\u00f3n en el Huila -<\/title>\n<meta name=\"robots\" content=\"index, follow, max-snippet:-1, max-image-preview:large, max-video-preview:-1\" \/>\n<link rel=\"canonical\" href=\"https:\/\/luchonoticias.com\/editor\/policia-celebra-el-dia-de-la-ninez-y-la-recreacion-en-el-huila\/\" \/>\n<meta property=\"og:locale\" content=\"es_ES\" \/>\n<meta property=\"og:type\" content=\"article\" \/>\n<meta property=\"og:title\" content=\"Polic\u00eda celebr\u00f3 el D\u00eda de La Ni\u00f1ez y la Recreaci\u00f3n en el Huila -\" \/>\n<meta property=\"og:url\" content=\"https:\/\/luchonoticias.com\/editor\/policia-celebra-el-dia-de-la-ninez-y-la-recreacion-en-el-huila\/\" \/>\n<meta property=\"article:publisher\" content=\"https:\/\/www.facebook.com\/luchonoticiasneiva\" \/>\n<meta property=\"article:author\" content=\"https:\/\/www.facebook.com\/luchonoticiasneiva\" \/>\n<meta property=\"article:published_time\" content=\"2022-05-01T13:22:23+00:00\" \/>\n<meta property=\"article:modified_time\" content=\"2022-05-01T13:22:44+00:00\" \/>\n<meta property=\"og:image\" content=\"https:\/\/luchonoticias.com\/wp-content\/uploads\/2022\/05\/WhatsApp-Image-2022-04-30-at-4.01.43-PM-1024x576.jpeg\" \/>\n<meta name=\"author\" content=\"admin\" \/>\n<meta name=\"twitter:card\" content=\"summary_large_image\" \/>\n<meta name=\"twitter:label1\" content=\"Escrito por\" \/>\n\t<meta name=\"twitter:data1\" content=\"admin\" \/>\n\t<meta name=\"twitter:label2\" content=\"Tiempo de lectura\" \/>\n\t<meta name=\"twitter:data2\" content=\"2 minutos\" \/>\n<script type=\"application\/ld+json\" class=\"yoast-schema-graph\">{\"@context\":\"https:\/\/schema.org\",\"@graph\":[{\"@type\":\"Article\",\"@id\":\"https:\/\/luchonoticias.com\/editor\/policia-celebra-el-dia-de-la-ninez-y-la-recreacion-en-el-huila\/#article\",\"isPartOf\":{\"@id\":\"https:\/\/luchonoticias.com\/editor\/policia-celebra-el-dia-de-la-ninez-y-la-recreacion-en-el-huila\/\"},\"author\":{\"name\":\"admin\",\"@id\":\"https:\/\/luchonoticias.com\/editor\/#\/schema\/person\/7a7fd911f58561fd056dbac7b55af9cd\"},\"headline\":\"Polic\u00eda celebr\u00f3 el D\u00eda de La Ni\u00f1ez y la Recreaci\u00f3n en el Huila\",\"datePublished\":\"2022-05-01T13:22:23+00:00\",\"dateModified\":\"2022-05-01T13:22:44+00:00\",\"mainEntityOfPage\":{\"@id\":\"https:\/\/luchonoticias.com\/editor\/policia-celebra-el-dia-de-la-ninez-y-la-recreacion-en-el-huila\/\"},\"wordCount\":491,\"commentCount\":0,\"publisher\":{\"@id\":\"https:\/\/luchonoticias.com\/editor\/#\/schema\/person\/7a7fd911f58561fd056dbac7b55af9cd\"},\"image\":{\"@id\":\"https:\/\/luchonoticias.com\/editor\/policia-celebra-el-dia-de-la-ninez-y-la-recreacion-en-el-huila\/#primaryimage\"},\"thumbnailUrl\":\"https:\/\/luchonoticias.com\/wp-content\/uploads\/2022\/05\/WhatsApp-Image-2022-04-30-at-4.01.43-PM-1024x576.jpeg\",\"articleSection\":[\"Destacado\",\"Huila\"],\"inLanguage\":\"es\",\"potentialAction\":[{\"@type\":\"CommentAction\",\"name\":\"Comment\",\"target\":[\"https:\/\/luchonoticias.com\/editor\/policia-celebra-el-dia-de-la-ninez-y-la-recreacion-en-el-huila\/#respond\"]}]},{\"@type\":\"WebPage\",\"@id\":\"https:\/\/luchonoticias.com\/editor\/policia-celebra-el-dia-de-la-ninez-y-la-recreacion-en-el-huila\/\",\"url\":\"https:\/\/luchonoticias.com\/editor\/policia-celebra-el-dia-de-la-ninez-y-la-recreacion-en-el-huila\/\",\"name\":\"Polic\u00eda celebr\u00f3 el D\u00eda de La Ni\u00f1ez y la Recreaci\u00f3n en el Huila -\",\"isPartOf\":{\"@id\":\"https:\/\/luchonoticias.com\/editor\/#website\"},\"primaryImageOfPage\":{\"@id\":\"https:\/\/luchonoticias.com\/editor\/policia-celebra-el-dia-de-la-ninez-y-la-recreacion-en-el-huila\/#primaryimage\"},\"image\":{\"@id\":\"https:\/\/luchonoticias.com\/editor\/policia-celebra-el-dia-de-la-ninez-y-la-recreacion-en-el-huila\/#primaryimage\"},\"thumbnailUrl\":\"https:\/\/luchonoticias.com\/wp-content\/uploads\/2022\/05\/WhatsApp-Image-2022-04-30-at-4.01.43-PM-1024x576.jpeg\",\"datePublished\":\"2022-05-01T13:22:23+00:00\",\"dateModified\":\"2022-05-01T13:22:44+00:00\",\"breadcrumb\":{\"@id\":\"https:\/\/luchonoticias.com\/editor\/policia-celebra-el-dia-de-la-ninez-y-la-recreacion-en-el-huila\/#breadcrumb\"},\"inLanguage\":\"es\",\"potentialAction\":[{\"@type\":\"ReadAction\",\"target\":[\"https:\/\/luchonoticias.com\/editor\/policia-celebra-el-dia-de-la-ninez-y-la-recreacion-en-el-huila\/\"]}]},{\"@type\":\"ImageObject\",\"inLanguage\":\"es\",\"@id\":\"https:\/\/luchonoticias.com\/editor\/policia-celebra-el-dia-de-la-ninez-y-la-recreacion-en-el-huila\/#primaryimage\",\"url\":\"https:\/\/luchonoticias.com\/wp-content\/uploads\/2022\/05\/WhatsApp-Image-2022-04-30-at-4.01.43-PM-1024x576.jpeg\",\"contentUrl\":\"https:\/\/luchonoticias.com\/wp-content\/uploads\/2022\/05\/WhatsApp-Image-2022-04-30-at-4.01.43-PM-1024x576.jpeg\"},{\"@type\":\"BreadcrumbList\",\"@id\":\"https:\/\/luchonoticias.com\/editor\/policia-celebra-el-dia-de-la-ninez-y-la-recreacion-en-el-huila\/#breadcrumb\",\"itemListElement\":[{\"@type\":\"ListItem\",\"position\":1,\"name\":\"Portada\",\"item\":\"https:\/\/luchonoticias.com\/editor\/\"},{\"@type\":\"ListItem\",\"position\":2,\"name\":\"Polic\u00eda celebr\u00f3 el D\u00eda de La Ni\u00f1ez y la Recreaci\u00f3n en el Huila\"}]},{\"@type\":\"WebSite\",\"@id\":\"https:\/\/luchonoticias.com\/editor\/#website\",\"url\":\"https:\/\/luchonoticias.com\/editor\/\",\"name\":\"\",\"description\":\"\",\"publisher\":{\"@id\":\"https:\/\/luchonoticias.com\/editor\/#\/schema\/person\/7a7fd911f58561fd056dbac7b55af9cd\"},\"potentialAction\":[{\"@type\":\"SearchAction\",\"target\":{\"@type\":\"EntryPoint\",\"urlTemplate\":\"https:\/\/luchonoticias.com\/editor\/?s={search_term_string}\"},\"query-input\":{\"@type\":\"PropertyValueSpecification\",\"valueRequired\":true,\"valueName\":\"search_term_string\"}}],\"inLanguage\":\"es\"},{\"@type\":[\"Person\",\"Organization\"],\"@id\":\"https:\/\/luchonoticias.com\/editor\/#\/schema\/person\/7a7fd911f58561fd056dbac7b55af9cd\",\"name\":\"admin\",\"image\":{\"@type\":\"ImageObject\",\"inLanguage\":\"es\",\"@id\":\"https:\/\/luchonoticias.com\/editor\/#\/schema\/person\/image\/\",\"url\":\"https:\/\/luchonoticias.com\/editor\/wp-content\/uploads\/2024\/02\/cropped-cropped-logolu.webp\",\"contentUrl\":\"https:\/\/luchonoticias.com\/editor\/wp-content\/uploads\/2024\/02\/cropped-cropped-logolu.webp\",\"width\":382,\"height\":170,\"caption\":\"admin\"},\"logo\":{\"@id\":\"https:\/\/luchonoticias.com\/editor\/#\/schema\/person\/image\/\"},\"sameAs\":[\"https:\/\/www.facebook.com\/luchonoticiasneiva\"],\"url\":\"https:\/\/luchonoticias.com\/editor\/author\/admin\/\"}]}<\/script>\n<!-- \/ Yoast SEO plugin. -->","yoast_head_json":{"title":"Polic\u00eda celebr\u00f3 el D\u00eda de La Ni\u00f1ez y la Recreaci\u00f3n en el Huila -","robots":{"index":"index","follow":"follow","max-snippet":"max-snippet:-1","max-image-preview":"max-image-preview:large","max-video-preview":"max-video-preview:-1"},"canonical":"https:\/\/luchonoticias.com\/editor\/policia-celebra-el-dia-de-la-ninez-y-la-recreacion-en-el-huila\/","og_locale":"es_ES","og_type":"article","og_title":"Polic\u00eda celebr\u00f3 el D\u00eda de La Ni\u00f1ez y la Recreaci\u00f3n en el Huila -","og_url":"https:\/\/luchonoticias.com\/editor\/policia-celebra-el-dia-de-la-ninez-y-la-recreacion-en-el-huila\/","article_publisher":"https:\/\/www.facebook.com\/luchonoticiasneiva","article_author":"https:\/\/www.facebook.com\/luchonoticiasneiva","article_published_time":"2022-05-01T13:22:23+00:00","article_modified_time":"2022-05-01T13:22:44+00:00","og_image":[{"url":"https:\/\/luchonoticias.com\/wp-content\/uploads\/2022\/05\/WhatsApp-Image-2022-04-30-at-4.01.43-PM-1024x576.jpeg","type":"","width":"","height":""}],"author":"admin","twitter_card":"summary_large_image","twitter_misc":{"Escrito por":"admin","Tiempo de lectura":"2 minutos"},"schema":{"@context":"https:\/\/schema.org","@graph":[{"@type":"Article","@id":"https:\/\/luchonoticias.com\/editor\/policia-celebra-el-dia-de-la-ninez-y-la-recreacion-en-el-huila\/#article","isPartOf":{"@id":"https:\/\/luchonoticias.com\/editor\/policia-celebra-el-dia-de-la-ninez-y-la-recreacion-en-el-huila\/"},"author":{"name":"admin","@id":"https:\/\/luchonoticias.com\/editor\/#\/schema\/person\/7a7fd911f58561fd056dbac7b55af9cd"},"headline":"Polic\u00eda celebr\u00f3 el D\u00eda de La Ni\u00f1ez y la Recreaci\u00f3n en el Huila","datePublished":"2022-05-01T13:22:23+00:00","dateModified":"2022-05-01T13:22:44+00:00","mainEntityOfPage":{"@id":"https:\/\/luchonoticias.com\/editor\/policia-celebra-el-dia-de-la-ninez-y-la-recreacion-en-el-huila\/"},"wordCount":491,"commentCount":0,"publisher":{"@id":"https:\/\/luchonoticias.com\/editor\/#\/schema\/person\/7a7fd911f58561fd056dbac7b55af9cd"},"image":{"@id":"https:\/\/luchonoticias.com\/editor\/policia-celebra-el-dia-de-la-ninez-y-la-recreacion-en-el-huila\/#primaryimage"},"thumbnailUrl":"https:\/\/luchonoticias.com\/wp-content\/uploads\/2022\/05\/WhatsApp-Image-2022-04-30-at-4.01.43-PM-1024x576.jpeg","articleSection":["Destacado","Huila"],"inLanguage":"es","potentialAction":[{"@type":"CommentAction","name":"Comment","target":["https:\/\/luchonoticias.com\/editor\/policia-celebra-el-dia-de-la-ninez-y-la-recreacion-en-el-huila\/#respond"]}]},{"@type":"WebPage","@id":"https:\/\/luchonoticias.com\/editor\/policia-celebra-el-dia-de-la-ninez-y-la-recreacion-en-el-huila\/","url":"https:\/\/luchonoticias.com\/editor\/policia-celebra-el-dia-de-la-ninez-y-la-recreacion-en-el-huila\/","name":"Polic\u00eda celebr\u00f3 el D\u00eda de La Ni\u00f1ez y la Recreaci\u00f3n en el Huila -","isPartOf":{"@id":"https:\/\/luchonoticias.com\/editor\/#website"},"primaryImageOfPage":{"@id":"https:\/\/luchonoticias.com\/editor\/policia-celebra-el-dia-de-la-ninez-y-la-recreacion-en-el-huila\/#primaryimage"},"image":{"@id":"https:\/\/luchonoticias.com\/editor\/policia-celebra-el-dia-de-la-ninez-y-la-recreacion-en-el-huila\/#primaryimage"},"thumbnailUrl":"https:\/\/luchonoticias.com\/wp-content\/uploads\/2022\/05\/WhatsApp-Image-2022-04-30-at-4.01.43-PM-1024x576.jpeg","datePublished":"2022-05-01T13:22:23+00:00","dateModified":"2022-05-01T13:22:44+00:00","breadcrumb":{"@id":"https:\/\/luchonoticias.com\/editor\/policia-celebra-el-dia-de-la-ninez-y-la-recreacion-en-el-huila\/#breadcrumb"},"inLanguage":"es","potentialAction":[{"@type":"ReadAction","target":["https:\/\/luchonoticias.com\/editor\/policia-celebra-el-dia-de-la-ninez-y-la-recreacion-en-el-huila\/"]}]},{"@type":"ImageObject","inLanguage":"es","@id":"https:\/\/luchonoticias.com\/editor\/policia-celebra-el-dia-de-la-ninez-y-la-recreacion-en-el-huila\/#primaryimage","url":"https:\/\/luchonoticias.com\/wp-content\/uploads\/2022\/05\/WhatsApp-Image-2022-04-30-at-4.01.43-PM-1024x576.jpeg","contentUrl":"https:\/\/luchonoticias.com\/wp-content\/uploads\/2022\/05\/WhatsApp-Image-2022-04-30-at-4.01.43-PM-1024x576.jpeg"},{"@type":"BreadcrumbList","@id":"https:\/\/luchonoticias.com\/editor\/policia-celebra-el-dia-de-la-ninez-y-la-recreacion-en-el-huila\/#breadcrumb","itemListElement":[{"@type":"ListItem","position":1,"name":"Portada","item":"https:\/\/luchonoticias.com\/editor\/"},{"@type":"ListItem","position":2,"name":"Polic\u00eda celebr\u00f3 el D\u00eda de La Ni\u00f1ez y la Recreaci\u00f3n en el Huila"}]},{"@type":"WebSite","@id":"https:\/\/luchonoticias.com\/editor\/#website","url":"https:\/\/luchonoticias.com\/editor\/","name":"","description":"","publisher":{"@id":"https:\/\/luchonoticias.com\/editor\/#\/schema\/person\/7a7fd911f58561fd056dbac7b55af9cd"},"potentialAction":[{"@type":"SearchAction","target":{"@type":"EntryPoint","urlTemplate":"https:\/\/luchonoticias.com\/editor\/?s={search_term_string}"},"query-input":{"@type":"PropertyValueSpecification","valueRequired":true,"valueName":"search_term_string"}}],"inLanguage":"es"},{"@type":["Person","Organization"],"@id":"https:\/\/luchonoticias.com\/editor\/#\/schema\/person\/7a7fd911f58561fd056dbac7b55af9cd","name":"admin","image":{"@type":"ImageObject","inLanguage":"es","@id":"https:\/\/luchonoticias.com\/editor\/#\/schema\/person\/image\/","url":"https:\/\/luchonoticias.com\/editor\/wp-content\/uploads\/2024\/02\/cropped-cropped-logolu.webp","contentUrl":"https:\/\/luchonoticias.com\/editor\/wp-content\/uploads\/2024\/02\/cropped-cropped-logolu.webp","width":382,"height":170,"caption":"admin"},"logo":{"@id":"https:\/\/luchonoticias.com\/editor\/#\/schema\/person\/image\/"},"sameAs":["https:\/\/www.facebook.com\/luchonoticiasneiva"],"url":"https:\/\/luchonoticias.com\/editor\/author\/admin\/"}]}},"_links":{"self":[{"href":"https:\/\/luchonoticias.com\/editor\/wp-json\/wp\/v2\/posts\/24834","targetHints":{"allow":["GET"]}}],"collection":[{"href":"https:\/\/luchonoticias.com\/editor\/wp-json\/wp\/v2\/posts"}],"about":[{"href":"https:\/\/luchonoticias.com\/editor\/wp-json\/wp\/v2\/types\/post"}],"author":[{"embeddable":true,"href":"https:\/\/luchonoticias.com\/editor\/wp-json\/wp\/v2\/users\/1"}],"replies":[{"embeddable":true,"href":"https:\/\/luchonoticias.com\/editor\/wp-json\/wp\/v2\/comments?post=24834"}],"version-history":[{"count":0,"href":"https:\/\/luchonoticias.com\/editor\/wp-json\/wp\/v2\/posts\/24834\/revisions"}],"wp:attachment":[{"href":"https:\/\/luchonoticias.com\/editor\/wp-json\/wp\/v2\/media?parent=24834"}],"wp:term":[{"taxonomy":"category","embeddable":true,"href":"https:\/\/luchonoticias.com\/editor\/wp-json\/wp\/v2\/categories?post=24834"},{"taxonomy":"post_tag","embeddable":true,"href":"https:\/\/luchonoticias.com\/editor\/wp-json\/wp\/v2\/tags?post=24834"}],"curies":[{"name":"wp","href":"https:\/\/api.w.org\/{rel}","templated":true}]}}