{"id":25210,"date":"2022-05-06T05:28:06","date_gmt":"2022-05-06T10:28:06","guid":{"rendered":"https:\/\/luchonoticias.com\/?p=25210"},"modified":"2022-05-06T05:28:08","modified_gmt":"2022-05-06T10:28:08","slug":"luchador-huilense-nuevo-campeon-panamericano","status":"publish","type":"post","link":"https:\/\/luchonoticias.com\/editor\/luchador-huilense-nuevo-campeon-panamericano\/","title":{"rendered":"Luchador huilense, nuevo campe\u00f3n panamericano"},"content":{"rendered":"\n<p><strong>Juli\u00e1n Steven Horta,<\/strong>&nbsp;luchador grequista de la Liga del Huila se&nbsp;<strong>coron\u00f3 campe\u00f3n del panamericano&nbsp;<\/strong>que se viene cumpliendo en Acapulco (M\u00e9xico).<\/p>\n\n\n\n<p>Horta, quien intervino en los\u00a0<strong>67 kilogramos de la categor\u00eda grecorromana<\/strong>, super\u00f3 en la lucha por el metal dorado al brasile\u00f1o<strong>\u00a0Kenedy Anderson Moraes<\/strong>\u00a0con un registro de 0:5; previamente el joven de ra\u00edces caquete\u00f1as\u00a0<strong>super\u00f3 al peruano Nilton Soto\u00a0<\/strong>en cuartos de final y en la semifinal dej\u00f3 en el camino al\u00a0<strong>mexicano Diego Mart\u00ednez.\u00a0<\/strong><\/p>\n\n\n\n<p>Con esta medalla,&nbsp;<strong>Horta se encamina a los Juegos Bolivarianos<\/strong>&nbsp;ya que su podio le permite evitar un chequeo de m\u00e1s que busca hacer la Federaci\u00f3n pensando en definir la n\u00f3mina que competir\u00e1 en Valledupar.<\/p>\n","protected":false},"excerpt":{"rendered":"<p>Juli\u00e1n Steven Horta,&nbsp;luchador grequista de la Liga del Huila se&nbsp;coron\u00f3 campe\u00f3n del panamericano&nbsp;que se viene cumpliendo en Acapulco (M\u00e9xico). Horta, quien intervino en los\u00a067 kilogramos de la categor\u00eda grecorromana, super\u00f3 en la lucha por el metal dorado al brasile\u00f1o\u00a0Kenedy Anderson Moraes\u00a0con un registro de 0:5; previamente el joven de ra\u00edces caquete\u00f1as\u00a0super\u00f3 al peruano Nilton Soto\u00a0en [&hellip;]<\/p>\n","protected":false},"author":1,"featured_media":0,"comment_status":"open","ping_status":"open","sticky":false,"template":"","format":"standard","meta":{"footnotes":""},"categories":[34],"tags":[],"class_list":["post-25210","post","type-post","status-publish","format-standard","hentry","category-deportes"],"yoast_head":"<!-- This site is optimized with the Yoast SEO plugin v26.6 - https:\/\/yoast.com\/wordpress\/plugins\/seo\/ -->\n<title>Luchador huilense, nuevo campe\u00f3n panamericano -<\/title>\n<meta name=\"robots\" content=\"index, follow, max-snippet:-1, max-image-preview:large, max-video-preview:-1\" \/>\n<link rel=\"canonical\" href=\"https:\/\/luchonoticias.com\/editor\/luchador-huilense-nuevo-campeon-panamericano\/\" \/>\n<meta property=\"og:locale\" content=\"es_ES\" \/>\n<meta property=\"og:type\" content=\"article\" \/>\n<meta property=\"og:title\" content=\"Luchador huilense, nuevo campe\u00f3n panamericano -\" \/>\n<meta property=\"og:url\" content=\"https:\/\/luchonoticias.com\/editor\/luchador-huilense-nuevo-campeon-panamericano\/\" \/>\n<meta property=\"article:publisher\" content=\"https:\/\/www.facebook.com\/luchonoticiasneiva\" \/>\n<meta property=\"article:author\" content=\"https:\/\/www.facebook.com\/luchonoticiasneiva\" \/>\n<meta property=\"article:published_time\" content=\"2022-05-06T10:28:06+00:00\" \/>\n<meta property=\"article:modified_time\" content=\"2022-05-06T10:28:08+00:00\" \/>\n<meta name=\"author\" content=\"admin\" \/>\n<meta name=\"twitter:card\" content=\"summary_large_image\" \/>\n<meta name=\"twitter:label1\" content=\"Escrito por\" \/>\n\t<meta name=\"twitter:data1\" content=\"admin\" \/>\n\t<meta name=\"twitter:label2\" content=\"Tiempo de lectura\" \/>\n\t<meta name=\"twitter:data2\" content=\"1 minuto\" \/>\n<script type=\"application\/ld+json\" class=\"yoast-schema-graph\">{\"@context\":\"https:\/\/schema.org\",\"@graph\":[{\"@type\":\"Article\",\"@id\":\"https:\/\/luchonoticias.com\/editor\/luchador-huilense-nuevo-campeon-panamericano\/#article\",\"isPartOf\":{\"@id\":\"https:\/\/luchonoticias.com\/editor\/luchador-huilense-nuevo-campeon-panamericano\/\"},\"author\":{\"name\":\"admin\",\"@id\":\"https:\/\/luchonoticias.com\/editor\/#\/schema\/person\/7a7fd911f58561fd056dbac7b55af9cd\"},\"headline\":\"Luchador huilense, nuevo campe\u00f3n panamericano\",\"datePublished\":\"2022-05-06T10:28:06+00:00\",\"dateModified\":\"2022-05-06T10:28:08+00:00\",\"mainEntityOfPage\":{\"@id\":\"https:\/\/luchonoticias.com\/editor\/luchador-huilense-nuevo-campeon-panamericano\/\"},\"wordCount\":133,\"commentCount\":0,\"publisher\":{\"@id\":\"https:\/\/luchonoticias.com\/editor\/#\/schema\/person\/7a7fd911f58561fd056dbac7b55af9cd\"},\"articleSection\":[\"Deportes\"],\"inLanguage\":\"es\",\"potentialAction\":[{\"@type\":\"CommentAction\",\"name\":\"Comment\",\"target\":[\"https:\/\/luchonoticias.com\/editor\/luchador-huilense-nuevo-campeon-panamericano\/#respond\"]}]},{\"@type\":\"WebPage\",\"@id\":\"https:\/\/luchonoticias.com\/editor\/luchador-huilense-nuevo-campeon-panamericano\/\",\"url\":\"https:\/\/luchonoticias.com\/editor\/luchador-huilense-nuevo-campeon-panamericano\/\",\"name\":\"Luchador huilense, nuevo campe\u00f3n panamericano -\",\"isPartOf\":{\"@id\":\"https:\/\/luchonoticias.com\/editor\/#website\"},\"datePublished\":\"2022-05-06T10:28:06+00:00\",\"dateModified\":\"2022-05-06T10:28:08+00:00\",\"breadcrumb\":{\"@id\":\"https:\/\/luchonoticias.com\/editor\/luchador-huilense-nuevo-campeon-panamericano\/#breadcrumb\"},\"inLanguage\":\"es\",\"potentialAction\":[{\"@type\":\"ReadAction\",\"target\":[\"https:\/\/luchonoticias.com\/editor\/luchador-huilense-nuevo-campeon-panamericano\/\"]}]},{\"@type\":\"BreadcrumbList\",\"@id\":\"https:\/\/luchonoticias.com\/editor\/luchador-huilense-nuevo-campeon-panamericano\/#breadcrumb\",\"itemListElement\":[{\"@type\":\"ListItem\",\"position\":1,\"name\":\"Portada\",\"item\":\"https:\/\/luchonoticias.com\/editor\/\"},{\"@type\":\"ListItem\",\"position\":2,\"name\":\"Luchador huilense, nuevo campe\u00f3n panamericano\"}]},{\"@type\":\"WebSite\",\"@id\":\"https:\/\/luchonoticias.com\/editor\/#website\",\"url\":\"https:\/\/luchonoticias.com\/editor\/\",\"name\":\"\",\"description\":\"\",\"publisher\":{\"@id\":\"https:\/\/luchonoticias.com\/editor\/#\/schema\/person\/7a7fd911f58561fd056dbac7b55af9cd\"},\"potentialAction\":[{\"@type\":\"SearchAction\",\"target\":{\"@type\":\"EntryPoint\",\"urlTemplate\":\"https:\/\/luchonoticias.com\/editor\/?s={search_term_string}\"},\"query-input\":{\"@type\":\"PropertyValueSpecification\",\"valueRequired\":true,\"valueName\":\"search_term_string\"}}],\"inLanguage\":\"es\"},{\"@type\":[\"Person\",\"Organization\"],\"@id\":\"https:\/\/luchonoticias.com\/editor\/#\/schema\/person\/7a7fd911f58561fd056dbac7b55af9cd\",\"name\":\"admin\",\"image\":{\"@type\":\"ImageObject\",\"inLanguage\":\"es\",\"@id\":\"https:\/\/luchonoticias.com\/editor\/#\/schema\/person\/image\/\",\"url\":\"https:\/\/luchonoticias.com\/editor\/wp-content\/uploads\/2024\/02\/cropped-cropped-logolu.webp\",\"contentUrl\":\"https:\/\/luchonoticias.com\/editor\/wp-content\/uploads\/2024\/02\/cropped-cropped-logolu.webp\",\"width\":382,\"height\":170,\"caption\":\"admin\"},\"logo\":{\"@id\":\"https:\/\/luchonoticias.com\/editor\/#\/schema\/person\/image\/\"},\"sameAs\":[\"https:\/\/www.facebook.com\/luchonoticiasneiva\"],\"url\":\"https:\/\/luchonoticias.com\/editor\/author\/admin\/\"}]}<\/script>\n<!-- \/ Yoast SEO plugin. -->","yoast_head_json":{"title":"Luchador huilense, nuevo campe\u00f3n panamericano -","robots":{"index":"index","follow":"follow","max-snippet":"max-snippet:-1","max-image-preview":"max-image-preview:large","max-video-preview":"max-video-preview:-1"},"canonical":"https:\/\/luchonoticias.com\/editor\/luchador-huilense-nuevo-campeon-panamericano\/","og_locale":"es_ES","og_type":"article","og_title":"Luchador huilense, nuevo campe\u00f3n panamericano -","og_url":"https:\/\/luchonoticias.com\/editor\/luchador-huilense-nuevo-campeon-panamericano\/","article_publisher":"https:\/\/www.facebook.com\/luchonoticiasneiva","article_author":"https:\/\/www.facebook.com\/luchonoticiasneiva","article_published_time":"2022-05-06T10:28:06+00:00","article_modified_time":"2022-05-06T10:28:08+00:00","author":"admin","twitter_card":"summary_large_image","twitter_misc":{"Escrito por":"admin","Tiempo de lectura":"1 minuto"},"schema":{"@context":"https:\/\/schema.org","@graph":[{"@type":"Article","@id":"https:\/\/luchonoticias.com\/editor\/luchador-huilense-nuevo-campeon-panamericano\/#article","isPartOf":{"@id":"https:\/\/luchonoticias.com\/editor\/luchador-huilense-nuevo-campeon-panamericano\/"},"author":{"name":"admin","@id":"https:\/\/luchonoticias.com\/editor\/#\/schema\/person\/7a7fd911f58561fd056dbac7b55af9cd"},"headline":"Luchador huilense, nuevo campe\u00f3n panamericano","datePublished":"2022-05-06T10:28:06+00:00","dateModified":"2022-05-06T10:28:08+00:00","mainEntityOfPage":{"@id":"https:\/\/luchonoticias.com\/editor\/luchador-huilense-nuevo-campeon-panamericano\/"},"wordCount":133,"commentCount":0,"publisher":{"@id":"https:\/\/luchonoticias.com\/editor\/#\/schema\/person\/7a7fd911f58561fd056dbac7b55af9cd"},"articleSection":["Deportes"],"inLanguage":"es","potentialAction":[{"@type":"CommentAction","name":"Comment","target":["https:\/\/luchonoticias.com\/editor\/luchador-huilense-nuevo-campeon-panamericano\/#respond"]}]},{"@type":"WebPage","@id":"https:\/\/luchonoticias.com\/editor\/luchador-huilense-nuevo-campeon-panamericano\/","url":"https:\/\/luchonoticias.com\/editor\/luchador-huilense-nuevo-campeon-panamericano\/","name":"Luchador huilense, nuevo campe\u00f3n panamericano -","isPartOf":{"@id":"https:\/\/luchonoticias.com\/editor\/#website"},"datePublished":"2022-05-06T10:28:06+00:00","dateModified":"2022-05-06T10:28:08+00:00","breadcrumb":{"@id":"https:\/\/luchonoticias.com\/editor\/luchador-huilense-nuevo-campeon-panamericano\/#breadcrumb"},"inLanguage":"es","potentialAction":[{"@type":"ReadAction","target":["https:\/\/luchonoticias.com\/editor\/luchador-huilense-nuevo-campeon-panamericano\/"]}]},{"@type":"BreadcrumbList","@id":"https:\/\/luchonoticias.com\/editor\/luchador-huilense-nuevo-campeon-panamericano\/#breadcrumb","itemListElement":[{"@type":"ListItem","position":1,"name":"Portada","item":"https:\/\/luchonoticias.com\/editor\/"},{"@type":"ListItem","position":2,"name":"Luchador huilense, nuevo campe\u00f3n panamericano"}]},{"@type":"WebSite","@id":"https:\/\/luchonoticias.com\/editor\/#website","url":"https:\/\/luchonoticias.com\/editor\/","name":"","description":"","publisher":{"@id":"https:\/\/luchonoticias.com\/editor\/#\/schema\/person\/7a7fd911f58561fd056dbac7b55af9cd"},"potentialAction":[{"@type":"SearchAction","target":{"@type":"EntryPoint","urlTemplate":"https:\/\/luchonoticias.com\/editor\/?s={search_term_string}"},"query-input":{"@type":"PropertyValueSpecification","valueRequired":true,"valueName":"search_term_string"}}],"inLanguage":"es"},{"@type":["Person","Organization"],"@id":"https:\/\/luchonoticias.com\/editor\/#\/schema\/person\/7a7fd911f58561fd056dbac7b55af9cd","name":"admin","image":{"@type":"ImageObject","inLanguage":"es","@id":"https:\/\/luchonoticias.com\/editor\/#\/schema\/person\/image\/","url":"https:\/\/luchonoticias.com\/editor\/wp-content\/uploads\/2024\/02\/cropped-cropped-logolu.webp","contentUrl":"https:\/\/luchonoticias.com\/editor\/wp-content\/uploads\/2024\/02\/cropped-cropped-logolu.webp","width":382,"height":170,"caption":"admin"},"logo":{"@id":"https:\/\/luchonoticias.com\/editor\/#\/schema\/person\/image\/"},"sameAs":["https:\/\/www.facebook.com\/luchonoticiasneiva"],"url":"https:\/\/luchonoticias.com\/editor\/author\/admin\/"}]}},"_links":{"self":[{"href":"https:\/\/luchonoticias.com\/editor\/wp-json\/wp\/v2\/posts\/25210","targetHints":{"allow":["GET"]}}],"collection":[{"href":"https:\/\/luchonoticias.com\/editor\/wp-json\/wp\/v2\/posts"}],"about":[{"href":"https:\/\/luchonoticias.com\/editor\/wp-json\/wp\/v2\/types\/post"}],"author":[{"embeddable":true,"href":"https:\/\/luchonoticias.com\/editor\/wp-json\/wp\/v2\/users\/1"}],"replies":[{"embeddable":true,"href":"https:\/\/luchonoticias.com\/editor\/wp-json\/wp\/v2\/comments?post=25210"}],"version-history":[{"count":0,"href":"https:\/\/luchonoticias.com\/editor\/wp-json\/wp\/v2\/posts\/25210\/revisions"}],"wp:attachment":[{"href":"https:\/\/luchonoticias.com\/editor\/wp-json\/wp\/v2\/media?parent=25210"}],"wp:term":[{"taxonomy":"category","embeddable":true,"href":"https:\/\/luchonoticias.com\/editor\/wp-json\/wp\/v2\/categories?post=25210"},{"taxonomy":"post_tag","embeddable":true,"href":"https:\/\/luchonoticias.com\/editor\/wp-json\/wp\/v2\/tags?post=25210"}],"curies":[{"name":"wp","href":"https:\/\/api.w.org\/{rel}","templated":true}]}}