{"id":25426,"date":"2022-05-08T18:51:11","date_gmt":"2022-05-08T23:51:11","guid":{"rendered":"https:\/\/luchonoticias.com\/?p=25426"},"modified":"2022-05-08T18:51:13","modified_gmt":"2022-05-08T23:51:13","slug":"giro-ditalia-termino-correria-por-hungria","status":"publish","type":"post","link":"https:\/\/luchonoticias.com\/editor\/giro-ditalia-termino-correria-por-hungria\/","title":{"rendered":"Giro d&#8217;Italia termin\u00f3 correr\u00eda por Hungr\u00eda"},"content":{"rendered":"\n<p>Con una etapa de 201 kil\u00f3metros entre&nbsp;<strong>Kaposv\u00e1r y Balatonf\u00fcred<\/strong>, se llev\u00f3 a cabo en Hungr\u00eda la tercera etapa del Giro d\u2019Italia, la \u00faltima en territorio magiar y en donde el huilense Harold Tejada termin\u00f3 en la casilla 87.<\/p>\n\n\n\n<p>El nativo de Pitalito finaliz\u00f3 con el mismo tienpo del\u00a0<strong>vencedor<\/strong>, el brit\u00e1nico\u00a0<strong>Mark Cavendish<\/strong>\u00a0mientras que\u00a0<strong>Fernando Gaviria\u00a0<\/strong>fue tercero.<\/p>\n\n\n\n<p>En cuanto a&nbsp;<strong>la general<\/strong>&nbsp;esta sigue sin cambios:&nbsp;<strong>Mathieu Van Der Poel&nbsp;<\/strong>mantiene el primer lugar y Harold Tejada sigue en la plaza 64.<\/p>\n\n\n\n<p>Ma\u00f1ana la carrera tendr\u00e1&nbsp;<strong>d\u00eda de descanso<\/strong>&nbsp;y el martes tendr\u00e1 su primera fracci\u00f3n en Italia.<\/p>\n","protected":false},"excerpt":{"rendered":"<p>Con una etapa de 201 kil\u00f3metros entre&nbsp;Kaposv\u00e1r y Balatonf\u00fcred, se llev\u00f3 a cabo en Hungr\u00eda la tercera etapa del Giro d\u2019Italia, la \u00faltima en territorio magiar y en donde el huilense Harold Tejada termin\u00f3 en la casilla 87. El nativo de Pitalito finaliz\u00f3 con el mismo tienpo del\u00a0vencedor, el brit\u00e1nico\u00a0Mark Cavendish\u00a0mientras que\u00a0Fernando Gaviria\u00a0fue tercero. En [&hellip;]<\/p>\n","protected":false},"author":1,"featured_media":0,"comment_status":"open","ping_status":"open","sticky":false,"template":"","format":"standard","meta":{"footnotes":""},"categories":[34],"tags":[],"class_list":["post-25426","post","type-post","status-publish","format-standard","hentry","category-deportes"],"yoast_head":"<!-- This site is optimized with the Yoast SEO plugin v26.6 - https:\/\/yoast.com\/wordpress\/plugins\/seo\/ -->\n<title>Giro d&#039;Italia termin\u00f3 correr\u00eda por Hungr\u00eda -<\/title>\n<meta name=\"robots\" content=\"index, follow, max-snippet:-1, max-image-preview:large, max-video-preview:-1\" \/>\n<link rel=\"canonical\" href=\"https:\/\/luchonoticias.com\/editor\/giro-ditalia-termino-correria-por-hungria\/\" \/>\n<meta property=\"og:locale\" content=\"es_ES\" \/>\n<meta property=\"og:type\" content=\"article\" \/>\n<meta property=\"og:title\" content=\"Giro d&#039;Italia termin\u00f3 correr\u00eda por Hungr\u00eda -\" \/>\n<meta property=\"og:url\" content=\"https:\/\/luchonoticias.com\/editor\/giro-ditalia-termino-correria-por-hungria\/\" \/>\n<meta property=\"article:publisher\" content=\"https:\/\/www.facebook.com\/luchonoticiasneiva\" \/>\n<meta property=\"article:author\" content=\"https:\/\/www.facebook.com\/luchonoticiasneiva\" \/>\n<meta property=\"article:published_time\" content=\"2022-05-08T23:51:11+00:00\" \/>\n<meta property=\"article:modified_time\" content=\"2022-05-08T23:51:13+00:00\" \/>\n<meta name=\"author\" content=\"admin\" \/>\n<meta name=\"twitter:card\" content=\"summary_large_image\" \/>\n<meta name=\"twitter:label1\" content=\"Escrito por\" \/>\n\t<meta name=\"twitter:data1\" content=\"admin\" \/>\n\t<meta name=\"twitter:label2\" content=\"Tiempo de lectura\" \/>\n\t<meta name=\"twitter:data2\" content=\"1 minuto\" \/>\n<script type=\"application\/ld+json\" class=\"yoast-schema-graph\">{\"@context\":\"https:\/\/schema.org\",\"@graph\":[{\"@type\":\"Article\",\"@id\":\"https:\/\/luchonoticias.com\/editor\/giro-ditalia-termino-correria-por-hungria\/#article\",\"isPartOf\":{\"@id\":\"https:\/\/luchonoticias.com\/editor\/giro-ditalia-termino-correria-por-hungria\/\"},\"author\":{\"name\":\"admin\",\"@id\":\"https:\/\/luchonoticias.com\/editor\/#\/schema\/person\/7a7fd911f58561fd056dbac7b55af9cd\"},\"headline\":\"Giro d&#8217;Italia termin\u00f3 correr\u00eda por Hungr\u00eda\",\"datePublished\":\"2022-05-08T23:51:11+00:00\",\"dateModified\":\"2022-05-08T23:51:13+00:00\",\"mainEntityOfPage\":{\"@id\":\"https:\/\/luchonoticias.com\/editor\/giro-ditalia-termino-correria-por-hungria\/\"},\"wordCount\":123,\"commentCount\":0,\"publisher\":{\"@id\":\"https:\/\/luchonoticias.com\/editor\/#\/schema\/person\/7a7fd911f58561fd056dbac7b55af9cd\"},\"articleSection\":[\"Deportes\"],\"inLanguage\":\"es\",\"potentialAction\":[{\"@type\":\"CommentAction\",\"name\":\"Comment\",\"target\":[\"https:\/\/luchonoticias.com\/editor\/giro-ditalia-termino-correria-por-hungria\/#respond\"]}]},{\"@type\":\"WebPage\",\"@id\":\"https:\/\/luchonoticias.com\/editor\/giro-ditalia-termino-correria-por-hungria\/\",\"url\":\"https:\/\/luchonoticias.com\/editor\/giro-ditalia-termino-correria-por-hungria\/\",\"name\":\"Giro d'Italia termin\u00f3 correr\u00eda por Hungr\u00eda -\",\"isPartOf\":{\"@id\":\"https:\/\/luchonoticias.com\/editor\/#website\"},\"datePublished\":\"2022-05-08T23:51:11+00:00\",\"dateModified\":\"2022-05-08T23:51:13+00:00\",\"breadcrumb\":{\"@id\":\"https:\/\/luchonoticias.com\/editor\/giro-ditalia-termino-correria-por-hungria\/#breadcrumb\"},\"inLanguage\":\"es\",\"potentialAction\":[{\"@type\":\"ReadAction\",\"target\":[\"https:\/\/luchonoticias.com\/editor\/giro-ditalia-termino-correria-por-hungria\/\"]}]},{\"@type\":\"BreadcrumbList\",\"@id\":\"https:\/\/luchonoticias.com\/editor\/giro-ditalia-termino-correria-por-hungria\/#breadcrumb\",\"itemListElement\":[{\"@type\":\"ListItem\",\"position\":1,\"name\":\"Portada\",\"item\":\"https:\/\/luchonoticias.com\/editor\/\"},{\"@type\":\"ListItem\",\"position\":2,\"name\":\"Giro d&#8217;Italia termin\u00f3 correr\u00eda por Hungr\u00eda\"}]},{\"@type\":\"WebSite\",\"@id\":\"https:\/\/luchonoticias.com\/editor\/#website\",\"url\":\"https:\/\/luchonoticias.com\/editor\/\",\"name\":\"\",\"description\":\"\",\"publisher\":{\"@id\":\"https:\/\/luchonoticias.com\/editor\/#\/schema\/person\/7a7fd911f58561fd056dbac7b55af9cd\"},\"potentialAction\":[{\"@type\":\"SearchAction\",\"target\":{\"@type\":\"EntryPoint\",\"urlTemplate\":\"https:\/\/luchonoticias.com\/editor\/?s={search_term_string}\"},\"query-input\":{\"@type\":\"PropertyValueSpecification\",\"valueRequired\":true,\"valueName\":\"search_term_string\"}}],\"inLanguage\":\"es\"},{\"@type\":[\"Person\",\"Organization\"],\"@id\":\"https:\/\/luchonoticias.com\/editor\/#\/schema\/person\/7a7fd911f58561fd056dbac7b55af9cd\",\"name\":\"admin\",\"image\":{\"@type\":\"ImageObject\",\"inLanguage\":\"es\",\"@id\":\"https:\/\/luchonoticias.com\/editor\/#\/schema\/person\/image\/\",\"url\":\"https:\/\/luchonoticias.com\/editor\/wp-content\/uploads\/2024\/02\/cropped-cropped-logolu.webp\",\"contentUrl\":\"https:\/\/luchonoticias.com\/editor\/wp-content\/uploads\/2024\/02\/cropped-cropped-logolu.webp\",\"width\":382,\"height\":170,\"caption\":\"admin\"},\"logo\":{\"@id\":\"https:\/\/luchonoticias.com\/editor\/#\/schema\/person\/image\/\"},\"sameAs\":[\"https:\/\/www.facebook.com\/luchonoticiasneiva\"],\"url\":\"https:\/\/luchonoticias.com\/editor\/author\/admin\/\"}]}<\/script>\n<!-- \/ Yoast SEO plugin. -->","yoast_head_json":{"title":"Giro d'Italia termin\u00f3 correr\u00eda por Hungr\u00eda -","robots":{"index":"index","follow":"follow","max-snippet":"max-snippet:-1","max-image-preview":"max-image-preview:large","max-video-preview":"max-video-preview:-1"},"canonical":"https:\/\/luchonoticias.com\/editor\/giro-ditalia-termino-correria-por-hungria\/","og_locale":"es_ES","og_type":"article","og_title":"Giro d'Italia termin\u00f3 correr\u00eda por Hungr\u00eda -","og_url":"https:\/\/luchonoticias.com\/editor\/giro-ditalia-termino-correria-por-hungria\/","article_publisher":"https:\/\/www.facebook.com\/luchonoticiasneiva","article_author":"https:\/\/www.facebook.com\/luchonoticiasneiva","article_published_time":"2022-05-08T23:51:11+00:00","article_modified_time":"2022-05-08T23:51:13+00:00","author":"admin","twitter_card":"summary_large_image","twitter_misc":{"Escrito por":"admin","Tiempo de lectura":"1 minuto"},"schema":{"@context":"https:\/\/schema.org","@graph":[{"@type":"Article","@id":"https:\/\/luchonoticias.com\/editor\/giro-ditalia-termino-correria-por-hungria\/#article","isPartOf":{"@id":"https:\/\/luchonoticias.com\/editor\/giro-ditalia-termino-correria-por-hungria\/"},"author":{"name":"admin","@id":"https:\/\/luchonoticias.com\/editor\/#\/schema\/person\/7a7fd911f58561fd056dbac7b55af9cd"},"headline":"Giro d&#8217;Italia termin\u00f3 correr\u00eda por Hungr\u00eda","datePublished":"2022-05-08T23:51:11+00:00","dateModified":"2022-05-08T23:51:13+00:00","mainEntityOfPage":{"@id":"https:\/\/luchonoticias.com\/editor\/giro-ditalia-termino-correria-por-hungria\/"},"wordCount":123,"commentCount":0,"publisher":{"@id":"https:\/\/luchonoticias.com\/editor\/#\/schema\/person\/7a7fd911f58561fd056dbac7b55af9cd"},"articleSection":["Deportes"],"inLanguage":"es","potentialAction":[{"@type":"CommentAction","name":"Comment","target":["https:\/\/luchonoticias.com\/editor\/giro-ditalia-termino-correria-por-hungria\/#respond"]}]},{"@type":"WebPage","@id":"https:\/\/luchonoticias.com\/editor\/giro-ditalia-termino-correria-por-hungria\/","url":"https:\/\/luchonoticias.com\/editor\/giro-ditalia-termino-correria-por-hungria\/","name":"Giro d'Italia termin\u00f3 correr\u00eda por Hungr\u00eda -","isPartOf":{"@id":"https:\/\/luchonoticias.com\/editor\/#website"},"datePublished":"2022-05-08T23:51:11+00:00","dateModified":"2022-05-08T23:51:13+00:00","breadcrumb":{"@id":"https:\/\/luchonoticias.com\/editor\/giro-ditalia-termino-correria-por-hungria\/#breadcrumb"},"inLanguage":"es","potentialAction":[{"@type":"ReadAction","target":["https:\/\/luchonoticias.com\/editor\/giro-ditalia-termino-correria-por-hungria\/"]}]},{"@type":"BreadcrumbList","@id":"https:\/\/luchonoticias.com\/editor\/giro-ditalia-termino-correria-por-hungria\/#breadcrumb","itemListElement":[{"@type":"ListItem","position":1,"name":"Portada","item":"https:\/\/luchonoticias.com\/editor\/"},{"@type":"ListItem","position":2,"name":"Giro d&#8217;Italia termin\u00f3 correr\u00eda por Hungr\u00eda"}]},{"@type":"WebSite","@id":"https:\/\/luchonoticias.com\/editor\/#website","url":"https:\/\/luchonoticias.com\/editor\/","name":"","description":"","publisher":{"@id":"https:\/\/luchonoticias.com\/editor\/#\/schema\/person\/7a7fd911f58561fd056dbac7b55af9cd"},"potentialAction":[{"@type":"SearchAction","target":{"@type":"EntryPoint","urlTemplate":"https:\/\/luchonoticias.com\/editor\/?s={search_term_string}"},"query-input":{"@type":"PropertyValueSpecification","valueRequired":true,"valueName":"search_term_string"}}],"inLanguage":"es"},{"@type":["Person","Organization"],"@id":"https:\/\/luchonoticias.com\/editor\/#\/schema\/person\/7a7fd911f58561fd056dbac7b55af9cd","name":"admin","image":{"@type":"ImageObject","inLanguage":"es","@id":"https:\/\/luchonoticias.com\/editor\/#\/schema\/person\/image\/","url":"https:\/\/luchonoticias.com\/editor\/wp-content\/uploads\/2024\/02\/cropped-cropped-logolu.webp","contentUrl":"https:\/\/luchonoticias.com\/editor\/wp-content\/uploads\/2024\/02\/cropped-cropped-logolu.webp","width":382,"height":170,"caption":"admin"},"logo":{"@id":"https:\/\/luchonoticias.com\/editor\/#\/schema\/person\/image\/"},"sameAs":["https:\/\/www.facebook.com\/luchonoticiasneiva"],"url":"https:\/\/luchonoticias.com\/editor\/author\/admin\/"}]}},"_links":{"self":[{"href":"https:\/\/luchonoticias.com\/editor\/wp-json\/wp\/v2\/posts\/25426","targetHints":{"allow":["GET"]}}],"collection":[{"href":"https:\/\/luchonoticias.com\/editor\/wp-json\/wp\/v2\/posts"}],"about":[{"href":"https:\/\/luchonoticias.com\/editor\/wp-json\/wp\/v2\/types\/post"}],"author":[{"embeddable":true,"href":"https:\/\/luchonoticias.com\/editor\/wp-json\/wp\/v2\/users\/1"}],"replies":[{"embeddable":true,"href":"https:\/\/luchonoticias.com\/editor\/wp-json\/wp\/v2\/comments?post=25426"}],"version-history":[{"count":0,"href":"https:\/\/luchonoticias.com\/editor\/wp-json\/wp\/v2\/posts\/25426\/revisions"}],"wp:attachment":[{"href":"https:\/\/luchonoticias.com\/editor\/wp-json\/wp\/v2\/media?parent=25426"}],"wp:term":[{"taxonomy":"category","embeddable":true,"href":"https:\/\/luchonoticias.com\/editor\/wp-json\/wp\/v2\/categories?post=25426"},{"taxonomy":"post_tag","embeddable":true,"href":"https:\/\/luchonoticias.com\/editor\/wp-json\/wp\/v2\/tags?post=25426"}],"curies":[{"name":"wp","href":"https:\/\/api.w.org\/{rel}","templated":true}]}}