{"id":25467,"date":"2022-05-09T05:33:01","date_gmt":"2022-05-09T10:33:01","guid":{"rendered":"https:\/\/luchonoticias.com\/?p=25467"},"modified":"2022-05-09T05:33:03","modified_gmt":"2022-05-09T10:33:03","slug":"huila-ya-alista-las-elecciones-presidenciales","status":"publish","type":"post","link":"https:\/\/luchonoticias.com\/editor\/huila-ya-alista-las-elecciones-presidenciales\/","title":{"rendered":"Huila ya alista las elecciones presidenciales"},"content":{"rendered":"\n<p>Se instal\u00f3 la\u00a0<strong>primera Comisi\u00f3n de Seguimiento Electoral\u00a0<\/strong>en el departamento en cabeza de la Gobernaci\u00f3n del Huila, fuerzas militares y organismos de control para las\u00a0<strong>elecciones\u00a0<\/strong>que se avecinan este\u00a0<strong>29 de mayo.<\/strong><\/p>\n\n\n\n<p>Seg\u00fan la Registradur\u00eda<strong>\u00a0se encuentran 882.955 personas habilitadas para votar, 2.307 mesas de votaci\u00f3n y 233 puestos de votaci\u00f3n<\/strong>\u00a0en el Huila. Es fundamental mencionar que para este proceso se capacitar\u00e1n a jurados de votaci\u00f3n, integrantes de la Registradur\u00eda para efectos de apoyo en cualquier mesa o punto de votaci\u00f3n.<\/p>\n\n\n\n<p>\u201cTodos los actores estamos dispuestos a participar y atender activamente este proceso electoral&nbsp;<strong>garantizando a los huilenses el derecho al voto de la manera tranquila y en condiciones normales.<\/strong>&nbsp;Hasta el momento&nbsp;<strong>no hemos tenido amenaza para la campa\u00f1a o para los candidatos<\/strong>, hemos tenido la certeza que se encuentran todos los frentes seguros, la fuerza p\u00fablica est\u00e1 preparada para controlar cualquier hecho que pueda afectar la tranquilidad de los huilenses\u201d, destac\u00f3 el secretario de Gobierno y Desarrollo Comunitario, Franky Vega.<\/p>\n","protected":false},"excerpt":{"rendered":"<p>Se instal\u00f3 la\u00a0primera Comisi\u00f3n de Seguimiento Electoral\u00a0en el departamento en cabeza de la Gobernaci\u00f3n del Huila, fuerzas militares y organismos de control para las\u00a0elecciones\u00a0que se avecinan este\u00a029 de mayo. Seg\u00fan la Registradur\u00eda\u00a0se encuentran 882.955 personas habilitadas para votar, 2.307 mesas de votaci\u00f3n y 233 puestos de votaci\u00f3n\u00a0en el Huila. Es fundamental mencionar que para este [&hellip;]<\/p>\n","protected":false},"author":1,"featured_media":0,"comment_status":"open","ping_status":"open","sticky":false,"template":"","format":"standard","meta":{"footnotes":""},"categories":[36,33],"tags":[],"class_list":["post-25467","post","type-post","status-publish","format-standard","hentry","category-destacado","category-huila"],"yoast_head":"<!-- This site is optimized with the Yoast SEO plugin v26.6 - https:\/\/yoast.com\/wordpress\/plugins\/seo\/ -->\n<title>Huila ya alista las elecciones presidenciales -<\/title>\n<meta name=\"robots\" content=\"index, follow, max-snippet:-1, max-image-preview:large, max-video-preview:-1\" \/>\n<link rel=\"canonical\" href=\"https:\/\/luchonoticias.com\/editor\/huila-ya-alista-las-elecciones-presidenciales\/\" \/>\n<meta property=\"og:locale\" content=\"es_ES\" \/>\n<meta property=\"og:type\" content=\"article\" \/>\n<meta property=\"og:title\" content=\"Huila ya alista las elecciones presidenciales -\" \/>\n<meta property=\"og:url\" content=\"https:\/\/luchonoticias.com\/editor\/huila-ya-alista-las-elecciones-presidenciales\/\" \/>\n<meta property=\"article:publisher\" content=\"https:\/\/www.facebook.com\/luchonoticiasneiva\" \/>\n<meta property=\"article:author\" content=\"https:\/\/www.facebook.com\/luchonoticiasneiva\" \/>\n<meta property=\"article:published_time\" content=\"2022-05-09T10:33:01+00:00\" \/>\n<meta property=\"article:modified_time\" content=\"2022-05-09T10:33:03+00:00\" \/>\n<meta name=\"author\" content=\"admin\" \/>\n<meta name=\"twitter:card\" content=\"summary_large_image\" \/>\n<meta name=\"twitter:label1\" content=\"Escrito por\" \/>\n\t<meta name=\"twitter:data1\" content=\"admin\" \/>\n\t<meta name=\"twitter:label2\" content=\"Tiempo de lectura\" \/>\n\t<meta name=\"twitter:data2\" content=\"1 minuto\" \/>\n<script type=\"application\/ld+json\" class=\"yoast-schema-graph\">{\"@context\":\"https:\/\/schema.org\",\"@graph\":[{\"@type\":\"Article\",\"@id\":\"https:\/\/luchonoticias.com\/editor\/huila-ya-alista-las-elecciones-presidenciales\/#article\",\"isPartOf\":{\"@id\":\"https:\/\/luchonoticias.com\/editor\/huila-ya-alista-las-elecciones-presidenciales\/\"},\"author\":{\"name\":\"admin\",\"@id\":\"https:\/\/luchonoticias.com\/editor\/#\/schema\/person\/7a7fd911f58561fd056dbac7b55af9cd\"},\"headline\":\"Huila ya alista las elecciones presidenciales\",\"datePublished\":\"2022-05-09T10:33:01+00:00\",\"dateModified\":\"2022-05-09T10:33:03+00:00\",\"mainEntityOfPage\":{\"@id\":\"https:\/\/luchonoticias.com\/editor\/huila-ya-alista-las-elecciones-presidenciales\/\"},\"wordCount\":182,\"commentCount\":0,\"publisher\":{\"@id\":\"https:\/\/luchonoticias.com\/editor\/#\/schema\/person\/7a7fd911f58561fd056dbac7b55af9cd\"},\"articleSection\":[\"Destacado\",\"Huila\"],\"inLanguage\":\"es\",\"potentialAction\":[{\"@type\":\"CommentAction\",\"name\":\"Comment\",\"target\":[\"https:\/\/luchonoticias.com\/editor\/huila-ya-alista-las-elecciones-presidenciales\/#respond\"]}]},{\"@type\":\"WebPage\",\"@id\":\"https:\/\/luchonoticias.com\/editor\/huila-ya-alista-las-elecciones-presidenciales\/\",\"url\":\"https:\/\/luchonoticias.com\/editor\/huila-ya-alista-las-elecciones-presidenciales\/\",\"name\":\"Huila ya alista las elecciones presidenciales -\",\"isPartOf\":{\"@id\":\"https:\/\/luchonoticias.com\/editor\/#website\"},\"datePublished\":\"2022-05-09T10:33:01+00:00\",\"dateModified\":\"2022-05-09T10:33:03+00:00\",\"breadcrumb\":{\"@id\":\"https:\/\/luchonoticias.com\/editor\/huila-ya-alista-las-elecciones-presidenciales\/#breadcrumb\"},\"inLanguage\":\"es\",\"potentialAction\":[{\"@type\":\"ReadAction\",\"target\":[\"https:\/\/luchonoticias.com\/editor\/huila-ya-alista-las-elecciones-presidenciales\/\"]}]},{\"@type\":\"BreadcrumbList\",\"@id\":\"https:\/\/luchonoticias.com\/editor\/huila-ya-alista-las-elecciones-presidenciales\/#breadcrumb\",\"itemListElement\":[{\"@type\":\"ListItem\",\"position\":1,\"name\":\"Portada\",\"item\":\"https:\/\/luchonoticias.com\/editor\/\"},{\"@type\":\"ListItem\",\"position\":2,\"name\":\"Huila ya alista las elecciones presidenciales\"}]},{\"@type\":\"WebSite\",\"@id\":\"https:\/\/luchonoticias.com\/editor\/#website\",\"url\":\"https:\/\/luchonoticias.com\/editor\/\",\"name\":\"\",\"description\":\"\",\"publisher\":{\"@id\":\"https:\/\/luchonoticias.com\/editor\/#\/schema\/person\/7a7fd911f58561fd056dbac7b55af9cd\"},\"potentialAction\":[{\"@type\":\"SearchAction\",\"target\":{\"@type\":\"EntryPoint\",\"urlTemplate\":\"https:\/\/luchonoticias.com\/editor\/?s={search_term_string}\"},\"query-input\":{\"@type\":\"PropertyValueSpecification\",\"valueRequired\":true,\"valueName\":\"search_term_string\"}}],\"inLanguage\":\"es\"},{\"@type\":[\"Person\",\"Organization\"],\"@id\":\"https:\/\/luchonoticias.com\/editor\/#\/schema\/person\/7a7fd911f58561fd056dbac7b55af9cd\",\"name\":\"admin\",\"image\":{\"@type\":\"ImageObject\",\"inLanguage\":\"es\",\"@id\":\"https:\/\/luchonoticias.com\/editor\/#\/schema\/person\/image\/\",\"url\":\"https:\/\/luchonoticias.com\/editor\/wp-content\/uploads\/2024\/02\/cropped-cropped-logolu.webp\",\"contentUrl\":\"https:\/\/luchonoticias.com\/editor\/wp-content\/uploads\/2024\/02\/cropped-cropped-logolu.webp\",\"width\":382,\"height\":170,\"caption\":\"admin\"},\"logo\":{\"@id\":\"https:\/\/luchonoticias.com\/editor\/#\/schema\/person\/image\/\"},\"sameAs\":[\"https:\/\/www.facebook.com\/luchonoticiasneiva\"],\"url\":\"https:\/\/luchonoticias.com\/editor\/author\/admin\/\"}]}<\/script>\n<!-- \/ Yoast SEO plugin. -->","yoast_head_json":{"title":"Huila ya alista las elecciones presidenciales -","robots":{"index":"index","follow":"follow","max-snippet":"max-snippet:-1","max-image-preview":"max-image-preview:large","max-video-preview":"max-video-preview:-1"},"canonical":"https:\/\/luchonoticias.com\/editor\/huila-ya-alista-las-elecciones-presidenciales\/","og_locale":"es_ES","og_type":"article","og_title":"Huila ya alista las elecciones presidenciales -","og_url":"https:\/\/luchonoticias.com\/editor\/huila-ya-alista-las-elecciones-presidenciales\/","article_publisher":"https:\/\/www.facebook.com\/luchonoticiasneiva","article_author":"https:\/\/www.facebook.com\/luchonoticiasneiva","article_published_time":"2022-05-09T10:33:01+00:00","article_modified_time":"2022-05-09T10:33:03+00:00","author":"admin","twitter_card":"summary_large_image","twitter_misc":{"Escrito por":"admin","Tiempo de lectura":"1 minuto"},"schema":{"@context":"https:\/\/schema.org","@graph":[{"@type":"Article","@id":"https:\/\/luchonoticias.com\/editor\/huila-ya-alista-las-elecciones-presidenciales\/#article","isPartOf":{"@id":"https:\/\/luchonoticias.com\/editor\/huila-ya-alista-las-elecciones-presidenciales\/"},"author":{"name":"admin","@id":"https:\/\/luchonoticias.com\/editor\/#\/schema\/person\/7a7fd911f58561fd056dbac7b55af9cd"},"headline":"Huila ya alista las elecciones presidenciales","datePublished":"2022-05-09T10:33:01+00:00","dateModified":"2022-05-09T10:33:03+00:00","mainEntityOfPage":{"@id":"https:\/\/luchonoticias.com\/editor\/huila-ya-alista-las-elecciones-presidenciales\/"},"wordCount":182,"commentCount":0,"publisher":{"@id":"https:\/\/luchonoticias.com\/editor\/#\/schema\/person\/7a7fd911f58561fd056dbac7b55af9cd"},"articleSection":["Destacado","Huila"],"inLanguage":"es","potentialAction":[{"@type":"CommentAction","name":"Comment","target":["https:\/\/luchonoticias.com\/editor\/huila-ya-alista-las-elecciones-presidenciales\/#respond"]}]},{"@type":"WebPage","@id":"https:\/\/luchonoticias.com\/editor\/huila-ya-alista-las-elecciones-presidenciales\/","url":"https:\/\/luchonoticias.com\/editor\/huila-ya-alista-las-elecciones-presidenciales\/","name":"Huila ya alista las elecciones presidenciales -","isPartOf":{"@id":"https:\/\/luchonoticias.com\/editor\/#website"},"datePublished":"2022-05-09T10:33:01+00:00","dateModified":"2022-05-09T10:33:03+00:00","breadcrumb":{"@id":"https:\/\/luchonoticias.com\/editor\/huila-ya-alista-las-elecciones-presidenciales\/#breadcrumb"},"inLanguage":"es","potentialAction":[{"@type":"ReadAction","target":["https:\/\/luchonoticias.com\/editor\/huila-ya-alista-las-elecciones-presidenciales\/"]}]},{"@type":"BreadcrumbList","@id":"https:\/\/luchonoticias.com\/editor\/huila-ya-alista-las-elecciones-presidenciales\/#breadcrumb","itemListElement":[{"@type":"ListItem","position":1,"name":"Portada","item":"https:\/\/luchonoticias.com\/editor\/"},{"@type":"ListItem","position":2,"name":"Huila ya alista las elecciones presidenciales"}]},{"@type":"WebSite","@id":"https:\/\/luchonoticias.com\/editor\/#website","url":"https:\/\/luchonoticias.com\/editor\/","name":"","description":"","publisher":{"@id":"https:\/\/luchonoticias.com\/editor\/#\/schema\/person\/7a7fd911f58561fd056dbac7b55af9cd"},"potentialAction":[{"@type":"SearchAction","target":{"@type":"EntryPoint","urlTemplate":"https:\/\/luchonoticias.com\/editor\/?s={search_term_string}"},"query-input":{"@type":"PropertyValueSpecification","valueRequired":true,"valueName":"search_term_string"}}],"inLanguage":"es"},{"@type":["Person","Organization"],"@id":"https:\/\/luchonoticias.com\/editor\/#\/schema\/person\/7a7fd911f58561fd056dbac7b55af9cd","name":"admin","image":{"@type":"ImageObject","inLanguage":"es","@id":"https:\/\/luchonoticias.com\/editor\/#\/schema\/person\/image\/","url":"https:\/\/luchonoticias.com\/editor\/wp-content\/uploads\/2024\/02\/cropped-cropped-logolu.webp","contentUrl":"https:\/\/luchonoticias.com\/editor\/wp-content\/uploads\/2024\/02\/cropped-cropped-logolu.webp","width":382,"height":170,"caption":"admin"},"logo":{"@id":"https:\/\/luchonoticias.com\/editor\/#\/schema\/person\/image\/"},"sameAs":["https:\/\/www.facebook.com\/luchonoticiasneiva"],"url":"https:\/\/luchonoticias.com\/editor\/author\/admin\/"}]}},"_links":{"self":[{"href":"https:\/\/luchonoticias.com\/editor\/wp-json\/wp\/v2\/posts\/25467","targetHints":{"allow":["GET"]}}],"collection":[{"href":"https:\/\/luchonoticias.com\/editor\/wp-json\/wp\/v2\/posts"}],"about":[{"href":"https:\/\/luchonoticias.com\/editor\/wp-json\/wp\/v2\/types\/post"}],"author":[{"embeddable":true,"href":"https:\/\/luchonoticias.com\/editor\/wp-json\/wp\/v2\/users\/1"}],"replies":[{"embeddable":true,"href":"https:\/\/luchonoticias.com\/editor\/wp-json\/wp\/v2\/comments?post=25467"}],"version-history":[{"count":0,"href":"https:\/\/luchonoticias.com\/editor\/wp-json\/wp\/v2\/posts\/25467\/revisions"}],"wp:attachment":[{"href":"https:\/\/luchonoticias.com\/editor\/wp-json\/wp\/v2\/media?parent=25467"}],"wp:term":[{"taxonomy":"category","embeddable":true,"href":"https:\/\/luchonoticias.com\/editor\/wp-json\/wp\/v2\/categories?post=25467"},{"taxonomy":"post_tag","embeddable":true,"href":"https:\/\/luchonoticias.com\/editor\/wp-json\/wp\/v2\/tags?post=25467"}],"curies":[{"name":"wp","href":"https:\/\/api.w.org\/{rel}","templated":true}]}}