{"id":25470,"date":"2022-05-09T05:34:58","date_gmt":"2022-05-09T10:34:58","guid":{"rendered":"https:\/\/luchonoticias.com\/?p=25470"},"modified":"2022-05-09T05:35:00","modified_gmt":"2022-05-09T10:35:00","slug":"balance-huilense-en-fecha-del-interclubes-sub-17","status":"publish","type":"post","link":"https:\/\/luchonoticias.com\/editor\/balance-huilense-en-fecha-del-interclubes-sub-17\/","title":{"rendered":"Balance huilense en fecha del interclubes sub &#8211; 17"},"content":{"rendered":"\n<p>Se cumpli\u00f3 la\u00a0<strong>novena fecha\u00a0<\/strong>del grupo 25 del\u00a0<strong>Campeonato Nacional Interclubes sub \u2013 17<\/strong>, donde los\u00a0<strong>clubes huilenses<\/strong>\u00a0sacaron buenos resultados ante los caquete\u00f1os.\u00a0<\/p>\n\n\n\n<p>De todos los resultados el m\u00e1s destacado fue<strong>\u00a0el triunfo del Deportivo Neiva\u00a0<\/strong>(en la foto)<strong>,\u00a0<\/strong>la escuadra, que llevaba varias fechas sin ganar, por fin sabore\u00f3 el triunfo y lo hizo superando como visitante 2:3 a Sue\u00f1os Caquete\u00f1os.\u00a0<\/p>\n\n\n\n<p>Otra escuadra que triunf\u00f3 a domicilio fue el&nbsp;<strong>Utrahuilca&nbsp;<\/strong>que gole\u00f3 1:4 al Atl\u00e9tico Florencia mientras que&nbsp;<strong>EHC<\/strong>, tambi\u00e9n de visitante, super\u00f3 0:3 al Castulo Boiga; tambi\u00e9n de visitante jug\u00f3 el&nbsp;<strong>Champions Huila Club de Pitalito<\/strong>&nbsp;aunque igual\u00f3 a dos goles con el Deportivo Caquet\u00e1.<\/p>\n\n\n\n<p>Finalmente en el juego entre clubes del Huila, el<strong>&nbsp;Aston Huila<\/strong>&nbsp;super\u00f3 de visitante 2:1 a&nbsp;<strong>Juventud Huila.<\/strong><\/p>\n","protected":false},"excerpt":{"rendered":"<p>Se cumpli\u00f3 la\u00a0novena fecha\u00a0del grupo 25 del\u00a0Campeonato Nacional Interclubes sub \u2013 17, donde los\u00a0clubes huilenses\u00a0sacaron buenos resultados ante los caquete\u00f1os.\u00a0 De todos los resultados el m\u00e1s destacado fue\u00a0el triunfo del Deportivo Neiva\u00a0(en la foto),\u00a0la escuadra, que llevaba varias fechas sin ganar, por fin sabore\u00f3 el triunfo y lo hizo superando como visitante 2:3 a Sue\u00f1os [&hellip;]<\/p>\n","protected":false},"author":1,"featured_media":0,"comment_status":"open","ping_status":"open","sticky":false,"template":"","format":"standard","meta":{"footnotes":""},"categories":[34],"tags":[],"class_list":["post-25470","post","type-post","status-publish","format-standard","hentry","category-deportes"],"yoast_head":"<!-- This site is optimized with the Yoast SEO plugin v26.6 - https:\/\/yoast.com\/wordpress\/plugins\/seo\/ -->\n<title>Balance huilense en fecha del interclubes sub - 17 -<\/title>\n<meta name=\"robots\" content=\"index, follow, max-snippet:-1, max-image-preview:large, max-video-preview:-1\" \/>\n<link rel=\"canonical\" href=\"https:\/\/luchonoticias.com\/editor\/balance-huilense-en-fecha-del-interclubes-sub-17\/\" \/>\n<meta property=\"og:locale\" content=\"es_ES\" \/>\n<meta property=\"og:type\" content=\"article\" \/>\n<meta property=\"og:title\" content=\"Balance huilense en fecha del interclubes sub - 17 -\" \/>\n<meta property=\"og:url\" content=\"https:\/\/luchonoticias.com\/editor\/balance-huilense-en-fecha-del-interclubes-sub-17\/\" \/>\n<meta property=\"article:publisher\" content=\"https:\/\/www.facebook.com\/luchonoticiasneiva\" \/>\n<meta property=\"article:author\" content=\"https:\/\/www.facebook.com\/luchonoticiasneiva\" \/>\n<meta property=\"article:published_time\" content=\"2022-05-09T10:34:58+00:00\" \/>\n<meta property=\"article:modified_time\" content=\"2022-05-09T10:35:00+00:00\" \/>\n<meta name=\"author\" content=\"admin\" \/>\n<meta name=\"twitter:card\" content=\"summary_large_image\" \/>\n<meta name=\"twitter:label1\" content=\"Escrito por\" \/>\n\t<meta name=\"twitter:data1\" content=\"admin\" \/>\n\t<meta name=\"twitter:label2\" content=\"Tiempo de lectura\" \/>\n\t<meta name=\"twitter:data2\" content=\"1 minuto\" \/>\n<script type=\"application\/ld+json\" class=\"yoast-schema-graph\">{\"@context\":\"https:\/\/schema.org\",\"@graph\":[{\"@type\":\"Article\",\"@id\":\"https:\/\/luchonoticias.com\/editor\/balance-huilense-en-fecha-del-interclubes-sub-17\/#article\",\"isPartOf\":{\"@id\":\"https:\/\/luchonoticias.com\/editor\/balance-huilense-en-fecha-del-interclubes-sub-17\/\"},\"author\":{\"name\":\"admin\",\"@id\":\"https:\/\/luchonoticias.com\/editor\/#\/schema\/person\/7a7fd911f58561fd056dbac7b55af9cd\"},\"headline\":\"Balance huilense en fecha del interclubes sub &#8211; 17\",\"datePublished\":\"2022-05-09T10:34:58+00:00\",\"dateModified\":\"2022-05-09T10:35:00+00:00\",\"mainEntityOfPage\":{\"@id\":\"https:\/\/luchonoticias.com\/editor\/balance-huilense-en-fecha-del-interclubes-sub-17\/\"},\"wordCount\":143,\"commentCount\":0,\"publisher\":{\"@id\":\"https:\/\/luchonoticias.com\/editor\/#\/schema\/person\/7a7fd911f58561fd056dbac7b55af9cd\"},\"articleSection\":[\"Deportes\"],\"inLanguage\":\"es\",\"potentialAction\":[{\"@type\":\"CommentAction\",\"name\":\"Comment\",\"target\":[\"https:\/\/luchonoticias.com\/editor\/balance-huilense-en-fecha-del-interclubes-sub-17\/#respond\"]}]},{\"@type\":\"WebPage\",\"@id\":\"https:\/\/luchonoticias.com\/editor\/balance-huilense-en-fecha-del-interclubes-sub-17\/\",\"url\":\"https:\/\/luchonoticias.com\/editor\/balance-huilense-en-fecha-del-interclubes-sub-17\/\",\"name\":\"Balance huilense en fecha del interclubes sub - 17 -\",\"isPartOf\":{\"@id\":\"https:\/\/luchonoticias.com\/editor\/#website\"},\"datePublished\":\"2022-05-09T10:34:58+00:00\",\"dateModified\":\"2022-05-09T10:35:00+00:00\",\"breadcrumb\":{\"@id\":\"https:\/\/luchonoticias.com\/editor\/balance-huilense-en-fecha-del-interclubes-sub-17\/#breadcrumb\"},\"inLanguage\":\"es\",\"potentialAction\":[{\"@type\":\"ReadAction\",\"target\":[\"https:\/\/luchonoticias.com\/editor\/balance-huilense-en-fecha-del-interclubes-sub-17\/\"]}]},{\"@type\":\"BreadcrumbList\",\"@id\":\"https:\/\/luchonoticias.com\/editor\/balance-huilense-en-fecha-del-interclubes-sub-17\/#breadcrumb\",\"itemListElement\":[{\"@type\":\"ListItem\",\"position\":1,\"name\":\"Portada\",\"item\":\"https:\/\/luchonoticias.com\/editor\/\"},{\"@type\":\"ListItem\",\"position\":2,\"name\":\"Balance huilense en fecha del interclubes sub &#8211; 17\"}]},{\"@type\":\"WebSite\",\"@id\":\"https:\/\/luchonoticias.com\/editor\/#website\",\"url\":\"https:\/\/luchonoticias.com\/editor\/\",\"name\":\"\",\"description\":\"\",\"publisher\":{\"@id\":\"https:\/\/luchonoticias.com\/editor\/#\/schema\/person\/7a7fd911f58561fd056dbac7b55af9cd\"},\"potentialAction\":[{\"@type\":\"SearchAction\",\"target\":{\"@type\":\"EntryPoint\",\"urlTemplate\":\"https:\/\/luchonoticias.com\/editor\/?s={search_term_string}\"},\"query-input\":{\"@type\":\"PropertyValueSpecification\",\"valueRequired\":true,\"valueName\":\"search_term_string\"}}],\"inLanguage\":\"es\"},{\"@type\":[\"Person\",\"Organization\"],\"@id\":\"https:\/\/luchonoticias.com\/editor\/#\/schema\/person\/7a7fd911f58561fd056dbac7b55af9cd\",\"name\":\"admin\",\"image\":{\"@type\":\"ImageObject\",\"inLanguage\":\"es\",\"@id\":\"https:\/\/luchonoticias.com\/editor\/#\/schema\/person\/image\/\",\"url\":\"https:\/\/luchonoticias.com\/editor\/wp-content\/uploads\/2024\/02\/cropped-cropped-logolu.webp\",\"contentUrl\":\"https:\/\/luchonoticias.com\/editor\/wp-content\/uploads\/2024\/02\/cropped-cropped-logolu.webp\",\"width\":382,\"height\":170,\"caption\":\"admin\"},\"logo\":{\"@id\":\"https:\/\/luchonoticias.com\/editor\/#\/schema\/person\/image\/\"},\"sameAs\":[\"https:\/\/www.facebook.com\/luchonoticiasneiva\"],\"url\":\"https:\/\/luchonoticias.com\/editor\/author\/admin\/\"}]}<\/script>\n<!-- \/ Yoast SEO plugin. -->","yoast_head_json":{"title":"Balance huilense en fecha del interclubes sub - 17 -","robots":{"index":"index","follow":"follow","max-snippet":"max-snippet:-1","max-image-preview":"max-image-preview:large","max-video-preview":"max-video-preview:-1"},"canonical":"https:\/\/luchonoticias.com\/editor\/balance-huilense-en-fecha-del-interclubes-sub-17\/","og_locale":"es_ES","og_type":"article","og_title":"Balance huilense en fecha del interclubes sub - 17 -","og_url":"https:\/\/luchonoticias.com\/editor\/balance-huilense-en-fecha-del-interclubes-sub-17\/","article_publisher":"https:\/\/www.facebook.com\/luchonoticiasneiva","article_author":"https:\/\/www.facebook.com\/luchonoticiasneiva","article_published_time":"2022-05-09T10:34:58+00:00","article_modified_time":"2022-05-09T10:35:00+00:00","author":"admin","twitter_card":"summary_large_image","twitter_misc":{"Escrito por":"admin","Tiempo de lectura":"1 minuto"},"schema":{"@context":"https:\/\/schema.org","@graph":[{"@type":"Article","@id":"https:\/\/luchonoticias.com\/editor\/balance-huilense-en-fecha-del-interclubes-sub-17\/#article","isPartOf":{"@id":"https:\/\/luchonoticias.com\/editor\/balance-huilense-en-fecha-del-interclubes-sub-17\/"},"author":{"name":"admin","@id":"https:\/\/luchonoticias.com\/editor\/#\/schema\/person\/7a7fd911f58561fd056dbac7b55af9cd"},"headline":"Balance huilense en fecha del interclubes sub &#8211; 17","datePublished":"2022-05-09T10:34:58+00:00","dateModified":"2022-05-09T10:35:00+00:00","mainEntityOfPage":{"@id":"https:\/\/luchonoticias.com\/editor\/balance-huilense-en-fecha-del-interclubes-sub-17\/"},"wordCount":143,"commentCount":0,"publisher":{"@id":"https:\/\/luchonoticias.com\/editor\/#\/schema\/person\/7a7fd911f58561fd056dbac7b55af9cd"},"articleSection":["Deportes"],"inLanguage":"es","potentialAction":[{"@type":"CommentAction","name":"Comment","target":["https:\/\/luchonoticias.com\/editor\/balance-huilense-en-fecha-del-interclubes-sub-17\/#respond"]}]},{"@type":"WebPage","@id":"https:\/\/luchonoticias.com\/editor\/balance-huilense-en-fecha-del-interclubes-sub-17\/","url":"https:\/\/luchonoticias.com\/editor\/balance-huilense-en-fecha-del-interclubes-sub-17\/","name":"Balance huilense en fecha del interclubes sub - 17 -","isPartOf":{"@id":"https:\/\/luchonoticias.com\/editor\/#website"},"datePublished":"2022-05-09T10:34:58+00:00","dateModified":"2022-05-09T10:35:00+00:00","breadcrumb":{"@id":"https:\/\/luchonoticias.com\/editor\/balance-huilense-en-fecha-del-interclubes-sub-17\/#breadcrumb"},"inLanguage":"es","potentialAction":[{"@type":"ReadAction","target":["https:\/\/luchonoticias.com\/editor\/balance-huilense-en-fecha-del-interclubes-sub-17\/"]}]},{"@type":"BreadcrumbList","@id":"https:\/\/luchonoticias.com\/editor\/balance-huilense-en-fecha-del-interclubes-sub-17\/#breadcrumb","itemListElement":[{"@type":"ListItem","position":1,"name":"Portada","item":"https:\/\/luchonoticias.com\/editor\/"},{"@type":"ListItem","position":2,"name":"Balance huilense en fecha del interclubes sub &#8211; 17"}]},{"@type":"WebSite","@id":"https:\/\/luchonoticias.com\/editor\/#website","url":"https:\/\/luchonoticias.com\/editor\/","name":"","description":"","publisher":{"@id":"https:\/\/luchonoticias.com\/editor\/#\/schema\/person\/7a7fd911f58561fd056dbac7b55af9cd"},"potentialAction":[{"@type":"SearchAction","target":{"@type":"EntryPoint","urlTemplate":"https:\/\/luchonoticias.com\/editor\/?s={search_term_string}"},"query-input":{"@type":"PropertyValueSpecification","valueRequired":true,"valueName":"search_term_string"}}],"inLanguage":"es"},{"@type":["Person","Organization"],"@id":"https:\/\/luchonoticias.com\/editor\/#\/schema\/person\/7a7fd911f58561fd056dbac7b55af9cd","name":"admin","image":{"@type":"ImageObject","inLanguage":"es","@id":"https:\/\/luchonoticias.com\/editor\/#\/schema\/person\/image\/","url":"https:\/\/luchonoticias.com\/editor\/wp-content\/uploads\/2024\/02\/cropped-cropped-logolu.webp","contentUrl":"https:\/\/luchonoticias.com\/editor\/wp-content\/uploads\/2024\/02\/cropped-cropped-logolu.webp","width":382,"height":170,"caption":"admin"},"logo":{"@id":"https:\/\/luchonoticias.com\/editor\/#\/schema\/person\/image\/"},"sameAs":["https:\/\/www.facebook.com\/luchonoticiasneiva"],"url":"https:\/\/luchonoticias.com\/editor\/author\/admin\/"}]}},"_links":{"self":[{"href":"https:\/\/luchonoticias.com\/editor\/wp-json\/wp\/v2\/posts\/25470","targetHints":{"allow":["GET"]}}],"collection":[{"href":"https:\/\/luchonoticias.com\/editor\/wp-json\/wp\/v2\/posts"}],"about":[{"href":"https:\/\/luchonoticias.com\/editor\/wp-json\/wp\/v2\/types\/post"}],"author":[{"embeddable":true,"href":"https:\/\/luchonoticias.com\/editor\/wp-json\/wp\/v2\/users\/1"}],"replies":[{"embeddable":true,"href":"https:\/\/luchonoticias.com\/editor\/wp-json\/wp\/v2\/comments?post=25470"}],"version-history":[{"count":0,"href":"https:\/\/luchonoticias.com\/editor\/wp-json\/wp\/v2\/posts\/25470\/revisions"}],"wp:attachment":[{"href":"https:\/\/luchonoticias.com\/editor\/wp-json\/wp\/v2\/media?parent=25470"}],"wp:term":[{"taxonomy":"category","embeddable":true,"href":"https:\/\/luchonoticias.com\/editor\/wp-json\/wp\/v2\/categories?post=25470"},{"taxonomy":"post_tag","embeddable":true,"href":"https:\/\/luchonoticias.com\/editor\/wp-json\/wp\/v2\/tags?post=25470"}],"curies":[{"name":"wp","href":"https:\/\/api.w.org\/{rel}","templated":true}]}}