{"id":25548,"date":"2022-05-10T04:51:06","date_gmt":"2022-05-10T09:51:06","guid":{"rendered":"https:\/\/luchonoticias.com\/?p=25548"},"modified":"2022-05-10T04:51:08","modified_gmt":"2022-05-10T09:51:08","slug":"habitantes-de-calle-en-proceso-de-resocializacion-se-capacitaron-en-informatica-basica","status":"publish","type":"post","link":"https:\/\/luchonoticias.com\/editor\/habitantes-de-calle-en-proceso-de-resocializacion-se-capacitaron-en-informatica-basica\/","title":{"rendered":"Habitantes de calle en proceso de resocializaci\u00f3n, se capacitaron en inform\u00e1tica b\u00e1sica"},"content":{"rendered":"\n<p>A Jaime Alonso R\u00edos Zapata, el mundo de la drogadicci\u00f3n le imped\u00eda conocer m\u00e1s all\u00e1 de lo que \u00e9ste le ofrec\u00eda y lo hund\u00eda m\u00e1s en ese abismo del que no pod\u00eda salir. Sin embargo, luego de batallar durante 34 a\u00f1os contra su adicci\u00f3n, hace dos meses se dio una oportunidad de salir adelante cuando conoci\u00f3 la Fundaci\u00f3n Renacer y los profesionales del Programa Casa de Apoyo al Habitante de Calle, de la Alcald\u00eda de Neiva, que a trav\u00e9s de su compromiso con el bienestar de esta poblaci\u00f3n, brindan espacios de resocializaci\u00f3n e inclusi\u00f3n social.<\/p>\n\n\n\n<p>En estos espacios \u00e9l y sus compa\u00f1eros reciben capacitaci\u00f3n en diferentes \u00e1reas del conocimiento, una de ellas y de la cual le han sacado mucho provecho, es el brindado por la Secretar\u00eda de TIC y el programa Ciencia, Tecnolog\u00eda e Innovaci\u00f3n, a trav\u00e9s del curso Inform\u00e1tica B\u00e1sica.<\/p>\n\n\n\n<figure class=\"wp-block-gallery has-nested-images columns-default is-cropped wp-block-gallery-1 is-layout-flex wp-block-gallery-is-layout-flex\">\n<figure class=\"wp-block-image size-large\"><img decoding=\"async\" data-id=\"25550\" src=\"https:\/\/luchonoticias.com\/wp-content\/uploads\/2022\/05\/WhatsApp-Image-2022-05-09-at-7.30.27-PM-2-1024x768.jpeg\" alt=\"\" class=\"wp-image-25550\"\/><\/figure>\n\n\n\n<figure class=\"wp-block-image size-large\"><img decoding=\"async\" data-id=\"25552\" src=\"https:\/\/luchonoticias.com\/wp-content\/uploads\/2022\/05\/WhatsApp-Image-2022-05-09-at-7.30.27-PM-1-1024x768.jpeg\" alt=\"\" class=\"wp-image-25552\"\/><\/figure>\n\n\n\n<figure class=\"wp-block-image size-large\"><img decoding=\"async\" data-id=\"25551\" src=\"https:\/\/luchonoticias.com\/wp-content\/uploads\/2022\/05\/WhatsApp-Image-2022-05-09-at-7.30.27-PM-1024x768.jpeg\" alt=\"\" class=\"wp-image-25551\"\/><\/figure>\n<\/figure>\n\n\n\n<p>El objetivo de este curso es capacitar a los habitantes de la Fundaci\u00f3n Renacer mediante competencias digitales b\u00e1sicas, bas\u00e1ndose en la arquitectura de un PC, el paso a paso para diferenciar los tipos de informaci\u00f3n y c\u00f3mo acceder a internet.<\/p>\n\n\n\n<p>\u201cMuy interesante, porque hoy en d\u00eda todo se mueve a trav\u00e9s de las tecnolog\u00edas, adem\u00e1s, es muy importante para m\u00e1s adelante obtener un empleo y poder comunicarme\u201d, expres\u00f3 Jaime.<\/p>\n\n\n\n<p>De acuerdo con Heidy Johanna Cardozo Moreno , l\u00edder del Programa Casa de Apoyo al Habitante de Calle, adscrito a la Secretar\u00eda de Desarrollo Social e Inclusi\u00f3n, esta capacitaci\u00f3n brindada por la Secretar\u00eda de TIC y la Universidad Cooperativa, es muy importante porque esta poblaci\u00f3n interna aprende herramientas tecnol\u00f3gicas, que le permitir\u00e1n enfrentarse a la vida social y laboral.<\/p>\n\n\n\n<figure class=\"wp-block-gallery has-nested-images columns-default is-cropped wp-block-gallery-2 is-layout-flex wp-block-gallery-is-layout-flex\">\n<figure class=\"wp-block-image size-large\"><img decoding=\"async\" data-id=\"25553\" src=\"https:\/\/luchonoticias.com\/wp-content\/uploads\/2022\/05\/WhatsApp-Image-2022-05-09-at-7.30.26-PM-1024x768.jpeg\" alt=\"\" class=\"wp-image-25553\"\/><\/figure>\n\n\n\n<figure class=\"wp-block-image size-large\"><img decoding=\"async\" data-id=\"25554\" src=\"https:\/\/luchonoticias.com\/wp-content\/uploads\/2022\/05\/WhatsApp-Image-2022-05-09-at-7.30.25-PM-1-1024x768.jpeg\" alt=\"\" class=\"wp-image-25554\"\/><\/figure>\n\n\n\n<figure class=\"wp-block-image size-large\"><img decoding=\"async\" data-id=\"25555\" src=\"https:\/\/luchonoticias.com\/wp-content\/uploads\/2022\/05\/WhatsApp-Image-2022-05-09-at-7.30.25-PM-1024x768.jpeg\" alt=\"\" class=\"wp-image-25555\"\/><\/figure>\n<\/figure>\n\n\n\n<p>Jaime, aunque no es de esta regi\u00f3n, agradeci\u00f3 a esta administraci\u00f3n que lidera el alcalde de Neiva Gorky Mu\u00f1oz Calder\u00f3n, por la oportunidad y el apoyo brindado a trav\u00e9s del equipo de profesionales que buscan dignificar la vida de las personas m\u00e1s vulnerables.<\/p>\n\n\n\n<p>\u201cMuy agradecido. En nombre de todos mis compa\u00f1eros, le doy las gracias al se\u00f1or Alcalde y a todos los que nos apoyan. Muchas gracias y que Dios los bendiga\u201d, manifest\u00f3 Jaime, quien dijo que har\u00e1 lo posible por no defraudarlos, porque quiere ser un ejemplo de superaci\u00f3n personal para aquellas personas que a\u00fan est\u00e1n en condici\u00f3n de calle.<\/p>\n","protected":false},"excerpt":{"rendered":"<p>A Jaime Alonso R\u00edos Zapata, el mundo de la drogadicci\u00f3n le imped\u00eda conocer m\u00e1s all\u00e1 de lo que \u00e9ste le ofrec\u00eda y lo hund\u00eda m\u00e1s en ese abismo del que no pod\u00eda salir. Sin embargo, luego de batallar durante 34 a\u00f1os contra su adicci\u00f3n, hace dos meses se dio una oportunidad de salir adelante cuando [&hellip;]<\/p>\n","protected":false},"author":1,"featured_media":0,"comment_status":"open","ping_status":"open","sticky":false,"template":"","format":"standard","meta":{"footnotes":""},"categories":[36,53],"tags":[],"class_list":["post-25548","post","type-post","status-publish","format-standard","hentry","category-destacado","category-neiva"],"yoast_head":"<!-- This site is optimized with the Yoast SEO plugin v26.6 - https:\/\/yoast.com\/wordpress\/plugins\/seo\/ -->\n<title>Habitantes de calle en proceso de resocializaci\u00f3n, se capacitaron en inform\u00e1tica b\u00e1sica -<\/title>\n<meta name=\"robots\" content=\"index, follow, max-snippet:-1, max-image-preview:large, max-video-preview:-1\" \/>\n<link rel=\"canonical\" href=\"https:\/\/luchonoticias.com\/editor\/habitantes-de-calle-en-proceso-de-resocializacion-se-capacitaron-en-informatica-basica\/\" \/>\n<meta property=\"og:locale\" content=\"es_ES\" \/>\n<meta property=\"og:type\" content=\"article\" \/>\n<meta property=\"og:title\" content=\"Habitantes de calle en proceso de resocializaci\u00f3n, se capacitaron en inform\u00e1tica b\u00e1sica -\" \/>\n<meta property=\"og:url\" content=\"https:\/\/luchonoticias.com\/editor\/habitantes-de-calle-en-proceso-de-resocializacion-se-capacitaron-en-informatica-basica\/\" \/>\n<meta property=\"article:publisher\" content=\"https:\/\/www.facebook.com\/luchonoticiasneiva\" \/>\n<meta property=\"article:author\" content=\"https:\/\/www.facebook.com\/luchonoticiasneiva\" \/>\n<meta property=\"article:published_time\" content=\"2022-05-10T09:51:06+00:00\" \/>\n<meta property=\"article:modified_time\" content=\"2022-05-10T09:51:08+00:00\" \/>\n<meta property=\"og:image\" content=\"https:\/\/luchonoticias.com\/wp-content\/uploads\/2022\/05\/WhatsApp-Image-2022-05-09-at-7.30.27-PM-2-1024x768.jpeg\" \/>\n<meta name=\"author\" content=\"admin\" \/>\n<meta name=\"twitter:card\" content=\"summary_large_image\" \/>\n<meta name=\"twitter:label1\" content=\"Escrito por\" \/>\n\t<meta name=\"twitter:data1\" content=\"admin\" \/>\n\t<meta name=\"twitter:label2\" content=\"Tiempo de lectura\" \/>\n\t<meta name=\"twitter:data2\" content=\"2 minutos\" \/>\n<script type=\"application\/ld+json\" class=\"yoast-schema-graph\">{\"@context\":\"https:\/\/schema.org\",\"@graph\":[{\"@type\":\"Article\",\"@id\":\"https:\/\/luchonoticias.com\/editor\/habitantes-de-calle-en-proceso-de-resocializacion-se-capacitaron-en-informatica-basica\/#article\",\"isPartOf\":{\"@id\":\"https:\/\/luchonoticias.com\/editor\/habitantes-de-calle-en-proceso-de-resocializacion-se-capacitaron-en-informatica-basica\/\"},\"author\":{\"name\":\"admin\",\"@id\":\"https:\/\/luchonoticias.com\/editor\/#\/schema\/person\/7a7fd911f58561fd056dbac7b55af9cd\"},\"headline\":\"Habitantes de calle en proceso de resocializaci\u00f3n, se capacitaron en inform\u00e1tica b\u00e1sica\",\"datePublished\":\"2022-05-10T09:51:06+00:00\",\"dateModified\":\"2022-05-10T09:51:08+00:00\",\"mainEntityOfPage\":{\"@id\":\"https:\/\/luchonoticias.com\/editor\/habitantes-de-calle-en-proceso-de-resocializacion-se-capacitaron-en-informatica-basica\/\"},\"wordCount\":438,\"commentCount\":0,\"publisher\":{\"@id\":\"https:\/\/luchonoticias.com\/editor\/#\/schema\/person\/7a7fd911f58561fd056dbac7b55af9cd\"},\"image\":{\"@id\":\"https:\/\/luchonoticias.com\/editor\/habitantes-de-calle-en-proceso-de-resocializacion-se-capacitaron-en-informatica-basica\/#primaryimage\"},\"thumbnailUrl\":\"https:\/\/luchonoticias.com\/wp-content\/uploads\/2022\/05\/WhatsApp-Image-2022-05-09-at-7.30.27-PM-2-1024x768.jpeg\",\"articleSection\":[\"Destacado\",\"Neiva\"],\"inLanguage\":\"es\",\"potentialAction\":[{\"@type\":\"CommentAction\",\"name\":\"Comment\",\"target\":[\"https:\/\/luchonoticias.com\/editor\/habitantes-de-calle-en-proceso-de-resocializacion-se-capacitaron-en-informatica-basica\/#respond\"]}]},{\"@type\":\"WebPage\",\"@id\":\"https:\/\/luchonoticias.com\/editor\/habitantes-de-calle-en-proceso-de-resocializacion-se-capacitaron-en-informatica-basica\/\",\"url\":\"https:\/\/luchonoticias.com\/editor\/habitantes-de-calle-en-proceso-de-resocializacion-se-capacitaron-en-informatica-basica\/\",\"name\":\"Habitantes de calle en proceso de resocializaci\u00f3n, se capacitaron en inform\u00e1tica b\u00e1sica -\",\"isPartOf\":{\"@id\":\"https:\/\/luchonoticias.com\/editor\/#website\"},\"primaryImageOfPage\":{\"@id\":\"https:\/\/luchonoticias.com\/editor\/habitantes-de-calle-en-proceso-de-resocializacion-se-capacitaron-en-informatica-basica\/#primaryimage\"},\"image\":{\"@id\":\"https:\/\/luchonoticias.com\/editor\/habitantes-de-calle-en-proceso-de-resocializacion-se-capacitaron-en-informatica-basica\/#primaryimage\"},\"thumbnailUrl\":\"https:\/\/luchonoticias.com\/wp-content\/uploads\/2022\/05\/WhatsApp-Image-2022-05-09-at-7.30.27-PM-2-1024x768.jpeg\",\"datePublished\":\"2022-05-10T09:51:06+00:00\",\"dateModified\":\"2022-05-10T09:51:08+00:00\",\"breadcrumb\":{\"@id\":\"https:\/\/luchonoticias.com\/editor\/habitantes-de-calle-en-proceso-de-resocializacion-se-capacitaron-en-informatica-basica\/#breadcrumb\"},\"inLanguage\":\"es\",\"potentialAction\":[{\"@type\":\"ReadAction\",\"target\":[\"https:\/\/luchonoticias.com\/editor\/habitantes-de-calle-en-proceso-de-resocializacion-se-capacitaron-en-informatica-basica\/\"]}]},{\"@type\":\"ImageObject\",\"inLanguage\":\"es\",\"@id\":\"https:\/\/luchonoticias.com\/editor\/habitantes-de-calle-en-proceso-de-resocializacion-se-capacitaron-en-informatica-basica\/#primaryimage\",\"url\":\"https:\/\/luchonoticias.com\/wp-content\/uploads\/2022\/05\/WhatsApp-Image-2022-05-09-at-7.30.27-PM-2-1024x768.jpeg\",\"contentUrl\":\"https:\/\/luchonoticias.com\/wp-content\/uploads\/2022\/05\/WhatsApp-Image-2022-05-09-at-7.30.27-PM-2-1024x768.jpeg\"},{\"@type\":\"BreadcrumbList\",\"@id\":\"https:\/\/luchonoticias.com\/editor\/habitantes-de-calle-en-proceso-de-resocializacion-se-capacitaron-en-informatica-basica\/#breadcrumb\",\"itemListElement\":[{\"@type\":\"ListItem\",\"position\":1,\"name\":\"Portada\",\"item\":\"https:\/\/luchonoticias.com\/editor\/\"},{\"@type\":\"ListItem\",\"position\":2,\"name\":\"Habitantes de calle en proceso de resocializaci\u00f3n, se capacitaron en inform\u00e1tica b\u00e1sica\"}]},{\"@type\":\"WebSite\",\"@id\":\"https:\/\/luchonoticias.com\/editor\/#website\",\"url\":\"https:\/\/luchonoticias.com\/editor\/\",\"name\":\"\",\"description\":\"\",\"publisher\":{\"@id\":\"https:\/\/luchonoticias.com\/editor\/#\/schema\/person\/7a7fd911f58561fd056dbac7b55af9cd\"},\"potentialAction\":[{\"@type\":\"SearchAction\",\"target\":{\"@type\":\"EntryPoint\",\"urlTemplate\":\"https:\/\/luchonoticias.com\/editor\/?s={search_term_string}\"},\"query-input\":{\"@type\":\"PropertyValueSpecification\",\"valueRequired\":true,\"valueName\":\"search_term_string\"}}],\"inLanguage\":\"es\"},{\"@type\":[\"Person\",\"Organization\"],\"@id\":\"https:\/\/luchonoticias.com\/editor\/#\/schema\/person\/7a7fd911f58561fd056dbac7b55af9cd\",\"name\":\"admin\",\"image\":{\"@type\":\"ImageObject\",\"inLanguage\":\"es\",\"@id\":\"https:\/\/luchonoticias.com\/editor\/#\/schema\/person\/image\/\",\"url\":\"https:\/\/luchonoticias.com\/editor\/wp-content\/uploads\/2024\/02\/cropped-cropped-logolu.webp\",\"contentUrl\":\"https:\/\/luchonoticias.com\/editor\/wp-content\/uploads\/2024\/02\/cropped-cropped-logolu.webp\",\"width\":382,\"height\":170,\"caption\":\"admin\"},\"logo\":{\"@id\":\"https:\/\/luchonoticias.com\/editor\/#\/schema\/person\/image\/\"},\"sameAs\":[\"https:\/\/www.facebook.com\/luchonoticiasneiva\"],\"url\":\"https:\/\/luchonoticias.com\/editor\/author\/admin\/\"}]}<\/script>\n<!-- \/ Yoast SEO plugin. -->","yoast_head_json":{"title":"Habitantes de calle en proceso de resocializaci\u00f3n, se capacitaron en inform\u00e1tica b\u00e1sica -","robots":{"index":"index","follow":"follow","max-snippet":"max-snippet:-1","max-image-preview":"max-image-preview:large","max-video-preview":"max-video-preview:-1"},"canonical":"https:\/\/luchonoticias.com\/editor\/habitantes-de-calle-en-proceso-de-resocializacion-se-capacitaron-en-informatica-basica\/","og_locale":"es_ES","og_type":"article","og_title":"Habitantes de calle en proceso de resocializaci\u00f3n, se capacitaron en inform\u00e1tica b\u00e1sica -","og_url":"https:\/\/luchonoticias.com\/editor\/habitantes-de-calle-en-proceso-de-resocializacion-se-capacitaron-en-informatica-basica\/","article_publisher":"https:\/\/www.facebook.com\/luchonoticiasneiva","article_author":"https:\/\/www.facebook.com\/luchonoticiasneiva","article_published_time":"2022-05-10T09:51:06+00:00","article_modified_time":"2022-05-10T09:51:08+00:00","og_image":[{"url":"https:\/\/luchonoticias.com\/wp-content\/uploads\/2022\/05\/WhatsApp-Image-2022-05-09-at-7.30.27-PM-2-1024x768.jpeg","type":"","width":"","height":""}],"author":"admin","twitter_card":"summary_large_image","twitter_misc":{"Escrito por":"admin","Tiempo de lectura":"2 minutos"},"schema":{"@context":"https:\/\/schema.org","@graph":[{"@type":"Article","@id":"https:\/\/luchonoticias.com\/editor\/habitantes-de-calle-en-proceso-de-resocializacion-se-capacitaron-en-informatica-basica\/#article","isPartOf":{"@id":"https:\/\/luchonoticias.com\/editor\/habitantes-de-calle-en-proceso-de-resocializacion-se-capacitaron-en-informatica-basica\/"},"author":{"name":"admin","@id":"https:\/\/luchonoticias.com\/editor\/#\/schema\/person\/7a7fd911f58561fd056dbac7b55af9cd"},"headline":"Habitantes de calle en proceso de resocializaci\u00f3n, se capacitaron en inform\u00e1tica b\u00e1sica","datePublished":"2022-05-10T09:51:06+00:00","dateModified":"2022-05-10T09:51:08+00:00","mainEntityOfPage":{"@id":"https:\/\/luchonoticias.com\/editor\/habitantes-de-calle-en-proceso-de-resocializacion-se-capacitaron-en-informatica-basica\/"},"wordCount":438,"commentCount":0,"publisher":{"@id":"https:\/\/luchonoticias.com\/editor\/#\/schema\/person\/7a7fd911f58561fd056dbac7b55af9cd"},"image":{"@id":"https:\/\/luchonoticias.com\/editor\/habitantes-de-calle-en-proceso-de-resocializacion-se-capacitaron-en-informatica-basica\/#primaryimage"},"thumbnailUrl":"https:\/\/luchonoticias.com\/wp-content\/uploads\/2022\/05\/WhatsApp-Image-2022-05-09-at-7.30.27-PM-2-1024x768.jpeg","articleSection":["Destacado","Neiva"],"inLanguage":"es","potentialAction":[{"@type":"CommentAction","name":"Comment","target":["https:\/\/luchonoticias.com\/editor\/habitantes-de-calle-en-proceso-de-resocializacion-se-capacitaron-en-informatica-basica\/#respond"]}]},{"@type":"WebPage","@id":"https:\/\/luchonoticias.com\/editor\/habitantes-de-calle-en-proceso-de-resocializacion-se-capacitaron-en-informatica-basica\/","url":"https:\/\/luchonoticias.com\/editor\/habitantes-de-calle-en-proceso-de-resocializacion-se-capacitaron-en-informatica-basica\/","name":"Habitantes de calle en proceso de resocializaci\u00f3n, se capacitaron en inform\u00e1tica b\u00e1sica -","isPartOf":{"@id":"https:\/\/luchonoticias.com\/editor\/#website"},"primaryImageOfPage":{"@id":"https:\/\/luchonoticias.com\/editor\/habitantes-de-calle-en-proceso-de-resocializacion-se-capacitaron-en-informatica-basica\/#primaryimage"},"image":{"@id":"https:\/\/luchonoticias.com\/editor\/habitantes-de-calle-en-proceso-de-resocializacion-se-capacitaron-en-informatica-basica\/#primaryimage"},"thumbnailUrl":"https:\/\/luchonoticias.com\/wp-content\/uploads\/2022\/05\/WhatsApp-Image-2022-05-09-at-7.30.27-PM-2-1024x768.jpeg","datePublished":"2022-05-10T09:51:06+00:00","dateModified":"2022-05-10T09:51:08+00:00","breadcrumb":{"@id":"https:\/\/luchonoticias.com\/editor\/habitantes-de-calle-en-proceso-de-resocializacion-se-capacitaron-en-informatica-basica\/#breadcrumb"},"inLanguage":"es","potentialAction":[{"@type":"ReadAction","target":["https:\/\/luchonoticias.com\/editor\/habitantes-de-calle-en-proceso-de-resocializacion-se-capacitaron-en-informatica-basica\/"]}]},{"@type":"ImageObject","inLanguage":"es","@id":"https:\/\/luchonoticias.com\/editor\/habitantes-de-calle-en-proceso-de-resocializacion-se-capacitaron-en-informatica-basica\/#primaryimage","url":"https:\/\/luchonoticias.com\/wp-content\/uploads\/2022\/05\/WhatsApp-Image-2022-05-09-at-7.30.27-PM-2-1024x768.jpeg","contentUrl":"https:\/\/luchonoticias.com\/wp-content\/uploads\/2022\/05\/WhatsApp-Image-2022-05-09-at-7.30.27-PM-2-1024x768.jpeg"},{"@type":"BreadcrumbList","@id":"https:\/\/luchonoticias.com\/editor\/habitantes-de-calle-en-proceso-de-resocializacion-se-capacitaron-en-informatica-basica\/#breadcrumb","itemListElement":[{"@type":"ListItem","position":1,"name":"Portada","item":"https:\/\/luchonoticias.com\/editor\/"},{"@type":"ListItem","position":2,"name":"Habitantes de calle en proceso de resocializaci\u00f3n, se capacitaron en inform\u00e1tica b\u00e1sica"}]},{"@type":"WebSite","@id":"https:\/\/luchonoticias.com\/editor\/#website","url":"https:\/\/luchonoticias.com\/editor\/","name":"","description":"","publisher":{"@id":"https:\/\/luchonoticias.com\/editor\/#\/schema\/person\/7a7fd911f58561fd056dbac7b55af9cd"},"potentialAction":[{"@type":"SearchAction","target":{"@type":"EntryPoint","urlTemplate":"https:\/\/luchonoticias.com\/editor\/?s={search_term_string}"},"query-input":{"@type":"PropertyValueSpecification","valueRequired":true,"valueName":"search_term_string"}}],"inLanguage":"es"},{"@type":["Person","Organization"],"@id":"https:\/\/luchonoticias.com\/editor\/#\/schema\/person\/7a7fd911f58561fd056dbac7b55af9cd","name":"admin","image":{"@type":"ImageObject","inLanguage":"es","@id":"https:\/\/luchonoticias.com\/editor\/#\/schema\/person\/image\/","url":"https:\/\/luchonoticias.com\/editor\/wp-content\/uploads\/2024\/02\/cropped-cropped-logolu.webp","contentUrl":"https:\/\/luchonoticias.com\/editor\/wp-content\/uploads\/2024\/02\/cropped-cropped-logolu.webp","width":382,"height":170,"caption":"admin"},"logo":{"@id":"https:\/\/luchonoticias.com\/editor\/#\/schema\/person\/image\/"},"sameAs":["https:\/\/www.facebook.com\/luchonoticiasneiva"],"url":"https:\/\/luchonoticias.com\/editor\/author\/admin\/"}]}},"_links":{"self":[{"href":"https:\/\/luchonoticias.com\/editor\/wp-json\/wp\/v2\/posts\/25548","targetHints":{"allow":["GET"]}}],"collection":[{"href":"https:\/\/luchonoticias.com\/editor\/wp-json\/wp\/v2\/posts"}],"about":[{"href":"https:\/\/luchonoticias.com\/editor\/wp-json\/wp\/v2\/types\/post"}],"author":[{"embeddable":true,"href":"https:\/\/luchonoticias.com\/editor\/wp-json\/wp\/v2\/users\/1"}],"replies":[{"embeddable":true,"href":"https:\/\/luchonoticias.com\/editor\/wp-json\/wp\/v2\/comments?post=25548"}],"version-history":[{"count":0,"href":"https:\/\/luchonoticias.com\/editor\/wp-json\/wp\/v2\/posts\/25548\/revisions"}],"wp:attachment":[{"href":"https:\/\/luchonoticias.com\/editor\/wp-json\/wp\/v2\/media?parent=25548"}],"wp:term":[{"taxonomy":"category","embeddable":true,"href":"https:\/\/luchonoticias.com\/editor\/wp-json\/wp\/v2\/categories?post=25548"},{"taxonomy":"post_tag","embeddable":true,"href":"https:\/\/luchonoticias.com\/editor\/wp-json\/wp\/v2\/tags?post=25548"}],"curies":[{"name":"wp","href":"https:\/\/api.w.org\/{rel}","templated":true}]}}