{"id":25632,"date":"2022-05-11T07:11:31","date_gmt":"2022-05-11T12:11:31","guid":{"rendered":"https:\/\/luchonoticias.com\/?p=25632"},"modified":"2022-05-11T07:11:33","modified_gmt":"2022-05-11T12:11:33","slug":"obra-del-setp-sobre-la-carrera-segunda-ha-generado-mas-de-250-empleos-en-neiva","status":"publish","type":"post","link":"https:\/\/luchonoticias.com\/editor\/obra-del-setp-sobre-la-carrera-segunda-ha-generado-mas-de-250-empleos-en-neiva\/","title":{"rendered":"Obra del SETP, sobre la carrera segunda, ha generado m\u00e1s de 250 empleos en Neiva"},"content":{"rendered":"\n<p>Desde el mes de octubre del 2021, que se dio inicio a la obra de construcci\u00f3n, renovaci\u00f3n y rehabilitaci\u00f3n de andenes y obras complementarias de la carrera Segunda, entre la Avenida la Toma y la calle Quinta, el ente gestor del Sistema Estrat\u00e9gico de Transporte P\u00fablico, SETP, de Neiva ha generado m\u00e1s de 250 empleos directos e indirectos, con los que se han beneficiado habitantes del sector en intervenci\u00f3n y de diferentes zonas de la ciudad.<\/p>\n\n\n\n<p>\u201cA trav\u00e9s de esta obra hemos generado alrededor de 261 empleos directos e indirectos, de los cuales 10 son empleos que tienen que ver con obra calificada y el restante de obra no calificada, donde habitantes del sector son los mayores beneficiados\u201d, afirm\u00f3 Juan Carlos Gonz\u00e1lez Mej\u00eda, gerente del SETP Neiva.<\/p>\n\n\n\n<p>De esta forma, el desarrollo de la obra cumple con uno de sus objetivos que es aportar al desarrollo econ\u00f3mico de la ciudad, con el fin de superar la crisis causada por la pandemia del COVID-19 de tres formas; la primera a trav\u00e9s de la generaci\u00f3n de empleos, la segunda a trav\u00e9s de la garant\u00eda del desarrollo comercial durante la ejecuci\u00f3n de la misma y la tercera con el mejoramiento del espacio para tr\u00e1nsito de clientes y embellecimiento de la zona comercial. \u201cAparte de organizar la ciudad lo que queremos es generar desarrollo en este importante tramo\u201d, agreg\u00f3 el funcionario.<\/p>\n\n\n\n<figure class=\"wp-block-gallery has-nested-images columns-default is-cropped wp-block-gallery-1 is-layout-flex wp-block-gallery-is-layout-flex\">\n<figure class=\"wp-block-image size-large\"><img decoding=\"async\" data-id=\"25635\" src=\"https:\/\/luchonoticias.com\/wp-content\/uploads\/2022\/05\/WhatsApp-Image-2022-05-10-at-7.07.43-PM-2-1024x461.jpeg\" alt=\"\" class=\"wp-image-25635\"\/><\/figure>\n\n\n\n<figure class=\"wp-block-image size-large\"><img decoding=\"async\" data-id=\"25634\" src=\"https:\/\/luchonoticias.com\/wp-content\/uploads\/2022\/05\/WhatsApp-Image-2022-05-10-at-7.07.43-PM-1-1024x461.jpeg\" alt=\"\" class=\"wp-image-25634\"\/><\/figure>\n\n\n\n<figure class=\"wp-block-image size-large\"><img decoding=\"async\" data-id=\"25636\" src=\"https:\/\/luchonoticias.com\/wp-content\/uploads\/2022\/05\/WhatsApp-Image-2022-05-10-at-7.07.42-PM-1-1024x461.jpeg\" alt=\"\" class=\"wp-image-25636\"\/><\/figure>\n<\/figure>\n\n\n\n<p><strong>Una nueva oportunidad<\/strong><\/p>\n\n\n\n<p>Eudiser Nasay\u00f3 Bernal, es un maestro de obra que cuenta con una importante trayectoria en proyectos viales y edificaciones en la ciudad de Neiva, tras el cierre de la ciudad por la pandemia, estuvo un tiempo desempleado; hoy se desempe\u00f1a como maestro general de obra.<\/p>\n\n\n\n<p>\u201cYo cuando llegu\u00e9, como en octubre del a\u00f1o pasado, me dieron trabajo como oficial porque los ingenieros, arquitectos y maestros generales de obra no conoc\u00edan mis capacidades y de un momento para ac\u00e1 desde noviembre vieron mi trabajo\u00a0 como maestro general de obra y me dieron el contrato como maestro. Les ha gustado mi trabajo que es para embellecer la ciudad de Neiva\u201d.<\/p>\n\n\n\n<figure class=\"wp-block-image size-large\"><img decoding=\"async\" src=\"https:\/\/luchonoticias.com\/wp-content\/uploads\/2022\/05\/WhatsApp-Image-2022-05-10-at-7.07.42-PM-1024x461.jpeg\" alt=\"\" class=\"wp-image-25637\"\/><\/figure>\n\n\n\n<p>Las obras que se siguen desarrollando, dando cumplimiento a lo establecido en el cronograma de trabajo, benefician no solo a los peatones que transitan por estos andenes si no a los comerciantes que con las obras ven m\u00e1s organizados sus comercios.<\/p>\n","protected":false},"excerpt":{"rendered":"<p>Desde el mes de octubre del 2021, que se dio inicio a la obra de construcci\u00f3n, renovaci\u00f3n y rehabilitaci\u00f3n de andenes y obras complementarias de la carrera Segunda, entre la Avenida la Toma y la calle Quinta, el ente gestor del Sistema Estrat\u00e9gico de Transporte P\u00fablico, SETP, de Neiva ha generado m\u00e1s de 250 empleos [&hellip;]<\/p>\n","protected":false},"author":1,"featured_media":0,"comment_status":"open","ping_status":"open","sticky":false,"template":"","format":"standard","meta":{"footnotes":""},"categories":[36,53],"tags":[],"class_list":["post-25632","post","type-post","status-publish","format-standard","hentry","category-destacado","category-neiva"],"yoast_head":"<!-- This site is optimized with the Yoast SEO plugin v26.6 - https:\/\/yoast.com\/wordpress\/plugins\/seo\/ -->\n<title>Obra del SETP, sobre la carrera segunda, ha generado m\u00e1s de 250 empleos en Neiva -<\/title>\n<meta name=\"robots\" content=\"index, follow, max-snippet:-1, max-image-preview:large, max-video-preview:-1\" \/>\n<link rel=\"canonical\" href=\"https:\/\/luchonoticias.com\/editor\/obra-del-setp-sobre-la-carrera-segunda-ha-generado-mas-de-250-empleos-en-neiva\/\" \/>\n<meta property=\"og:locale\" content=\"es_ES\" \/>\n<meta property=\"og:type\" content=\"article\" \/>\n<meta property=\"og:title\" content=\"Obra del SETP, sobre la carrera segunda, ha generado m\u00e1s de 250 empleos en Neiva -\" \/>\n<meta property=\"og:url\" content=\"https:\/\/luchonoticias.com\/editor\/obra-del-setp-sobre-la-carrera-segunda-ha-generado-mas-de-250-empleos-en-neiva\/\" \/>\n<meta property=\"article:publisher\" content=\"https:\/\/www.facebook.com\/luchonoticiasneiva\" \/>\n<meta property=\"article:author\" content=\"https:\/\/www.facebook.com\/luchonoticiasneiva\" \/>\n<meta property=\"article:published_time\" content=\"2022-05-11T12:11:31+00:00\" \/>\n<meta property=\"article:modified_time\" content=\"2022-05-11T12:11:33+00:00\" \/>\n<meta property=\"og:image\" content=\"https:\/\/luchonoticias.com\/wp-content\/uploads\/2022\/05\/WhatsApp-Image-2022-05-10-at-7.07.43-PM-2-1024x461.jpeg\" \/>\n<meta name=\"author\" content=\"admin\" \/>\n<meta name=\"twitter:card\" content=\"summary_large_image\" \/>\n<meta name=\"twitter:label1\" content=\"Escrito por\" \/>\n\t<meta name=\"twitter:data1\" content=\"admin\" \/>\n\t<meta name=\"twitter:label2\" content=\"Tiempo de lectura\" \/>\n\t<meta name=\"twitter:data2\" content=\"2 minutos\" \/>\n<script type=\"application\/ld+json\" class=\"yoast-schema-graph\">{\"@context\":\"https:\/\/schema.org\",\"@graph\":[{\"@type\":\"Article\",\"@id\":\"https:\/\/luchonoticias.com\/editor\/obra-del-setp-sobre-la-carrera-segunda-ha-generado-mas-de-250-empleos-en-neiva\/#article\",\"isPartOf\":{\"@id\":\"https:\/\/luchonoticias.com\/editor\/obra-del-setp-sobre-la-carrera-segunda-ha-generado-mas-de-250-empleos-en-neiva\/\"},\"author\":{\"name\":\"admin\",\"@id\":\"https:\/\/luchonoticias.com\/editor\/#\/schema\/person\/7a7fd911f58561fd056dbac7b55af9cd\"},\"headline\":\"Obra del SETP, sobre la carrera segunda, ha generado m\u00e1s de 250 empleos en Neiva\",\"datePublished\":\"2022-05-11T12:11:31+00:00\",\"dateModified\":\"2022-05-11T12:11:33+00:00\",\"mainEntityOfPage\":{\"@id\":\"https:\/\/luchonoticias.com\/editor\/obra-del-setp-sobre-la-carrera-segunda-ha-generado-mas-de-250-empleos-en-neiva\/\"},\"wordCount\":411,\"commentCount\":0,\"publisher\":{\"@id\":\"https:\/\/luchonoticias.com\/editor\/#\/schema\/person\/7a7fd911f58561fd056dbac7b55af9cd\"},\"image\":{\"@id\":\"https:\/\/luchonoticias.com\/editor\/obra-del-setp-sobre-la-carrera-segunda-ha-generado-mas-de-250-empleos-en-neiva\/#primaryimage\"},\"thumbnailUrl\":\"https:\/\/luchonoticias.com\/wp-content\/uploads\/2022\/05\/WhatsApp-Image-2022-05-10-at-7.07.43-PM-2-1024x461.jpeg\",\"articleSection\":[\"Destacado\",\"Neiva\"],\"inLanguage\":\"es\",\"potentialAction\":[{\"@type\":\"CommentAction\",\"name\":\"Comment\",\"target\":[\"https:\/\/luchonoticias.com\/editor\/obra-del-setp-sobre-la-carrera-segunda-ha-generado-mas-de-250-empleos-en-neiva\/#respond\"]}]},{\"@type\":\"WebPage\",\"@id\":\"https:\/\/luchonoticias.com\/editor\/obra-del-setp-sobre-la-carrera-segunda-ha-generado-mas-de-250-empleos-en-neiva\/\",\"url\":\"https:\/\/luchonoticias.com\/editor\/obra-del-setp-sobre-la-carrera-segunda-ha-generado-mas-de-250-empleos-en-neiva\/\",\"name\":\"Obra del SETP, sobre la carrera segunda, ha generado m\u00e1s de 250 empleos en Neiva -\",\"isPartOf\":{\"@id\":\"https:\/\/luchonoticias.com\/editor\/#website\"},\"primaryImageOfPage\":{\"@id\":\"https:\/\/luchonoticias.com\/editor\/obra-del-setp-sobre-la-carrera-segunda-ha-generado-mas-de-250-empleos-en-neiva\/#primaryimage\"},\"image\":{\"@id\":\"https:\/\/luchonoticias.com\/editor\/obra-del-setp-sobre-la-carrera-segunda-ha-generado-mas-de-250-empleos-en-neiva\/#primaryimage\"},\"thumbnailUrl\":\"https:\/\/luchonoticias.com\/wp-content\/uploads\/2022\/05\/WhatsApp-Image-2022-05-10-at-7.07.43-PM-2-1024x461.jpeg\",\"datePublished\":\"2022-05-11T12:11:31+00:00\",\"dateModified\":\"2022-05-11T12:11:33+00:00\",\"breadcrumb\":{\"@id\":\"https:\/\/luchonoticias.com\/editor\/obra-del-setp-sobre-la-carrera-segunda-ha-generado-mas-de-250-empleos-en-neiva\/#breadcrumb\"},\"inLanguage\":\"es\",\"potentialAction\":[{\"@type\":\"ReadAction\",\"target\":[\"https:\/\/luchonoticias.com\/editor\/obra-del-setp-sobre-la-carrera-segunda-ha-generado-mas-de-250-empleos-en-neiva\/\"]}]},{\"@type\":\"ImageObject\",\"inLanguage\":\"es\",\"@id\":\"https:\/\/luchonoticias.com\/editor\/obra-del-setp-sobre-la-carrera-segunda-ha-generado-mas-de-250-empleos-en-neiva\/#primaryimage\",\"url\":\"https:\/\/luchonoticias.com\/wp-content\/uploads\/2022\/05\/WhatsApp-Image-2022-05-10-at-7.07.43-PM-2-1024x461.jpeg\",\"contentUrl\":\"https:\/\/luchonoticias.com\/wp-content\/uploads\/2022\/05\/WhatsApp-Image-2022-05-10-at-7.07.43-PM-2-1024x461.jpeg\"},{\"@type\":\"BreadcrumbList\",\"@id\":\"https:\/\/luchonoticias.com\/editor\/obra-del-setp-sobre-la-carrera-segunda-ha-generado-mas-de-250-empleos-en-neiva\/#breadcrumb\",\"itemListElement\":[{\"@type\":\"ListItem\",\"position\":1,\"name\":\"Portada\",\"item\":\"https:\/\/luchonoticias.com\/editor\/\"},{\"@type\":\"ListItem\",\"position\":2,\"name\":\"Obra del SETP, sobre la carrera segunda, ha generado m\u00e1s de 250 empleos en Neiva\"}]},{\"@type\":\"WebSite\",\"@id\":\"https:\/\/luchonoticias.com\/editor\/#website\",\"url\":\"https:\/\/luchonoticias.com\/editor\/\",\"name\":\"\",\"description\":\"\",\"publisher\":{\"@id\":\"https:\/\/luchonoticias.com\/editor\/#\/schema\/person\/7a7fd911f58561fd056dbac7b55af9cd\"},\"potentialAction\":[{\"@type\":\"SearchAction\",\"target\":{\"@type\":\"EntryPoint\",\"urlTemplate\":\"https:\/\/luchonoticias.com\/editor\/?s={search_term_string}\"},\"query-input\":{\"@type\":\"PropertyValueSpecification\",\"valueRequired\":true,\"valueName\":\"search_term_string\"}}],\"inLanguage\":\"es\"},{\"@type\":[\"Person\",\"Organization\"],\"@id\":\"https:\/\/luchonoticias.com\/editor\/#\/schema\/person\/7a7fd911f58561fd056dbac7b55af9cd\",\"name\":\"admin\",\"image\":{\"@type\":\"ImageObject\",\"inLanguage\":\"es\",\"@id\":\"https:\/\/luchonoticias.com\/editor\/#\/schema\/person\/image\/\",\"url\":\"https:\/\/luchonoticias.com\/editor\/wp-content\/uploads\/2024\/02\/cropped-cropped-logolu.webp\",\"contentUrl\":\"https:\/\/luchonoticias.com\/editor\/wp-content\/uploads\/2024\/02\/cropped-cropped-logolu.webp\",\"width\":382,\"height\":170,\"caption\":\"admin\"},\"logo\":{\"@id\":\"https:\/\/luchonoticias.com\/editor\/#\/schema\/person\/image\/\"},\"sameAs\":[\"https:\/\/www.facebook.com\/luchonoticiasneiva\"],\"url\":\"https:\/\/luchonoticias.com\/editor\/author\/admin\/\"}]}<\/script>\n<!-- \/ Yoast SEO plugin. -->","yoast_head_json":{"title":"Obra del SETP, sobre la carrera segunda, ha generado m\u00e1s de 250 empleos en Neiva -","robots":{"index":"index","follow":"follow","max-snippet":"max-snippet:-1","max-image-preview":"max-image-preview:large","max-video-preview":"max-video-preview:-1"},"canonical":"https:\/\/luchonoticias.com\/editor\/obra-del-setp-sobre-la-carrera-segunda-ha-generado-mas-de-250-empleos-en-neiva\/","og_locale":"es_ES","og_type":"article","og_title":"Obra del SETP, sobre la carrera segunda, ha generado m\u00e1s de 250 empleos en Neiva -","og_url":"https:\/\/luchonoticias.com\/editor\/obra-del-setp-sobre-la-carrera-segunda-ha-generado-mas-de-250-empleos-en-neiva\/","article_publisher":"https:\/\/www.facebook.com\/luchonoticiasneiva","article_author":"https:\/\/www.facebook.com\/luchonoticiasneiva","article_published_time":"2022-05-11T12:11:31+00:00","article_modified_time":"2022-05-11T12:11:33+00:00","og_image":[{"url":"https:\/\/luchonoticias.com\/wp-content\/uploads\/2022\/05\/WhatsApp-Image-2022-05-10-at-7.07.43-PM-2-1024x461.jpeg","type":"","width":"","height":""}],"author":"admin","twitter_card":"summary_large_image","twitter_misc":{"Escrito por":"admin","Tiempo de lectura":"2 minutos"},"schema":{"@context":"https:\/\/schema.org","@graph":[{"@type":"Article","@id":"https:\/\/luchonoticias.com\/editor\/obra-del-setp-sobre-la-carrera-segunda-ha-generado-mas-de-250-empleos-en-neiva\/#article","isPartOf":{"@id":"https:\/\/luchonoticias.com\/editor\/obra-del-setp-sobre-la-carrera-segunda-ha-generado-mas-de-250-empleos-en-neiva\/"},"author":{"name":"admin","@id":"https:\/\/luchonoticias.com\/editor\/#\/schema\/person\/7a7fd911f58561fd056dbac7b55af9cd"},"headline":"Obra del SETP, sobre la carrera segunda, ha generado m\u00e1s de 250 empleos en Neiva","datePublished":"2022-05-11T12:11:31+00:00","dateModified":"2022-05-11T12:11:33+00:00","mainEntityOfPage":{"@id":"https:\/\/luchonoticias.com\/editor\/obra-del-setp-sobre-la-carrera-segunda-ha-generado-mas-de-250-empleos-en-neiva\/"},"wordCount":411,"commentCount":0,"publisher":{"@id":"https:\/\/luchonoticias.com\/editor\/#\/schema\/person\/7a7fd911f58561fd056dbac7b55af9cd"},"image":{"@id":"https:\/\/luchonoticias.com\/editor\/obra-del-setp-sobre-la-carrera-segunda-ha-generado-mas-de-250-empleos-en-neiva\/#primaryimage"},"thumbnailUrl":"https:\/\/luchonoticias.com\/wp-content\/uploads\/2022\/05\/WhatsApp-Image-2022-05-10-at-7.07.43-PM-2-1024x461.jpeg","articleSection":["Destacado","Neiva"],"inLanguage":"es","potentialAction":[{"@type":"CommentAction","name":"Comment","target":["https:\/\/luchonoticias.com\/editor\/obra-del-setp-sobre-la-carrera-segunda-ha-generado-mas-de-250-empleos-en-neiva\/#respond"]}]},{"@type":"WebPage","@id":"https:\/\/luchonoticias.com\/editor\/obra-del-setp-sobre-la-carrera-segunda-ha-generado-mas-de-250-empleos-en-neiva\/","url":"https:\/\/luchonoticias.com\/editor\/obra-del-setp-sobre-la-carrera-segunda-ha-generado-mas-de-250-empleos-en-neiva\/","name":"Obra del SETP, sobre la carrera segunda, ha generado m\u00e1s de 250 empleos en Neiva -","isPartOf":{"@id":"https:\/\/luchonoticias.com\/editor\/#website"},"primaryImageOfPage":{"@id":"https:\/\/luchonoticias.com\/editor\/obra-del-setp-sobre-la-carrera-segunda-ha-generado-mas-de-250-empleos-en-neiva\/#primaryimage"},"image":{"@id":"https:\/\/luchonoticias.com\/editor\/obra-del-setp-sobre-la-carrera-segunda-ha-generado-mas-de-250-empleos-en-neiva\/#primaryimage"},"thumbnailUrl":"https:\/\/luchonoticias.com\/wp-content\/uploads\/2022\/05\/WhatsApp-Image-2022-05-10-at-7.07.43-PM-2-1024x461.jpeg","datePublished":"2022-05-11T12:11:31+00:00","dateModified":"2022-05-11T12:11:33+00:00","breadcrumb":{"@id":"https:\/\/luchonoticias.com\/editor\/obra-del-setp-sobre-la-carrera-segunda-ha-generado-mas-de-250-empleos-en-neiva\/#breadcrumb"},"inLanguage":"es","potentialAction":[{"@type":"ReadAction","target":["https:\/\/luchonoticias.com\/editor\/obra-del-setp-sobre-la-carrera-segunda-ha-generado-mas-de-250-empleos-en-neiva\/"]}]},{"@type":"ImageObject","inLanguage":"es","@id":"https:\/\/luchonoticias.com\/editor\/obra-del-setp-sobre-la-carrera-segunda-ha-generado-mas-de-250-empleos-en-neiva\/#primaryimage","url":"https:\/\/luchonoticias.com\/wp-content\/uploads\/2022\/05\/WhatsApp-Image-2022-05-10-at-7.07.43-PM-2-1024x461.jpeg","contentUrl":"https:\/\/luchonoticias.com\/wp-content\/uploads\/2022\/05\/WhatsApp-Image-2022-05-10-at-7.07.43-PM-2-1024x461.jpeg"},{"@type":"BreadcrumbList","@id":"https:\/\/luchonoticias.com\/editor\/obra-del-setp-sobre-la-carrera-segunda-ha-generado-mas-de-250-empleos-en-neiva\/#breadcrumb","itemListElement":[{"@type":"ListItem","position":1,"name":"Portada","item":"https:\/\/luchonoticias.com\/editor\/"},{"@type":"ListItem","position":2,"name":"Obra del SETP, sobre la carrera segunda, ha generado m\u00e1s de 250 empleos en Neiva"}]},{"@type":"WebSite","@id":"https:\/\/luchonoticias.com\/editor\/#website","url":"https:\/\/luchonoticias.com\/editor\/","name":"","description":"","publisher":{"@id":"https:\/\/luchonoticias.com\/editor\/#\/schema\/person\/7a7fd911f58561fd056dbac7b55af9cd"},"potentialAction":[{"@type":"SearchAction","target":{"@type":"EntryPoint","urlTemplate":"https:\/\/luchonoticias.com\/editor\/?s={search_term_string}"},"query-input":{"@type":"PropertyValueSpecification","valueRequired":true,"valueName":"search_term_string"}}],"inLanguage":"es"},{"@type":["Person","Organization"],"@id":"https:\/\/luchonoticias.com\/editor\/#\/schema\/person\/7a7fd911f58561fd056dbac7b55af9cd","name":"admin","image":{"@type":"ImageObject","inLanguage":"es","@id":"https:\/\/luchonoticias.com\/editor\/#\/schema\/person\/image\/","url":"https:\/\/luchonoticias.com\/editor\/wp-content\/uploads\/2024\/02\/cropped-cropped-logolu.webp","contentUrl":"https:\/\/luchonoticias.com\/editor\/wp-content\/uploads\/2024\/02\/cropped-cropped-logolu.webp","width":382,"height":170,"caption":"admin"},"logo":{"@id":"https:\/\/luchonoticias.com\/editor\/#\/schema\/person\/image\/"},"sameAs":["https:\/\/www.facebook.com\/luchonoticiasneiva"],"url":"https:\/\/luchonoticias.com\/editor\/author\/admin\/"}]}},"_links":{"self":[{"href":"https:\/\/luchonoticias.com\/editor\/wp-json\/wp\/v2\/posts\/25632","targetHints":{"allow":["GET"]}}],"collection":[{"href":"https:\/\/luchonoticias.com\/editor\/wp-json\/wp\/v2\/posts"}],"about":[{"href":"https:\/\/luchonoticias.com\/editor\/wp-json\/wp\/v2\/types\/post"}],"author":[{"embeddable":true,"href":"https:\/\/luchonoticias.com\/editor\/wp-json\/wp\/v2\/users\/1"}],"replies":[{"embeddable":true,"href":"https:\/\/luchonoticias.com\/editor\/wp-json\/wp\/v2\/comments?post=25632"}],"version-history":[{"count":0,"href":"https:\/\/luchonoticias.com\/editor\/wp-json\/wp\/v2\/posts\/25632\/revisions"}],"wp:attachment":[{"href":"https:\/\/luchonoticias.com\/editor\/wp-json\/wp\/v2\/media?parent=25632"}],"wp:term":[{"taxonomy":"category","embeddable":true,"href":"https:\/\/luchonoticias.com\/editor\/wp-json\/wp\/v2\/categories?post=25632"},{"taxonomy":"post_tag","embeddable":true,"href":"https:\/\/luchonoticias.com\/editor\/wp-json\/wp\/v2\/tags?post=25632"}],"curies":[{"name":"wp","href":"https:\/\/api.w.org\/{rel}","templated":true}]}}