{"id":25817,"date":"2022-05-13T04:52:37","date_gmt":"2022-05-13T09:52:37","guid":{"rendered":"https:\/\/luchonoticias.com\/?p=25817"},"modified":"2022-05-13T04:52:39","modified_gmt":"2022-05-13T09:52:39","slug":"visibilizado-a-nivel-nacional-las-rutas-turisticas-opitas","status":"publish","type":"post","link":"https:\/\/luchonoticias.com\/editor\/visibilizado-a-nivel-nacional-las-rutas-turisticas-opitas\/","title":{"rendered":"Visibilizado a nivel nacional las rutas tur\u00edsticas opitas"},"content":{"rendered":"\n<p>Un positivo balance dej\u00f3 la participaci\u00f3n de la Alcald\u00eda de Neiva en el XXXVI Encuentro de Autoridades Regionales de Turismo, organizado por el Ministerio de Comercio, Industria y Turismo, donde se logr\u00f3 construir el Plan Sectorial de Turismo 2022-2026.<\/p>\n\n\n\n<p>\u201cSe dejaron plasmadas las estrategias que los territorios pueden acceder a nivel nacional, esto es muy importante para el municipio y el departamento del Huila\u201d, expres\u00f3 la secretaria de Competitividad, Maryeli P\u00e9rez Le\u00f3n.<\/p>\n\n\n\n<p>A trav\u00e9s de este encuentro, se busca generar acciones entre las diferentes autoridades que permitan catapultar y consolidar al turismo como un sector l\u00edder en el pa\u00eds.<\/p>\n\n\n\n<figure class=\"wp-block-gallery has-nested-images columns-default is-cropped wp-block-gallery-1 is-layout-flex wp-block-gallery-is-layout-flex\">\n<figure class=\"wp-block-image size-large\"><img decoding=\"async\" data-id=\"25820\" src=\"https:\/\/luchonoticias.com\/wp-content\/uploads\/2022\/05\/WhatsApp-Image-2022-05-12-at-7.03.10-PM-2-766x1024.jpeg\" alt=\"\" class=\"wp-image-25820\"\/><\/figure>\n\n\n\n<figure class=\"wp-block-image size-large\"><img decoding=\"async\" data-id=\"25819\" src=\"https:\/\/luchonoticias.com\/wp-content\/uploads\/2022\/05\/WhatsApp-Image-2022-05-12-at-7.03.10-PM-1-766x1024.jpeg\" alt=\"\" class=\"wp-image-25819\"\/><\/figure>\n<\/figure>\n\n\n\n<p>Precisamente el alcalde de Neiva, Gorky Mu\u00f1oz Calder\u00f3n, a trav\u00e9s de la Secretar\u00eda de Competitividad y el Programa de Turismo, han venido fortaleciendo este sector mediante la construcci\u00f3n de experiencias tur\u00edsticas, apost\u00e1ndole a visibilizar todas las bondades de la capital del Huila.<\/p>\n\n\n\n<p>\u201cQueremos decirles que en esta administraci\u00f3n se construy\u00f3 y se trabaj\u00f3 en seis rutas tur\u00edsticas en la zona rural y esto fue avalado de manera satisfactoria a nivel nacional por el Ministerio de Comercio, Industria y Turismo y Fontur, porque la apuesta va a ser el turismo rural, de naturaleza y de aventura; y como municipio vamos por muy buen camino\u201d, explic\u00f3 la funcionaria.<\/p>\n\n\n\n<p>En este encuentro fueron visibilizadas las experiencias tur\u00edsticas la \u2018Ruta de la Achira\u2019, el \u2018City Tour Neiva\u2019, el \u2018Sendero Villamil\u2019, el \u2018Sendero Arboloco de Las Ceibas\u2019, la \u2018Monta\u00f1a M\u00e1gica del Chapuro\u2019 y la Ruta Dorada de San Luis\u2019.<\/p>\n\n\n\n<figure class=\"wp-block-gallery has-nested-images columns-default is-cropped wp-block-gallery-2 is-layout-flex wp-block-gallery-is-layout-flex\">\n<figure class=\"wp-block-image size-large\"><img decoding=\"async\" data-id=\"25822\" src=\"https:\/\/luchonoticias.com\/wp-content\/uploads\/2022\/05\/WhatsApp-Image-2022-05-12-at-7.03.09-PM-1024x766.jpeg\" alt=\"\" class=\"wp-image-25822\"\/><\/figure>\n\n\n\n<figure class=\"wp-block-image size-large\"><img decoding=\"async\" data-id=\"25821\" src=\"https:\/\/luchonoticias.com\/wp-content\/uploads\/2022\/05\/WhatsApp-Image-2022-05-12-at-7.03.10-PM-3.jpeg\" alt=\"\" class=\"wp-image-25821\"\/><\/figure>\n<\/figure>\n\n\n\n<p>\u201cEstamos trabajando a nivel nacional para poder descentralizar los recursos de inversi\u00f3n de turismo, es importante para nosotros que el recurso a nivel nacional llegue a las regiones, entonces esto qued\u00f3 plasmado en esta reuni\u00f3n con el Ministerio y es lograr la descentralizaci\u00f3n de los recursos y que \u00e9stos lleguen, no solamente para infraestructura tur\u00edstica sino para incentivar y dar est\u00edmulos, para aquellos emprendedores y empresas nuevas que quieren invertir y vincularse al turismo de naturaleza\u201d, concluy\u00f3 la jefe de cartera de Competitividad sobre el balance que dej\u00f3 el encuentro nacional.<\/p>\n","protected":false},"excerpt":{"rendered":"<p>Un positivo balance dej\u00f3 la participaci\u00f3n de la Alcald\u00eda de Neiva en el XXXVI Encuentro de Autoridades Regionales de Turismo, organizado por el Ministerio de Comercio, Industria y Turismo, donde se logr\u00f3 construir el Plan Sectorial de Turismo 2022-2026. \u201cSe dejaron plasmadas las estrategias que los territorios pueden acceder a nivel nacional, esto es muy [&hellip;]<\/p>\n","protected":false},"author":1,"featured_media":0,"comment_status":"open","ping_status":"open","sticky":false,"template":"","format":"standard","meta":{"footnotes":""},"categories":[28,36],"tags":[],"class_list":["post-25817","post","type-post","status-publish","format-standard","hentry","category-actualidad","category-destacado"],"yoast_head":"<!-- This site is optimized with the Yoast SEO plugin v26.6 - https:\/\/yoast.com\/wordpress\/plugins\/seo\/ -->\n<title>Visibilizado a nivel nacional las rutas tur\u00edsticas opitas -<\/title>\n<meta name=\"robots\" content=\"index, follow, max-snippet:-1, max-image-preview:large, max-video-preview:-1\" \/>\n<link rel=\"canonical\" href=\"https:\/\/luchonoticias.com\/editor\/visibilizado-a-nivel-nacional-las-rutas-turisticas-opitas\/\" \/>\n<meta property=\"og:locale\" content=\"es_ES\" \/>\n<meta property=\"og:type\" content=\"article\" \/>\n<meta property=\"og:title\" content=\"Visibilizado a nivel nacional las rutas tur\u00edsticas opitas -\" \/>\n<meta property=\"og:url\" content=\"https:\/\/luchonoticias.com\/editor\/visibilizado-a-nivel-nacional-las-rutas-turisticas-opitas\/\" \/>\n<meta property=\"article:publisher\" content=\"https:\/\/www.facebook.com\/luchonoticiasneiva\" \/>\n<meta property=\"article:author\" content=\"https:\/\/www.facebook.com\/luchonoticiasneiva\" \/>\n<meta property=\"article:published_time\" content=\"2022-05-13T09:52:37+00:00\" \/>\n<meta property=\"article:modified_time\" content=\"2022-05-13T09:52:39+00:00\" \/>\n<meta property=\"og:image\" content=\"https:\/\/luchonoticias.com\/wp-content\/uploads\/2022\/05\/WhatsApp-Image-2022-05-12-at-7.03.10-PM-2-766x1024.jpeg\" \/>\n<meta name=\"author\" content=\"admin\" \/>\n<meta name=\"twitter:card\" content=\"summary_large_image\" \/>\n<meta name=\"twitter:label1\" content=\"Escrito por\" \/>\n\t<meta name=\"twitter:data1\" content=\"admin\" \/>\n\t<meta name=\"twitter:label2\" content=\"Tiempo de lectura\" \/>\n\t<meta name=\"twitter:data2\" content=\"2 minutos\" \/>\n<script type=\"application\/ld+json\" class=\"yoast-schema-graph\">{\"@context\":\"https:\/\/schema.org\",\"@graph\":[{\"@type\":\"Article\",\"@id\":\"https:\/\/luchonoticias.com\/editor\/visibilizado-a-nivel-nacional-las-rutas-turisticas-opitas\/#article\",\"isPartOf\":{\"@id\":\"https:\/\/luchonoticias.com\/editor\/visibilizado-a-nivel-nacional-las-rutas-turisticas-opitas\/\"},\"author\":{\"name\":\"admin\",\"@id\":\"https:\/\/luchonoticias.com\/editor\/#\/schema\/person\/7a7fd911f58561fd056dbac7b55af9cd\"},\"headline\":\"Visibilizado a nivel nacional las rutas tur\u00edsticas opitas\",\"datePublished\":\"2022-05-13T09:52:37+00:00\",\"dateModified\":\"2022-05-13T09:52:39+00:00\",\"mainEntityOfPage\":{\"@id\":\"https:\/\/luchonoticias.com\/editor\/visibilizado-a-nivel-nacional-las-rutas-turisticas-opitas\/\"},\"wordCount\":367,\"commentCount\":0,\"publisher\":{\"@id\":\"https:\/\/luchonoticias.com\/editor\/#\/schema\/person\/7a7fd911f58561fd056dbac7b55af9cd\"},\"image\":{\"@id\":\"https:\/\/luchonoticias.com\/editor\/visibilizado-a-nivel-nacional-las-rutas-turisticas-opitas\/#primaryimage\"},\"thumbnailUrl\":\"https:\/\/luchonoticias.com\/wp-content\/uploads\/2022\/05\/WhatsApp-Image-2022-05-12-at-7.03.10-PM-2-766x1024.jpeg\",\"articleSection\":[\"Actualidad\",\"Destacado\"],\"inLanguage\":\"es\",\"potentialAction\":[{\"@type\":\"CommentAction\",\"name\":\"Comment\",\"target\":[\"https:\/\/luchonoticias.com\/editor\/visibilizado-a-nivel-nacional-las-rutas-turisticas-opitas\/#respond\"]}]},{\"@type\":\"WebPage\",\"@id\":\"https:\/\/luchonoticias.com\/editor\/visibilizado-a-nivel-nacional-las-rutas-turisticas-opitas\/\",\"url\":\"https:\/\/luchonoticias.com\/editor\/visibilizado-a-nivel-nacional-las-rutas-turisticas-opitas\/\",\"name\":\"Visibilizado a nivel nacional las rutas tur\u00edsticas opitas -\",\"isPartOf\":{\"@id\":\"https:\/\/luchonoticias.com\/editor\/#website\"},\"primaryImageOfPage\":{\"@id\":\"https:\/\/luchonoticias.com\/editor\/visibilizado-a-nivel-nacional-las-rutas-turisticas-opitas\/#primaryimage\"},\"image\":{\"@id\":\"https:\/\/luchonoticias.com\/editor\/visibilizado-a-nivel-nacional-las-rutas-turisticas-opitas\/#primaryimage\"},\"thumbnailUrl\":\"https:\/\/luchonoticias.com\/wp-content\/uploads\/2022\/05\/WhatsApp-Image-2022-05-12-at-7.03.10-PM-2-766x1024.jpeg\",\"datePublished\":\"2022-05-13T09:52:37+00:00\",\"dateModified\":\"2022-05-13T09:52:39+00:00\",\"breadcrumb\":{\"@id\":\"https:\/\/luchonoticias.com\/editor\/visibilizado-a-nivel-nacional-las-rutas-turisticas-opitas\/#breadcrumb\"},\"inLanguage\":\"es\",\"potentialAction\":[{\"@type\":\"ReadAction\",\"target\":[\"https:\/\/luchonoticias.com\/editor\/visibilizado-a-nivel-nacional-las-rutas-turisticas-opitas\/\"]}]},{\"@type\":\"ImageObject\",\"inLanguage\":\"es\",\"@id\":\"https:\/\/luchonoticias.com\/editor\/visibilizado-a-nivel-nacional-las-rutas-turisticas-opitas\/#primaryimage\",\"url\":\"https:\/\/luchonoticias.com\/wp-content\/uploads\/2022\/05\/WhatsApp-Image-2022-05-12-at-7.03.10-PM-2-766x1024.jpeg\",\"contentUrl\":\"https:\/\/luchonoticias.com\/wp-content\/uploads\/2022\/05\/WhatsApp-Image-2022-05-12-at-7.03.10-PM-2-766x1024.jpeg\"},{\"@type\":\"BreadcrumbList\",\"@id\":\"https:\/\/luchonoticias.com\/editor\/visibilizado-a-nivel-nacional-las-rutas-turisticas-opitas\/#breadcrumb\",\"itemListElement\":[{\"@type\":\"ListItem\",\"position\":1,\"name\":\"Portada\",\"item\":\"https:\/\/luchonoticias.com\/editor\/\"},{\"@type\":\"ListItem\",\"position\":2,\"name\":\"Visibilizado a nivel nacional las rutas tur\u00edsticas opitas\"}]},{\"@type\":\"WebSite\",\"@id\":\"https:\/\/luchonoticias.com\/editor\/#website\",\"url\":\"https:\/\/luchonoticias.com\/editor\/\",\"name\":\"\",\"description\":\"\",\"publisher\":{\"@id\":\"https:\/\/luchonoticias.com\/editor\/#\/schema\/person\/7a7fd911f58561fd056dbac7b55af9cd\"},\"potentialAction\":[{\"@type\":\"SearchAction\",\"target\":{\"@type\":\"EntryPoint\",\"urlTemplate\":\"https:\/\/luchonoticias.com\/editor\/?s={search_term_string}\"},\"query-input\":{\"@type\":\"PropertyValueSpecification\",\"valueRequired\":true,\"valueName\":\"search_term_string\"}}],\"inLanguage\":\"es\"},{\"@type\":[\"Person\",\"Organization\"],\"@id\":\"https:\/\/luchonoticias.com\/editor\/#\/schema\/person\/7a7fd911f58561fd056dbac7b55af9cd\",\"name\":\"admin\",\"image\":{\"@type\":\"ImageObject\",\"inLanguage\":\"es\",\"@id\":\"https:\/\/luchonoticias.com\/editor\/#\/schema\/person\/image\/\",\"url\":\"https:\/\/luchonoticias.com\/editor\/wp-content\/uploads\/2024\/02\/cropped-cropped-logolu.webp\",\"contentUrl\":\"https:\/\/luchonoticias.com\/editor\/wp-content\/uploads\/2024\/02\/cropped-cropped-logolu.webp\",\"width\":382,\"height\":170,\"caption\":\"admin\"},\"logo\":{\"@id\":\"https:\/\/luchonoticias.com\/editor\/#\/schema\/person\/image\/\"},\"sameAs\":[\"https:\/\/www.facebook.com\/luchonoticiasneiva\"],\"url\":\"https:\/\/luchonoticias.com\/editor\/author\/admin\/\"}]}<\/script>\n<!-- \/ Yoast SEO plugin. -->","yoast_head_json":{"title":"Visibilizado a nivel nacional las rutas tur\u00edsticas opitas -","robots":{"index":"index","follow":"follow","max-snippet":"max-snippet:-1","max-image-preview":"max-image-preview:large","max-video-preview":"max-video-preview:-1"},"canonical":"https:\/\/luchonoticias.com\/editor\/visibilizado-a-nivel-nacional-las-rutas-turisticas-opitas\/","og_locale":"es_ES","og_type":"article","og_title":"Visibilizado a nivel nacional las rutas tur\u00edsticas opitas -","og_url":"https:\/\/luchonoticias.com\/editor\/visibilizado-a-nivel-nacional-las-rutas-turisticas-opitas\/","article_publisher":"https:\/\/www.facebook.com\/luchonoticiasneiva","article_author":"https:\/\/www.facebook.com\/luchonoticiasneiva","article_published_time":"2022-05-13T09:52:37+00:00","article_modified_time":"2022-05-13T09:52:39+00:00","og_image":[{"url":"https:\/\/luchonoticias.com\/wp-content\/uploads\/2022\/05\/WhatsApp-Image-2022-05-12-at-7.03.10-PM-2-766x1024.jpeg","type":"","width":"","height":""}],"author":"admin","twitter_card":"summary_large_image","twitter_misc":{"Escrito por":"admin","Tiempo de lectura":"2 minutos"},"schema":{"@context":"https:\/\/schema.org","@graph":[{"@type":"Article","@id":"https:\/\/luchonoticias.com\/editor\/visibilizado-a-nivel-nacional-las-rutas-turisticas-opitas\/#article","isPartOf":{"@id":"https:\/\/luchonoticias.com\/editor\/visibilizado-a-nivel-nacional-las-rutas-turisticas-opitas\/"},"author":{"name":"admin","@id":"https:\/\/luchonoticias.com\/editor\/#\/schema\/person\/7a7fd911f58561fd056dbac7b55af9cd"},"headline":"Visibilizado a nivel nacional las rutas tur\u00edsticas opitas","datePublished":"2022-05-13T09:52:37+00:00","dateModified":"2022-05-13T09:52:39+00:00","mainEntityOfPage":{"@id":"https:\/\/luchonoticias.com\/editor\/visibilizado-a-nivel-nacional-las-rutas-turisticas-opitas\/"},"wordCount":367,"commentCount":0,"publisher":{"@id":"https:\/\/luchonoticias.com\/editor\/#\/schema\/person\/7a7fd911f58561fd056dbac7b55af9cd"},"image":{"@id":"https:\/\/luchonoticias.com\/editor\/visibilizado-a-nivel-nacional-las-rutas-turisticas-opitas\/#primaryimage"},"thumbnailUrl":"https:\/\/luchonoticias.com\/wp-content\/uploads\/2022\/05\/WhatsApp-Image-2022-05-12-at-7.03.10-PM-2-766x1024.jpeg","articleSection":["Actualidad","Destacado"],"inLanguage":"es","potentialAction":[{"@type":"CommentAction","name":"Comment","target":["https:\/\/luchonoticias.com\/editor\/visibilizado-a-nivel-nacional-las-rutas-turisticas-opitas\/#respond"]}]},{"@type":"WebPage","@id":"https:\/\/luchonoticias.com\/editor\/visibilizado-a-nivel-nacional-las-rutas-turisticas-opitas\/","url":"https:\/\/luchonoticias.com\/editor\/visibilizado-a-nivel-nacional-las-rutas-turisticas-opitas\/","name":"Visibilizado a nivel nacional las rutas tur\u00edsticas opitas -","isPartOf":{"@id":"https:\/\/luchonoticias.com\/editor\/#website"},"primaryImageOfPage":{"@id":"https:\/\/luchonoticias.com\/editor\/visibilizado-a-nivel-nacional-las-rutas-turisticas-opitas\/#primaryimage"},"image":{"@id":"https:\/\/luchonoticias.com\/editor\/visibilizado-a-nivel-nacional-las-rutas-turisticas-opitas\/#primaryimage"},"thumbnailUrl":"https:\/\/luchonoticias.com\/wp-content\/uploads\/2022\/05\/WhatsApp-Image-2022-05-12-at-7.03.10-PM-2-766x1024.jpeg","datePublished":"2022-05-13T09:52:37+00:00","dateModified":"2022-05-13T09:52:39+00:00","breadcrumb":{"@id":"https:\/\/luchonoticias.com\/editor\/visibilizado-a-nivel-nacional-las-rutas-turisticas-opitas\/#breadcrumb"},"inLanguage":"es","potentialAction":[{"@type":"ReadAction","target":["https:\/\/luchonoticias.com\/editor\/visibilizado-a-nivel-nacional-las-rutas-turisticas-opitas\/"]}]},{"@type":"ImageObject","inLanguage":"es","@id":"https:\/\/luchonoticias.com\/editor\/visibilizado-a-nivel-nacional-las-rutas-turisticas-opitas\/#primaryimage","url":"https:\/\/luchonoticias.com\/wp-content\/uploads\/2022\/05\/WhatsApp-Image-2022-05-12-at-7.03.10-PM-2-766x1024.jpeg","contentUrl":"https:\/\/luchonoticias.com\/wp-content\/uploads\/2022\/05\/WhatsApp-Image-2022-05-12-at-7.03.10-PM-2-766x1024.jpeg"},{"@type":"BreadcrumbList","@id":"https:\/\/luchonoticias.com\/editor\/visibilizado-a-nivel-nacional-las-rutas-turisticas-opitas\/#breadcrumb","itemListElement":[{"@type":"ListItem","position":1,"name":"Portada","item":"https:\/\/luchonoticias.com\/editor\/"},{"@type":"ListItem","position":2,"name":"Visibilizado a nivel nacional las rutas tur\u00edsticas opitas"}]},{"@type":"WebSite","@id":"https:\/\/luchonoticias.com\/editor\/#website","url":"https:\/\/luchonoticias.com\/editor\/","name":"","description":"","publisher":{"@id":"https:\/\/luchonoticias.com\/editor\/#\/schema\/person\/7a7fd911f58561fd056dbac7b55af9cd"},"potentialAction":[{"@type":"SearchAction","target":{"@type":"EntryPoint","urlTemplate":"https:\/\/luchonoticias.com\/editor\/?s={search_term_string}"},"query-input":{"@type":"PropertyValueSpecification","valueRequired":true,"valueName":"search_term_string"}}],"inLanguage":"es"},{"@type":["Person","Organization"],"@id":"https:\/\/luchonoticias.com\/editor\/#\/schema\/person\/7a7fd911f58561fd056dbac7b55af9cd","name":"admin","image":{"@type":"ImageObject","inLanguage":"es","@id":"https:\/\/luchonoticias.com\/editor\/#\/schema\/person\/image\/","url":"https:\/\/luchonoticias.com\/editor\/wp-content\/uploads\/2024\/02\/cropped-cropped-logolu.webp","contentUrl":"https:\/\/luchonoticias.com\/editor\/wp-content\/uploads\/2024\/02\/cropped-cropped-logolu.webp","width":382,"height":170,"caption":"admin"},"logo":{"@id":"https:\/\/luchonoticias.com\/editor\/#\/schema\/person\/image\/"},"sameAs":["https:\/\/www.facebook.com\/luchonoticiasneiva"],"url":"https:\/\/luchonoticias.com\/editor\/author\/admin\/"}]}},"_links":{"self":[{"href":"https:\/\/luchonoticias.com\/editor\/wp-json\/wp\/v2\/posts\/25817","targetHints":{"allow":["GET"]}}],"collection":[{"href":"https:\/\/luchonoticias.com\/editor\/wp-json\/wp\/v2\/posts"}],"about":[{"href":"https:\/\/luchonoticias.com\/editor\/wp-json\/wp\/v2\/types\/post"}],"author":[{"embeddable":true,"href":"https:\/\/luchonoticias.com\/editor\/wp-json\/wp\/v2\/users\/1"}],"replies":[{"embeddable":true,"href":"https:\/\/luchonoticias.com\/editor\/wp-json\/wp\/v2\/comments?post=25817"}],"version-history":[{"count":0,"href":"https:\/\/luchonoticias.com\/editor\/wp-json\/wp\/v2\/posts\/25817\/revisions"}],"wp:attachment":[{"href":"https:\/\/luchonoticias.com\/editor\/wp-json\/wp\/v2\/media?parent=25817"}],"wp:term":[{"taxonomy":"category","embeddable":true,"href":"https:\/\/luchonoticias.com\/editor\/wp-json\/wp\/v2\/categories?post=25817"},{"taxonomy":"post_tag","embeddable":true,"href":"https:\/\/luchonoticias.com\/editor\/wp-json\/wp\/v2\/tags?post=25817"}],"curies":[{"name":"wp","href":"https:\/\/api.w.org\/{rel}","templated":true}]}}