{"id":25824,"date":"2022-05-13T08:28:28","date_gmt":"2022-05-13T13:28:28","guid":{"rendered":"https:\/\/luchonoticias.com\/?p=25824"},"modified":"2022-05-13T08:28:30","modified_gmt":"2022-05-13T13:28:30","slug":"taekwondo-huilense-protagonista-en-campeonato-en-bogota","status":"publish","type":"post","link":"https:\/\/luchonoticias.com\/editor\/taekwondo-huilense-protagonista-en-campeonato-en-bogota\/","title":{"rendered":"Taekwondo huilense protagonista en  campeonato en Bogot\u00e1"},"content":{"rendered":"\n<p>Paralelo a la final nacional de los Juegos Intercolegiados, el<strong>\u00a0taekwondo huilense<\/strong>\u00a0ha tenido\u00a0<strong>competencia nacional en Bogot\u00e1<\/strong>\u00a0y lo ha hecho con\u00a0<strong>positivos resultados.\u00a0<\/strong><\/p>\n\n\n\n<p>Todo tuvo lugar\u00a0<strong>con motivo de la Copa Fuerzas Armadas<\/strong>, evento ranqueable a nivel nacional y en donde el\u00a0<strong>Huila\u00a0<\/strong>hizo\u00a0<strong>presencia con una comitiva de San Agust\u00edn<\/strong>, conquistando dos medallas:<strong>\u00a0Santiago Mu\u00f1oz\u00a0<\/strong>fue medalla de plata en la categor\u00eda cadete 45 kilogramos mientras que\u00a0<strong>Juan Pablo Rangel\u00a0<\/strong>ocup\u00f3 la tercera plaza en 48 kilogramos junior.\u00a0<\/p>\n\n\n\n<p>Adicional a ello la comitiva tuvo&nbsp;<strong>un representante en para taekwondo<\/strong>&nbsp;quien adem\u00e1s logr\u00f3 podio:&nbsp;<strong>Javier Andr\u00e9s Jacobo, plata<\/strong>&nbsp;en poomsaes.<\/p>\n","protected":false},"excerpt":{"rendered":"<p>Paralelo a la final nacional de los Juegos Intercolegiados, el\u00a0taekwondo huilense\u00a0ha tenido\u00a0competencia nacional en Bogot\u00e1\u00a0y lo ha hecho con\u00a0positivos resultados.\u00a0 Todo tuvo lugar\u00a0con motivo de la Copa Fuerzas Armadas, evento ranqueable a nivel nacional y en donde el\u00a0Huila\u00a0hizo\u00a0presencia con una comitiva de San Agust\u00edn, conquistando dos medallas:\u00a0Santiago Mu\u00f1oz\u00a0fue medalla de plata en la categor\u00eda cadete [&hellip;]<\/p>\n","protected":false},"author":1,"featured_media":0,"comment_status":"open","ping_status":"open","sticky":false,"template":"","format":"standard","meta":{"footnotes":""},"categories":[34],"tags":[],"class_list":["post-25824","post","type-post","status-publish","format-standard","hentry","category-deportes"],"yoast_head":"<!-- This site is optimized with the Yoast SEO plugin v26.6 - https:\/\/yoast.com\/wordpress\/plugins\/seo\/ -->\n<title>Taekwondo huilense protagonista en campeonato en Bogot\u00e1 -<\/title>\n<meta name=\"robots\" content=\"index, follow, max-snippet:-1, max-image-preview:large, max-video-preview:-1\" \/>\n<link rel=\"canonical\" href=\"https:\/\/luchonoticias.com\/editor\/taekwondo-huilense-protagonista-en-campeonato-en-bogota\/\" \/>\n<meta property=\"og:locale\" content=\"es_ES\" \/>\n<meta property=\"og:type\" content=\"article\" \/>\n<meta property=\"og:title\" content=\"Taekwondo huilense protagonista en campeonato en Bogot\u00e1 -\" \/>\n<meta property=\"og:url\" content=\"https:\/\/luchonoticias.com\/editor\/taekwondo-huilense-protagonista-en-campeonato-en-bogota\/\" \/>\n<meta property=\"article:publisher\" content=\"https:\/\/www.facebook.com\/luchonoticiasneiva\" \/>\n<meta property=\"article:author\" content=\"https:\/\/www.facebook.com\/luchonoticiasneiva\" \/>\n<meta property=\"article:published_time\" content=\"2022-05-13T13:28:28+00:00\" \/>\n<meta property=\"article:modified_time\" content=\"2022-05-13T13:28:30+00:00\" \/>\n<meta name=\"author\" content=\"admin\" \/>\n<meta name=\"twitter:card\" content=\"summary_large_image\" \/>\n<meta name=\"twitter:label1\" content=\"Escrito por\" \/>\n\t<meta name=\"twitter:data1\" content=\"admin\" \/>\n\t<meta name=\"twitter:label2\" content=\"Tiempo de lectura\" \/>\n\t<meta name=\"twitter:data2\" content=\"1 minuto\" \/>\n<script type=\"application\/ld+json\" class=\"yoast-schema-graph\">{\"@context\":\"https:\/\/schema.org\",\"@graph\":[{\"@type\":\"Article\",\"@id\":\"https:\/\/luchonoticias.com\/editor\/taekwondo-huilense-protagonista-en-campeonato-en-bogota\/#article\",\"isPartOf\":{\"@id\":\"https:\/\/luchonoticias.com\/editor\/taekwondo-huilense-protagonista-en-campeonato-en-bogota\/\"},\"author\":{\"name\":\"admin\",\"@id\":\"https:\/\/luchonoticias.com\/editor\/#\/schema\/person\/7a7fd911f58561fd056dbac7b55af9cd\"},\"headline\":\"Taekwondo huilense protagonista en campeonato en Bogot\u00e1\",\"datePublished\":\"2022-05-13T13:28:28+00:00\",\"dateModified\":\"2022-05-13T13:28:30+00:00\",\"mainEntityOfPage\":{\"@id\":\"https:\/\/luchonoticias.com\/editor\/taekwondo-huilense-protagonista-en-campeonato-en-bogota\/\"},\"wordCount\":116,\"commentCount\":0,\"publisher\":{\"@id\":\"https:\/\/luchonoticias.com\/editor\/#\/schema\/person\/7a7fd911f58561fd056dbac7b55af9cd\"},\"articleSection\":[\"Deportes\"],\"inLanguage\":\"es\",\"potentialAction\":[{\"@type\":\"CommentAction\",\"name\":\"Comment\",\"target\":[\"https:\/\/luchonoticias.com\/editor\/taekwondo-huilense-protagonista-en-campeonato-en-bogota\/#respond\"]}]},{\"@type\":\"WebPage\",\"@id\":\"https:\/\/luchonoticias.com\/editor\/taekwondo-huilense-protagonista-en-campeonato-en-bogota\/\",\"url\":\"https:\/\/luchonoticias.com\/editor\/taekwondo-huilense-protagonista-en-campeonato-en-bogota\/\",\"name\":\"Taekwondo huilense protagonista en campeonato en Bogot\u00e1 -\",\"isPartOf\":{\"@id\":\"https:\/\/luchonoticias.com\/editor\/#website\"},\"datePublished\":\"2022-05-13T13:28:28+00:00\",\"dateModified\":\"2022-05-13T13:28:30+00:00\",\"breadcrumb\":{\"@id\":\"https:\/\/luchonoticias.com\/editor\/taekwondo-huilense-protagonista-en-campeonato-en-bogota\/#breadcrumb\"},\"inLanguage\":\"es\",\"potentialAction\":[{\"@type\":\"ReadAction\",\"target\":[\"https:\/\/luchonoticias.com\/editor\/taekwondo-huilense-protagonista-en-campeonato-en-bogota\/\"]}]},{\"@type\":\"BreadcrumbList\",\"@id\":\"https:\/\/luchonoticias.com\/editor\/taekwondo-huilense-protagonista-en-campeonato-en-bogota\/#breadcrumb\",\"itemListElement\":[{\"@type\":\"ListItem\",\"position\":1,\"name\":\"Portada\",\"item\":\"https:\/\/luchonoticias.com\/editor\/\"},{\"@type\":\"ListItem\",\"position\":2,\"name\":\"Taekwondo huilense protagonista en campeonato en Bogot\u00e1\"}]},{\"@type\":\"WebSite\",\"@id\":\"https:\/\/luchonoticias.com\/editor\/#website\",\"url\":\"https:\/\/luchonoticias.com\/editor\/\",\"name\":\"\",\"description\":\"\",\"publisher\":{\"@id\":\"https:\/\/luchonoticias.com\/editor\/#\/schema\/person\/7a7fd911f58561fd056dbac7b55af9cd\"},\"potentialAction\":[{\"@type\":\"SearchAction\",\"target\":{\"@type\":\"EntryPoint\",\"urlTemplate\":\"https:\/\/luchonoticias.com\/editor\/?s={search_term_string}\"},\"query-input\":{\"@type\":\"PropertyValueSpecification\",\"valueRequired\":true,\"valueName\":\"search_term_string\"}}],\"inLanguage\":\"es\"},{\"@type\":[\"Person\",\"Organization\"],\"@id\":\"https:\/\/luchonoticias.com\/editor\/#\/schema\/person\/7a7fd911f58561fd056dbac7b55af9cd\",\"name\":\"admin\",\"image\":{\"@type\":\"ImageObject\",\"inLanguage\":\"es\",\"@id\":\"https:\/\/luchonoticias.com\/editor\/#\/schema\/person\/image\/\",\"url\":\"https:\/\/luchonoticias.com\/editor\/wp-content\/uploads\/2024\/02\/cropped-cropped-logolu.webp\",\"contentUrl\":\"https:\/\/luchonoticias.com\/editor\/wp-content\/uploads\/2024\/02\/cropped-cropped-logolu.webp\",\"width\":382,\"height\":170,\"caption\":\"admin\"},\"logo\":{\"@id\":\"https:\/\/luchonoticias.com\/editor\/#\/schema\/person\/image\/\"},\"sameAs\":[\"https:\/\/www.facebook.com\/luchonoticiasneiva\"],\"url\":\"https:\/\/luchonoticias.com\/editor\/author\/admin\/\"}]}<\/script>\n<!-- \/ Yoast SEO plugin. -->","yoast_head_json":{"title":"Taekwondo huilense protagonista en campeonato en Bogot\u00e1 -","robots":{"index":"index","follow":"follow","max-snippet":"max-snippet:-1","max-image-preview":"max-image-preview:large","max-video-preview":"max-video-preview:-1"},"canonical":"https:\/\/luchonoticias.com\/editor\/taekwondo-huilense-protagonista-en-campeonato-en-bogota\/","og_locale":"es_ES","og_type":"article","og_title":"Taekwondo huilense protagonista en campeonato en Bogot\u00e1 -","og_url":"https:\/\/luchonoticias.com\/editor\/taekwondo-huilense-protagonista-en-campeonato-en-bogota\/","article_publisher":"https:\/\/www.facebook.com\/luchonoticiasneiva","article_author":"https:\/\/www.facebook.com\/luchonoticiasneiva","article_published_time":"2022-05-13T13:28:28+00:00","article_modified_time":"2022-05-13T13:28:30+00:00","author":"admin","twitter_card":"summary_large_image","twitter_misc":{"Escrito por":"admin","Tiempo de lectura":"1 minuto"},"schema":{"@context":"https:\/\/schema.org","@graph":[{"@type":"Article","@id":"https:\/\/luchonoticias.com\/editor\/taekwondo-huilense-protagonista-en-campeonato-en-bogota\/#article","isPartOf":{"@id":"https:\/\/luchonoticias.com\/editor\/taekwondo-huilense-protagonista-en-campeonato-en-bogota\/"},"author":{"name":"admin","@id":"https:\/\/luchonoticias.com\/editor\/#\/schema\/person\/7a7fd911f58561fd056dbac7b55af9cd"},"headline":"Taekwondo huilense protagonista en campeonato en Bogot\u00e1","datePublished":"2022-05-13T13:28:28+00:00","dateModified":"2022-05-13T13:28:30+00:00","mainEntityOfPage":{"@id":"https:\/\/luchonoticias.com\/editor\/taekwondo-huilense-protagonista-en-campeonato-en-bogota\/"},"wordCount":116,"commentCount":0,"publisher":{"@id":"https:\/\/luchonoticias.com\/editor\/#\/schema\/person\/7a7fd911f58561fd056dbac7b55af9cd"},"articleSection":["Deportes"],"inLanguage":"es","potentialAction":[{"@type":"CommentAction","name":"Comment","target":["https:\/\/luchonoticias.com\/editor\/taekwondo-huilense-protagonista-en-campeonato-en-bogota\/#respond"]}]},{"@type":"WebPage","@id":"https:\/\/luchonoticias.com\/editor\/taekwondo-huilense-protagonista-en-campeonato-en-bogota\/","url":"https:\/\/luchonoticias.com\/editor\/taekwondo-huilense-protagonista-en-campeonato-en-bogota\/","name":"Taekwondo huilense protagonista en campeonato en Bogot\u00e1 -","isPartOf":{"@id":"https:\/\/luchonoticias.com\/editor\/#website"},"datePublished":"2022-05-13T13:28:28+00:00","dateModified":"2022-05-13T13:28:30+00:00","breadcrumb":{"@id":"https:\/\/luchonoticias.com\/editor\/taekwondo-huilense-protagonista-en-campeonato-en-bogota\/#breadcrumb"},"inLanguage":"es","potentialAction":[{"@type":"ReadAction","target":["https:\/\/luchonoticias.com\/editor\/taekwondo-huilense-protagonista-en-campeonato-en-bogota\/"]}]},{"@type":"BreadcrumbList","@id":"https:\/\/luchonoticias.com\/editor\/taekwondo-huilense-protagonista-en-campeonato-en-bogota\/#breadcrumb","itemListElement":[{"@type":"ListItem","position":1,"name":"Portada","item":"https:\/\/luchonoticias.com\/editor\/"},{"@type":"ListItem","position":2,"name":"Taekwondo huilense protagonista en campeonato en Bogot\u00e1"}]},{"@type":"WebSite","@id":"https:\/\/luchonoticias.com\/editor\/#website","url":"https:\/\/luchonoticias.com\/editor\/","name":"","description":"","publisher":{"@id":"https:\/\/luchonoticias.com\/editor\/#\/schema\/person\/7a7fd911f58561fd056dbac7b55af9cd"},"potentialAction":[{"@type":"SearchAction","target":{"@type":"EntryPoint","urlTemplate":"https:\/\/luchonoticias.com\/editor\/?s={search_term_string}"},"query-input":{"@type":"PropertyValueSpecification","valueRequired":true,"valueName":"search_term_string"}}],"inLanguage":"es"},{"@type":["Person","Organization"],"@id":"https:\/\/luchonoticias.com\/editor\/#\/schema\/person\/7a7fd911f58561fd056dbac7b55af9cd","name":"admin","image":{"@type":"ImageObject","inLanguage":"es","@id":"https:\/\/luchonoticias.com\/editor\/#\/schema\/person\/image\/","url":"https:\/\/luchonoticias.com\/editor\/wp-content\/uploads\/2024\/02\/cropped-cropped-logolu.webp","contentUrl":"https:\/\/luchonoticias.com\/editor\/wp-content\/uploads\/2024\/02\/cropped-cropped-logolu.webp","width":382,"height":170,"caption":"admin"},"logo":{"@id":"https:\/\/luchonoticias.com\/editor\/#\/schema\/person\/image\/"},"sameAs":["https:\/\/www.facebook.com\/luchonoticiasneiva"],"url":"https:\/\/luchonoticias.com\/editor\/author\/admin\/"}]}},"_links":{"self":[{"href":"https:\/\/luchonoticias.com\/editor\/wp-json\/wp\/v2\/posts\/25824","targetHints":{"allow":["GET"]}}],"collection":[{"href":"https:\/\/luchonoticias.com\/editor\/wp-json\/wp\/v2\/posts"}],"about":[{"href":"https:\/\/luchonoticias.com\/editor\/wp-json\/wp\/v2\/types\/post"}],"author":[{"embeddable":true,"href":"https:\/\/luchonoticias.com\/editor\/wp-json\/wp\/v2\/users\/1"}],"replies":[{"embeddable":true,"href":"https:\/\/luchonoticias.com\/editor\/wp-json\/wp\/v2\/comments?post=25824"}],"version-history":[{"count":0,"href":"https:\/\/luchonoticias.com\/editor\/wp-json\/wp\/v2\/posts\/25824\/revisions"}],"wp:attachment":[{"href":"https:\/\/luchonoticias.com\/editor\/wp-json\/wp\/v2\/media?parent=25824"}],"wp:term":[{"taxonomy":"category","embeddable":true,"href":"https:\/\/luchonoticias.com\/editor\/wp-json\/wp\/v2\/categories?post=25824"},{"taxonomy":"post_tag","embeddable":true,"href":"https:\/\/luchonoticias.com\/editor\/wp-json\/wp\/v2\/tags?post=25824"}],"curies":[{"name":"wp","href":"https:\/\/api.w.org\/{rel}","templated":true}]}}