{"id":25894,"date":"2022-05-14T07:00:00","date_gmt":"2022-05-14T12:00:00","guid":{"rendered":"https:\/\/luchonoticias.com\/?p=25894"},"modified":"2022-05-14T07:01:11","modified_gmt":"2022-05-14T12:01:11","slug":"el-proximo-20-de-junio-oficialmente-el-huila-celebra-el-dia-de-la-achira","status":"publish","type":"post","link":"https:\/\/luchonoticias.com\/editor\/el-proximo-20-de-junio-oficialmente-el-huila-celebra-el-dia-de-la-achira\/","title":{"rendered":"El pr\u00f3ximo 20 de junio oficialmente el Huila celebra el d\u00eda de la Achira"},"content":{"rendered":"\n<p>Mediante el proyecto de ordenanza 2021, la diputada huilense Tatiana M\u00e9ndez logr\u00f3 que el producto insignia de esta regi\u00f3n cuente con actividades oficiales con el prop\u00f3sito de generar valor en la cultura de esta regi\u00f3n.<\/p>\n\n\n\n<p>El objetivo de la iniciativa seg\u00fan la diputada es que la Secretar\u00eda de Cultura y Turismo Departamental, promuevan mediante la realizaci\u00f3n de actividades culturales, ferias y\/o eventos p\u00fablicos, la celebraci\u00f3n del d\u00eda de la achira huilense, fomentando la participaci\u00f3n activa de la sociedad civil, el sector empresarial y los medios de comunicaci\u00f3n de la regi\u00f3n.<\/p>\n\n\n\n<p>\u201cSe deber\u00e1 realizar las gestiones necesarias para difundir las actividades que se programen con motivo de la celebraci\u00f3n del d\u00eda de la achira huilense invitando a toda la comunidad, entes territoriales, productores, y actores nacionales e internacionales para que participen en las actividades de inter\u00e9s social y cultural; con el prop\u00f3sito que conozcan la importancia del producto como plato t\u00edpico de la regi\u00f3n\u201d, indic\u00f3 la Diputada Tatiana M\u00e9ndez.<\/p>\n\n\n\n<div class=\"wp-block-file\"><a id=\"wp-block-file--media-3a4f7d56-a2ff-47f9-8c79-948553ee1ad8\" href=\"https:\/\/luchonoticias.com\/wp-content\/uploads\/2022\/05\/Proyecto-de-Ordenanza-achira-huilense.docx\">Proyecto-de-Ordenanza-achira-huilense<\/a><a href=\"https:\/\/luchonoticias.com\/wp-content\/uploads\/2022\/05\/Proyecto-de-Ordenanza-achira-huilense.docx\" class=\"wp-block-file__button\" download aria-describedby=\"wp-block-file--media-3a4f7d56-a2ff-47f9-8c79-948553ee1ad8\">Descarga<\/a><\/div>\n","protected":false},"excerpt":{"rendered":"<p>Mediante el proyecto de ordenanza 2021, la diputada huilense Tatiana M\u00e9ndez logr\u00f3 que el producto insignia de esta regi\u00f3n cuente con actividades oficiales con el prop\u00f3sito de generar valor en la cultura de esta regi\u00f3n. El objetivo de la iniciativa seg\u00fan la diputada es que la Secretar\u00eda de Cultura y Turismo Departamental, promuevan mediante la [&hellip;]<\/p>\n","protected":false},"author":1,"featured_media":0,"comment_status":"open","ping_status":"open","sticky":false,"template":"","format":"standard","meta":{"footnotes":""},"categories":[36,33],"tags":[],"class_list":["post-25894","post","type-post","status-publish","format-standard","hentry","category-destacado","category-huila"],"yoast_head":"<!-- This site is optimized with the Yoast SEO plugin v26.6 - https:\/\/yoast.com\/wordpress\/plugins\/seo\/ -->\n<title>El pr\u00f3ximo 20 de junio oficialmente el Huila celebra el d\u00eda de la Achira -<\/title>\n<meta name=\"robots\" content=\"index, follow, max-snippet:-1, max-image-preview:large, max-video-preview:-1\" \/>\n<link rel=\"canonical\" href=\"https:\/\/luchonoticias.com\/editor\/el-proximo-20-de-junio-oficialmente-el-huila-celebra-el-dia-de-la-achira\/\" \/>\n<meta property=\"og:locale\" content=\"es_ES\" \/>\n<meta property=\"og:type\" content=\"article\" \/>\n<meta property=\"og:title\" content=\"El pr\u00f3ximo 20 de junio oficialmente el Huila celebra el d\u00eda de la Achira -\" \/>\n<meta property=\"og:url\" content=\"https:\/\/luchonoticias.com\/editor\/el-proximo-20-de-junio-oficialmente-el-huila-celebra-el-dia-de-la-achira\/\" \/>\n<meta property=\"article:publisher\" content=\"https:\/\/www.facebook.com\/luchonoticiasneiva\" \/>\n<meta property=\"article:author\" content=\"https:\/\/www.facebook.com\/luchonoticiasneiva\" \/>\n<meta property=\"article:published_time\" content=\"2022-05-14T12:00:00+00:00\" \/>\n<meta property=\"article:modified_time\" content=\"2022-05-14T12:01:11+00:00\" \/>\n<meta name=\"author\" content=\"admin\" \/>\n<meta name=\"twitter:card\" content=\"summary_large_image\" \/>\n<meta name=\"twitter:label1\" content=\"Escrito por\" \/>\n\t<meta name=\"twitter:data1\" content=\"admin\" \/>\n\t<meta name=\"twitter:label2\" content=\"Tiempo de lectura\" \/>\n\t<meta name=\"twitter:data2\" content=\"1 minuto\" \/>\n<script type=\"application\/ld+json\" class=\"yoast-schema-graph\">{\"@context\":\"https:\/\/schema.org\",\"@graph\":[{\"@type\":\"Article\",\"@id\":\"https:\/\/luchonoticias.com\/editor\/el-proximo-20-de-junio-oficialmente-el-huila-celebra-el-dia-de-la-achira\/#article\",\"isPartOf\":{\"@id\":\"https:\/\/luchonoticias.com\/editor\/el-proximo-20-de-junio-oficialmente-el-huila-celebra-el-dia-de-la-achira\/\"},\"author\":{\"name\":\"admin\",\"@id\":\"https:\/\/luchonoticias.com\/editor\/#\/schema\/person\/7a7fd911f58561fd056dbac7b55af9cd\"},\"headline\":\"El pr\u00f3ximo 20 de junio oficialmente el Huila celebra el d\u00eda de la Achira\",\"datePublished\":\"2022-05-14T12:00:00+00:00\",\"dateModified\":\"2022-05-14T12:01:11+00:00\",\"mainEntityOfPage\":{\"@id\":\"https:\/\/luchonoticias.com\/editor\/el-proximo-20-de-junio-oficialmente-el-huila-celebra-el-dia-de-la-achira\/\"},\"wordCount\":195,\"commentCount\":0,\"publisher\":{\"@id\":\"https:\/\/luchonoticias.com\/editor\/#\/schema\/person\/7a7fd911f58561fd056dbac7b55af9cd\"},\"articleSection\":[\"Destacado\",\"Huila\"],\"inLanguage\":\"es\",\"potentialAction\":[{\"@type\":\"CommentAction\",\"name\":\"Comment\",\"target\":[\"https:\/\/luchonoticias.com\/editor\/el-proximo-20-de-junio-oficialmente-el-huila-celebra-el-dia-de-la-achira\/#respond\"]}]},{\"@type\":\"WebPage\",\"@id\":\"https:\/\/luchonoticias.com\/editor\/el-proximo-20-de-junio-oficialmente-el-huila-celebra-el-dia-de-la-achira\/\",\"url\":\"https:\/\/luchonoticias.com\/editor\/el-proximo-20-de-junio-oficialmente-el-huila-celebra-el-dia-de-la-achira\/\",\"name\":\"El pr\u00f3ximo 20 de junio oficialmente el Huila celebra el d\u00eda de la Achira -\",\"isPartOf\":{\"@id\":\"https:\/\/luchonoticias.com\/editor\/#website\"},\"datePublished\":\"2022-05-14T12:00:00+00:00\",\"dateModified\":\"2022-05-14T12:01:11+00:00\",\"breadcrumb\":{\"@id\":\"https:\/\/luchonoticias.com\/editor\/el-proximo-20-de-junio-oficialmente-el-huila-celebra-el-dia-de-la-achira\/#breadcrumb\"},\"inLanguage\":\"es\",\"potentialAction\":[{\"@type\":\"ReadAction\",\"target\":[\"https:\/\/luchonoticias.com\/editor\/el-proximo-20-de-junio-oficialmente-el-huila-celebra-el-dia-de-la-achira\/\"]}]},{\"@type\":\"BreadcrumbList\",\"@id\":\"https:\/\/luchonoticias.com\/editor\/el-proximo-20-de-junio-oficialmente-el-huila-celebra-el-dia-de-la-achira\/#breadcrumb\",\"itemListElement\":[{\"@type\":\"ListItem\",\"position\":1,\"name\":\"Portada\",\"item\":\"https:\/\/luchonoticias.com\/editor\/\"},{\"@type\":\"ListItem\",\"position\":2,\"name\":\"El pr\u00f3ximo 20 de junio oficialmente el Huila celebra el d\u00eda de la Achira\"}]},{\"@type\":\"WebSite\",\"@id\":\"https:\/\/luchonoticias.com\/editor\/#website\",\"url\":\"https:\/\/luchonoticias.com\/editor\/\",\"name\":\"\",\"description\":\"\",\"publisher\":{\"@id\":\"https:\/\/luchonoticias.com\/editor\/#\/schema\/person\/7a7fd911f58561fd056dbac7b55af9cd\"},\"potentialAction\":[{\"@type\":\"SearchAction\",\"target\":{\"@type\":\"EntryPoint\",\"urlTemplate\":\"https:\/\/luchonoticias.com\/editor\/?s={search_term_string}\"},\"query-input\":{\"@type\":\"PropertyValueSpecification\",\"valueRequired\":true,\"valueName\":\"search_term_string\"}}],\"inLanguage\":\"es\"},{\"@type\":[\"Person\",\"Organization\"],\"@id\":\"https:\/\/luchonoticias.com\/editor\/#\/schema\/person\/7a7fd911f58561fd056dbac7b55af9cd\",\"name\":\"admin\",\"image\":{\"@type\":\"ImageObject\",\"inLanguage\":\"es\",\"@id\":\"https:\/\/luchonoticias.com\/editor\/#\/schema\/person\/image\/\",\"url\":\"https:\/\/luchonoticias.com\/editor\/wp-content\/uploads\/2024\/02\/cropped-cropped-logolu.webp\",\"contentUrl\":\"https:\/\/luchonoticias.com\/editor\/wp-content\/uploads\/2024\/02\/cropped-cropped-logolu.webp\",\"width\":382,\"height\":170,\"caption\":\"admin\"},\"logo\":{\"@id\":\"https:\/\/luchonoticias.com\/editor\/#\/schema\/person\/image\/\"},\"sameAs\":[\"https:\/\/www.facebook.com\/luchonoticiasneiva\"],\"url\":\"https:\/\/luchonoticias.com\/editor\/author\/admin\/\"}]}<\/script>\n<!-- \/ Yoast SEO plugin. -->","yoast_head_json":{"title":"El pr\u00f3ximo 20 de junio oficialmente el Huila celebra el d\u00eda de la Achira -","robots":{"index":"index","follow":"follow","max-snippet":"max-snippet:-1","max-image-preview":"max-image-preview:large","max-video-preview":"max-video-preview:-1"},"canonical":"https:\/\/luchonoticias.com\/editor\/el-proximo-20-de-junio-oficialmente-el-huila-celebra-el-dia-de-la-achira\/","og_locale":"es_ES","og_type":"article","og_title":"El pr\u00f3ximo 20 de junio oficialmente el Huila celebra el d\u00eda de la Achira -","og_url":"https:\/\/luchonoticias.com\/editor\/el-proximo-20-de-junio-oficialmente-el-huila-celebra-el-dia-de-la-achira\/","article_publisher":"https:\/\/www.facebook.com\/luchonoticiasneiva","article_author":"https:\/\/www.facebook.com\/luchonoticiasneiva","article_published_time":"2022-05-14T12:00:00+00:00","article_modified_time":"2022-05-14T12:01:11+00:00","author":"admin","twitter_card":"summary_large_image","twitter_misc":{"Escrito por":"admin","Tiempo de lectura":"1 minuto"},"schema":{"@context":"https:\/\/schema.org","@graph":[{"@type":"Article","@id":"https:\/\/luchonoticias.com\/editor\/el-proximo-20-de-junio-oficialmente-el-huila-celebra-el-dia-de-la-achira\/#article","isPartOf":{"@id":"https:\/\/luchonoticias.com\/editor\/el-proximo-20-de-junio-oficialmente-el-huila-celebra-el-dia-de-la-achira\/"},"author":{"name":"admin","@id":"https:\/\/luchonoticias.com\/editor\/#\/schema\/person\/7a7fd911f58561fd056dbac7b55af9cd"},"headline":"El pr\u00f3ximo 20 de junio oficialmente el Huila celebra el d\u00eda de la Achira","datePublished":"2022-05-14T12:00:00+00:00","dateModified":"2022-05-14T12:01:11+00:00","mainEntityOfPage":{"@id":"https:\/\/luchonoticias.com\/editor\/el-proximo-20-de-junio-oficialmente-el-huila-celebra-el-dia-de-la-achira\/"},"wordCount":195,"commentCount":0,"publisher":{"@id":"https:\/\/luchonoticias.com\/editor\/#\/schema\/person\/7a7fd911f58561fd056dbac7b55af9cd"},"articleSection":["Destacado","Huila"],"inLanguage":"es","potentialAction":[{"@type":"CommentAction","name":"Comment","target":["https:\/\/luchonoticias.com\/editor\/el-proximo-20-de-junio-oficialmente-el-huila-celebra-el-dia-de-la-achira\/#respond"]}]},{"@type":"WebPage","@id":"https:\/\/luchonoticias.com\/editor\/el-proximo-20-de-junio-oficialmente-el-huila-celebra-el-dia-de-la-achira\/","url":"https:\/\/luchonoticias.com\/editor\/el-proximo-20-de-junio-oficialmente-el-huila-celebra-el-dia-de-la-achira\/","name":"El pr\u00f3ximo 20 de junio oficialmente el Huila celebra el d\u00eda de la Achira -","isPartOf":{"@id":"https:\/\/luchonoticias.com\/editor\/#website"},"datePublished":"2022-05-14T12:00:00+00:00","dateModified":"2022-05-14T12:01:11+00:00","breadcrumb":{"@id":"https:\/\/luchonoticias.com\/editor\/el-proximo-20-de-junio-oficialmente-el-huila-celebra-el-dia-de-la-achira\/#breadcrumb"},"inLanguage":"es","potentialAction":[{"@type":"ReadAction","target":["https:\/\/luchonoticias.com\/editor\/el-proximo-20-de-junio-oficialmente-el-huila-celebra-el-dia-de-la-achira\/"]}]},{"@type":"BreadcrumbList","@id":"https:\/\/luchonoticias.com\/editor\/el-proximo-20-de-junio-oficialmente-el-huila-celebra-el-dia-de-la-achira\/#breadcrumb","itemListElement":[{"@type":"ListItem","position":1,"name":"Portada","item":"https:\/\/luchonoticias.com\/editor\/"},{"@type":"ListItem","position":2,"name":"El pr\u00f3ximo 20 de junio oficialmente el Huila celebra el d\u00eda de la Achira"}]},{"@type":"WebSite","@id":"https:\/\/luchonoticias.com\/editor\/#website","url":"https:\/\/luchonoticias.com\/editor\/","name":"","description":"","publisher":{"@id":"https:\/\/luchonoticias.com\/editor\/#\/schema\/person\/7a7fd911f58561fd056dbac7b55af9cd"},"potentialAction":[{"@type":"SearchAction","target":{"@type":"EntryPoint","urlTemplate":"https:\/\/luchonoticias.com\/editor\/?s={search_term_string}"},"query-input":{"@type":"PropertyValueSpecification","valueRequired":true,"valueName":"search_term_string"}}],"inLanguage":"es"},{"@type":["Person","Organization"],"@id":"https:\/\/luchonoticias.com\/editor\/#\/schema\/person\/7a7fd911f58561fd056dbac7b55af9cd","name":"admin","image":{"@type":"ImageObject","inLanguage":"es","@id":"https:\/\/luchonoticias.com\/editor\/#\/schema\/person\/image\/","url":"https:\/\/luchonoticias.com\/editor\/wp-content\/uploads\/2024\/02\/cropped-cropped-logolu.webp","contentUrl":"https:\/\/luchonoticias.com\/editor\/wp-content\/uploads\/2024\/02\/cropped-cropped-logolu.webp","width":382,"height":170,"caption":"admin"},"logo":{"@id":"https:\/\/luchonoticias.com\/editor\/#\/schema\/person\/image\/"},"sameAs":["https:\/\/www.facebook.com\/luchonoticiasneiva"],"url":"https:\/\/luchonoticias.com\/editor\/author\/admin\/"}]}},"_links":{"self":[{"href":"https:\/\/luchonoticias.com\/editor\/wp-json\/wp\/v2\/posts\/25894","targetHints":{"allow":["GET"]}}],"collection":[{"href":"https:\/\/luchonoticias.com\/editor\/wp-json\/wp\/v2\/posts"}],"about":[{"href":"https:\/\/luchonoticias.com\/editor\/wp-json\/wp\/v2\/types\/post"}],"author":[{"embeddable":true,"href":"https:\/\/luchonoticias.com\/editor\/wp-json\/wp\/v2\/users\/1"}],"replies":[{"embeddable":true,"href":"https:\/\/luchonoticias.com\/editor\/wp-json\/wp\/v2\/comments?post=25894"}],"version-history":[{"count":0,"href":"https:\/\/luchonoticias.com\/editor\/wp-json\/wp\/v2\/posts\/25894\/revisions"}],"wp:attachment":[{"href":"https:\/\/luchonoticias.com\/editor\/wp-json\/wp\/v2\/media?parent=25894"}],"wp:term":[{"taxonomy":"category","embeddable":true,"href":"https:\/\/luchonoticias.com\/editor\/wp-json\/wp\/v2\/categories?post=25894"},{"taxonomy":"post_tag","embeddable":true,"href":"https:\/\/luchonoticias.com\/editor\/wp-json\/wp\/v2\/tags?post=25894"}],"curies":[{"name":"wp","href":"https:\/\/api.w.org\/{rel}","templated":true}]}}