{"id":26102,"date":"2022-05-17T14:26:08","date_gmt":"2022-05-17T19:26:08","guid":{"rendered":"https:\/\/luchonoticias.com\/?p=26102"},"modified":"2022-05-17T14:26:09","modified_gmt":"2022-05-17T19:26:09","slug":"confirmado-neiva-sera-sede-de-la-quinta-valida-nacional-de-motonautica","status":"publish","type":"post","link":"https:\/\/luchonoticias.com\/editor\/confirmado-neiva-sera-sede-de-la-quinta-valida-nacional-de-motonautica\/","title":{"rendered":"\u00a1Confirmado! Neiva ser\u00e1 sede de la Quinta V\u00e1lida Nacional de Moton\u00e1utica"},"content":{"rendered":"\n<p>La Administraci\u00f3n Municipal, a trav\u00e9s de la Secretar\u00eda de Competitividad y el Programa de Turismo, concret\u00f3 con la Federaci\u00f3n Nacional de Moton\u00e1uticas el desarrollo de la Quinta V\u00e1lida Nacional de Moton\u00e1utica, que se desarrollar\u00e1 en el mes de octubre.<\/p>\n\n\n\n<p>Este importante anuncio fue confirmado en el marco de la Marat\u00f3n N\u00e1utica que se realiz\u00f3 durante los d\u00edas 13, 14 y 15 de mayo, iniciando desde Girardot-Villavieja-Neiva y finalizando con la ruta Neiva-Villavieja-Girardot.<\/p>\n\n\n\n<p>De acuerdo con la secretaria de Competitividad, Maryeli P\u00e9rez Le\u00f3n, este anuncio es muy importante para el municipio de Neiva, porque a trav\u00e9s de este deporte n\u00e1utico, se generar\u00e1 una din\u00e1mica econ\u00f3mica para la reactivaci\u00f3n total de todos los sectores.<\/p>\n\n\n\n<figure class=\"wp-block-gallery has-nested-images columns-default is-cropped wp-block-gallery-1 is-layout-flex wp-block-gallery-is-layout-flex\">\n<figure class=\"wp-block-image size-large\"><img decoding=\"async\" data-id=\"26105\" src=\"https:\/\/luchonoticias.com\/wp-content\/uploads\/2022\/05\/WhatsApp-Image-2022-05-17-at-12.23.50-PM-1024x768.jpeg\" alt=\"\" class=\"wp-image-26105\"\/><\/figure>\n\n\n\n<figure class=\"wp-block-image size-large\"><img decoding=\"async\" data-id=\"26106\" src=\"https:\/\/luchonoticias.com\/wp-content\/uploads\/2022\/05\/WhatsApp-Image-2022-05-17-at-12.23.49-PM-2-1024x768.jpeg\" alt=\"\" class=\"wp-image-26106\"\/><\/figure>\n\n\n\n<figure class=\"wp-block-image size-large\"><img decoding=\"async\" data-id=\"26104\" src=\"https:\/\/luchonoticias.com\/wp-content\/uploads\/2022\/05\/WhatsApp-Image-2022-05-17-at-12.23.49-PM-1-1024x768.jpeg\" alt=\"\" class=\"wp-image-26104\"\/><\/figure>\n<\/figure>\n\n\n\n<p>\u201cRecordemos que nuestro alcalde Gorky Mu\u00f1oz Calder\u00f3n hace poco lanz\u00f3 las rutas tur\u00edsticas; una de ellas es la Ruta de la Achira, la cual tiene un recorrido por el r\u00edo Magdalena de 16 kil\u00f3metros. Por eso, estamos trabajando articuladamente con la Secretar\u00eda de Deporte para el desarrollo de estos eventos\u201d, indic\u00f3 la Secretaria de Competitividad.<\/p>\n\n\n\n<p>En el marco de la Marat\u00f3n N\u00e1utica, el presidente de la Federaci\u00f3n Nacional de Moton\u00e1uticas, V\u00edctor Dom\u00ednguez, recorri\u00f3, desde Girardot hasta Neiva, el r\u00edo Magdalena para verificar el sitio donde se desarrollar\u00e1 la Quinta V\u00e1lida Nacional.<\/p>\n\n\n\n<p>\u201cVamos a traer las lanchas m\u00e1s veloces, para poder dar un espect\u00e1culo a ustedes. Aqu\u00ed estamos, comprobando que s\u00ed vamos a hacer la Quinta V\u00e1lida Nacional\u201d, expres\u00f3 el Presidente de la Federaci\u00f3n Nacional.<\/p>\n\n\n\n<p>En ese sentido, del evento participar\u00e1n aproximadamente cien pilotos, algunos de ellos campeones mundiales de este deporte n\u00e1utico, quienes se dar\u00e1n cita en el mes de octubre del 2022.<\/p>\n\n\n\n<p>Estos deportistas podr\u00e1n a prueba su adrenalina, destreza y velocidad en las aguas de la primera capital del pa\u00eds por donde cruza el imponente r\u00edo Magdalena.<\/p>\n\n\n\n<p>\u201cNuestras categor\u00edas son las m\u00e1s grandes en Colombia, y aqu\u00ed, por primera vez, en Neiva, los invitamos a que est\u00e9n con nosotros, en octubre \u2212pr\u00f3ximamente daremos la fecha\u2212, para que vean los mejores. Vamos a traer a los pilotos que nos representan en el exterior y son campeones mundiales\u201d, revel\u00f3 V\u00edctor Dom\u00ednguez.<\/p>\n","protected":false},"excerpt":{"rendered":"<p>La Administraci\u00f3n Municipal, a trav\u00e9s de la Secretar\u00eda de Competitividad y el Programa de Turismo, concret\u00f3 con la Federaci\u00f3n Nacional de Moton\u00e1uticas el desarrollo de la Quinta V\u00e1lida Nacional de Moton\u00e1utica, que se desarrollar\u00e1 en el mes de octubre. Este importante anuncio fue confirmado en el marco de la Marat\u00f3n N\u00e1utica que se realiz\u00f3 durante [&hellip;]<\/p>\n","protected":false},"author":1,"featured_media":0,"comment_status":"open","ping_status":"open","sticky":false,"template":"","format":"standard","meta":{"footnotes":""},"categories":[34,36],"tags":[],"class_list":["post-26102","post","type-post","status-publish","format-standard","hentry","category-deportes","category-destacado"],"yoast_head":"<!-- This site is optimized with the Yoast SEO plugin v26.6 - https:\/\/yoast.com\/wordpress\/plugins\/seo\/ -->\n<title>\u00a1Confirmado! Neiva ser\u00e1 sede de la Quinta V\u00e1lida Nacional de Moton\u00e1utica -<\/title>\n<meta name=\"robots\" content=\"index, follow, max-snippet:-1, max-image-preview:large, max-video-preview:-1\" \/>\n<link rel=\"canonical\" href=\"https:\/\/luchonoticias.com\/editor\/confirmado-neiva-sera-sede-de-la-quinta-valida-nacional-de-motonautica\/\" \/>\n<meta property=\"og:locale\" content=\"es_ES\" \/>\n<meta property=\"og:type\" content=\"article\" \/>\n<meta property=\"og:title\" content=\"\u00a1Confirmado! Neiva ser\u00e1 sede de la Quinta V\u00e1lida Nacional de Moton\u00e1utica -\" \/>\n<meta property=\"og:url\" content=\"https:\/\/luchonoticias.com\/editor\/confirmado-neiva-sera-sede-de-la-quinta-valida-nacional-de-motonautica\/\" \/>\n<meta property=\"article:publisher\" content=\"https:\/\/www.facebook.com\/luchonoticiasneiva\" \/>\n<meta property=\"article:author\" content=\"https:\/\/www.facebook.com\/luchonoticiasneiva\" \/>\n<meta property=\"article:published_time\" content=\"2022-05-17T19:26:08+00:00\" \/>\n<meta property=\"article:modified_time\" content=\"2022-05-17T19:26:09+00:00\" \/>\n<meta property=\"og:image\" content=\"https:\/\/luchonoticias.com\/wp-content\/uploads\/2022\/05\/WhatsApp-Image-2022-05-17-at-12.23.50-PM-1024x768.jpeg\" \/>\n<meta name=\"author\" content=\"admin\" \/>\n<meta name=\"twitter:card\" content=\"summary_large_image\" \/>\n<meta name=\"twitter:label1\" content=\"Escrito por\" \/>\n\t<meta name=\"twitter:data1\" content=\"admin\" \/>\n\t<meta name=\"twitter:label2\" content=\"Tiempo de lectura\" \/>\n\t<meta name=\"twitter:data2\" content=\"2 minutos\" \/>\n<script type=\"application\/ld+json\" class=\"yoast-schema-graph\">{\"@context\":\"https:\/\/schema.org\",\"@graph\":[{\"@type\":\"Article\",\"@id\":\"https:\/\/luchonoticias.com\/editor\/confirmado-neiva-sera-sede-de-la-quinta-valida-nacional-de-motonautica\/#article\",\"isPartOf\":{\"@id\":\"https:\/\/luchonoticias.com\/editor\/confirmado-neiva-sera-sede-de-la-quinta-valida-nacional-de-motonautica\/\"},\"author\":{\"name\":\"admin\",\"@id\":\"https:\/\/luchonoticias.com\/editor\/#\/schema\/person\/7a7fd911f58561fd056dbac7b55af9cd\"},\"headline\":\"\u00a1Confirmado! Neiva ser\u00e1 sede de la Quinta V\u00e1lida Nacional de Moton\u00e1utica\",\"datePublished\":\"2022-05-17T19:26:08+00:00\",\"dateModified\":\"2022-05-17T19:26:09+00:00\",\"mainEntityOfPage\":{\"@id\":\"https:\/\/luchonoticias.com\/editor\/confirmado-neiva-sera-sede-de-la-quinta-valida-nacional-de-motonautica\/\"},\"wordCount\":398,\"commentCount\":0,\"publisher\":{\"@id\":\"https:\/\/luchonoticias.com\/editor\/#\/schema\/person\/7a7fd911f58561fd056dbac7b55af9cd\"},\"image\":{\"@id\":\"https:\/\/luchonoticias.com\/editor\/confirmado-neiva-sera-sede-de-la-quinta-valida-nacional-de-motonautica\/#primaryimage\"},\"thumbnailUrl\":\"https:\/\/luchonoticias.com\/wp-content\/uploads\/2022\/05\/WhatsApp-Image-2022-05-17-at-12.23.50-PM-1024x768.jpeg\",\"articleSection\":[\"Deportes\",\"Destacado\"],\"inLanguage\":\"es\",\"potentialAction\":[{\"@type\":\"CommentAction\",\"name\":\"Comment\",\"target\":[\"https:\/\/luchonoticias.com\/editor\/confirmado-neiva-sera-sede-de-la-quinta-valida-nacional-de-motonautica\/#respond\"]}]},{\"@type\":\"WebPage\",\"@id\":\"https:\/\/luchonoticias.com\/editor\/confirmado-neiva-sera-sede-de-la-quinta-valida-nacional-de-motonautica\/\",\"url\":\"https:\/\/luchonoticias.com\/editor\/confirmado-neiva-sera-sede-de-la-quinta-valida-nacional-de-motonautica\/\",\"name\":\"\u00a1Confirmado! Neiva ser\u00e1 sede de la Quinta V\u00e1lida Nacional de Moton\u00e1utica -\",\"isPartOf\":{\"@id\":\"https:\/\/luchonoticias.com\/editor\/#website\"},\"primaryImageOfPage\":{\"@id\":\"https:\/\/luchonoticias.com\/editor\/confirmado-neiva-sera-sede-de-la-quinta-valida-nacional-de-motonautica\/#primaryimage\"},\"image\":{\"@id\":\"https:\/\/luchonoticias.com\/editor\/confirmado-neiva-sera-sede-de-la-quinta-valida-nacional-de-motonautica\/#primaryimage\"},\"thumbnailUrl\":\"https:\/\/luchonoticias.com\/wp-content\/uploads\/2022\/05\/WhatsApp-Image-2022-05-17-at-12.23.50-PM-1024x768.jpeg\",\"datePublished\":\"2022-05-17T19:26:08+00:00\",\"dateModified\":\"2022-05-17T19:26:09+00:00\",\"breadcrumb\":{\"@id\":\"https:\/\/luchonoticias.com\/editor\/confirmado-neiva-sera-sede-de-la-quinta-valida-nacional-de-motonautica\/#breadcrumb\"},\"inLanguage\":\"es\",\"potentialAction\":[{\"@type\":\"ReadAction\",\"target\":[\"https:\/\/luchonoticias.com\/editor\/confirmado-neiva-sera-sede-de-la-quinta-valida-nacional-de-motonautica\/\"]}]},{\"@type\":\"ImageObject\",\"inLanguage\":\"es\",\"@id\":\"https:\/\/luchonoticias.com\/editor\/confirmado-neiva-sera-sede-de-la-quinta-valida-nacional-de-motonautica\/#primaryimage\",\"url\":\"https:\/\/luchonoticias.com\/wp-content\/uploads\/2022\/05\/WhatsApp-Image-2022-05-17-at-12.23.50-PM-1024x768.jpeg\",\"contentUrl\":\"https:\/\/luchonoticias.com\/wp-content\/uploads\/2022\/05\/WhatsApp-Image-2022-05-17-at-12.23.50-PM-1024x768.jpeg\"},{\"@type\":\"BreadcrumbList\",\"@id\":\"https:\/\/luchonoticias.com\/editor\/confirmado-neiva-sera-sede-de-la-quinta-valida-nacional-de-motonautica\/#breadcrumb\",\"itemListElement\":[{\"@type\":\"ListItem\",\"position\":1,\"name\":\"Portada\",\"item\":\"https:\/\/luchonoticias.com\/editor\/\"},{\"@type\":\"ListItem\",\"position\":2,\"name\":\"\u00a1Confirmado! Neiva ser\u00e1 sede de la Quinta V\u00e1lida Nacional de Moton\u00e1utica\"}]},{\"@type\":\"WebSite\",\"@id\":\"https:\/\/luchonoticias.com\/editor\/#website\",\"url\":\"https:\/\/luchonoticias.com\/editor\/\",\"name\":\"\",\"description\":\"\",\"publisher\":{\"@id\":\"https:\/\/luchonoticias.com\/editor\/#\/schema\/person\/7a7fd911f58561fd056dbac7b55af9cd\"},\"potentialAction\":[{\"@type\":\"SearchAction\",\"target\":{\"@type\":\"EntryPoint\",\"urlTemplate\":\"https:\/\/luchonoticias.com\/editor\/?s={search_term_string}\"},\"query-input\":{\"@type\":\"PropertyValueSpecification\",\"valueRequired\":true,\"valueName\":\"search_term_string\"}}],\"inLanguage\":\"es\"},{\"@type\":[\"Person\",\"Organization\"],\"@id\":\"https:\/\/luchonoticias.com\/editor\/#\/schema\/person\/7a7fd911f58561fd056dbac7b55af9cd\",\"name\":\"admin\",\"image\":{\"@type\":\"ImageObject\",\"inLanguage\":\"es\",\"@id\":\"https:\/\/luchonoticias.com\/editor\/#\/schema\/person\/image\/\",\"url\":\"https:\/\/luchonoticias.com\/editor\/wp-content\/uploads\/2024\/02\/cropped-cropped-logolu.webp\",\"contentUrl\":\"https:\/\/luchonoticias.com\/editor\/wp-content\/uploads\/2024\/02\/cropped-cropped-logolu.webp\",\"width\":382,\"height\":170,\"caption\":\"admin\"},\"logo\":{\"@id\":\"https:\/\/luchonoticias.com\/editor\/#\/schema\/person\/image\/\"},\"sameAs\":[\"https:\/\/www.facebook.com\/luchonoticiasneiva\"],\"url\":\"https:\/\/luchonoticias.com\/editor\/author\/admin\/\"}]}<\/script>\n<!-- \/ Yoast SEO plugin. -->","yoast_head_json":{"title":"\u00a1Confirmado! Neiva ser\u00e1 sede de la Quinta V\u00e1lida Nacional de Moton\u00e1utica -","robots":{"index":"index","follow":"follow","max-snippet":"max-snippet:-1","max-image-preview":"max-image-preview:large","max-video-preview":"max-video-preview:-1"},"canonical":"https:\/\/luchonoticias.com\/editor\/confirmado-neiva-sera-sede-de-la-quinta-valida-nacional-de-motonautica\/","og_locale":"es_ES","og_type":"article","og_title":"\u00a1Confirmado! Neiva ser\u00e1 sede de la Quinta V\u00e1lida Nacional de Moton\u00e1utica -","og_url":"https:\/\/luchonoticias.com\/editor\/confirmado-neiva-sera-sede-de-la-quinta-valida-nacional-de-motonautica\/","article_publisher":"https:\/\/www.facebook.com\/luchonoticiasneiva","article_author":"https:\/\/www.facebook.com\/luchonoticiasneiva","article_published_time":"2022-05-17T19:26:08+00:00","article_modified_time":"2022-05-17T19:26:09+00:00","og_image":[{"url":"https:\/\/luchonoticias.com\/wp-content\/uploads\/2022\/05\/WhatsApp-Image-2022-05-17-at-12.23.50-PM-1024x768.jpeg","type":"","width":"","height":""}],"author":"admin","twitter_card":"summary_large_image","twitter_misc":{"Escrito por":"admin","Tiempo de lectura":"2 minutos"},"schema":{"@context":"https:\/\/schema.org","@graph":[{"@type":"Article","@id":"https:\/\/luchonoticias.com\/editor\/confirmado-neiva-sera-sede-de-la-quinta-valida-nacional-de-motonautica\/#article","isPartOf":{"@id":"https:\/\/luchonoticias.com\/editor\/confirmado-neiva-sera-sede-de-la-quinta-valida-nacional-de-motonautica\/"},"author":{"name":"admin","@id":"https:\/\/luchonoticias.com\/editor\/#\/schema\/person\/7a7fd911f58561fd056dbac7b55af9cd"},"headline":"\u00a1Confirmado! Neiva ser\u00e1 sede de la Quinta V\u00e1lida Nacional de Moton\u00e1utica","datePublished":"2022-05-17T19:26:08+00:00","dateModified":"2022-05-17T19:26:09+00:00","mainEntityOfPage":{"@id":"https:\/\/luchonoticias.com\/editor\/confirmado-neiva-sera-sede-de-la-quinta-valida-nacional-de-motonautica\/"},"wordCount":398,"commentCount":0,"publisher":{"@id":"https:\/\/luchonoticias.com\/editor\/#\/schema\/person\/7a7fd911f58561fd056dbac7b55af9cd"},"image":{"@id":"https:\/\/luchonoticias.com\/editor\/confirmado-neiva-sera-sede-de-la-quinta-valida-nacional-de-motonautica\/#primaryimage"},"thumbnailUrl":"https:\/\/luchonoticias.com\/wp-content\/uploads\/2022\/05\/WhatsApp-Image-2022-05-17-at-12.23.50-PM-1024x768.jpeg","articleSection":["Deportes","Destacado"],"inLanguage":"es","potentialAction":[{"@type":"CommentAction","name":"Comment","target":["https:\/\/luchonoticias.com\/editor\/confirmado-neiva-sera-sede-de-la-quinta-valida-nacional-de-motonautica\/#respond"]}]},{"@type":"WebPage","@id":"https:\/\/luchonoticias.com\/editor\/confirmado-neiva-sera-sede-de-la-quinta-valida-nacional-de-motonautica\/","url":"https:\/\/luchonoticias.com\/editor\/confirmado-neiva-sera-sede-de-la-quinta-valida-nacional-de-motonautica\/","name":"\u00a1Confirmado! Neiva ser\u00e1 sede de la Quinta V\u00e1lida Nacional de Moton\u00e1utica -","isPartOf":{"@id":"https:\/\/luchonoticias.com\/editor\/#website"},"primaryImageOfPage":{"@id":"https:\/\/luchonoticias.com\/editor\/confirmado-neiva-sera-sede-de-la-quinta-valida-nacional-de-motonautica\/#primaryimage"},"image":{"@id":"https:\/\/luchonoticias.com\/editor\/confirmado-neiva-sera-sede-de-la-quinta-valida-nacional-de-motonautica\/#primaryimage"},"thumbnailUrl":"https:\/\/luchonoticias.com\/wp-content\/uploads\/2022\/05\/WhatsApp-Image-2022-05-17-at-12.23.50-PM-1024x768.jpeg","datePublished":"2022-05-17T19:26:08+00:00","dateModified":"2022-05-17T19:26:09+00:00","breadcrumb":{"@id":"https:\/\/luchonoticias.com\/editor\/confirmado-neiva-sera-sede-de-la-quinta-valida-nacional-de-motonautica\/#breadcrumb"},"inLanguage":"es","potentialAction":[{"@type":"ReadAction","target":["https:\/\/luchonoticias.com\/editor\/confirmado-neiva-sera-sede-de-la-quinta-valida-nacional-de-motonautica\/"]}]},{"@type":"ImageObject","inLanguage":"es","@id":"https:\/\/luchonoticias.com\/editor\/confirmado-neiva-sera-sede-de-la-quinta-valida-nacional-de-motonautica\/#primaryimage","url":"https:\/\/luchonoticias.com\/wp-content\/uploads\/2022\/05\/WhatsApp-Image-2022-05-17-at-12.23.50-PM-1024x768.jpeg","contentUrl":"https:\/\/luchonoticias.com\/wp-content\/uploads\/2022\/05\/WhatsApp-Image-2022-05-17-at-12.23.50-PM-1024x768.jpeg"},{"@type":"BreadcrumbList","@id":"https:\/\/luchonoticias.com\/editor\/confirmado-neiva-sera-sede-de-la-quinta-valida-nacional-de-motonautica\/#breadcrumb","itemListElement":[{"@type":"ListItem","position":1,"name":"Portada","item":"https:\/\/luchonoticias.com\/editor\/"},{"@type":"ListItem","position":2,"name":"\u00a1Confirmado! Neiva ser\u00e1 sede de la Quinta V\u00e1lida Nacional de Moton\u00e1utica"}]},{"@type":"WebSite","@id":"https:\/\/luchonoticias.com\/editor\/#website","url":"https:\/\/luchonoticias.com\/editor\/","name":"","description":"","publisher":{"@id":"https:\/\/luchonoticias.com\/editor\/#\/schema\/person\/7a7fd911f58561fd056dbac7b55af9cd"},"potentialAction":[{"@type":"SearchAction","target":{"@type":"EntryPoint","urlTemplate":"https:\/\/luchonoticias.com\/editor\/?s={search_term_string}"},"query-input":{"@type":"PropertyValueSpecification","valueRequired":true,"valueName":"search_term_string"}}],"inLanguage":"es"},{"@type":["Person","Organization"],"@id":"https:\/\/luchonoticias.com\/editor\/#\/schema\/person\/7a7fd911f58561fd056dbac7b55af9cd","name":"admin","image":{"@type":"ImageObject","inLanguage":"es","@id":"https:\/\/luchonoticias.com\/editor\/#\/schema\/person\/image\/","url":"https:\/\/luchonoticias.com\/editor\/wp-content\/uploads\/2024\/02\/cropped-cropped-logolu.webp","contentUrl":"https:\/\/luchonoticias.com\/editor\/wp-content\/uploads\/2024\/02\/cropped-cropped-logolu.webp","width":382,"height":170,"caption":"admin"},"logo":{"@id":"https:\/\/luchonoticias.com\/editor\/#\/schema\/person\/image\/"},"sameAs":["https:\/\/www.facebook.com\/luchonoticiasneiva"],"url":"https:\/\/luchonoticias.com\/editor\/author\/admin\/"}]}},"_links":{"self":[{"href":"https:\/\/luchonoticias.com\/editor\/wp-json\/wp\/v2\/posts\/26102","targetHints":{"allow":["GET"]}}],"collection":[{"href":"https:\/\/luchonoticias.com\/editor\/wp-json\/wp\/v2\/posts"}],"about":[{"href":"https:\/\/luchonoticias.com\/editor\/wp-json\/wp\/v2\/types\/post"}],"author":[{"embeddable":true,"href":"https:\/\/luchonoticias.com\/editor\/wp-json\/wp\/v2\/users\/1"}],"replies":[{"embeddable":true,"href":"https:\/\/luchonoticias.com\/editor\/wp-json\/wp\/v2\/comments?post=26102"}],"version-history":[{"count":0,"href":"https:\/\/luchonoticias.com\/editor\/wp-json\/wp\/v2\/posts\/26102\/revisions"}],"wp:attachment":[{"href":"https:\/\/luchonoticias.com\/editor\/wp-json\/wp\/v2\/media?parent=26102"}],"wp:term":[{"taxonomy":"category","embeddable":true,"href":"https:\/\/luchonoticias.com\/editor\/wp-json\/wp\/v2\/categories?post=26102"},{"taxonomy":"post_tag","embeddable":true,"href":"https:\/\/luchonoticias.com\/editor\/wp-json\/wp\/v2\/tags?post=26102"}],"curies":[{"name":"wp","href":"https:\/\/api.w.org\/{rel}","templated":true}]}}