{"id":26139,"date":"2022-05-18T05:25:12","date_gmt":"2022-05-18T10:25:12","guid":{"rendered":"https:\/\/luchonoticias.com\/?p=26139"},"modified":"2022-05-18T05:25:14","modified_gmt":"2022-05-18T10:25:14","slug":"festividades-de-san-juan-y-san-pedro-con-restricciones","status":"publish","type":"post","link":"https:\/\/luchonoticias.com\/editor\/festividades-de-san-juan-y-san-pedro-con-restricciones\/","title":{"rendered":"Festividades de San Juan y San Pedro con restricciones"},"content":{"rendered":"\n<p>Municipios del Huila que al 10 de junio no cumplan con los porcentajes de vacunaci\u00f3n contra el Covid19 sobre el 70% de esquemas completos y 40% de refuerzos podr\u00edan tener restricciones especiales durante las festividades de San Juan y San Pedro, as\u00ed lo anunci\u00f3 el Gobernador, Luis Enrique Duss\u00e1n L\u00f3pez, luego de evaluar avances del Plan Departamental.<\/p>\n\n\n\n<p>A la fecha 16 municipios se encuentran con coberturas inferiores al 65% en lo relacionado a dosis completas y 36 municipios se encuentran con coberturas inferiores al 33% en refuerzos, situaci\u00f3n que significa riesgo de exposici\u00f3n al virus SarsCov2 y sus variantes, teniendo en cuenta que durante la temporada se moviliza gran cantidad de turistas connacionales y extranjeros.<\/p>\n\n\n\n<p>\u201cEstamos muy preocupados, vamos muy lentos con la respuesta en vacunaci\u00f3n, si bien los contagios de Covid19 han disminuido considerablemente, tenemos el riesgo que si no nos vacunamos con esquemas completos y refuerzos puede haber otro pico, m\u00e1s a\u00fan de cara al festival del bambuco que vamos a celebrar en el Huila\u201d expres\u00f3 Luis Enrique Duss\u00e1n L\u00f3pez, Gobernador del departamento del Huila.<\/p>\n\n\n\n<p>Agreg\u00f3 que se ha enviado una circular dirigida a los Alcaldes, Directores Locales de salud, Gerentes de los hospitales y Gerentes de las EAPB para que de acuerdo a sus competencias y responsabilidad lideren las acciones necesarias en salud p\u00fablica para avanzar, \u201cvamos a definir unos compromisos, si no hemos garantizado la inmunidad de reba\u00f1o en algunos municipios, se considerar\u00e1 que en \u00e9stos no se realicen celebraciones de San Pedro\u201d.<\/p>\n\n\n\n<p><strong>Plan de choque en vacunaci\u00f3n Covid19<\/strong><\/p>\n\n\n\n<p>En 17 municipios, donde se evidencia mayor demora\u00a0 y poca afluencia de los ciudadanos en busca de las dosis contra el coronavirus, avanza un plan de choque donde se ha desplazado personal sanitario para realizar aplicaci\u00f3n masiva de las dosis en puntos estrat\u00e9gicos de las zonas urbana y rural, en el prop\u00f3sito de proteger a la poblaci\u00f3n, sin embargo, es una estrategia que requiere voluntad y compromiso de las personas para lograr la inmunidad de reba\u00f1o que se ha trazado para el departamento.<\/p>\n\n\n\n<p>\u201cNos hemos relajado con las medidas de autocuidado, y el Covid19 sigue presente, hay municipios donde ya las personas no usan el tapabocas y esa restricci\u00f3n sigue vigente, el Huila no se ha liberado del uso del tapabocas, el \u00fanico municipio donde es permitido es en Yaguar\u00e1 que cumple con todos los par\u00e1metros\u201d afirm\u00f3 el mandatario de los huilenses.<\/p>\n\n\n\n<p>El 31 de mayo y 10 de junio se evaluar\u00e1 nuevamente el avance de la vacunaci\u00f3n en municipios como Suaza, Acevedo, Tarqui, San Agust\u00edn, Pitalito, Isnos, Timan\u00e1, La Plata, Guadalupe, Palermo, Gigante, Rivera, Oporapa, El Pital, Algeciras y Saladoblanco donde la cobertura es inferior al 65% en esquemas completos.<\/p>\n\n\n\n<p>Luego de esta revisi\u00f3n se presentar\u00e1 ante el Ministerio del Interior y el Ministerio de Salud y Protecci\u00f3n Social, la propuesta para determinar las acciones restrictivas que contemplan, ley seca, toque de queda y normatividad para uso de tapabocas en espacios abiertos y cerrados en los municipios que no cumplan con las coberturas de 70% en esquemas completos y 40% de refuerzos aplicados.<\/p>\n\n\n\n<p><strong>Poblaci\u00f3n escolarizada sin vacunar<\/strong><\/p>\n\n\n\n<p>La circular tambi\u00e9n convoca al sector educativo (directivos, docentes, estudiantes y padres de familia) a garantizar a los ni\u00f1os, ni\u00f1as y adolescentes el derecho a la salud, y a la protecci\u00f3n frente efectos graves o mortalidad por el virus Covid19.<\/p>\n\n\n\n<p>Es importante fortalecer el proceso de vacunaci\u00f3n en las instituciones educativas privadas y p\u00fablicas dependientes del orden Departamental y de las secretarias municipales de educaci\u00f3n descentralizadas de Neiva y Pitalito, donde posterior al proceso de cruce de informaci\u00f3n se logr\u00f3 evidenciar que el avance en la cobertura de vacunaci\u00f3n para la poblaci\u00f3n de ni\u00f1os, ni\u00f1as y adolescentes en edad escolar se encuentra aproximadamente para la 1era dosis en el 35,7%, 2da dosis en el 11,5%, dosis \u00fanica el 0,2% y dosis de refuerzo 0,1%, cifras verdaderamente alarmantes.<\/p>\n","protected":false},"excerpt":{"rendered":"<p>Municipios del Huila que al 10 de junio no cumplan con los porcentajes de vacunaci\u00f3n contra el Covid19 sobre el 70% de esquemas completos y 40% de refuerzos podr\u00edan tener restricciones especiales durante las festividades de San Juan y San Pedro, as\u00ed lo anunci\u00f3 el Gobernador, Luis Enrique Duss\u00e1n L\u00f3pez, luego de evaluar avances del [&hellip;]<\/p>\n","protected":false},"author":1,"featured_media":0,"comment_status":"open","ping_status":"open","sticky":false,"template":"","format":"standard","meta":{"footnotes":""},"categories":[36,33],"tags":[],"class_list":["post-26139","post","type-post","status-publish","format-standard","hentry","category-destacado","category-huila"],"yoast_head":"<!-- This site is optimized with the Yoast SEO plugin v26.6 - https:\/\/yoast.com\/wordpress\/plugins\/seo\/ -->\n<title>Festividades de San Juan y San Pedro con restricciones -<\/title>\n<meta name=\"robots\" content=\"index, follow, max-snippet:-1, max-image-preview:large, max-video-preview:-1\" \/>\n<link rel=\"canonical\" href=\"https:\/\/luchonoticias.com\/editor\/festividades-de-san-juan-y-san-pedro-con-restricciones\/\" \/>\n<meta property=\"og:locale\" content=\"es_ES\" \/>\n<meta property=\"og:type\" content=\"article\" \/>\n<meta property=\"og:title\" content=\"Festividades de San Juan y San Pedro con restricciones -\" \/>\n<meta property=\"og:url\" content=\"https:\/\/luchonoticias.com\/editor\/festividades-de-san-juan-y-san-pedro-con-restricciones\/\" \/>\n<meta property=\"article:publisher\" content=\"https:\/\/www.facebook.com\/luchonoticiasneiva\" \/>\n<meta property=\"article:author\" content=\"https:\/\/www.facebook.com\/luchonoticiasneiva\" \/>\n<meta property=\"article:published_time\" content=\"2022-05-18T10:25:12+00:00\" \/>\n<meta property=\"article:modified_time\" content=\"2022-05-18T10:25:14+00:00\" \/>\n<meta name=\"author\" content=\"admin\" \/>\n<meta name=\"twitter:card\" content=\"summary_large_image\" \/>\n<meta name=\"twitter:label1\" content=\"Escrito por\" \/>\n\t<meta name=\"twitter:data1\" content=\"admin\" \/>\n\t<meta name=\"twitter:label2\" content=\"Tiempo de lectura\" \/>\n\t<meta name=\"twitter:data2\" content=\"3 minutos\" \/>\n<script type=\"application\/ld+json\" class=\"yoast-schema-graph\">{\"@context\":\"https:\/\/schema.org\",\"@graph\":[{\"@type\":\"Article\",\"@id\":\"https:\/\/luchonoticias.com\/editor\/festividades-de-san-juan-y-san-pedro-con-restricciones\/#article\",\"isPartOf\":{\"@id\":\"https:\/\/luchonoticias.com\/editor\/festividades-de-san-juan-y-san-pedro-con-restricciones\/\"},\"author\":{\"name\":\"admin\",\"@id\":\"https:\/\/luchonoticias.com\/editor\/#\/schema\/person\/7a7fd911f58561fd056dbac7b55af9cd\"},\"headline\":\"Festividades de San Juan y San Pedro con restricciones\",\"datePublished\":\"2022-05-18T10:25:12+00:00\",\"dateModified\":\"2022-05-18T10:25:14+00:00\",\"mainEntityOfPage\":{\"@id\":\"https:\/\/luchonoticias.com\/editor\/festividades-de-san-juan-y-san-pedro-con-restricciones\/\"},\"wordCount\":668,\"commentCount\":0,\"publisher\":{\"@id\":\"https:\/\/luchonoticias.com\/editor\/#\/schema\/person\/7a7fd911f58561fd056dbac7b55af9cd\"},\"articleSection\":[\"Destacado\",\"Huila\"],\"inLanguage\":\"es\",\"potentialAction\":[{\"@type\":\"CommentAction\",\"name\":\"Comment\",\"target\":[\"https:\/\/luchonoticias.com\/editor\/festividades-de-san-juan-y-san-pedro-con-restricciones\/#respond\"]}]},{\"@type\":\"WebPage\",\"@id\":\"https:\/\/luchonoticias.com\/editor\/festividades-de-san-juan-y-san-pedro-con-restricciones\/\",\"url\":\"https:\/\/luchonoticias.com\/editor\/festividades-de-san-juan-y-san-pedro-con-restricciones\/\",\"name\":\"Festividades de San Juan y San Pedro con restricciones -\",\"isPartOf\":{\"@id\":\"https:\/\/luchonoticias.com\/editor\/#website\"},\"datePublished\":\"2022-05-18T10:25:12+00:00\",\"dateModified\":\"2022-05-18T10:25:14+00:00\",\"breadcrumb\":{\"@id\":\"https:\/\/luchonoticias.com\/editor\/festividades-de-san-juan-y-san-pedro-con-restricciones\/#breadcrumb\"},\"inLanguage\":\"es\",\"potentialAction\":[{\"@type\":\"ReadAction\",\"target\":[\"https:\/\/luchonoticias.com\/editor\/festividades-de-san-juan-y-san-pedro-con-restricciones\/\"]}]},{\"@type\":\"BreadcrumbList\",\"@id\":\"https:\/\/luchonoticias.com\/editor\/festividades-de-san-juan-y-san-pedro-con-restricciones\/#breadcrumb\",\"itemListElement\":[{\"@type\":\"ListItem\",\"position\":1,\"name\":\"Portada\",\"item\":\"https:\/\/luchonoticias.com\/editor\/\"},{\"@type\":\"ListItem\",\"position\":2,\"name\":\"Festividades de San Juan y San Pedro con restricciones\"}]},{\"@type\":\"WebSite\",\"@id\":\"https:\/\/luchonoticias.com\/editor\/#website\",\"url\":\"https:\/\/luchonoticias.com\/editor\/\",\"name\":\"\",\"description\":\"\",\"publisher\":{\"@id\":\"https:\/\/luchonoticias.com\/editor\/#\/schema\/person\/7a7fd911f58561fd056dbac7b55af9cd\"},\"potentialAction\":[{\"@type\":\"SearchAction\",\"target\":{\"@type\":\"EntryPoint\",\"urlTemplate\":\"https:\/\/luchonoticias.com\/editor\/?s={search_term_string}\"},\"query-input\":{\"@type\":\"PropertyValueSpecification\",\"valueRequired\":true,\"valueName\":\"search_term_string\"}}],\"inLanguage\":\"es\"},{\"@type\":[\"Person\",\"Organization\"],\"@id\":\"https:\/\/luchonoticias.com\/editor\/#\/schema\/person\/7a7fd911f58561fd056dbac7b55af9cd\",\"name\":\"admin\",\"image\":{\"@type\":\"ImageObject\",\"inLanguage\":\"es\",\"@id\":\"https:\/\/luchonoticias.com\/editor\/#\/schema\/person\/image\/\",\"url\":\"https:\/\/luchonoticias.com\/editor\/wp-content\/uploads\/2024\/02\/cropped-cropped-logolu.webp\",\"contentUrl\":\"https:\/\/luchonoticias.com\/editor\/wp-content\/uploads\/2024\/02\/cropped-cropped-logolu.webp\",\"width\":382,\"height\":170,\"caption\":\"admin\"},\"logo\":{\"@id\":\"https:\/\/luchonoticias.com\/editor\/#\/schema\/person\/image\/\"},\"sameAs\":[\"https:\/\/www.facebook.com\/luchonoticiasneiva\"],\"url\":\"https:\/\/luchonoticias.com\/editor\/author\/admin\/\"}]}<\/script>\n<!-- \/ Yoast SEO plugin. -->","yoast_head_json":{"title":"Festividades de San Juan y San Pedro con restricciones -","robots":{"index":"index","follow":"follow","max-snippet":"max-snippet:-1","max-image-preview":"max-image-preview:large","max-video-preview":"max-video-preview:-1"},"canonical":"https:\/\/luchonoticias.com\/editor\/festividades-de-san-juan-y-san-pedro-con-restricciones\/","og_locale":"es_ES","og_type":"article","og_title":"Festividades de San Juan y San Pedro con restricciones -","og_url":"https:\/\/luchonoticias.com\/editor\/festividades-de-san-juan-y-san-pedro-con-restricciones\/","article_publisher":"https:\/\/www.facebook.com\/luchonoticiasneiva","article_author":"https:\/\/www.facebook.com\/luchonoticiasneiva","article_published_time":"2022-05-18T10:25:12+00:00","article_modified_time":"2022-05-18T10:25:14+00:00","author":"admin","twitter_card":"summary_large_image","twitter_misc":{"Escrito por":"admin","Tiempo de lectura":"3 minutos"},"schema":{"@context":"https:\/\/schema.org","@graph":[{"@type":"Article","@id":"https:\/\/luchonoticias.com\/editor\/festividades-de-san-juan-y-san-pedro-con-restricciones\/#article","isPartOf":{"@id":"https:\/\/luchonoticias.com\/editor\/festividades-de-san-juan-y-san-pedro-con-restricciones\/"},"author":{"name":"admin","@id":"https:\/\/luchonoticias.com\/editor\/#\/schema\/person\/7a7fd911f58561fd056dbac7b55af9cd"},"headline":"Festividades de San Juan y San Pedro con restricciones","datePublished":"2022-05-18T10:25:12+00:00","dateModified":"2022-05-18T10:25:14+00:00","mainEntityOfPage":{"@id":"https:\/\/luchonoticias.com\/editor\/festividades-de-san-juan-y-san-pedro-con-restricciones\/"},"wordCount":668,"commentCount":0,"publisher":{"@id":"https:\/\/luchonoticias.com\/editor\/#\/schema\/person\/7a7fd911f58561fd056dbac7b55af9cd"},"articleSection":["Destacado","Huila"],"inLanguage":"es","potentialAction":[{"@type":"CommentAction","name":"Comment","target":["https:\/\/luchonoticias.com\/editor\/festividades-de-san-juan-y-san-pedro-con-restricciones\/#respond"]}]},{"@type":"WebPage","@id":"https:\/\/luchonoticias.com\/editor\/festividades-de-san-juan-y-san-pedro-con-restricciones\/","url":"https:\/\/luchonoticias.com\/editor\/festividades-de-san-juan-y-san-pedro-con-restricciones\/","name":"Festividades de San Juan y San Pedro con restricciones -","isPartOf":{"@id":"https:\/\/luchonoticias.com\/editor\/#website"},"datePublished":"2022-05-18T10:25:12+00:00","dateModified":"2022-05-18T10:25:14+00:00","breadcrumb":{"@id":"https:\/\/luchonoticias.com\/editor\/festividades-de-san-juan-y-san-pedro-con-restricciones\/#breadcrumb"},"inLanguage":"es","potentialAction":[{"@type":"ReadAction","target":["https:\/\/luchonoticias.com\/editor\/festividades-de-san-juan-y-san-pedro-con-restricciones\/"]}]},{"@type":"BreadcrumbList","@id":"https:\/\/luchonoticias.com\/editor\/festividades-de-san-juan-y-san-pedro-con-restricciones\/#breadcrumb","itemListElement":[{"@type":"ListItem","position":1,"name":"Portada","item":"https:\/\/luchonoticias.com\/editor\/"},{"@type":"ListItem","position":2,"name":"Festividades de San Juan y San Pedro con restricciones"}]},{"@type":"WebSite","@id":"https:\/\/luchonoticias.com\/editor\/#website","url":"https:\/\/luchonoticias.com\/editor\/","name":"","description":"","publisher":{"@id":"https:\/\/luchonoticias.com\/editor\/#\/schema\/person\/7a7fd911f58561fd056dbac7b55af9cd"},"potentialAction":[{"@type":"SearchAction","target":{"@type":"EntryPoint","urlTemplate":"https:\/\/luchonoticias.com\/editor\/?s={search_term_string}"},"query-input":{"@type":"PropertyValueSpecification","valueRequired":true,"valueName":"search_term_string"}}],"inLanguage":"es"},{"@type":["Person","Organization"],"@id":"https:\/\/luchonoticias.com\/editor\/#\/schema\/person\/7a7fd911f58561fd056dbac7b55af9cd","name":"admin","image":{"@type":"ImageObject","inLanguage":"es","@id":"https:\/\/luchonoticias.com\/editor\/#\/schema\/person\/image\/","url":"https:\/\/luchonoticias.com\/editor\/wp-content\/uploads\/2024\/02\/cropped-cropped-logolu.webp","contentUrl":"https:\/\/luchonoticias.com\/editor\/wp-content\/uploads\/2024\/02\/cropped-cropped-logolu.webp","width":382,"height":170,"caption":"admin"},"logo":{"@id":"https:\/\/luchonoticias.com\/editor\/#\/schema\/person\/image\/"},"sameAs":["https:\/\/www.facebook.com\/luchonoticiasneiva"],"url":"https:\/\/luchonoticias.com\/editor\/author\/admin\/"}]}},"_links":{"self":[{"href":"https:\/\/luchonoticias.com\/editor\/wp-json\/wp\/v2\/posts\/26139","targetHints":{"allow":["GET"]}}],"collection":[{"href":"https:\/\/luchonoticias.com\/editor\/wp-json\/wp\/v2\/posts"}],"about":[{"href":"https:\/\/luchonoticias.com\/editor\/wp-json\/wp\/v2\/types\/post"}],"author":[{"embeddable":true,"href":"https:\/\/luchonoticias.com\/editor\/wp-json\/wp\/v2\/users\/1"}],"replies":[{"embeddable":true,"href":"https:\/\/luchonoticias.com\/editor\/wp-json\/wp\/v2\/comments?post=26139"}],"version-history":[{"count":0,"href":"https:\/\/luchonoticias.com\/editor\/wp-json\/wp\/v2\/posts\/26139\/revisions"}],"wp:attachment":[{"href":"https:\/\/luchonoticias.com\/editor\/wp-json\/wp\/v2\/media?parent=26139"}],"wp:term":[{"taxonomy":"category","embeddable":true,"href":"https:\/\/luchonoticias.com\/editor\/wp-json\/wp\/v2\/categories?post=26139"},{"taxonomy":"post_tag","embeddable":true,"href":"https:\/\/luchonoticias.com\/editor\/wp-json\/wp\/v2\/tags?post=26139"}],"curies":[{"name":"wp","href":"https:\/\/api.w.org\/{rel}","templated":true}]}}