{"id":26151,"date":"2022-05-18T05:36:53","date_gmt":"2022-05-18T10:36:53","guid":{"rendered":"https:\/\/luchonoticias.com\/?p=26151"},"modified":"2022-05-18T05:36:56","modified_gmt":"2022-05-18T10:36:56","slug":"comuna-dos-de-pitalito-vivio-actividad-fisica","status":"publish","type":"post","link":"https:\/\/luchonoticias.com\/editor\/comuna-dos-de-pitalito-vivio-actividad-fisica\/","title":{"rendered":"Comuna dos de Pitalito vivi\u00f3 actividad f\u00edsica"},"content":{"rendered":"\n<p>La avenida 1ra en la&nbsp;<strong>Comuna 2 de Pitalito<\/strong>&nbsp;fue escenario de una nueva actividad de la&nbsp;<strong>V\u00eda Activa y Saludable<\/strong>, impulsada por el Instituto de Cultura, Recreaci\u00f3n y Deporte.<\/p>\n\n\n\n<p>Dicha jornada cont\u00f3 con&nbsp;<strong>juegos pre-deportivos, actividad f\u00edsica musicalizada, festival de banquitas y festival de ciclismo<\/strong>; acciones que tuvieron una positiva respuesta del publico del segundo municipio del Huila.<\/p>\n\n\n\n<p>Las jornadas dominicales, buscan seguir recibiendo m\u00e1s impulso municipal, esto para efectos del aprovechamiento del tiempo libre para el beneficio de la salud f\u00edsica y mental de los laboyanos.<\/p>\n","protected":false},"excerpt":{"rendered":"<p>La avenida 1ra en la&nbsp;Comuna 2 de Pitalito&nbsp;fue escenario de una nueva actividad de la&nbsp;V\u00eda Activa y Saludable, impulsada por el Instituto de Cultura, Recreaci\u00f3n y Deporte. Dicha jornada cont\u00f3 con&nbsp;juegos pre-deportivos, actividad f\u00edsica musicalizada, festival de banquitas y festival de ciclismo; acciones que tuvieron una positiva respuesta del publico del segundo municipio del Huila. [&hellip;]<\/p>\n","protected":false},"author":1,"featured_media":0,"comment_status":"open","ping_status":"open","sticky":false,"template":"","format":"standard","meta":{"footnotes":""},"categories":[34],"tags":[],"class_list":["post-26151","post","type-post","status-publish","format-standard","hentry","category-deportes"],"yoast_head":"<!-- This site is optimized with the Yoast SEO plugin v26.6 - https:\/\/yoast.com\/wordpress\/plugins\/seo\/ -->\n<title>Comuna dos de Pitalito vivi\u00f3 actividad f\u00edsica -<\/title>\n<meta name=\"robots\" content=\"index, follow, max-snippet:-1, max-image-preview:large, max-video-preview:-1\" \/>\n<link rel=\"canonical\" href=\"https:\/\/luchonoticias.com\/editor\/comuna-dos-de-pitalito-vivio-actividad-fisica\/\" \/>\n<meta property=\"og:locale\" content=\"es_ES\" \/>\n<meta property=\"og:type\" content=\"article\" \/>\n<meta property=\"og:title\" content=\"Comuna dos de Pitalito vivi\u00f3 actividad f\u00edsica -\" \/>\n<meta property=\"og:url\" content=\"https:\/\/luchonoticias.com\/editor\/comuna-dos-de-pitalito-vivio-actividad-fisica\/\" \/>\n<meta property=\"article:publisher\" content=\"https:\/\/www.facebook.com\/luchonoticiasneiva\" \/>\n<meta property=\"article:author\" content=\"https:\/\/www.facebook.com\/luchonoticiasneiva\" \/>\n<meta property=\"article:published_time\" content=\"2022-05-18T10:36:53+00:00\" \/>\n<meta property=\"article:modified_time\" content=\"2022-05-18T10:36:56+00:00\" \/>\n<meta name=\"author\" content=\"admin\" \/>\n<meta name=\"twitter:card\" content=\"summary_large_image\" \/>\n<meta name=\"twitter:label1\" content=\"Escrito por\" \/>\n\t<meta name=\"twitter:data1\" content=\"admin\" \/>\n<script type=\"application\/ld+json\" class=\"yoast-schema-graph\">{\"@context\":\"https:\/\/schema.org\",\"@graph\":[{\"@type\":\"Article\",\"@id\":\"https:\/\/luchonoticias.com\/editor\/comuna-dos-de-pitalito-vivio-actividad-fisica\/#article\",\"isPartOf\":{\"@id\":\"https:\/\/luchonoticias.com\/editor\/comuna-dos-de-pitalito-vivio-actividad-fisica\/\"},\"author\":{\"name\":\"admin\",\"@id\":\"https:\/\/luchonoticias.com\/editor\/#\/schema\/person\/7a7fd911f58561fd056dbac7b55af9cd\"},\"headline\":\"Comuna dos de Pitalito vivi\u00f3 actividad f\u00edsica\",\"datePublished\":\"2022-05-18T10:36:53+00:00\",\"dateModified\":\"2022-05-18T10:36:56+00:00\",\"mainEntityOfPage\":{\"@id\":\"https:\/\/luchonoticias.com\/editor\/comuna-dos-de-pitalito-vivio-actividad-fisica\/\"},\"wordCount\":104,\"commentCount\":0,\"publisher\":{\"@id\":\"https:\/\/luchonoticias.com\/editor\/#\/schema\/person\/7a7fd911f58561fd056dbac7b55af9cd\"},\"articleSection\":[\"Deportes\"],\"inLanguage\":\"es\",\"potentialAction\":[{\"@type\":\"CommentAction\",\"name\":\"Comment\",\"target\":[\"https:\/\/luchonoticias.com\/editor\/comuna-dos-de-pitalito-vivio-actividad-fisica\/#respond\"]}]},{\"@type\":\"WebPage\",\"@id\":\"https:\/\/luchonoticias.com\/editor\/comuna-dos-de-pitalito-vivio-actividad-fisica\/\",\"url\":\"https:\/\/luchonoticias.com\/editor\/comuna-dos-de-pitalito-vivio-actividad-fisica\/\",\"name\":\"Comuna dos de Pitalito vivi\u00f3 actividad f\u00edsica -\",\"isPartOf\":{\"@id\":\"https:\/\/luchonoticias.com\/editor\/#website\"},\"datePublished\":\"2022-05-18T10:36:53+00:00\",\"dateModified\":\"2022-05-18T10:36:56+00:00\",\"breadcrumb\":{\"@id\":\"https:\/\/luchonoticias.com\/editor\/comuna-dos-de-pitalito-vivio-actividad-fisica\/#breadcrumb\"},\"inLanguage\":\"es\",\"potentialAction\":[{\"@type\":\"ReadAction\",\"target\":[\"https:\/\/luchonoticias.com\/editor\/comuna-dos-de-pitalito-vivio-actividad-fisica\/\"]}]},{\"@type\":\"BreadcrumbList\",\"@id\":\"https:\/\/luchonoticias.com\/editor\/comuna-dos-de-pitalito-vivio-actividad-fisica\/#breadcrumb\",\"itemListElement\":[{\"@type\":\"ListItem\",\"position\":1,\"name\":\"Portada\",\"item\":\"https:\/\/luchonoticias.com\/editor\/\"},{\"@type\":\"ListItem\",\"position\":2,\"name\":\"Comuna dos de Pitalito vivi\u00f3 actividad f\u00edsica\"}]},{\"@type\":\"WebSite\",\"@id\":\"https:\/\/luchonoticias.com\/editor\/#website\",\"url\":\"https:\/\/luchonoticias.com\/editor\/\",\"name\":\"\",\"description\":\"\",\"publisher\":{\"@id\":\"https:\/\/luchonoticias.com\/editor\/#\/schema\/person\/7a7fd911f58561fd056dbac7b55af9cd\"},\"potentialAction\":[{\"@type\":\"SearchAction\",\"target\":{\"@type\":\"EntryPoint\",\"urlTemplate\":\"https:\/\/luchonoticias.com\/editor\/?s={search_term_string}\"},\"query-input\":{\"@type\":\"PropertyValueSpecification\",\"valueRequired\":true,\"valueName\":\"search_term_string\"}}],\"inLanguage\":\"es\"},{\"@type\":[\"Person\",\"Organization\"],\"@id\":\"https:\/\/luchonoticias.com\/editor\/#\/schema\/person\/7a7fd911f58561fd056dbac7b55af9cd\",\"name\":\"admin\",\"image\":{\"@type\":\"ImageObject\",\"inLanguage\":\"es\",\"@id\":\"https:\/\/luchonoticias.com\/editor\/#\/schema\/person\/image\/\",\"url\":\"https:\/\/luchonoticias.com\/editor\/wp-content\/uploads\/2024\/02\/cropped-cropped-logolu.webp\",\"contentUrl\":\"https:\/\/luchonoticias.com\/editor\/wp-content\/uploads\/2024\/02\/cropped-cropped-logolu.webp\",\"width\":382,\"height\":170,\"caption\":\"admin\"},\"logo\":{\"@id\":\"https:\/\/luchonoticias.com\/editor\/#\/schema\/person\/image\/\"},\"sameAs\":[\"https:\/\/www.facebook.com\/luchonoticiasneiva\"],\"url\":\"https:\/\/luchonoticias.com\/editor\/author\/admin\/\"}]}<\/script>\n<!-- \/ Yoast SEO plugin. -->","yoast_head_json":{"title":"Comuna dos de Pitalito vivi\u00f3 actividad f\u00edsica -","robots":{"index":"index","follow":"follow","max-snippet":"max-snippet:-1","max-image-preview":"max-image-preview:large","max-video-preview":"max-video-preview:-1"},"canonical":"https:\/\/luchonoticias.com\/editor\/comuna-dos-de-pitalito-vivio-actividad-fisica\/","og_locale":"es_ES","og_type":"article","og_title":"Comuna dos de Pitalito vivi\u00f3 actividad f\u00edsica -","og_url":"https:\/\/luchonoticias.com\/editor\/comuna-dos-de-pitalito-vivio-actividad-fisica\/","article_publisher":"https:\/\/www.facebook.com\/luchonoticiasneiva","article_author":"https:\/\/www.facebook.com\/luchonoticiasneiva","article_published_time":"2022-05-18T10:36:53+00:00","article_modified_time":"2022-05-18T10:36:56+00:00","author":"admin","twitter_card":"summary_large_image","twitter_misc":{"Escrito por":"admin"},"schema":{"@context":"https:\/\/schema.org","@graph":[{"@type":"Article","@id":"https:\/\/luchonoticias.com\/editor\/comuna-dos-de-pitalito-vivio-actividad-fisica\/#article","isPartOf":{"@id":"https:\/\/luchonoticias.com\/editor\/comuna-dos-de-pitalito-vivio-actividad-fisica\/"},"author":{"name":"admin","@id":"https:\/\/luchonoticias.com\/editor\/#\/schema\/person\/7a7fd911f58561fd056dbac7b55af9cd"},"headline":"Comuna dos de Pitalito vivi\u00f3 actividad f\u00edsica","datePublished":"2022-05-18T10:36:53+00:00","dateModified":"2022-05-18T10:36:56+00:00","mainEntityOfPage":{"@id":"https:\/\/luchonoticias.com\/editor\/comuna-dos-de-pitalito-vivio-actividad-fisica\/"},"wordCount":104,"commentCount":0,"publisher":{"@id":"https:\/\/luchonoticias.com\/editor\/#\/schema\/person\/7a7fd911f58561fd056dbac7b55af9cd"},"articleSection":["Deportes"],"inLanguage":"es","potentialAction":[{"@type":"CommentAction","name":"Comment","target":["https:\/\/luchonoticias.com\/editor\/comuna-dos-de-pitalito-vivio-actividad-fisica\/#respond"]}]},{"@type":"WebPage","@id":"https:\/\/luchonoticias.com\/editor\/comuna-dos-de-pitalito-vivio-actividad-fisica\/","url":"https:\/\/luchonoticias.com\/editor\/comuna-dos-de-pitalito-vivio-actividad-fisica\/","name":"Comuna dos de Pitalito vivi\u00f3 actividad f\u00edsica -","isPartOf":{"@id":"https:\/\/luchonoticias.com\/editor\/#website"},"datePublished":"2022-05-18T10:36:53+00:00","dateModified":"2022-05-18T10:36:56+00:00","breadcrumb":{"@id":"https:\/\/luchonoticias.com\/editor\/comuna-dos-de-pitalito-vivio-actividad-fisica\/#breadcrumb"},"inLanguage":"es","potentialAction":[{"@type":"ReadAction","target":["https:\/\/luchonoticias.com\/editor\/comuna-dos-de-pitalito-vivio-actividad-fisica\/"]}]},{"@type":"BreadcrumbList","@id":"https:\/\/luchonoticias.com\/editor\/comuna-dos-de-pitalito-vivio-actividad-fisica\/#breadcrumb","itemListElement":[{"@type":"ListItem","position":1,"name":"Portada","item":"https:\/\/luchonoticias.com\/editor\/"},{"@type":"ListItem","position":2,"name":"Comuna dos de Pitalito vivi\u00f3 actividad f\u00edsica"}]},{"@type":"WebSite","@id":"https:\/\/luchonoticias.com\/editor\/#website","url":"https:\/\/luchonoticias.com\/editor\/","name":"","description":"","publisher":{"@id":"https:\/\/luchonoticias.com\/editor\/#\/schema\/person\/7a7fd911f58561fd056dbac7b55af9cd"},"potentialAction":[{"@type":"SearchAction","target":{"@type":"EntryPoint","urlTemplate":"https:\/\/luchonoticias.com\/editor\/?s={search_term_string}"},"query-input":{"@type":"PropertyValueSpecification","valueRequired":true,"valueName":"search_term_string"}}],"inLanguage":"es"},{"@type":["Person","Organization"],"@id":"https:\/\/luchonoticias.com\/editor\/#\/schema\/person\/7a7fd911f58561fd056dbac7b55af9cd","name":"admin","image":{"@type":"ImageObject","inLanguage":"es","@id":"https:\/\/luchonoticias.com\/editor\/#\/schema\/person\/image\/","url":"https:\/\/luchonoticias.com\/editor\/wp-content\/uploads\/2024\/02\/cropped-cropped-logolu.webp","contentUrl":"https:\/\/luchonoticias.com\/editor\/wp-content\/uploads\/2024\/02\/cropped-cropped-logolu.webp","width":382,"height":170,"caption":"admin"},"logo":{"@id":"https:\/\/luchonoticias.com\/editor\/#\/schema\/person\/image\/"},"sameAs":["https:\/\/www.facebook.com\/luchonoticiasneiva"],"url":"https:\/\/luchonoticias.com\/editor\/author\/admin\/"}]}},"_links":{"self":[{"href":"https:\/\/luchonoticias.com\/editor\/wp-json\/wp\/v2\/posts\/26151","targetHints":{"allow":["GET"]}}],"collection":[{"href":"https:\/\/luchonoticias.com\/editor\/wp-json\/wp\/v2\/posts"}],"about":[{"href":"https:\/\/luchonoticias.com\/editor\/wp-json\/wp\/v2\/types\/post"}],"author":[{"embeddable":true,"href":"https:\/\/luchonoticias.com\/editor\/wp-json\/wp\/v2\/users\/1"}],"replies":[{"embeddable":true,"href":"https:\/\/luchonoticias.com\/editor\/wp-json\/wp\/v2\/comments?post=26151"}],"version-history":[{"count":0,"href":"https:\/\/luchonoticias.com\/editor\/wp-json\/wp\/v2\/posts\/26151\/revisions"}],"wp:attachment":[{"href":"https:\/\/luchonoticias.com\/editor\/wp-json\/wp\/v2\/media?parent=26151"}],"wp:term":[{"taxonomy":"category","embeddable":true,"href":"https:\/\/luchonoticias.com\/editor\/wp-json\/wp\/v2\/categories?post=26151"},{"taxonomy":"post_tag","embeddable":true,"href":"https:\/\/luchonoticias.com\/editor\/wp-json\/wp\/v2\/tags?post=26151"}],"curies":[{"name":"wp","href":"https:\/\/api.w.org\/{rel}","templated":true}]}}