{"id":26164,"date":"2022-05-19T05:30:19","date_gmt":"2022-05-19T10:30:19","guid":{"rendered":"https:\/\/luchonoticias.com\/?p=26164"},"modified":"2022-05-19T05:31:22","modified_gmt":"2022-05-19T10:31:22","slug":"loe-beneficios-economicos-de-la-feria-acuicola","status":"publish","type":"post","link":"https:\/\/luchonoticias.com\/editor\/loe-beneficios-economicos-de-la-feria-acuicola\/","title":{"rendered":"Beneficios econ\u00f3micos de la feria acu\u00edcola"},"content":{"rendered":"\n<p>Como muy positivo calific\u00f3 el Secretario t\u00e9cnico de la Cadena Pisc\u00edcola del Huila Edison Javier Henao, el&nbsp;<strong>balance de la Feria Internacional Acu\u00edcola del Huila<\/strong>, liderada por la Gobernaci\u00f3n del Huila en articulaci\u00f3n con productores, C\u00e1mara de Comercio del Huila, academia, y otros aliados estrat\u00e9gicos, que se desarroll\u00f3 del 5 al 7 de mayo en la ciudad de Neiva, y que tuvo a Noruega como pa\u00eds invitado.<\/p>\n\n\n\n<p>\u201cAgradecer a nuestros productores que se pusieron la camiseta para sacar adelante tan importante evento del orden internacional,&nbsp; indiscutiblemente el gobierno departamental aporta para que estas iniciativas sean un \u00e9xito, y esto nos permite hoy darle un parte muy positivo a los huilenses\u201d, sostuvo el funcionario.&nbsp;<\/p>\n\n\n\n<p>Esta estrategia direccionada a contribuir a la reactivaci\u00f3n econ\u00f3mica y fortalecimiento de la cadena pisc\u00edcola,&nbsp;<strong>permiti\u00f3 el encuentro entre productores, compradores, comercializadores, instituciones, y expertos<\/strong>, quienes socializaron los avances tecnol\u00f3gicos direccionados a mejorar la productividad, y los principales desaf\u00edos para seguir creciendo&nbsp; como rengl\u00f3n productivo.<\/p>\n\n\n\n<p>\u201cEn la Feria Internacional Acu\u00edcola estuvieron presentes desde el productor m\u00e1s grande del departamento, hasta el piscicultor m\u00e1s peque\u00f1o, quienes se actualizaron en herramientas, desarrollos tecnol\u00f3gicos, venta de servicios, y producci\u00f3n\u201d, sostuvo Henao.<\/p>\n\n\n\n<h5 class=\"wp-block-heading\">Importantes cifras econ\u00f3micas<\/h5>\n\n\n\n<p>Este espacio&nbsp;<strong>contribuy\u00f3 igualmente a mejorar la din\u00e1mica comercia<\/strong>l, pues pese a ser un tema muy especializado logr\u00f3<strong>&nbsp;ventas directas por el orden de los $137 millones,<\/strong>&nbsp;no solo en equipos e insumos para piscicultura sino en otros productos que hicieron parte de la feria comercial y la muestra gastron\u00f3mica, de la que participaron emprendedores de la regi\u00f3n.<\/p>\n\n\n\n<p>As\u00ed mismo se lograron&nbsp;<strong>acuerdos comerciales&nbsp; por $9.065.000.000,<\/strong>&nbsp;de los cuales $4.500 millones corresponden a cr\u00e9ditos para el fortalecimiento de este rengl\u00f3n productivo, $2.400 millones en construcci\u00f3n de infraestructura para garantizar la cadena de fr\u00edo, y los restantes $2.165.000.000 en equipos, suministros, e insumos. De este ejercicio participaron 10 empresas y 8 instituciones.<\/p>\n\n\n\n<p>\u201cEs importante resaltar todos esos acuerdos comerciales que la Feria Internacional Acu\u00edcola pudo desarrollar para nuestro sector, adem\u00e1s de la din\u00e1mica econ\u00f3mica generada en torno a la venta de bienes y servicios a los visitantes de 14 departamentos y 7 pa\u00edses,&nbsp; que favoreci\u00f3 al sector hotelero,&nbsp; restaurantes, y empresas de transporte y log\u00edstica\u201d, expres\u00f3 el secretario t\u00e9cnico de la cadena pisc\u00edcola.<\/p>\n\n\n\n<p><strong>A la feria acudieron durante los 3 d\u00edas 3.107 personas,<\/strong>&nbsp;1.828 de ellas al Recinto Ferial \u2018La Vor\u00e1gine\u2019, donde se desarroll\u00f3 la feria comercial, rueda de negocios, y muestra gastron\u00f3mica, y 1.279 al Centro de Convenciones \u2018Jos\u00e9 Eustasio Rivera\u2019, donde se cumpli\u00f3 el componente acad\u00e9mico con la participaci\u00f3n de expertos de varios pa\u00edses.<\/p>\n","protected":false},"excerpt":{"rendered":"<p>Como muy positivo calific\u00f3 el Secretario t\u00e9cnico de la Cadena Pisc\u00edcola del Huila Edison Javier Henao, el&nbsp;balance de la Feria Internacional Acu\u00edcola del Huila, liderada por la Gobernaci\u00f3n del Huila en articulaci\u00f3n con productores, C\u00e1mara de Comercio del Huila, academia, y otros aliados estrat\u00e9gicos, que se desarroll\u00f3 del 5 al 7 de mayo en la [&hellip;]<\/p>\n","protected":false},"author":1,"featured_media":0,"comment_status":"open","ping_status":"open","sticky":false,"template":"","format":"standard","meta":{"footnotes":""},"categories":[36,33],"tags":[],"class_list":["post-26164","post","type-post","status-publish","format-standard","hentry","category-destacado","category-huila"],"yoast_head":"<!-- This site is optimized with the Yoast SEO plugin v26.6 - https:\/\/yoast.com\/wordpress\/plugins\/seo\/ -->\n<title>Beneficios econ\u00f3micos de la feria acu\u00edcola -<\/title>\n<meta name=\"robots\" content=\"index, follow, max-snippet:-1, max-image-preview:large, max-video-preview:-1\" \/>\n<link rel=\"canonical\" href=\"https:\/\/luchonoticias.com\/editor\/loe-beneficios-economicos-de-la-feria-acuicola\/\" \/>\n<meta property=\"og:locale\" content=\"es_ES\" \/>\n<meta property=\"og:type\" content=\"article\" \/>\n<meta property=\"og:title\" content=\"Beneficios econ\u00f3micos de la feria acu\u00edcola -\" \/>\n<meta property=\"og:url\" content=\"https:\/\/luchonoticias.com\/editor\/loe-beneficios-economicos-de-la-feria-acuicola\/\" \/>\n<meta property=\"article:publisher\" content=\"https:\/\/www.facebook.com\/luchonoticiasneiva\" \/>\n<meta property=\"article:author\" content=\"https:\/\/www.facebook.com\/luchonoticiasneiva\" \/>\n<meta property=\"article:published_time\" content=\"2022-05-19T10:30:19+00:00\" \/>\n<meta property=\"article:modified_time\" content=\"2022-05-19T10:31:22+00:00\" \/>\n<meta name=\"author\" content=\"admin\" \/>\n<meta name=\"twitter:card\" content=\"summary_large_image\" \/>\n<meta name=\"twitter:label1\" content=\"Escrito por\" \/>\n\t<meta name=\"twitter:data1\" content=\"admin\" \/>\n\t<meta name=\"twitter:label2\" content=\"Tiempo de lectura\" \/>\n\t<meta name=\"twitter:data2\" content=\"2 minutos\" \/>\n<script type=\"application\/ld+json\" class=\"yoast-schema-graph\">{\"@context\":\"https:\/\/schema.org\",\"@graph\":[{\"@type\":\"Article\",\"@id\":\"https:\/\/luchonoticias.com\/editor\/loe-beneficios-economicos-de-la-feria-acuicola\/#article\",\"isPartOf\":{\"@id\":\"https:\/\/luchonoticias.com\/editor\/loe-beneficios-economicos-de-la-feria-acuicola\/\"},\"author\":{\"name\":\"admin\",\"@id\":\"https:\/\/luchonoticias.com\/editor\/#\/schema\/person\/7a7fd911f58561fd056dbac7b55af9cd\"},\"headline\":\"Beneficios econ\u00f3micos de la feria acu\u00edcola\",\"datePublished\":\"2022-05-19T10:30:19+00:00\",\"dateModified\":\"2022-05-19T10:31:22+00:00\",\"mainEntityOfPage\":{\"@id\":\"https:\/\/luchonoticias.com\/editor\/loe-beneficios-economicos-de-la-feria-acuicola\/\"},\"wordCount\":468,\"commentCount\":0,\"publisher\":{\"@id\":\"https:\/\/luchonoticias.com\/editor\/#\/schema\/person\/7a7fd911f58561fd056dbac7b55af9cd\"},\"articleSection\":[\"Destacado\",\"Huila\"],\"inLanguage\":\"es\",\"potentialAction\":[{\"@type\":\"CommentAction\",\"name\":\"Comment\",\"target\":[\"https:\/\/luchonoticias.com\/editor\/loe-beneficios-economicos-de-la-feria-acuicola\/#respond\"]}]},{\"@type\":\"WebPage\",\"@id\":\"https:\/\/luchonoticias.com\/editor\/loe-beneficios-economicos-de-la-feria-acuicola\/\",\"url\":\"https:\/\/luchonoticias.com\/editor\/loe-beneficios-economicos-de-la-feria-acuicola\/\",\"name\":\"Beneficios econ\u00f3micos de la feria acu\u00edcola -\",\"isPartOf\":{\"@id\":\"https:\/\/luchonoticias.com\/editor\/#website\"},\"datePublished\":\"2022-05-19T10:30:19+00:00\",\"dateModified\":\"2022-05-19T10:31:22+00:00\",\"breadcrumb\":{\"@id\":\"https:\/\/luchonoticias.com\/editor\/loe-beneficios-economicos-de-la-feria-acuicola\/#breadcrumb\"},\"inLanguage\":\"es\",\"potentialAction\":[{\"@type\":\"ReadAction\",\"target\":[\"https:\/\/luchonoticias.com\/editor\/loe-beneficios-economicos-de-la-feria-acuicola\/\"]}]},{\"@type\":\"BreadcrumbList\",\"@id\":\"https:\/\/luchonoticias.com\/editor\/loe-beneficios-economicos-de-la-feria-acuicola\/#breadcrumb\",\"itemListElement\":[{\"@type\":\"ListItem\",\"position\":1,\"name\":\"Portada\",\"item\":\"https:\/\/luchonoticias.com\/editor\/\"},{\"@type\":\"ListItem\",\"position\":2,\"name\":\"Beneficios econ\u00f3micos de la feria acu\u00edcola\"}]},{\"@type\":\"WebSite\",\"@id\":\"https:\/\/luchonoticias.com\/editor\/#website\",\"url\":\"https:\/\/luchonoticias.com\/editor\/\",\"name\":\"\",\"description\":\"\",\"publisher\":{\"@id\":\"https:\/\/luchonoticias.com\/editor\/#\/schema\/person\/7a7fd911f58561fd056dbac7b55af9cd\"},\"potentialAction\":[{\"@type\":\"SearchAction\",\"target\":{\"@type\":\"EntryPoint\",\"urlTemplate\":\"https:\/\/luchonoticias.com\/editor\/?s={search_term_string}\"},\"query-input\":{\"@type\":\"PropertyValueSpecification\",\"valueRequired\":true,\"valueName\":\"search_term_string\"}}],\"inLanguage\":\"es\"},{\"@type\":[\"Person\",\"Organization\"],\"@id\":\"https:\/\/luchonoticias.com\/editor\/#\/schema\/person\/7a7fd911f58561fd056dbac7b55af9cd\",\"name\":\"admin\",\"image\":{\"@type\":\"ImageObject\",\"inLanguage\":\"es\",\"@id\":\"https:\/\/luchonoticias.com\/editor\/#\/schema\/person\/image\/\",\"url\":\"https:\/\/luchonoticias.com\/editor\/wp-content\/uploads\/2024\/02\/cropped-cropped-logolu.webp\",\"contentUrl\":\"https:\/\/luchonoticias.com\/editor\/wp-content\/uploads\/2024\/02\/cropped-cropped-logolu.webp\",\"width\":382,\"height\":170,\"caption\":\"admin\"},\"logo\":{\"@id\":\"https:\/\/luchonoticias.com\/editor\/#\/schema\/person\/image\/\"},\"sameAs\":[\"https:\/\/www.facebook.com\/luchonoticiasneiva\"],\"url\":\"https:\/\/luchonoticias.com\/editor\/author\/admin\/\"}]}<\/script>\n<!-- \/ Yoast SEO plugin. -->","yoast_head_json":{"title":"Beneficios econ\u00f3micos de la feria acu\u00edcola -","robots":{"index":"index","follow":"follow","max-snippet":"max-snippet:-1","max-image-preview":"max-image-preview:large","max-video-preview":"max-video-preview:-1"},"canonical":"https:\/\/luchonoticias.com\/editor\/loe-beneficios-economicos-de-la-feria-acuicola\/","og_locale":"es_ES","og_type":"article","og_title":"Beneficios econ\u00f3micos de la feria acu\u00edcola -","og_url":"https:\/\/luchonoticias.com\/editor\/loe-beneficios-economicos-de-la-feria-acuicola\/","article_publisher":"https:\/\/www.facebook.com\/luchonoticiasneiva","article_author":"https:\/\/www.facebook.com\/luchonoticiasneiva","article_published_time":"2022-05-19T10:30:19+00:00","article_modified_time":"2022-05-19T10:31:22+00:00","author":"admin","twitter_card":"summary_large_image","twitter_misc":{"Escrito por":"admin","Tiempo de lectura":"2 minutos"},"schema":{"@context":"https:\/\/schema.org","@graph":[{"@type":"Article","@id":"https:\/\/luchonoticias.com\/editor\/loe-beneficios-economicos-de-la-feria-acuicola\/#article","isPartOf":{"@id":"https:\/\/luchonoticias.com\/editor\/loe-beneficios-economicos-de-la-feria-acuicola\/"},"author":{"name":"admin","@id":"https:\/\/luchonoticias.com\/editor\/#\/schema\/person\/7a7fd911f58561fd056dbac7b55af9cd"},"headline":"Beneficios econ\u00f3micos de la feria acu\u00edcola","datePublished":"2022-05-19T10:30:19+00:00","dateModified":"2022-05-19T10:31:22+00:00","mainEntityOfPage":{"@id":"https:\/\/luchonoticias.com\/editor\/loe-beneficios-economicos-de-la-feria-acuicola\/"},"wordCount":468,"commentCount":0,"publisher":{"@id":"https:\/\/luchonoticias.com\/editor\/#\/schema\/person\/7a7fd911f58561fd056dbac7b55af9cd"},"articleSection":["Destacado","Huila"],"inLanguage":"es","potentialAction":[{"@type":"CommentAction","name":"Comment","target":["https:\/\/luchonoticias.com\/editor\/loe-beneficios-economicos-de-la-feria-acuicola\/#respond"]}]},{"@type":"WebPage","@id":"https:\/\/luchonoticias.com\/editor\/loe-beneficios-economicos-de-la-feria-acuicola\/","url":"https:\/\/luchonoticias.com\/editor\/loe-beneficios-economicos-de-la-feria-acuicola\/","name":"Beneficios econ\u00f3micos de la feria acu\u00edcola -","isPartOf":{"@id":"https:\/\/luchonoticias.com\/editor\/#website"},"datePublished":"2022-05-19T10:30:19+00:00","dateModified":"2022-05-19T10:31:22+00:00","breadcrumb":{"@id":"https:\/\/luchonoticias.com\/editor\/loe-beneficios-economicos-de-la-feria-acuicola\/#breadcrumb"},"inLanguage":"es","potentialAction":[{"@type":"ReadAction","target":["https:\/\/luchonoticias.com\/editor\/loe-beneficios-economicos-de-la-feria-acuicola\/"]}]},{"@type":"BreadcrumbList","@id":"https:\/\/luchonoticias.com\/editor\/loe-beneficios-economicos-de-la-feria-acuicola\/#breadcrumb","itemListElement":[{"@type":"ListItem","position":1,"name":"Portada","item":"https:\/\/luchonoticias.com\/editor\/"},{"@type":"ListItem","position":2,"name":"Beneficios econ\u00f3micos de la feria acu\u00edcola"}]},{"@type":"WebSite","@id":"https:\/\/luchonoticias.com\/editor\/#website","url":"https:\/\/luchonoticias.com\/editor\/","name":"","description":"","publisher":{"@id":"https:\/\/luchonoticias.com\/editor\/#\/schema\/person\/7a7fd911f58561fd056dbac7b55af9cd"},"potentialAction":[{"@type":"SearchAction","target":{"@type":"EntryPoint","urlTemplate":"https:\/\/luchonoticias.com\/editor\/?s={search_term_string}"},"query-input":{"@type":"PropertyValueSpecification","valueRequired":true,"valueName":"search_term_string"}}],"inLanguage":"es"},{"@type":["Person","Organization"],"@id":"https:\/\/luchonoticias.com\/editor\/#\/schema\/person\/7a7fd911f58561fd056dbac7b55af9cd","name":"admin","image":{"@type":"ImageObject","inLanguage":"es","@id":"https:\/\/luchonoticias.com\/editor\/#\/schema\/person\/image\/","url":"https:\/\/luchonoticias.com\/editor\/wp-content\/uploads\/2024\/02\/cropped-cropped-logolu.webp","contentUrl":"https:\/\/luchonoticias.com\/editor\/wp-content\/uploads\/2024\/02\/cropped-cropped-logolu.webp","width":382,"height":170,"caption":"admin"},"logo":{"@id":"https:\/\/luchonoticias.com\/editor\/#\/schema\/person\/image\/"},"sameAs":["https:\/\/www.facebook.com\/luchonoticiasneiva"],"url":"https:\/\/luchonoticias.com\/editor\/author\/admin\/"}]}},"_links":{"self":[{"href":"https:\/\/luchonoticias.com\/editor\/wp-json\/wp\/v2\/posts\/26164","targetHints":{"allow":["GET"]}}],"collection":[{"href":"https:\/\/luchonoticias.com\/editor\/wp-json\/wp\/v2\/posts"}],"about":[{"href":"https:\/\/luchonoticias.com\/editor\/wp-json\/wp\/v2\/types\/post"}],"author":[{"embeddable":true,"href":"https:\/\/luchonoticias.com\/editor\/wp-json\/wp\/v2\/users\/1"}],"replies":[{"embeddable":true,"href":"https:\/\/luchonoticias.com\/editor\/wp-json\/wp\/v2\/comments?post=26164"}],"version-history":[{"count":0,"href":"https:\/\/luchonoticias.com\/editor\/wp-json\/wp\/v2\/posts\/26164\/revisions"}],"wp:attachment":[{"href":"https:\/\/luchonoticias.com\/editor\/wp-json\/wp\/v2\/media?parent=26164"}],"wp:term":[{"taxonomy":"category","embeddable":true,"href":"https:\/\/luchonoticias.com\/editor\/wp-json\/wp\/v2\/categories?post=26164"},{"taxonomy":"post_tag","embeddable":true,"href":"https:\/\/luchonoticias.com\/editor\/wp-json\/wp\/v2\/tags?post=26164"}],"curies":[{"name":"wp","href":"https:\/\/api.w.org\/{rel}","templated":true}]}}