{"id":26172,"date":"2022-05-19T05:35:55","date_gmt":"2022-05-19T10:35:55","guid":{"rendered":"https:\/\/luchonoticias.com\/?p=26172"},"modified":"2022-05-19T05:35:57","modified_gmt":"2022-05-19T10:35:57","slug":"huila-no-clasifico-en-nacional-sub-20-de-microfutbol","status":"publish","type":"post","link":"https:\/\/luchonoticias.com\/editor\/huila-no-clasifico-en-nacional-sub-20-de-microfutbol\/","title":{"rendered":"Huila no clasific\u00f3 en nacional sub &#8211; 20 de microf\u00fatbol"},"content":{"rendered":"\n<p>Se viene cumpliendo por estos d\u00edas en Rivera el&nbsp;<strong>Campeonato Nacional sub \u2013 20 de f\u00fatbol de sal\u00f3n<\/strong>, donde el&nbsp;<strong>Huila qued\u00f3 eliminado.<\/strong><\/p>\n\n\n\n<p>En el juego de fondo de la jornada de ayer el quinteto regional&nbsp;<strong>igual\u00f3 a dos goles con el Quind\u00edo<\/strong>&nbsp;y quedando fuera de la siguiente instancia del torneo; los goles huilenses fueron doblete de Cuenca.<\/p>\n\n\n\n<p>Previamente la escuadra regional&nbsp;<strong>hab\u00eda ca\u00eddo en la primera jornada<\/strong>&nbsp;ante Boyac\u00e1.<\/p>\n","protected":false},"excerpt":{"rendered":"<p>Se viene cumpliendo por estos d\u00edas en Rivera el&nbsp;Campeonato Nacional sub \u2013 20 de f\u00fatbol de sal\u00f3n, donde el&nbsp;Huila qued\u00f3 eliminado. En el juego de fondo de la jornada de ayer el quinteto regional&nbsp;igual\u00f3 a dos goles con el Quind\u00edo&nbsp;y quedando fuera de la siguiente instancia del torneo; los goles huilenses fueron doblete de Cuenca. [&hellip;]<\/p>\n","protected":false},"author":1,"featured_media":0,"comment_status":"open","ping_status":"open","sticky":false,"template":"","format":"standard","meta":{"footnotes":""},"categories":[34],"tags":[],"class_list":["post-26172","post","type-post","status-publish","format-standard","hentry","category-deportes"],"yoast_head":"<!-- This site is optimized with the Yoast SEO plugin v26.6 - https:\/\/yoast.com\/wordpress\/plugins\/seo\/ -->\n<title>Huila no clasific\u00f3 en nacional sub - 20 de microf\u00fatbol -<\/title>\n<meta name=\"robots\" content=\"index, follow, max-snippet:-1, max-image-preview:large, max-video-preview:-1\" \/>\n<link rel=\"canonical\" href=\"https:\/\/luchonoticias.com\/editor\/huila-no-clasifico-en-nacional-sub-20-de-microfutbol\/\" \/>\n<meta property=\"og:locale\" content=\"es_ES\" \/>\n<meta property=\"og:type\" content=\"article\" \/>\n<meta property=\"og:title\" content=\"Huila no clasific\u00f3 en nacional sub - 20 de microf\u00fatbol -\" \/>\n<meta property=\"og:url\" content=\"https:\/\/luchonoticias.com\/editor\/huila-no-clasifico-en-nacional-sub-20-de-microfutbol\/\" \/>\n<meta property=\"article:publisher\" content=\"https:\/\/www.facebook.com\/luchonoticiasneiva\" \/>\n<meta property=\"article:author\" content=\"https:\/\/www.facebook.com\/luchonoticiasneiva\" \/>\n<meta property=\"article:published_time\" content=\"2022-05-19T10:35:55+00:00\" \/>\n<meta property=\"article:modified_time\" content=\"2022-05-19T10:35:57+00:00\" \/>\n<meta name=\"author\" content=\"admin\" \/>\n<meta name=\"twitter:card\" content=\"summary_large_image\" \/>\n<meta name=\"twitter:label1\" content=\"Escrito por\" \/>\n\t<meta name=\"twitter:data1\" content=\"admin\" \/>\n<script type=\"application\/ld+json\" class=\"yoast-schema-graph\">{\"@context\":\"https:\/\/schema.org\",\"@graph\":[{\"@type\":\"Article\",\"@id\":\"https:\/\/luchonoticias.com\/editor\/huila-no-clasifico-en-nacional-sub-20-de-microfutbol\/#article\",\"isPartOf\":{\"@id\":\"https:\/\/luchonoticias.com\/editor\/huila-no-clasifico-en-nacional-sub-20-de-microfutbol\/\"},\"author\":{\"name\":\"admin\",\"@id\":\"https:\/\/luchonoticias.com\/editor\/#\/schema\/person\/7a7fd911f58561fd056dbac7b55af9cd\"},\"headline\":\"Huila no clasific\u00f3 en nacional sub &#8211; 20 de microf\u00fatbol\",\"datePublished\":\"2022-05-19T10:35:55+00:00\",\"dateModified\":\"2022-05-19T10:35:57+00:00\",\"mainEntityOfPage\":{\"@id\":\"https:\/\/luchonoticias.com\/editor\/huila-no-clasifico-en-nacional-sub-20-de-microfutbol\/\"},\"wordCount\":91,\"commentCount\":0,\"publisher\":{\"@id\":\"https:\/\/luchonoticias.com\/editor\/#\/schema\/person\/7a7fd911f58561fd056dbac7b55af9cd\"},\"articleSection\":[\"Deportes\"],\"inLanguage\":\"es\",\"potentialAction\":[{\"@type\":\"CommentAction\",\"name\":\"Comment\",\"target\":[\"https:\/\/luchonoticias.com\/editor\/huila-no-clasifico-en-nacional-sub-20-de-microfutbol\/#respond\"]}]},{\"@type\":\"WebPage\",\"@id\":\"https:\/\/luchonoticias.com\/editor\/huila-no-clasifico-en-nacional-sub-20-de-microfutbol\/\",\"url\":\"https:\/\/luchonoticias.com\/editor\/huila-no-clasifico-en-nacional-sub-20-de-microfutbol\/\",\"name\":\"Huila no clasific\u00f3 en nacional sub - 20 de microf\u00fatbol -\",\"isPartOf\":{\"@id\":\"https:\/\/luchonoticias.com\/editor\/#website\"},\"datePublished\":\"2022-05-19T10:35:55+00:00\",\"dateModified\":\"2022-05-19T10:35:57+00:00\",\"breadcrumb\":{\"@id\":\"https:\/\/luchonoticias.com\/editor\/huila-no-clasifico-en-nacional-sub-20-de-microfutbol\/#breadcrumb\"},\"inLanguage\":\"es\",\"potentialAction\":[{\"@type\":\"ReadAction\",\"target\":[\"https:\/\/luchonoticias.com\/editor\/huila-no-clasifico-en-nacional-sub-20-de-microfutbol\/\"]}]},{\"@type\":\"BreadcrumbList\",\"@id\":\"https:\/\/luchonoticias.com\/editor\/huila-no-clasifico-en-nacional-sub-20-de-microfutbol\/#breadcrumb\",\"itemListElement\":[{\"@type\":\"ListItem\",\"position\":1,\"name\":\"Portada\",\"item\":\"https:\/\/luchonoticias.com\/editor\/\"},{\"@type\":\"ListItem\",\"position\":2,\"name\":\"Huila no clasific\u00f3 en nacional sub &#8211; 20 de microf\u00fatbol\"}]},{\"@type\":\"WebSite\",\"@id\":\"https:\/\/luchonoticias.com\/editor\/#website\",\"url\":\"https:\/\/luchonoticias.com\/editor\/\",\"name\":\"\",\"description\":\"\",\"publisher\":{\"@id\":\"https:\/\/luchonoticias.com\/editor\/#\/schema\/person\/7a7fd911f58561fd056dbac7b55af9cd\"},\"potentialAction\":[{\"@type\":\"SearchAction\",\"target\":{\"@type\":\"EntryPoint\",\"urlTemplate\":\"https:\/\/luchonoticias.com\/editor\/?s={search_term_string}\"},\"query-input\":{\"@type\":\"PropertyValueSpecification\",\"valueRequired\":true,\"valueName\":\"search_term_string\"}}],\"inLanguage\":\"es\"},{\"@type\":[\"Person\",\"Organization\"],\"@id\":\"https:\/\/luchonoticias.com\/editor\/#\/schema\/person\/7a7fd911f58561fd056dbac7b55af9cd\",\"name\":\"admin\",\"image\":{\"@type\":\"ImageObject\",\"inLanguage\":\"es\",\"@id\":\"https:\/\/luchonoticias.com\/editor\/#\/schema\/person\/image\/\",\"url\":\"https:\/\/luchonoticias.com\/editor\/wp-content\/uploads\/2024\/02\/cropped-cropped-logolu.webp\",\"contentUrl\":\"https:\/\/luchonoticias.com\/editor\/wp-content\/uploads\/2024\/02\/cropped-cropped-logolu.webp\",\"width\":382,\"height\":170,\"caption\":\"admin\"},\"logo\":{\"@id\":\"https:\/\/luchonoticias.com\/editor\/#\/schema\/person\/image\/\"},\"sameAs\":[\"https:\/\/www.facebook.com\/luchonoticiasneiva\"],\"url\":\"https:\/\/luchonoticias.com\/editor\/author\/admin\/\"}]}<\/script>\n<!-- \/ Yoast SEO plugin. -->","yoast_head_json":{"title":"Huila no clasific\u00f3 en nacional sub - 20 de microf\u00fatbol -","robots":{"index":"index","follow":"follow","max-snippet":"max-snippet:-1","max-image-preview":"max-image-preview:large","max-video-preview":"max-video-preview:-1"},"canonical":"https:\/\/luchonoticias.com\/editor\/huila-no-clasifico-en-nacional-sub-20-de-microfutbol\/","og_locale":"es_ES","og_type":"article","og_title":"Huila no clasific\u00f3 en nacional sub - 20 de microf\u00fatbol -","og_url":"https:\/\/luchonoticias.com\/editor\/huila-no-clasifico-en-nacional-sub-20-de-microfutbol\/","article_publisher":"https:\/\/www.facebook.com\/luchonoticiasneiva","article_author":"https:\/\/www.facebook.com\/luchonoticiasneiva","article_published_time":"2022-05-19T10:35:55+00:00","article_modified_time":"2022-05-19T10:35:57+00:00","author":"admin","twitter_card":"summary_large_image","twitter_misc":{"Escrito por":"admin"},"schema":{"@context":"https:\/\/schema.org","@graph":[{"@type":"Article","@id":"https:\/\/luchonoticias.com\/editor\/huila-no-clasifico-en-nacional-sub-20-de-microfutbol\/#article","isPartOf":{"@id":"https:\/\/luchonoticias.com\/editor\/huila-no-clasifico-en-nacional-sub-20-de-microfutbol\/"},"author":{"name":"admin","@id":"https:\/\/luchonoticias.com\/editor\/#\/schema\/person\/7a7fd911f58561fd056dbac7b55af9cd"},"headline":"Huila no clasific\u00f3 en nacional sub &#8211; 20 de microf\u00fatbol","datePublished":"2022-05-19T10:35:55+00:00","dateModified":"2022-05-19T10:35:57+00:00","mainEntityOfPage":{"@id":"https:\/\/luchonoticias.com\/editor\/huila-no-clasifico-en-nacional-sub-20-de-microfutbol\/"},"wordCount":91,"commentCount":0,"publisher":{"@id":"https:\/\/luchonoticias.com\/editor\/#\/schema\/person\/7a7fd911f58561fd056dbac7b55af9cd"},"articleSection":["Deportes"],"inLanguage":"es","potentialAction":[{"@type":"CommentAction","name":"Comment","target":["https:\/\/luchonoticias.com\/editor\/huila-no-clasifico-en-nacional-sub-20-de-microfutbol\/#respond"]}]},{"@type":"WebPage","@id":"https:\/\/luchonoticias.com\/editor\/huila-no-clasifico-en-nacional-sub-20-de-microfutbol\/","url":"https:\/\/luchonoticias.com\/editor\/huila-no-clasifico-en-nacional-sub-20-de-microfutbol\/","name":"Huila no clasific\u00f3 en nacional sub - 20 de microf\u00fatbol -","isPartOf":{"@id":"https:\/\/luchonoticias.com\/editor\/#website"},"datePublished":"2022-05-19T10:35:55+00:00","dateModified":"2022-05-19T10:35:57+00:00","breadcrumb":{"@id":"https:\/\/luchonoticias.com\/editor\/huila-no-clasifico-en-nacional-sub-20-de-microfutbol\/#breadcrumb"},"inLanguage":"es","potentialAction":[{"@type":"ReadAction","target":["https:\/\/luchonoticias.com\/editor\/huila-no-clasifico-en-nacional-sub-20-de-microfutbol\/"]}]},{"@type":"BreadcrumbList","@id":"https:\/\/luchonoticias.com\/editor\/huila-no-clasifico-en-nacional-sub-20-de-microfutbol\/#breadcrumb","itemListElement":[{"@type":"ListItem","position":1,"name":"Portada","item":"https:\/\/luchonoticias.com\/editor\/"},{"@type":"ListItem","position":2,"name":"Huila no clasific\u00f3 en nacional sub &#8211; 20 de microf\u00fatbol"}]},{"@type":"WebSite","@id":"https:\/\/luchonoticias.com\/editor\/#website","url":"https:\/\/luchonoticias.com\/editor\/","name":"","description":"","publisher":{"@id":"https:\/\/luchonoticias.com\/editor\/#\/schema\/person\/7a7fd911f58561fd056dbac7b55af9cd"},"potentialAction":[{"@type":"SearchAction","target":{"@type":"EntryPoint","urlTemplate":"https:\/\/luchonoticias.com\/editor\/?s={search_term_string}"},"query-input":{"@type":"PropertyValueSpecification","valueRequired":true,"valueName":"search_term_string"}}],"inLanguage":"es"},{"@type":["Person","Organization"],"@id":"https:\/\/luchonoticias.com\/editor\/#\/schema\/person\/7a7fd911f58561fd056dbac7b55af9cd","name":"admin","image":{"@type":"ImageObject","inLanguage":"es","@id":"https:\/\/luchonoticias.com\/editor\/#\/schema\/person\/image\/","url":"https:\/\/luchonoticias.com\/editor\/wp-content\/uploads\/2024\/02\/cropped-cropped-logolu.webp","contentUrl":"https:\/\/luchonoticias.com\/editor\/wp-content\/uploads\/2024\/02\/cropped-cropped-logolu.webp","width":382,"height":170,"caption":"admin"},"logo":{"@id":"https:\/\/luchonoticias.com\/editor\/#\/schema\/person\/image\/"},"sameAs":["https:\/\/www.facebook.com\/luchonoticiasneiva"],"url":"https:\/\/luchonoticias.com\/editor\/author\/admin\/"}]}},"_links":{"self":[{"href":"https:\/\/luchonoticias.com\/editor\/wp-json\/wp\/v2\/posts\/26172","targetHints":{"allow":["GET"]}}],"collection":[{"href":"https:\/\/luchonoticias.com\/editor\/wp-json\/wp\/v2\/posts"}],"about":[{"href":"https:\/\/luchonoticias.com\/editor\/wp-json\/wp\/v2\/types\/post"}],"author":[{"embeddable":true,"href":"https:\/\/luchonoticias.com\/editor\/wp-json\/wp\/v2\/users\/1"}],"replies":[{"embeddable":true,"href":"https:\/\/luchonoticias.com\/editor\/wp-json\/wp\/v2\/comments?post=26172"}],"version-history":[{"count":0,"href":"https:\/\/luchonoticias.com\/editor\/wp-json\/wp\/v2\/posts\/26172\/revisions"}],"wp:attachment":[{"href":"https:\/\/luchonoticias.com\/editor\/wp-json\/wp\/v2\/media?parent=26172"}],"wp:term":[{"taxonomy":"category","embeddable":true,"href":"https:\/\/luchonoticias.com\/editor\/wp-json\/wp\/v2\/categories?post=26172"},{"taxonomy":"post_tag","embeddable":true,"href":"https:\/\/luchonoticias.com\/editor\/wp-json\/wp\/v2\/tags?post=26172"}],"curies":[{"name":"wp","href":"https:\/\/api.w.org\/{rel}","templated":true}]}}