{"id":26293,"date":"2022-05-20T07:46:54","date_gmt":"2022-05-20T12:46:54","guid":{"rendered":"https:\/\/luchonoticias.com\/?p=26293"},"modified":"2022-05-20T07:46:55","modified_gmt":"2022-05-20T12:46:55","slug":"ninos-de-neiva-conocieron-los-principales-monumentos-de-la-ciudad","status":"publish","type":"post","link":"https:\/\/luchonoticias.com\/editor\/ninos-de-neiva-conocieron-los-principales-monumentos-de-la-ciudad\/","title":{"rendered":"Ni\u00f1os de Neiva conocieron los principales monumentos de la ciudad"},"content":{"rendered":"\n<p>Desde la Administraci\u00f3n Municipal que lidera el alcalde de Neiva Gorky Mu\u00f1oz Calder\u00f3n, a trav\u00e9s del Secretaria de la Mujer Infancia y Adolescencia con el apoyo de la Secretar\u00eda de Cultura, se celebr\u00f3 el D\u00eda Internacional de los Museos, por lo que estas dependencias desarrollaron una agenda dirigida a ni\u00f1os, ni\u00f1as y adolescentes que ten\u00eda como prop\u00f3sito de visitar y conocer sitios emblem\u00e1ticos de la ciudad.<\/p>\n\n\n\n<p>Desde muy temprano los estudiantes del Gimnasio infantil Mi Alegr\u00eda de Vivir llegaron al Centro de Convenciones \u2018Jos\u00e9 Eustasio Rivera\u2019, all\u00ed se inici\u00f3 un recorrido por el Museo de Arte Contempor\u00e1neo, donde conocieron de cerca los principales trajes t\u00edpicos, fotograf\u00edas, instrumentos musicales y arte de la fiesta tradicional sampedrina, el Museo \u2018Jorge Villamil\u2019, que protege la historia de este poeta insignia de la m\u00fasica huilense y al Museo Arqueol\u00f3gico.<\/p>\n\n\n\n<figure class=\"wp-block-gallery has-nested-images columns-default is-cropped wp-block-gallery-1 is-layout-flex wp-block-gallery-is-layout-flex\">\n<figure class=\"wp-block-image size-large\"><img decoding=\"async\" data-id=\"26295\" src=\"https:\/\/luchonoticias.com\/wp-content\/uploads\/2022\/05\/WhatsApp-Image-2022-05-19-at-4.51.30-PM-2-1024x768.jpeg\" alt=\"\" class=\"wp-image-26295\"\/><\/figure>\n\n\n\n<figure class=\"wp-block-image size-large\"><img decoding=\"async\" data-id=\"26296\" src=\"https:\/\/luchonoticias.com\/wp-content\/uploads\/2022\/05\/WhatsApp-Image-2022-05-19-at-4.51.30-PM-1-1024x768.jpeg\" alt=\"\" class=\"wp-image-26296\"\/><\/figure>\n\n\n\n<figure class=\"wp-block-image size-large\"><img decoding=\"async\" data-id=\"26297\" src=\"https:\/\/luchonoticias.com\/wp-content\/uploads\/2022\/05\/WhatsApp-Image-2022-05-19-at-4.51.30-PM-1024x682.jpeg\" alt=\"\" class=\"wp-image-26297\"\/><\/figure>\n<\/figure>\n\n\n\n<p>\u201cEstamos realizando una jornada con el colegio Mi Alegr\u00eda de Vivir en pro de la huilensidad, para que los ni\u00f1os conozcan los monumentos y los sitios hist\u00f3ricos de nuestro municipio y que de alguna u otra forma vayan afianzando esa cultura y el arraigo que tenemos por nuestro territorio\u201d, coment\u00f3 Milton Jovany Orozco, l\u00edder el Programa de Primera Infancia.<\/p>\n\n\n\n<p>Esta jornada se realiz\u00f3 con el apoyo de la Secretar\u00eda de Cultura, donde los m\u00e1s peque\u00f1os disfrutaron de un recorrido hist\u00f3rico, cultural y folcl\u00f3rico en cada uno de los monumentos, entre ellos, Los Potros, El Moh\u00e1n, el Monumento a La Gaitana, el Centro de Convenciones \u2018Jos\u00e9 Eustasio Rivera\u2019 y por \u00faltimo el Museo Prehist\u00f3rico de Neiva.<\/p>\n\n\n\n<figure class=\"wp-block-gallery has-nested-images columns-default is-cropped wp-block-gallery-2 is-layout-flex wp-block-gallery-is-layout-flex\">\n<figure class=\"wp-block-image size-large\"><img decoding=\"async\" data-id=\"26300\" src=\"https:\/\/luchonoticias.com\/wp-content\/uploads\/2022\/05\/WhatsApp-Image-2022-05-19-at-4.51.29-PM-2-1-1024x768.jpeg\" alt=\"\" class=\"wp-image-26300\"\/><\/figure>\n\n\n\n<figure class=\"wp-block-image size-large\"><img decoding=\"async\" data-id=\"26299\" src=\"https:\/\/luchonoticias.com\/wp-content\/uploads\/2022\/05\/WhatsApp-Image-2022-05-19-at-4.51.29-PM-1-1024x768.jpeg\" alt=\"\" class=\"wp-image-26299\"\/><\/figure>\n\n\n\n<figure class=\"wp-block-image size-large\"><img decoding=\"async\" data-id=\"26302\" src=\"https:\/\/luchonoticias.com\/wp-content\/uploads\/2022\/05\/WhatsApp-Image-2022-05-19-at-4.51.29-PM-1024x682.jpeg\" alt=\"\" class=\"wp-image-26302\"\/><\/figure>\n\n\n\n<figure class=\"wp-block-image size-large\"><img decoding=\"async\" data-id=\"26298\" src=\"https:\/\/luchonoticias.com\/wp-content\/uploads\/2022\/05\/WhatsApp-Image-2022-05-19-at-4.51.28-PM-1-1024x608.jpeg\" alt=\"\" class=\"wp-image-26298\"\/><\/figure>\n\n\n\n<figure class=\"wp-block-image size-large\"><img decoding=\"async\" data-id=\"26301\" src=\"https:\/\/luchonoticias.com\/wp-content\/uploads\/2022\/05\/WhatsApp-Image-2022-05-19-at-4.51.28-PM-1024x768.jpeg\" alt=\"\" class=\"wp-image-26301\"\/><\/figure>\n<\/figure>\n\n\n\n<p><strong>Para no olvidar<\/strong><\/p>\n\n\n\n<p>La actividad denominada rescatando la huilensidad de los ni\u00f1os, ni\u00f1as y adolescentes, pretende vincular desde muy temprana edad a estudiantes de las instituciones educativas en el desarrollo de los sitios tur\u00edsticos de la ciudad para no dejar perder las tradiciones culturales.<\/p>\n","protected":false},"excerpt":{"rendered":"<p>Desde la Administraci\u00f3n Municipal que lidera el alcalde de Neiva Gorky Mu\u00f1oz Calder\u00f3n, a trav\u00e9s del Secretaria de la Mujer Infancia y Adolescencia con el apoyo de la Secretar\u00eda de Cultura, se celebr\u00f3 el D\u00eda Internacional de los Museos, por lo que estas dependencias desarrollaron una agenda dirigida a ni\u00f1os, ni\u00f1as y adolescentes que ten\u00eda [&hellip;]<\/p>\n","protected":false},"author":1,"featured_media":0,"comment_status":"open","ping_status":"open","sticky":false,"template":"","format":"standard","meta":{"footnotes":""},"categories":[36,53],"tags":[],"class_list":["post-26293","post","type-post","status-publish","format-standard","hentry","category-destacado","category-neiva"],"yoast_head":"<!-- This site is optimized with the Yoast SEO plugin v26.6 - https:\/\/yoast.com\/wordpress\/plugins\/seo\/ -->\n<title>Ni\u00f1os de Neiva conocieron los principales monumentos de la ciudad -<\/title>\n<meta name=\"robots\" content=\"index, follow, max-snippet:-1, max-image-preview:large, max-video-preview:-1\" \/>\n<link rel=\"canonical\" href=\"https:\/\/luchonoticias.com\/editor\/ninos-de-neiva-conocieron-los-principales-monumentos-de-la-ciudad\/\" \/>\n<meta property=\"og:locale\" content=\"es_ES\" \/>\n<meta property=\"og:type\" content=\"article\" \/>\n<meta property=\"og:title\" content=\"Ni\u00f1os de Neiva conocieron los principales monumentos de la ciudad -\" \/>\n<meta property=\"og:url\" content=\"https:\/\/luchonoticias.com\/editor\/ninos-de-neiva-conocieron-los-principales-monumentos-de-la-ciudad\/\" \/>\n<meta property=\"article:publisher\" content=\"https:\/\/www.facebook.com\/luchonoticiasneiva\" \/>\n<meta property=\"article:author\" content=\"https:\/\/www.facebook.com\/luchonoticiasneiva\" \/>\n<meta property=\"article:published_time\" content=\"2022-05-20T12:46:54+00:00\" \/>\n<meta property=\"article:modified_time\" content=\"2022-05-20T12:46:55+00:00\" \/>\n<meta property=\"og:image\" content=\"https:\/\/luchonoticias.com\/wp-content\/uploads\/2022\/05\/WhatsApp-Image-2022-05-19-at-4.51.30-PM-2-1024x768.jpeg\" \/>\n<meta name=\"author\" content=\"admin\" \/>\n<meta name=\"twitter:card\" content=\"summary_large_image\" \/>\n<meta name=\"twitter:label1\" content=\"Escrito por\" \/>\n\t<meta name=\"twitter:data1\" content=\"admin\" \/>\n\t<meta name=\"twitter:label2\" content=\"Tiempo de lectura\" \/>\n\t<meta name=\"twitter:data2\" content=\"2 minutos\" \/>\n<script type=\"application\/ld+json\" class=\"yoast-schema-graph\">{\"@context\":\"https:\/\/schema.org\",\"@graph\":[{\"@type\":\"Article\",\"@id\":\"https:\/\/luchonoticias.com\/editor\/ninos-de-neiva-conocieron-los-principales-monumentos-de-la-ciudad\/#article\",\"isPartOf\":{\"@id\":\"https:\/\/luchonoticias.com\/editor\/ninos-de-neiva-conocieron-los-principales-monumentos-de-la-ciudad\/\"},\"author\":{\"name\":\"admin\",\"@id\":\"https:\/\/luchonoticias.com\/editor\/#\/schema\/person\/7a7fd911f58561fd056dbac7b55af9cd\"},\"headline\":\"Ni\u00f1os de Neiva conocieron los principales monumentos de la ciudad\",\"datePublished\":\"2022-05-20T12:46:54+00:00\",\"dateModified\":\"2022-05-20T12:46:55+00:00\",\"mainEntityOfPage\":{\"@id\":\"https:\/\/luchonoticias.com\/editor\/ninos-de-neiva-conocieron-los-principales-monumentos-de-la-ciudad\/\"},\"wordCount\":336,\"commentCount\":0,\"publisher\":{\"@id\":\"https:\/\/luchonoticias.com\/editor\/#\/schema\/person\/7a7fd911f58561fd056dbac7b55af9cd\"},\"image\":{\"@id\":\"https:\/\/luchonoticias.com\/editor\/ninos-de-neiva-conocieron-los-principales-monumentos-de-la-ciudad\/#primaryimage\"},\"thumbnailUrl\":\"https:\/\/luchonoticias.com\/wp-content\/uploads\/2022\/05\/WhatsApp-Image-2022-05-19-at-4.51.30-PM-2-1024x768.jpeg\",\"articleSection\":[\"Destacado\",\"Neiva\"],\"inLanguage\":\"es\",\"potentialAction\":[{\"@type\":\"CommentAction\",\"name\":\"Comment\",\"target\":[\"https:\/\/luchonoticias.com\/editor\/ninos-de-neiva-conocieron-los-principales-monumentos-de-la-ciudad\/#respond\"]}]},{\"@type\":\"WebPage\",\"@id\":\"https:\/\/luchonoticias.com\/editor\/ninos-de-neiva-conocieron-los-principales-monumentos-de-la-ciudad\/\",\"url\":\"https:\/\/luchonoticias.com\/editor\/ninos-de-neiva-conocieron-los-principales-monumentos-de-la-ciudad\/\",\"name\":\"Ni\u00f1os de Neiva conocieron los principales monumentos de la ciudad -\",\"isPartOf\":{\"@id\":\"https:\/\/luchonoticias.com\/editor\/#website\"},\"primaryImageOfPage\":{\"@id\":\"https:\/\/luchonoticias.com\/editor\/ninos-de-neiva-conocieron-los-principales-monumentos-de-la-ciudad\/#primaryimage\"},\"image\":{\"@id\":\"https:\/\/luchonoticias.com\/editor\/ninos-de-neiva-conocieron-los-principales-monumentos-de-la-ciudad\/#primaryimage\"},\"thumbnailUrl\":\"https:\/\/luchonoticias.com\/wp-content\/uploads\/2022\/05\/WhatsApp-Image-2022-05-19-at-4.51.30-PM-2-1024x768.jpeg\",\"datePublished\":\"2022-05-20T12:46:54+00:00\",\"dateModified\":\"2022-05-20T12:46:55+00:00\",\"breadcrumb\":{\"@id\":\"https:\/\/luchonoticias.com\/editor\/ninos-de-neiva-conocieron-los-principales-monumentos-de-la-ciudad\/#breadcrumb\"},\"inLanguage\":\"es\",\"potentialAction\":[{\"@type\":\"ReadAction\",\"target\":[\"https:\/\/luchonoticias.com\/editor\/ninos-de-neiva-conocieron-los-principales-monumentos-de-la-ciudad\/\"]}]},{\"@type\":\"ImageObject\",\"inLanguage\":\"es\",\"@id\":\"https:\/\/luchonoticias.com\/editor\/ninos-de-neiva-conocieron-los-principales-monumentos-de-la-ciudad\/#primaryimage\",\"url\":\"https:\/\/luchonoticias.com\/wp-content\/uploads\/2022\/05\/WhatsApp-Image-2022-05-19-at-4.51.30-PM-2-1024x768.jpeg\",\"contentUrl\":\"https:\/\/luchonoticias.com\/wp-content\/uploads\/2022\/05\/WhatsApp-Image-2022-05-19-at-4.51.30-PM-2-1024x768.jpeg\"},{\"@type\":\"BreadcrumbList\",\"@id\":\"https:\/\/luchonoticias.com\/editor\/ninos-de-neiva-conocieron-los-principales-monumentos-de-la-ciudad\/#breadcrumb\",\"itemListElement\":[{\"@type\":\"ListItem\",\"position\":1,\"name\":\"Portada\",\"item\":\"https:\/\/luchonoticias.com\/editor\/\"},{\"@type\":\"ListItem\",\"position\":2,\"name\":\"Ni\u00f1os de Neiva conocieron los principales monumentos de la ciudad\"}]},{\"@type\":\"WebSite\",\"@id\":\"https:\/\/luchonoticias.com\/editor\/#website\",\"url\":\"https:\/\/luchonoticias.com\/editor\/\",\"name\":\"\",\"description\":\"\",\"publisher\":{\"@id\":\"https:\/\/luchonoticias.com\/editor\/#\/schema\/person\/7a7fd911f58561fd056dbac7b55af9cd\"},\"potentialAction\":[{\"@type\":\"SearchAction\",\"target\":{\"@type\":\"EntryPoint\",\"urlTemplate\":\"https:\/\/luchonoticias.com\/editor\/?s={search_term_string}\"},\"query-input\":{\"@type\":\"PropertyValueSpecification\",\"valueRequired\":true,\"valueName\":\"search_term_string\"}}],\"inLanguage\":\"es\"},{\"@type\":[\"Person\",\"Organization\"],\"@id\":\"https:\/\/luchonoticias.com\/editor\/#\/schema\/person\/7a7fd911f58561fd056dbac7b55af9cd\",\"name\":\"admin\",\"image\":{\"@type\":\"ImageObject\",\"inLanguage\":\"es\",\"@id\":\"https:\/\/luchonoticias.com\/editor\/#\/schema\/person\/image\/\",\"url\":\"https:\/\/luchonoticias.com\/editor\/wp-content\/uploads\/2024\/02\/cropped-cropped-logolu.webp\",\"contentUrl\":\"https:\/\/luchonoticias.com\/editor\/wp-content\/uploads\/2024\/02\/cropped-cropped-logolu.webp\",\"width\":382,\"height\":170,\"caption\":\"admin\"},\"logo\":{\"@id\":\"https:\/\/luchonoticias.com\/editor\/#\/schema\/person\/image\/\"},\"sameAs\":[\"https:\/\/www.facebook.com\/luchonoticiasneiva\"],\"url\":\"https:\/\/luchonoticias.com\/editor\/author\/admin\/\"}]}<\/script>\n<!-- \/ Yoast SEO plugin. -->","yoast_head_json":{"title":"Ni\u00f1os de Neiva conocieron los principales monumentos de la ciudad -","robots":{"index":"index","follow":"follow","max-snippet":"max-snippet:-1","max-image-preview":"max-image-preview:large","max-video-preview":"max-video-preview:-1"},"canonical":"https:\/\/luchonoticias.com\/editor\/ninos-de-neiva-conocieron-los-principales-monumentos-de-la-ciudad\/","og_locale":"es_ES","og_type":"article","og_title":"Ni\u00f1os de Neiva conocieron los principales monumentos de la ciudad -","og_url":"https:\/\/luchonoticias.com\/editor\/ninos-de-neiva-conocieron-los-principales-monumentos-de-la-ciudad\/","article_publisher":"https:\/\/www.facebook.com\/luchonoticiasneiva","article_author":"https:\/\/www.facebook.com\/luchonoticiasneiva","article_published_time":"2022-05-20T12:46:54+00:00","article_modified_time":"2022-05-20T12:46:55+00:00","og_image":[{"url":"https:\/\/luchonoticias.com\/wp-content\/uploads\/2022\/05\/WhatsApp-Image-2022-05-19-at-4.51.30-PM-2-1024x768.jpeg","type":"","width":"","height":""}],"author":"admin","twitter_card":"summary_large_image","twitter_misc":{"Escrito por":"admin","Tiempo de lectura":"2 minutos"},"schema":{"@context":"https:\/\/schema.org","@graph":[{"@type":"Article","@id":"https:\/\/luchonoticias.com\/editor\/ninos-de-neiva-conocieron-los-principales-monumentos-de-la-ciudad\/#article","isPartOf":{"@id":"https:\/\/luchonoticias.com\/editor\/ninos-de-neiva-conocieron-los-principales-monumentos-de-la-ciudad\/"},"author":{"name":"admin","@id":"https:\/\/luchonoticias.com\/editor\/#\/schema\/person\/7a7fd911f58561fd056dbac7b55af9cd"},"headline":"Ni\u00f1os de Neiva conocieron los principales monumentos de la ciudad","datePublished":"2022-05-20T12:46:54+00:00","dateModified":"2022-05-20T12:46:55+00:00","mainEntityOfPage":{"@id":"https:\/\/luchonoticias.com\/editor\/ninos-de-neiva-conocieron-los-principales-monumentos-de-la-ciudad\/"},"wordCount":336,"commentCount":0,"publisher":{"@id":"https:\/\/luchonoticias.com\/editor\/#\/schema\/person\/7a7fd911f58561fd056dbac7b55af9cd"},"image":{"@id":"https:\/\/luchonoticias.com\/editor\/ninos-de-neiva-conocieron-los-principales-monumentos-de-la-ciudad\/#primaryimage"},"thumbnailUrl":"https:\/\/luchonoticias.com\/wp-content\/uploads\/2022\/05\/WhatsApp-Image-2022-05-19-at-4.51.30-PM-2-1024x768.jpeg","articleSection":["Destacado","Neiva"],"inLanguage":"es","potentialAction":[{"@type":"CommentAction","name":"Comment","target":["https:\/\/luchonoticias.com\/editor\/ninos-de-neiva-conocieron-los-principales-monumentos-de-la-ciudad\/#respond"]}]},{"@type":"WebPage","@id":"https:\/\/luchonoticias.com\/editor\/ninos-de-neiva-conocieron-los-principales-monumentos-de-la-ciudad\/","url":"https:\/\/luchonoticias.com\/editor\/ninos-de-neiva-conocieron-los-principales-monumentos-de-la-ciudad\/","name":"Ni\u00f1os de Neiva conocieron los principales monumentos de la ciudad -","isPartOf":{"@id":"https:\/\/luchonoticias.com\/editor\/#website"},"primaryImageOfPage":{"@id":"https:\/\/luchonoticias.com\/editor\/ninos-de-neiva-conocieron-los-principales-monumentos-de-la-ciudad\/#primaryimage"},"image":{"@id":"https:\/\/luchonoticias.com\/editor\/ninos-de-neiva-conocieron-los-principales-monumentos-de-la-ciudad\/#primaryimage"},"thumbnailUrl":"https:\/\/luchonoticias.com\/wp-content\/uploads\/2022\/05\/WhatsApp-Image-2022-05-19-at-4.51.30-PM-2-1024x768.jpeg","datePublished":"2022-05-20T12:46:54+00:00","dateModified":"2022-05-20T12:46:55+00:00","breadcrumb":{"@id":"https:\/\/luchonoticias.com\/editor\/ninos-de-neiva-conocieron-los-principales-monumentos-de-la-ciudad\/#breadcrumb"},"inLanguage":"es","potentialAction":[{"@type":"ReadAction","target":["https:\/\/luchonoticias.com\/editor\/ninos-de-neiva-conocieron-los-principales-monumentos-de-la-ciudad\/"]}]},{"@type":"ImageObject","inLanguage":"es","@id":"https:\/\/luchonoticias.com\/editor\/ninos-de-neiva-conocieron-los-principales-monumentos-de-la-ciudad\/#primaryimage","url":"https:\/\/luchonoticias.com\/wp-content\/uploads\/2022\/05\/WhatsApp-Image-2022-05-19-at-4.51.30-PM-2-1024x768.jpeg","contentUrl":"https:\/\/luchonoticias.com\/wp-content\/uploads\/2022\/05\/WhatsApp-Image-2022-05-19-at-4.51.30-PM-2-1024x768.jpeg"},{"@type":"BreadcrumbList","@id":"https:\/\/luchonoticias.com\/editor\/ninos-de-neiva-conocieron-los-principales-monumentos-de-la-ciudad\/#breadcrumb","itemListElement":[{"@type":"ListItem","position":1,"name":"Portada","item":"https:\/\/luchonoticias.com\/editor\/"},{"@type":"ListItem","position":2,"name":"Ni\u00f1os de Neiva conocieron los principales monumentos de la ciudad"}]},{"@type":"WebSite","@id":"https:\/\/luchonoticias.com\/editor\/#website","url":"https:\/\/luchonoticias.com\/editor\/","name":"","description":"","publisher":{"@id":"https:\/\/luchonoticias.com\/editor\/#\/schema\/person\/7a7fd911f58561fd056dbac7b55af9cd"},"potentialAction":[{"@type":"SearchAction","target":{"@type":"EntryPoint","urlTemplate":"https:\/\/luchonoticias.com\/editor\/?s={search_term_string}"},"query-input":{"@type":"PropertyValueSpecification","valueRequired":true,"valueName":"search_term_string"}}],"inLanguage":"es"},{"@type":["Person","Organization"],"@id":"https:\/\/luchonoticias.com\/editor\/#\/schema\/person\/7a7fd911f58561fd056dbac7b55af9cd","name":"admin","image":{"@type":"ImageObject","inLanguage":"es","@id":"https:\/\/luchonoticias.com\/editor\/#\/schema\/person\/image\/","url":"https:\/\/luchonoticias.com\/editor\/wp-content\/uploads\/2024\/02\/cropped-cropped-logolu.webp","contentUrl":"https:\/\/luchonoticias.com\/editor\/wp-content\/uploads\/2024\/02\/cropped-cropped-logolu.webp","width":382,"height":170,"caption":"admin"},"logo":{"@id":"https:\/\/luchonoticias.com\/editor\/#\/schema\/person\/image\/"},"sameAs":["https:\/\/www.facebook.com\/luchonoticiasneiva"],"url":"https:\/\/luchonoticias.com\/editor\/author\/admin\/"}]}},"_links":{"self":[{"href":"https:\/\/luchonoticias.com\/editor\/wp-json\/wp\/v2\/posts\/26293","targetHints":{"allow":["GET"]}}],"collection":[{"href":"https:\/\/luchonoticias.com\/editor\/wp-json\/wp\/v2\/posts"}],"about":[{"href":"https:\/\/luchonoticias.com\/editor\/wp-json\/wp\/v2\/types\/post"}],"author":[{"embeddable":true,"href":"https:\/\/luchonoticias.com\/editor\/wp-json\/wp\/v2\/users\/1"}],"replies":[{"embeddable":true,"href":"https:\/\/luchonoticias.com\/editor\/wp-json\/wp\/v2\/comments?post=26293"}],"version-history":[{"count":0,"href":"https:\/\/luchonoticias.com\/editor\/wp-json\/wp\/v2\/posts\/26293\/revisions"}],"wp:attachment":[{"href":"https:\/\/luchonoticias.com\/editor\/wp-json\/wp\/v2\/media?parent=26293"}],"wp:term":[{"taxonomy":"category","embeddable":true,"href":"https:\/\/luchonoticias.com\/editor\/wp-json\/wp\/v2\/categories?post=26293"},{"taxonomy":"post_tag","embeddable":true,"href":"https:\/\/luchonoticias.com\/editor\/wp-json\/wp\/v2\/tags?post=26293"}],"curies":[{"name":"wp","href":"https:\/\/api.w.org\/{rel}","templated":true}]}}