{"id":26337,"date":"2022-05-20T16:10:48","date_gmt":"2022-05-20T21:10:48","guid":{"rendered":"https:\/\/luchonoticias.com\/?p=26337"},"modified":"2022-05-20T16:10:50","modified_gmt":"2022-05-20T21:10:50","slug":"alcaldia-de-neiva-y-gobernacion-del-huila-trabajan-articuladamente-en-organizacion-del-san-pedro","status":"publish","type":"post","link":"https:\/\/luchonoticias.com\/editor\/alcaldia-de-neiva-y-gobernacion-del-huila-trabajan-articuladamente-en-organizacion-del-san-pedro\/","title":{"rendered":"Alcald\u00eda de Neiva y Gobernaci\u00f3n del Huila trabajan articuladamente en organizaci\u00f3n del San Pedro"},"content":{"rendered":"\n<p>El 10 de junio ser\u00e1 la apertura oficial del San Pedro en el Huila en el Parque de la M\u00fasica \u2018Jorge Villamil Cordovez\u2019. As\u00ed lo dio a conocer la secretaria de Cultura Municipal, Marcela Bobadilla, luego de una de las reuniones que sostuvieron los mandatarios de Neiva y el Huila en el despacho de la Gobernaci\u00f3n del departamento.<\/p>\n\n\n\n<p>\u201cEl trabajo ha sido con el Secretario de Cultura del Departamento, con la Corporaci\u00f3n que lo va operar con el fin de hacer una sola programaci\u00f3n, vamos a tener la apertura el d\u00eda 10 de junio a las 6:00 p.m. en el Parque de la M\u00fasica, los invitamos a todos, no tiene ning\u00fan tipo de restricci\u00f3n, excepto una voluntaria que les solicitamos a las personas que no est\u00e1n vacunadas para que lo puedan ver desde su casa y disfrutar todo nuestro folclor y la tradici\u00f3n\u201d, destac\u00f3 la Secretaria de Cultura de Neiva.<\/p>\n\n\n\n<p>As\u00ed mismo, Marcela Bobadilla agreg\u00f3 que \u201cvamos a tener unas funciones musicales muy hermosas y queremos que asistan y disfruten del Festival, por esta raz\u00f3n hemos trabajado con el Gobernador del Huila y el Alcalde de Neiva, que se han puesto de acuerdo para brindarle a la ciudadan\u00eda, y a todos los turistas, un espect\u00e1culo bell\u00edsimo de mucho folclor, porque es lo que queremos transmitir a las diferentes ciudades de donde vienen\u201d.<\/p>\n\n\n\n<figure class=\"wp-block-gallery has-nested-images columns-default is-cropped wp-block-gallery-1 is-layout-flex wp-block-gallery-is-layout-flex\">\n<figure class=\"wp-block-image size-large\"><img decoding=\"async\" data-id=\"26339\" src=\"https:\/\/luchonoticias.com\/wp-content\/uploads\/2022\/05\/WhatsApp-Image-2022-05-20-at-11.08.08-AM-1-1024x682.jpeg\" alt=\"\" class=\"wp-image-26339\"\/><\/figure>\n\n\n\n<figure class=\"wp-block-image size-large\"><img decoding=\"async\" data-id=\"26340\" src=\"https:\/\/luchonoticias.com\/wp-content\/uploads\/2022\/05\/WhatsApp-Image-2022-05-20-at-11.08.08-AM-1024x682.jpeg\" alt=\"\" class=\"wp-image-26340\"\/><\/figure>\n<\/figure>\n\n\n\n<p><strong>Trabajo en conjunto<\/strong><\/p>\n\n\n\n<p>Uno de los objetivos en estas festividades es poder trabajar en conjunto entre los gobiernos Municipal y Departamental, una labor que por muchos a\u00f1os se ha buscado y se espera consolidar.<\/p>\n\n\n\n<p>\u201cVenimos trabajando en diferentes frentes con la Alcald\u00eda de Neiva, al igual que con todas las alcald\u00edas del Huila, particularmente en Neiva la capital, donde tenemos el mayor compromiso y el Festival de San Pedro no es la excepci\u00f3n. Hemos hecho varias mesas de trabajo, precisando los detalles, haremos una apertura y el lanzamiento de la programaci\u00f3n de manera conjunta, en el tema de los desfiles se han hecho acuerdos, sobre todo en el manejo de la log\u00edstica, con el espacio p\u00fablico, todo un trabajo articulado. Con el Alcalde quedamos de seguir construyendo c\u00f3mo se adelanta y se logra, de una vez por todas, unificar el Festival, pero hemos dado buenos pasos, buenos avances y tenemos la certeza que ser\u00e1 un \u00e9xito, especialmente de cara a la reactivaci\u00f3n econ\u00f3mica del departamento del Huila y de la ciudad de Neiva\u201d, explic\u00f3 Luis Enrique Duss\u00e1n L\u00f3pez, gobernador del Huila.<\/p>\n\n\n\n<p>Los mandatarios hicieron el llamado a la ciudadan\u00eda para que quienes no se han vacunado contra el Covid-19, lo hagan para as\u00ed poder disfrutar de las festividades, sin tener inconvenientes en niveles de contagio y salvaguardar la vida de propios y visitantes.<\/p>\n","protected":false},"excerpt":{"rendered":"<p>El 10 de junio ser\u00e1 la apertura oficial del San Pedro en el Huila en el Parque de la M\u00fasica \u2018Jorge Villamil Cordovez\u2019. As\u00ed lo dio a conocer la secretaria de Cultura Municipal, Marcela Bobadilla, luego de una de las reuniones que sostuvieron los mandatarios de Neiva y el Huila en el despacho de la [&hellip;]<\/p>\n","protected":false},"author":1,"featured_media":0,"comment_status":"open","ping_status":"open","sticky":false,"template":"","format":"standard","meta":{"footnotes":""},"categories":[36,53],"tags":[],"class_list":["post-26337","post","type-post","status-publish","format-standard","hentry","category-destacado","category-neiva"],"yoast_head":"<!-- This site is optimized with the Yoast SEO plugin v26.6 - https:\/\/yoast.com\/wordpress\/plugins\/seo\/ -->\n<title>Alcald\u00eda de Neiva y Gobernaci\u00f3n del Huila trabajan articuladamente en organizaci\u00f3n del San Pedro -<\/title>\n<meta name=\"robots\" content=\"index, follow, max-snippet:-1, max-image-preview:large, max-video-preview:-1\" \/>\n<link rel=\"canonical\" href=\"https:\/\/luchonoticias.com\/editor\/alcaldia-de-neiva-y-gobernacion-del-huila-trabajan-articuladamente-en-organizacion-del-san-pedro\/\" \/>\n<meta property=\"og:locale\" content=\"es_ES\" \/>\n<meta property=\"og:type\" content=\"article\" \/>\n<meta property=\"og:title\" content=\"Alcald\u00eda de Neiva y Gobernaci\u00f3n del Huila trabajan articuladamente en organizaci\u00f3n del San Pedro -\" \/>\n<meta property=\"og:url\" content=\"https:\/\/luchonoticias.com\/editor\/alcaldia-de-neiva-y-gobernacion-del-huila-trabajan-articuladamente-en-organizacion-del-san-pedro\/\" \/>\n<meta property=\"article:publisher\" content=\"https:\/\/www.facebook.com\/luchonoticiasneiva\" \/>\n<meta property=\"article:author\" content=\"https:\/\/www.facebook.com\/luchonoticiasneiva\" \/>\n<meta property=\"article:published_time\" content=\"2022-05-20T21:10:48+00:00\" \/>\n<meta property=\"article:modified_time\" content=\"2022-05-20T21:10:50+00:00\" \/>\n<meta property=\"og:image\" content=\"https:\/\/luchonoticias.com\/wp-content\/uploads\/2022\/05\/WhatsApp-Image-2022-05-20-at-11.08.08-AM-1-1024x682.jpeg\" \/>\n<meta name=\"author\" content=\"admin\" \/>\n<meta name=\"twitter:card\" content=\"summary_large_image\" \/>\n<meta name=\"twitter:label1\" content=\"Escrito por\" \/>\n\t<meta name=\"twitter:data1\" content=\"admin\" \/>\n\t<meta name=\"twitter:label2\" content=\"Tiempo de lectura\" \/>\n\t<meta name=\"twitter:data2\" content=\"2 minutos\" \/>\n<script type=\"application\/ld+json\" class=\"yoast-schema-graph\">{\"@context\":\"https:\/\/schema.org\",\"@graph\":[{\"@type\":\"Article\",\"@id\":\"https:\/\/luchonoticias.com\/editor\/alcaldia-de-neiva-y-gobernacion-del-huila-trabajan-articuladamente-en-organizacion-del-san-pedro\/#article\",\"isPartOf\":{\"@id\":\"https:\/\/luchonoticias.com\/editor\/alcaldia-de-neiva-y-gobernacion-del-huila-trabajan-articuladamente-en-organizacion-del-san-pedro\/\"},\"author\":{\"name\":\"admin\",\"@id\":\"https:\/\/luchonoticias.com\/editor\/#\/schema\/person\/7a7fd911f58561fd056dbac7b55af9cd\"},\"headline\":\"Alcald\u00eda de Neiva y Gobernaci\u00f3n del Huila trabajan articuladamente en organizaci\u00f3n del San Pedro\",\"datePublished\":\"2022-05-20T21:10:48+00:00\",\"dateModified\":\"2022-05-20T21:10:50+00:00\",\"mainEntityOfPage\":{\"@id\":\"https:\/\/luchonoticias.com\/editor\/alcaldia-de-neiva-y-gobernacion-del-huila-trabajan-articuladamente-en-organizacion-del-san-pedro\/\"},\"wordCount\":487,\"commentCount\":0,\"publisher\":{\"@id\":\"https:\/\/luchonoticias.com\/editor\/#\/schema\/person\/7a7fd911f58561fd056dbac7b55af9cd\"},\"image\":{\"@id\":\"https:\/\/luchonoticias.com\/editor\/alcaldia-de-neiva-y-gobernacion-del-huila-trabajan-articuladamente-en-organizacion-del-san-pedro\/#primaryimage\"},\"thumbnailUrl\":\"https:\/\/luchonoticias.com\/wp-content\/uploads\/2022\/05\/WhatsApp-Image-2022-05-20-at-11.08.08-AM-1-1024x682.jpeg\",\"articleSection\":[\"Destacado\",\"Neiva\"],\"inLanguage\":\"es\",\"potentialAction\":[{\"@type\":\"CommentAction\",\"name\":\"Comment\",\"target\":[\"https:\/\/luchonoticias.com\/editor\/alcaldia-de-neiva-y-gobernacion-del-huila-trabajan-articuladamente-en-organizacion-del-san-pedro\/#respond\"]}]},{\"@type\":\"WebPage\",\"@id\":\"https:\/\/luchonoticias.com\/editor\/alcaldia-de-neiva-y-gobernacion-del-huila-trabajan-articuladamente-en-organizacion-del-san-pedro\/\",\"url\":\"https:\/\/luchonoticias.com\/editor\/alcaldia-de-neiva-y-gobernacion-del-huila-trabajan-articuladamente-en-organizacion-del-san-pedro\/\",\"name\":\"Alcald\u00eda de Neiva y Gobernaci\u00f3n del Huila trabajan articuladamente en organizaci\u00f3n del San Pedro -\",\"isPartOf\":{\"@id\":\"https:\/\/luchonoticias.com\/editor\/#website\"},\"primaryImageOfPage\":{\"@id\":\"https:\/\/luchonoticias.com\/editor\/alcaldia-de-neiva-y-gobernacion-del-huila-trabajan-articuladamente-en-organizacion-del-san-pedro\/#primaryimage\"},\"image\":{\"@id\":\"https:\/\/luchonoticias.com\/editor\/alcaldia-de-neiva-y-gobernacion-del-huila-trabajan-articuladamente-en-organizacion-del-san-pedro\/#primaryimage\"},\"thumbnailUrl\":\"https:\/\/luchonoticias.com\/wp-content\/uploads\/2022\/05\/WhatsApp-Image-2022-05-20-at-11.08.08-AM-1-1024x682.jpeg\",\"datePublished\":\"2022-05-20T21:10:48+00:00\",\"dateModified\":\"2022-05-20T21:10:50+00:00\",\"breadcrumb\":{\"@id\":\"https:\/\/luchonoticias.com\/editor\/alcaldia-de-neiva-y-gobernacion-del-huila-trabajan-articuladamente-en-organizacion-del-san-pedro\/#breadcrumb\"},\"inLanguage\":\"es\",\"potentialAction\":[{\"@type\":\"ReadAction\",\"target\":[\"https:\/\/luchonoticias.com\/editor\/alcaldia-de-neiva-y-gobernacion-del-huila-trabajan-articuladamente-en-organizacion-del-san-pedro\/\"]}]},{\"@type\":\"ImageObject\",\"inLanguage\":\"es\",\"@id\":\"https:\/\/luchonoticias.com\/editor\/alcaldia-de-neiva-y-gobernacion-del-huila-trabajan-articuladamente-en-organizacion-del-san-pedro\/#primaryimage\",\"url\":\"https:\/\/luchonoticias.com\/wp-content\/uploads\/2022\/05\/WhatsApp-Image-2022-05-20-at-11.08.08-AM-1-1024x682.jpeg\",\"contentUrl\":\"https:\/\/luchonoticias.com\/wp-content\/uploads\/2022\/05\/WhatsApp-Image-2022-05-20-at-11.08.08-AM-1-1024x682.jpeg\"},{\"@type\":\"BreadcrumbList\",\"@id\":\"https:\/\/luchonoticias.com\/editor\/alcaldia-de-neiva-y-gobernacion-del-huila-trabajan-articuladamente-en-organizacion-del-san-pedro\/#breadcrumb\",\"itemListElement\":[{\"@type\":\"ListItem\",\"position\":1,\"name\":\"Portada\",\"item\":\"https:\/\/luchonoticias.com\/editor\/\"},{\"@type\":\"ListItem\",\"position\":2,\"name\":\"Alcald\u00eda de Neiva y Gobernaci\u00f3n del Huila trabajan articuladamente en organizaci\u00f3n del San Pedro\"}]},{\"@type\":\"WebSite\",\"@id\":\"https:\/\/luchonoticias.com\/editor\/#website\",\"url\":\"https:\/\/luchonoticias.com\/editor\/\",\"name\":\"\",\"description\":\"\",\"publisher\":{\"@id\":\"https:\/\/luchonoticias.com\/editor\/#\/schema\/person\/7a7fd911f58561fd056dbac7b55af9cd\"},\"potentialAction\":[{\"@type\":\"SearchAction\",\"target\":{\"@type\":\"EntryPoint\",\"urlTemplate\":\"https:\/\/luchonoticias.com\/editor\/?s={search_term_string}\"},\"query-input\":{\"@type\":\"PropertyValueSpecification\",\"valueRequired\":true,\"valueName\":\"search_term_string\"}}],\"inLanguage\":\"es\"},{\"@type\":[\"Person\",\"Organization\"],\"@id\":\"https:\/\/luchonoticias.com\/editor\/#\/schema\/person\/7a7fd911f58561fd056dbac7b55af9cd\",\"name\":\"admin\",\"image\":{\"@type\":\"ImageObject\",\"inLanguage\":\"es\",\"@id\":\"https:\/\/luchonoticias.com\/editor\/#\/schema\/person\/image\/\",\"url\":\"https:\/\/luchonoticias.com\/editor\/wp-content\/uploads\/2024\/02\/cropped-cropped-logolu.webp\",\"contentUrl\":\"https:\/\/luchonoticias.com\/editor\/wp-content\/uploads\/2024\/02\/cropped-cropped-logolu.webp\",\"width\":382,\"height\":170,\"caption\":\"admin\"},\"logo\":{\"@id\":\"https:\/\/luchonoticias.com\/editor\/#\/schema\/person\/image\/\"},\"sameAs\":[\"https:\/\/www.facebook.com\/luchonoticiasneiva\"],\"url\":\"https:\/\/luchonoticias.com\/editor\/author\/admin\/\"}]}<\/script>\n<!-- \/ Yoast SEO plugin. -->","yoast_head_json":{"title":"Alcald\u00eda de Neiva y Gobernaci\u00f3n del Huila trabajan articuladamente en organizaci\u00f3n del San Pedro -","robots":{"index":"index","follow":"follow","max-snippet":"max-snippet:-1","max-image-preview":"max-image-preview:large","max-video-preview":"max-video-preview:-1"},"canonical":"https:\/\/luchonoticias.com\/editor\/alcaldia-de-neiva-y-gobernacion-del-huila-trabajan-articuladamente-en-organizacion-del-san-pedro\/","og_locale":"es_ES","og_type":"article","og_title":"Alcald\u00eda de Neiva y Gobernaci\u00f3n del Huila trabajan articuladamente en organizaci\u00f3n del San Pedro -","og_url":"https:\/\/luchonoticias.com\/editor\/alcaldia-de-neiva-y-gobernacion-del-huila-trabajan-articuladamente-en-organizacion-del-san-pedro\/","article_publisher":"https:\/\/www.facebook.com\/luchonoticiasneiva","article_author":"https:\/\/www.facebook.com\/luchonoticiasneiva","article_published_time":"2022-05-20T21:10:48+00:00","article_modified_time":"2022-05-20T21:10:50+00:00","og_image":[{"url":"https:\/\/luchonoticias.com\/wp-content\/uploads\/2022\/05\/WhatsApp-Image-2022-05-20-at-11.08.08-AM-1-1024x682.jpeg","type":"","width":"","height":""}],"author":"admin","twitter_card":"summary_large_image","twitter_misc":{"Escrito por":"admin","Tiempo de lectura":"2 minutos"},"schema":{"@context":"https:\/\/schema.org","@graph":[{"@type":"Article","@id":"https:\/\/luchonoticias.com\/editor\/alcaldia-de-neiva-y-gobernacion-del-huila-trabajan-articuladamente-en-organizacion-del-san-pedro\/#article","isPartOf":{"@id":"https:\/\/luchonoticias.com\/editor\/alcaldia-de-neiva-y-gobernacion-del-huila-trabajan-articuladamente-en-organizacion-del-san-pedro\/"},"author":{"name":"admin","@id":"https:\/\/luchonoticias.com\/editor\/#\/schema\/person\/7a7fd911f58561fd056dbac7b55af9cd"},"headline":"Alcald\u00eda de Neiva y Gobernaci\u00f3n del Huila trabajan articuladamente en organizaci\u00f3n del San Pedro","datePublished":"2022-05-20T21:10:48+00:00","dateModified":"2022-05-20T21:10:50+00:00","mainEntityOfPage":{"@id":"https:\/\/luchonoticias.com\/editor\/alcaldia-de-neiva-y-gobernacion-del-huila-trabajan-articuladamente-en-organizacion-del-san-pedro\/"},"wordCount":487,"commentCount":0,"publisher":{"@id":"https:\/\/luchonoticias.com\/editor\/#\/schema\/person\/7a7fd911f58561fd056dbac7b55af9cd"},"image":{"@id":"https:\/\/luchonoticias.com\/editor\/alcaldia-de-neiva-y-gobernacion-del-huila-trabajan-articuladamente-en-organizacion-del-san-pedro\/#primaryimage"},"thumbnailUrl":"https:\/\/luchonoticias.com\/wp-content\/uploads\/2022\/05\/WhatsApp-Image-2022-05-20-at-11.08.08-AM-1-1024x682.jpeg","articleSection":["Destacado","Neiva"],"inLanguage":"es","potentialAction":[{"@type":"CommentAction","name":"Comment","target":["https:\/\/luchonoticias.com\/editor\/alcaldia-de-neiva-y-gobernacion-del-huila-trabajan-articuladamente-en-organizacion-del-san-pedro\/#respond"]}]},{"@type":"WebPage","@id":"https:\/\/luchonoticias.com\/editor\/alcaldia-de-neiva-y-gobernacion-del-huila-trabajan-articuladamente-en-organizacion-del-san-pedro\/","url":"https:\/\/luchonoticias.com\/editor\/alcaldia-de-neiva-y-gobernacion-del-huila-trabajan-articuladamente-en-organizacion-del-san-pedro\/","name":"Alcald\u00eda de Neiva y Gobernaci\u00f3n del Huila trabajan articuladamente en organizaci\u00f3n del San Pedro -","isPartOf":{"@id":"https:\/\/luchonoticias.com\/editor\/#website"},"primaryImageOfPage":{"@id":"https:\/\/luchonoticias.com\/editor\/alcaldia-de-neiva-y-gobernacion-del-huila-trabajan-articuladamente-en-organizacion-del-san-pedro\/#primaryimage"},"image":{"@id":"https:\/\/luchonoticias.com\/editor\/alcaldia-de-neiva-y-gobernacion-del-huila-trabajan-articuladamente-en-organizacion-del-san-pedro\/#primaryimage"},"thumbnailUrl":"https:\/\/luchonoticias.com\/wp-content\/uploads\/2022\/05\/WhatsApp-Image-2022-05-20-at-11.08.08-AM-1-1024x682.jpeg","datePublished":"2022-05-20T21:10:48+00:00","dateModified":"2022-05-20T21:10:50+00:00","breadcrumb":{"@id":"https:\/\/luchonoticias.com\/editor\/alcaldia-de-neiva-y-gobernacion-del-huila-trabajan-articuladamente-en-organizacion-del-san-pedro\/#breadcrumb"},"inLanguage":"es","potentialAction":[{"@type":"ReadAction","target":["https:\/\/luchonoticias.com\/editor\/alcaldia-de-neiva-y-gobernacion-del-huila-trabajan-articuladamente-en-organizacion-del-san-pedro\/"]}]},{"@type":"ImageObject","inLanguage":"es","@id":"https:\/\/luchonoticias.com\/editor\/alcaldia-de-neiva-y-gobernacion-del-huila-trabajan-articuladamente-en-organizacion-del-san-pedro\/#primaryimage","url":"https:\/\/luchonoticias.com\/wp-content\/uploads\/2022\/05\/WhatsApp-Image-2022-05-20-at-11.08.08-AM-1-1024x682.jpeg","contentUrl":"https:\/\/luchonoticias.com\/wp-content\/uploads\/2022\/05\/WhatsApp-Image-2022-05-20-at-11.08.08-AM-1-1024x682.jpeg"},{"@type":"BreadcrumbList","@id":"https:\/\/luchonoticias.com\/editor\/alcaldia-de-neiva-y-gobernacion-del-huila-trabajan-articuladamente-en-organizacion-del-san-pedro\/#breadcrumb","itemListElement":[{"@type":"ListItem","position":1,"name":"Portada","item":"https:\/\/luchonoticias.com\/editor\/"},{"@type":"ListItem","position":2,"name":"Alcald\u00eda de Neiva y Gobernaci\u00f3n del Huila trabajan articuladamente en organizaci\u00f3n del San Pedro"}]},{"@type":"WebSite","@id":"https:\/\/luchonoticias.com\/editor\/#website","url":"https:\/\/luchonoticias.com\/editor\/","name":"","description":"","publisher":{"@id":"https:\/\/luchonoticias.com\/editor\/#\/schema\/person\/7a7fd911f58561fd056dbac7b55af9cd"},"potentialAction":[{"@type":"SearchAction","target":{"@type":"EntryPoint","urlTemplate":"https:\/\/luchonoticias.com\/editor\/?s={search_term_string}"},"query-input":{"@type":"PropertyValueSpecification","valueRequired":true,"valueName":"search_term_string"}}],"inLanguage":"es"},{"@type":["Person","Organization"],"@id":"https:\/\/luchonoticias.com\/editor\/#\/schema\/person\/7a7fd911f58561fd056dbac7b55af9cd","name":"admin","image":{"@type":"ImageObject","inLanguage":"es","@id":"https:\/\/luchonoticias.com\/editor\/#\/schema\/person\/image\/","url":"https:\/\/luchonoticias.com\/editor\/wp-content\/uploads\/2024\/02\/cropped-cropped-logolu.webp","contentUrl":"https:\/\/luchonoticias.com\/editor\/wp-content\/uploads\/2024\/02\/cropped-cropped-logolu.webp","width":382,"height":170,"caption":"admin"},"logo":{"@id":"https:\/\/luchonoticias.com\/editor\/#\/schema\/person\/image\/"},"sameAs":["https:\/\/www.facebook.com\/luchonoticiasneiva"],"url":"https:\/\/luchonoticias.com\/editor\/author\/admin\/"}]}},"_links":{"self":[{"href":"https:\/\/luchonoticias.com\/editor\/wp-json\/wp\/v2\/posts\/26337","targetHints":{"allow":["GET"]}}],"collection":[{"href":"https:\/\/luchonoticias.com\/editor\/wp-json\/wp\/v2\/posts"}],"about":[{"href":"https:\/\/luchonoticias.com\/editor\/wp-json\/wp\/v2\/types\/post"}],"author":[{"embeddable":true,"href":"https:\/\/luchonoticias.com\/editor\/wp-json\/wp\/v2\/users\/1"}],"replies":[{"embeddable":true,"href":"https:\/\/luchonoticias.com\/editor\/wp-json\/wp\/v2\/comments?post=26337"}],"version-history":[{"count":0,"href":"https:\/\/luchonoticias.com\/editor\/wp-json\/wp\/v2\/posts\/26337\/revisions"}],"wp:attachment":[{"href":"https:\/\/luchonoticias.com\/editor\/wp-json\/wp\/v2\/media?parent=26337"}],"wp:term":[{"taxonomy":"category","embeddable":true,"href":"https:\/\/luchonoticias.com\/editor\/wp-json\/wp\/v2\/categories?post=26337"},{"taxonomy":"post_tag","embeddable":true,"href":"https:\/\/luchonoticias.com\/editor\/wp-json\/wp\/v2\/tags?post=26337"}],"curies":[{"name":"wp","href":"https:\/\/api.w.org\/{rel}","templated":true}]}}