{"id":26342,"date":"2022-05-20T16:12:46","date_gmt":"2022-05-20T21:12:46","guid":{"rendered":"https:\/\/luchonoticias.com\/?p=26342"},"modified":"2022-05-20T16:12:48","modified_gmt":"2022-05-20T21:12:48","slug":"administracion-municipal-y-taxistas-de-la-mano-para-prestar-mejor-servicio-en-san-pedro","status":"publish","type":"post","link":"https:\/\/luchonoticias.com\/editor\/administracion-municipal-y-taxistas-de-la-mano-para-prestar-mejor-servicio-en-san-pedro\/","title":{"rendered":"Administraci\u00f3n Municipal y taxistas, de la mano para prestar mejor servicio en san pedro"},"content":{"rendered":"\n<p>Con el fin de seguir promoviendo la econom\u00eda y el turismo de la ciudad, a trav\u00e9s de la Secretar\u00eda de Movilidad, la Administraci\u00f3n Municipal Primero Neiva capacitar\u00e1, a propietarios y conductores de taxis, en rutas tur\u00edsticas del Huila y atenci\u00f3n al cliente, lo que permitir\u00e1 que el gremio preste un servicio adecuado y oportuno a propios y turistas durante las festividades de San Pedro.<\/p>\n\n\n\n<p>\u201cLo importante es capacitar a los conductores, viene una temporada sampedrina despu\u00e9s de dos a\u00f1os de estar encerrados y no tener fiestas, la idea es prestar un buen servicio de transporte p\u00fablico garantizado, que los conductores usen el tax\u00edmetro que puedan cobrar las tarifas que est\u00e1n permitidas, pero no solamente eso sino el contacto del conductor y pasajero\u201d, afirm\u00f3 Alex\u00e1nder S\u00e1nchez, secretario de Movilidad de Neiva.<\/p>\n\n\n\n<figure class=\"wp-block-image size-large\"><img decoding=\"async\" src=\"https:\/\/luchonoticias.com\/wp-content\/uploads\/2022\/05\/WhatsApp-Image-2022-05-20-at-11.23.36-AM-1024x670.jpeg\" alt=\"\" class=\"wp-image-26344\"\/><\/figure>\n\n\n\n<p>As\u00ed mismo, desde la administraci\u00f3n municipal se har\u00e1 la debida marcaci\u00f3n de zonas amarillas de taxis en 15 puntos estrat\u00e9gicos de la ciudad, entre los cuales se encuentran las entradas y salidas de centros comerciales, la Plaza San Pedro, el Terminal de Transportes, las cl\u00ednicas Uros y Medil\u00e1ser y otras zonas estrat\u00e9gicas, para el acceso a este servicio de transporte p\u00fablico individual.<\/p>\n\n\n\n<p>Por otro lado, a trav\u00e9s de un trabajo colaborativo, se adelantan controles al trasporte p\u00fablico ilegal que se est\u00e1 prestando en la ciudad por medio de plataformas digitales, \u201cigualmente es el compromiso por parte del Alcalde y la Secretar\u00eda de Movilidad de contrarrestar todo el transporte ilegal, aun esas nuevas plataformas que est\u00e1n llegando, como InDriver, estamos atac\u00e1ndola y de la mano del transporte individual vamos a combatirla\u201d, agreg\u00f3 el funcionario.<\/p>\n\n\n\n<figure class=\"wp-block-gallery has-nested-images columns-default is-cropped wp-block-gallery-1 is-layout-flex wp-block-gallery-is-layout-flex\">\n<figure class=\"wp-block-image size-large\"><img decoding=\"async\" data-id=\"26346\" src=\"https:\/\/luchonoticias.com\/wp-content\/uploads\/2022\/05\/WhatsApp-Image-2022-05-20-at-11.23.37-AM-1-1024x683.jpeg\" alt=\"\" class=\"wp-image-26346\"\/><\/figure>\n<\/figure>\n\n\n\n<p><strong>Invitaci\u00f3n al uso de transporte legal<\/strong><\/p>\n\n\n\n<p>El Alcalde de Neiva y el Secretario de Movilidad hicieron un llamado importante a los representantes del gremio sobre la importancia de prestar un servicio de calidad, oportuno y seguro, con el cual los ciudadanos se incentiven a usar cada vez m\u00e1s este servicio, del mismo modo, invitan a la comunidad a hacer uso de este servicio como respaldo a la legalidad.<\/p>\n\n\n\n<p>\u201cLa invitaci\u00f3n es a todos para que usemos el transporte p\u00fablico formal legal, en este caso el taxi, as\u00ed como el transporte p\u00fablico colectivo, utilizarlos, ya que son veh\u00edculos seguros, prestan un excelente servicio, adem\u00e1s, a quienes utilizan el servicio de taxi, exigir que usen el tax\u00edmetro para que as\u00ed, usted como usuario pague lo que le corresponde por el servicio\u201d, expreso Alex\u00e1nder S\u00e1nchez.<\/p>\n","protected":false},"excerpt":{"rendered":"<p>Con el fin de seguir promoviendo la econom\u00eda y el turismo de la ciudad, a trav\u00e9s de la Secretar\u00eda de Movilidad, la Administraci\u00f3n Municipal Primero Neiva capacitar\u00e1, a propietarios y conductores de taxis, en rutas tur\u00edsticas del Huila y atenci\u00f3n al cliente, lo que permitir\u00e1 que el gremio preste un servicio adecuado y oportuno a [&hellip;]<\/p>\n","protected":false},"author":1,"featured_media":0,"comment_status":"open","ping_status":"open","sticky":false,"template":"","format":"standard","meta":{"footnotes":""},"categories":[36,31],"tags":[],"class_list":["post-26342","post","type-post","status-publish","format-standard","hentry","category-destacado","category-local"],"yoast_head":"<!-- This site is optimized with the Yoast SEO plugin v26.6 - https:\/\/yoast.com\/wordpress\/plugins\/seo\/ -->\n<title>Administraci\u00f3n Municipal y taxistas, de la mano para prestar mejor servicio en san pedro -<\/title>\n<meta name=\"robots\" content=\"index, follow, max-snippet:-1, max-image-preview:large, max-video-preview:-1\" \/>\n<link rel=\"canonical\" href=\"https:\/\/luchonoticias.com\/editor\/administracion-municipal-y-taxistas-de-la-mano-para-prestar-mejor-servicio-en-san-pedro\/\" \/>\n<meta property=\"og:locale\" content=\"es_ES\" \/>\n<meta property=\"og:type\" content=\"article\" \/>\n<meta property=\"og:title\" content=\"Administraci\u00f3n Municipal y taxistas, de la mano para prestar mejor servicio en san pedro -\" \/>\n<meta property=\"og:url\" content=\"https:\/\/luchonoticias.com\/editor\/administracion-municipal-y-taxistas-de-la-mano-para-prestar-mejor-servicio-en-san-pedro\/\" \/>\n<meta property=\"article:publisher\" content=\"https:\/\/www.facebook.com\/luchonoticiasneiva\" \/>\n<meta property=\"article:author\" content=\"https:\/\/www.facebook.com\/luchonoticiasneiva\" \/>\n<meta property=\"article:published_time\" content=\"2022-05-20T21:12:46+00:00\" \/>\n<meta property=\"article:modified_time\" content=\"2022-05-20T21:12:48+00:00\" \/>\n<meta property=\"og:image\" content=\"https:\/\/luchonoticias.com\/wp-content\/uploads\/2022\/05\/WhatsApp-Image-2022-05-20-at-11.23.36-AM-1024x670.jpeg\" \/>\n<meta name=\"author\" content=\"admin\" \/>\n<meta name=\"twitter:card\" content=\"summary_large_image\" \/>\n<meta name=\"twitter:label1\" content=\"Escrito por\" \/>\n\t<meta name=\"twitter:data1\" content=\"admin\" \/>\n\t<meta name=\"twitter:label2\" content=\"Tiempo de lectura\" \/>\n\t<meta name=\"twitter:data2\" content=\"2 minutos\" \/>\n<script type=\"application\/ld+json\" class=\"yoast-schema-graph\">{\"@context\":\"https:\/\/schema.org\",\"@graph\":[{\"@type\":\"Article\",\"@id\":\"https:\/\/luchonoticias.com\/editor\/administracion-municipal-y-taxistas-de-la-mano-para-prestar-mejor-servicio-en-san-pedro\/#article\",\"isPartOf\":{\"@id\":\"https:\/\/luchonoticias.com\/editor\/administracion-municipal-y-taxistas-de-la-mano-para-prestar-mejor-servicio-en-san-pedro\/\"},\"author\":{\"name\":\"admin\",\"@id\":\"https:\/\/luchonoticias.com\/editor\/#\/schema\/person\/7a7fd911f58561fd056dbac7b55af9cd\"},\"headline\":\"Administraci\u00f3n Municipal y taxistas, de la mano para prestar mejor servicio en san pedro\",\"datePublished\":\"2022-05-20T21:12:46+00:00\",\"dateModified\":\"2022-05-20T21:12:48+00:00\",\"mainEntityOfPage\":{\"@id\":\"https:\/\/luchonoticias.com\/editor\/administracion-municipal-y-taxistas-de-la-mano-para-prestar-mejor-servicio-en-san-pedro\/\"},\"wordCount\":444,\"commentCount\":0,\"publisher\":{\"@id\":\"https:\/\/luchonoticias.com\/editor\/#\/schema\/person\/7a7fd911f58561fd056dbac7b55af9cd\"},\"image\":{\"@id\":\"https:\/\/luchonoticias.com\/editor\/administracion-municipal-y-taxistas-de-la-mano-para-prestar-mejor-servicio-en-san-pedro\/#primaryimage\"},\"thumbnailUrl\":\"https:\/\/luchonoticias.com\/wp-content\/uploads\/2022\/05\/WhatsApp-Image-2022-05-20-at-11.23.36-AM-1024x670.jpeg\",\"articleSection\":[\"Destacado\",\"Local\"],\"inLanguage\":\"es\",\"potentialAction\":[{\"@type\":\"CommentAction\",\"name\":\"Comment\",\"target\":[\"https:\/\/luchonoticias.com\/editor\/administracion-municipal-y-taxistas-de-la-mano-para-prestar-mejor-servicio-en-san-pedro\/#respond\"]}]},{\"@type\":\"WebPage\",\"@id\":\"https:\/\/luchonoticias.com\/editor\/administracion-municipal-y-taxistas-de-la-mano-para-prestar-mejor-servicio-en-san-pedro\/\",\"url\":\"https:\/\/luchonoticias.com\/editor\/administracion-municipal-y-taxistas-de-la-mano-para-prestar-mejor-servicio-en-san-pedro\/\",\"name\":\"Administraci\u00f3n Municipal y taxistas, de la mano para prestar mejor servicio en san pedro -\",\"isPartOf\":{\"@id\":\"https:\/\/luchonoticias.com\/editor\/#website\"},\"primaryImageOfPage\":{\"@id\":\"https:\/\/luchonoticias.com\/editor\/administracion-municipal-y-taxistas-de-la-mano-para-prestar-mejor-servicio-en-san-pedro\/#primaryimage\"},\"image\":{\"@id\":\"https:\/\/luchonoticias.com\/editor\/administracion-municipal-y-taxistas-de-la-mano-para-prestar-mejor-servicio-en-san-pedro\/#primaryimage\"},\"thumbnailUrl\":\"https:\/\/luchonoticias.com\/wp-content\/uploads\/2022\/05\/WhatsApp-Image-2022-05-20-at-11.23.36-AM-1024x670.jpeg\",\"datePublished\":\"2022-05-20T21:12:46+00:00\",\"dateModified\":\"2022-05-20T21:12:48+00:00\",\"breadcrumb\":{\"@id\":\"https:\/\/luchonoticias.com\/editor\/administracion-municipal-y-taxistas-de-la-mano-para-prestar-mejor-servicio-en-san-pedro\/#breadcrumb\"},\"inLanguage\":\"es\",\"potentialAction\":[{\"@type\":\"ReadAction\",\"target\":[\"https:\/\/luchonoticias.com\/editor\/administracion-municipal-y-taxistas-de-la-mano-para-prestar-mejor-servicio-en-san-pedro\/\"]}]},{\"@type\":\"ImageObject\",\"inLanguage\":\"es\",\"@id\":\"https:\/\/luchonoticias.com\/editor\/administracion-municipal-y-taxistas-de-la-mano-para-prestar-mejor-servicio-en-san-pedro\/#primaryimage\",\"url\":\"https:\/\/luchonoticias.com\/wp-content\/uploads\/2022\/05\/WhatsApp-Image-2022-05-20-at-11.23.36-AM-1024x670.jpeg\",\"contentUrl\":\"https:\/\/luchonoticias.com\/wp-content\/uploads\/2022\/05\/WhatsApp-Image-2022-05-20-at-11.23.36-AM-1024x670.jpeg\"},{\"@type\":\"BreadcrumbList\",\"@id\":\"https:\/\/luchonoticias.com\/editor\/administracion-municipal-y-taxistas-de-la-mano-para-prestar-mejor-servicio-en-san-pedro\/#breadcrumb\",\"itemListElement\":[{\"@type\":\"ListItem\",\"position\":1,\"name\":\"Portada\",\"item\":\"https:\/\/luchonoticias.com\/editor\/\"},{\"@type\":\"ListItem\",\"position\":2,\"name\":\"Administraci\u00f3n Municipal y taxistas, de la mano para prestar mejor servicio en san pedro\"}]},{\"@type\":\"WebSite\",\"@id\":\"https:\/\/luchonoticias.com\/editor\/#website\",\"url\":\"https:\/\/luchonoticias.com\/editor\/\",\"name\":\"\",\"description\":\"\",\"publisher\":{\"@id\":\"https:\/\/luchonoticias.com\/editor\/#\/schema\/person\/7a7fd911f58561fd056dbac7b55af9cd\"},\"potentialAction\":[{\"@type\":\"SearchAction\",\"target\":{\"@type\":\"EntryPoint\",\"urlTemplate\":\"https:\/\/luchonoticias.com\/editor\/?s={search_term_string}\"},\"query-input\":{\"@type\":\"PropertyValueSpecification\",\"valueRequired\":true,\"valueName\":\"search_term_string\"}}],\"inLanguage\":\"es\"},{\"@type\":[\"Person\",\"Organization\"],\"@id\":\"https:\/\/luchonoticias.com\/editor\/#\/schema\/person\/7a7fd911f58561fd056dbac7b55af9cd\",\"name\":\"admin\",\"image\":{\"@type\":\"ImageObject\",\"inLanguage\":\"es\",\"@id\":\"https:\/\/luchonoticias.com\/editor\/#\/schema\/person\/image\/\",\"url\":\"https:\/\/luchonoticias.com\/editor\/wp-content\/uploads\/2024\/02\/cropped-cropped-logolu.webp\",\"contentUrl\":\"https:\/\/luchonoticias.com\/editor\/wp-content\/uploads\/2024\/02\/cropped-cropped-logolu.webp\",\"width\":382,\"height\":170,\"caption\":\"admin\"},\"logo\":{\"@id\":\"https:\/\/luchonoticias.com\/editor\/#\/schema\/person\/image\/\"},\"sameAs\":[\"https:\/\/www.facebook.com\/luchonoticiasneiva\"],\"url\":\"https:\/\/luchonoticias.com\/editor\/author\/admin\/\"}]}<\/script>\n<!-- \/ Yoast SEO plugin. -->","yoast_head_json":{"title":"Administraci\u00f3n Municipal y taxistas, de la mano para prestar mejor servicio en san pedro -","robots":{"index":"index","follow":"follow","max-snippet":"max-snippet:-1","max-image-preview":"max-image-preview:large","max-video-preview":"max-video-preview:-1"},"canonical":"https:\/\/luchonoticias.com\/editor\/administracion-municipal-y-taxistas-de-la-mano-para-prestar-mejor-servicio-en-san-pedro\/","og_locale":"es_ES","og_type":"article","og_title":"Administraci\u00f3n Municipal y taxistas, de la mano para prestar mejor servicio en san pedro -","og_url":"https:\/\/luchonoticias.com\/editor\/administracion-municipal-y-taxistas-de-la-mano-para-prestar-mejor-servicio-en-san-pedro\/","article_publisher":"https:\/\/www.facebook.com\/luchonoticiasneiva","article_author":"https:\/\/www.facebook.com\/luchonoticiasneiva","article_published_time":"2022-05-20T21:12:46+00:00","article_modified_time":"2022-05-20T21:12:48+00:00","og_image":[{"url":"https:\/\/luchonoticias.com\/wp-content\/uploads\/2022\/05\/WhatsApp-Image-2022-05-20-at-11.23.36-AM-1024x670.jpeg","type":"","width":"","height":""}],"author":"admin","twitter_card":"summary_large_image","twitter_misc":{"Escrito por":"admin","Tiempo de lectura":"2 minutos"},"schema":{"@context":"https:\/\/schema.org","@graph":[{"@type":"Article","@id":"https:\/\/luchonoticias.com\/editor\/administracion-municipal-y-taxistas-de-la-mano-para-prestar-mejor-servicio-en-san-pedro\/#article","isPartOf":{"@id":"https:\/\/luchonoticias.com\/editor\/administracion-municipal-y-taxistas-de-la-mano-para-prestar-mejor-servicio-en-san-pedro\/"},"author":{"name":"admin","@id":"https:\/\/luchonoticias.com\/editor\/#\/schema\/person\/7a7fd911f58561fd056dbac7b55af9cd"},"headline":"Administraci\u00f3n Municipal y taxistas, de la mano para prestar mejor servicio en san pedro","datePublished":"2022-05-20T21:12:46+00:00","dateModified":"2022-05-20T21:12:48+00:00","mainEntityOfPage":{"@id":"https:\/\/luchonoticias.com\/editor\/administracion-municipal-y-taxistas-de-la-mano-para-prestar-mejor-servicio-en-san-pedro\/"},"wordCount":444,"commentCount":0,"publisher":{"@id":"https:\/\/luchonoticias.com\/editor\/#\/schema\/person\/7a7fd911f58561fd056dbac7b55af9cd"},"image":{"@id":"https:\/\/luchonoticias.com\/editor\/administracion-municipal-y-taxistas-de-la-mano-para-prestar-mejor-servicio-en-san-pedro\/#primaryimage"},"thumbnailUrl":"https:\/\/luchonoticias.com\/wp-content\/uploads\/2022\/05\/WhatsApp-Image-2022-05-20-at-11.23.36-AM-1024x670.jpeg","articleSection":["Destacado","Local"],"inLanguage":"es","potentialAction":[{"@type":"CommentAction","name":"Comment","target":["https:\/\/luchonoticias.com\/editor\/administracion-municipal-y-taxistas-de-la-mano-para-prestar-mejor-servicio-en-san-pedro\/#respond"]}]},{"@type":"WebPage","@id":"https:\/\/luchonoticias.com\/editor\/administracion-municipal-y-taxistas-de-la-mano-para-prestar-mejor-servicio-en-san-pedro\/","url":"https:\/\/luchonoticias.com\/editor\/administracion-municipal-y-taxistas-de-la-mano-para-prestar-mejor-servicio-en-san-pedro\/","name":"Administraci\u00f3n Municipal y taxistas, de la mano para prestar mejor servicio en san pedro -","isPartOf":{"@id":"https:\/\/luchonoticias.com\/editor\/#website"},"primaryImageOfPage":{"@id":"https:\/\/luchonoticias.com\/editor\/administracion-municipal-y-taxistas-de-la-mano-para-prestar-mejor-servicio-en-san-pedro\/#primaryimage"},"image":{"@id":"https:\/\/luchonoticias.com\/editor\/administracion-municipal-y-taxistas-de-la-mano-para-prestar-mejor-servicio-en-san-pedro\/#primaryimage"},"thumbnailUrl":"https:\/\/luchonoticias.com\/wp-content\/uploads\/2022\/05\/WhatsApp-Image-2022-05-20-at-11.23.36-AM-1024x670.jpeg","datePublished":"2022-05-20T21:12:46+00:00","dateModified":"2022-05-20T21:12:48+00:00","breadcrumb":{"@id":"https:\/\/luchonoticias.com\/editor\/administracion-municipal-y-taxistas-de-la-mano-para-prestar-mejor-servicio-en-san-pedro\/#breadcrumb"},"inLanguage":"es","potentialAction":[{"@type":"ReadAction","target":["https:\/\/luchonoticias.com\/editor\/administracion-municipal-y-taxistas-de-la-mano-para-prestar-mejor-servicio-en-san-pedro\/"]}]},{"@type":"ImageObject","inLanguage":"es","@id":"https:\/\/luchonoticias.com\/editor\/administracion-municipal-y-taxistas-de-la-mano-para-prestar-mejor-servicio-en-san-pedro\/#primaryimage","url":"https:\/\/luchonoticias.com\/wp-content\/uploads\/2022\/05\/WhatsApp-Image-2022-05-20-at-11.23.36-AM-1024x670.jpeg","contentUrl":"https:\/\/luchonoticias.com\/wp-content\/uploads\/2022\/05\/WhatsApp-Image-2022-05-20-at-11.23.36-AM-1024x670.jpeg"},{"@type":"BreadcrumbList","@id":"https:\/\/luchonoticias.com\/editor\/administracion-municipal-y-taxistas-de-la-mano-para-prestar-mejor-servicio-en-san-pedro\/#breadcrumb","itemListElement":[{"@type":"ListItem","position":1,"name":"Portada","item":"https:\/\/luchonoticias.com\/editor\/"},{"@type":"ListItem","position":2,"name":"Administraci\u00f3n Municipal y taxistas, de la mano para prestar mejor servicio en san pedro"}]},{"@type":"WebSite","@id":"https:\/\/luchonoticias.com\/editor\/#website","url":"https:\/\/luchonoticias.com\/editor\/","name":"","description":"","publisher":{"@id":"https:\/\/luchonoticias.com\/editor\/#\/schema\/person\/7a7fd911f58561fd056dbac7b55af9cd"},"potentialAction":[{"@type":"SearchAction","target":{"@type":"EntryPoint","urlTemplate":"https:\/\/luchonoticias.com\/editor\/?s={search_term_string}"},"query-input":{"@type":"PropertyValueSpecification","valueRequired":true,"valueName":"search_term_string"}}],"inLanguage":"es"},{"@type":["Person","Organization"],"@id":"https:\/\/luchonoticias.com\/editor\/#\/schema\/person\/7a7fd911f58561fd056dbac7b55af9cd","name":"admin","image":{"@type":"ImageObject","inLanguage":"es","@id":"https:\/\/luchonoticias.com\/editor\/#\/schema\/person\/image\/","url":"https:\/\/luchonoticias.com\/editor\/wp-content\/uploads\/2024\/02\/cropped-cropped-logolu.webp","contentUrl":"https:\/\/luchonoticias.com\/editor\/wp-content\/uploads\/2024\/02\/cropped-cropped-logolu.webp","width":382,"height":170,"caption":"admin"},"logo":{"@id":"https:\/\/luchonoticias.com\/editor\/#\/schema\/person\/image\/"},"sameAs":["https:\/\/www.facebook.com\/luchonoticiasneiva"],"url":"https:\/\/luchonoticias.com\/editor\/author\/admin\/"}]}},"_links":{"self":[{"href":"https:\/\/luchonoticias.com\/editor\/wp-json\/wp\/v2\/posts\/26342","targetHints":{"allow":["GET"]}}],"collection":[{"href":"https:\/\/luchonoticias.com\/editor\/wp-json\/wp\/v2\/posts"}],"about":[{"href":"https:\/\/luchonoticias.com\/editor\/wp-json\/wp\/v2\/types\/post"}],"author":[{"embeddable":true,"href":"https:\/\/luchonoticias.com\/editor\/wp-json\/wp\/v2\/users\/1"}],"replies":[{"embeddable":true,"href":"https:\/\/luchonoticias.com\/editor\/wp-json\/wp\/v2\/comments?post=26342"}],"version-history":[{"count":0,"href":"https:\/\/luchonoticias.com\/editor\/wp-json\/wp\/v2\/posts\/26342\/revisions"}],"wp:attachment":[{"href":"https:\/\/luchonoticias.com\/editor\/wp-json\/wp\/v2\/media?parent=26342"}],"wp:term":[{"taxonomy":"category","embeddable":true,"href":"https:\/\/luchonoticias.com\/editor\/wp-json\/wp\/v2\/categories?post=26342"},{"taxonomy":"post_tag","embeddable":true,"href":"https:\/\/luchonoticias.com\/editor\/wp-json\/wp\/v2\/tags?post=26342"}],"curies":[{"name":"wp","href":"https:\/\/api.w.org\/{rel}","templated":true}]}}