{"id":26369,"date":"2022-05-21T07:01:22","date_gmt":"2022-05-21T12:01:22","guid":{"rendered":"https:\/\/luchonoticias.com\/?p=26369"},"modified":"2022-05-21T07:01:24","modified_gmt":"2022-05-21T12:01:24","slug":"neiva-recibe-hoy-a-miss-universe-colombia","status":"publish","type":"post","link":"https:\/\/luchonoticias.com\/editor\/neiva-recibe-hoy-a-miss-universe-colombia\/","title":{"rendered":"Neiva recibe hoy a Miss Universe Colombia"},"content":{"rendered":"\n<p>La Miss Universe Colombia, Mar\u00eda Fernanda Aristiz\u00e1bal, estar\u00e1 este s\u00e1bado 21 y domingo 22 de mayo cumpliendo su agenda social, cultural y tur\u00edstica en la ciudad de Neiva, as\u00ed lo revel\u00f3 la secretaria de Competitividad, Maryeli P\u00e9rez Le\u00f3n.<\/p>\n\n\n\n<p>Esta es una invitaci\u00f3n que hizo la Administraci\u00f3n Municipal \u2018Primero Neiva\u2019 a la Organizaci\u00f3n Miss Universe Colombia para promocionar y visibilizar a nivel nacional las seis rutas tur\u00edsticas: &#8216;Ruta de la Achira&#8217;, &#8216;City Tour Neiva&#8217;, el &#8216;Sendero Villamil&#8217;, el &#8216;Sendero Arboloco de las Ceibas&#8217;, la &#8216;Monta\u00f1a M\u00e1gica del Chapuro&#8217; y la &#8216;Ruta Dorada de San Luis&#8217;.<\/p>\n\n\n\n<figure class=\"wp-block-gallery has-nested-images columns-default is-cropped wp-block-gallery-1 is-layout-flex wp-block-gallery-is-layout-flex\">\n<figure class=\"wp-block-image size-large\"><img decoding=\"async\" data-id=\"26371\" src=\"https:\/\/luchonoticias.com\/wp-content\/uploads\/2022\/05\/WhatsApp-Image-2022-05-20-at-8.34.54-PM.jpeg\" alt=\"\" class=\"wp-image-26371\"\/><\/figure>\n\n\n\n<figure class=\"wp-block-image size-large\"><img decoding=\"async\" data-id=\"26372\" src=\"https:\/\/luchonoticias.com\/wp-content\/uploads\/2022\/05\/WhatsApp-Image-2022-05-20-at-8.34.53-PM-1.jpeg\" alt=\"\" class=\"wp-image-26372\"\/><\/figure>\n<\/figure>\n\n\n\n<p>Cabe precisar que estas rutas fueron oficialmente presentadas ante los medios de comunicaci\u00f3n, autoridades locales y operadores tur\u00edsticos, que recibieron con benepl\u00e1cito la estrategia de la Alcald\u00eda de Neiva que busca potencializar el turismo urbano y rural, m\u00e1xime cuando se aproximan las fiestas de San Pedro.<\/p>\n\n\n\n<p>\u201cRecordemos que el a\u00f1o pasado se hizo una gran feria empresarial que fue liderada desde la Administraci\u00f3n Municipal y nuestro alcalde Gorky Mu\u00f1oz Calder\u00f3n, con el fin de visibilizar los productos empresariales y de emprendimientos de Neiva\u201d, indic\u00f3 la Secretaria de Competitividad.<\/p>\n\n\n\n<figure class=\"wp-block-image size-full\"><img decoding=\"async\" src=\"https:\/\/luchonoticias.com\/wp-content\/uploads\/2022\/05\/WhatsApp-Image-2022-05-20-at-8.34.54-PM-1.jpeg\" alt=\"\" class=\"wp-image-26373\"\/><\/figure>\n\n\n\n<p>Para la Administraci\u00f3n Municipal liderada por el alcalde de Neiva, Gorky Mu\u00f1oz Calder\u00f3n, es importante que la ciudad se visibilice en el escenario nacional e internacional a trav\u00e9s de la representante de Colombia en Miss Universe.<\/p>\n","protected":false},"excerpt":{"rendered":"<p>La Miss Universe Colombia, Mar\u00eda Fernanda Aristiz\u00e1bal, estar\u00e1 este s\u00e1bado 21 y domingo 22 de mayo cumpliendo su agenda social, cultural y tur\u00edstica en la ciudad de Neiva, as\u00ed lo revel\u00f3 la secretaria de Competitividad, Maryeli P\u00e9rez Le\u00f3n. Esta es una invitaci\u00f3n que hizo la Administraci\u00f3n Municipal \u2018Primero Neiva\u2019 a la Organizaci\u00f3n Miss Universe Colombia [&hellip;]<\/p>\n","protected":false},"author":1,"featured_media":0,"comment_status":"open","ping_status":"open","sticky":false,"template":"","format":"standard","meta":{"footnotes":""},"categories":[36,53],"tags":[],"class_list":["post-26369","post","type-post","status-publish","format-standard","hentry","category-destacado","category-neiva"],"yoast_head":"<!-- This site is optimized with the Yoast SEO plugin v26.6 - https:\/\/yoast.com\/wordpress\/plugins\/seo\/ -->\n<title>Neiva recibe hoy a Miss Universe Colombia -<\/title>\n<meta name=\"robots\" content=\"index, follow, max-snippet:-1, max-image-preview:large, max-video-preview:-1\" \/>\n<link rel=\"canonical\" href=\"https:\/\/luchonoticias.com\/editor\/neiva-recibe-hoy-a-miss-universe-colombia\/\" \/>\n<meta property=\"og:locale\" content=\"es_ES\" \/>\n<meta property=\"og:type\" content=\"article\" \/>\n<meta property=\"og:title\" content=\"Neiva recibe hoy a Miss Universe Colombia -\" \/>\n<meta property=\"og:url\" content=\"https:\/\/luchonoticias.com\/editor\/neiva-recibe-hoy-a-miss-universe-colombia\/\" \/>\n<meta property=\"article:publisher\" content=\"https:\/\/www.facebook.com\/luchonoticiasneiva\" \/>\n<meta property=\"article:author\" content=\"https:\/\/www.facebook.com\/luchonoticiasneiva\" \/>\n<meta property=\"article:published_time\" content=\"2022-05-21T12:01:22+00:00\" \/>\n<meta property=\"article:modified_time\" content=\"2022-05-21T12:01:24+00:00\" \/>\n<meta property=\"og:image\" content=\"https:\/\/luchonoticias.com\/wp-content\/uploads\/2022\/05\/WhatsApp-Image-2022-05-20-at-8.34.54-PM.jpeg\" \/>\n<meta name=\"author\" content=\"admin\" \/>\n<meta name=\"twitter:card\" content=\"summary_large_image\" \/>\n<meta name=\"twitter:label1\" content=\"Escrito por\" \/>\n\t<meta name=\"twitter:data1\" content=\"admin\" \/>\n\t<meta name=\"twitter:label2\" content=\"Tiempo de lectura\" \/>\n\t<meta name=\"twitter:data2\" content=\"1 minuto\" \/>\n<script type=\"application\/ld+json\" class=\"yoast-schema-graph\">{\"@context\":\"https:\/\/schema.org\",\"@graph\":[{\"@type\":\"Article\",\"@id\":\"https:\/\/luchonoticias.com\/editor\/neiva-recibe-hoy-a-miss-universe-colombia\/#article\",\"isPartOf\":{\"@id\":\"https:\/\/luchonoticias.com\/editor\/neiva-recibe-hoy-a-miss-universe-colombia\/\"},\"author\":{\"name\":\"admin\",\"@id\":\"https:\/\/luchonoticias.com\/editor\/#\/schema\/person\/7a7fd911f58561fd056dbac7b55af9cd\"},\"headline\":\"Neiva recibe hoy a Miss Universe Colombia\",\"datePublished\":\"2022-05-21T12:01:22+00:00\",\"dateModified\":\"2022-05-21T12:01:24+00:00\",\"mainEntityOfPage\":{\"@id\":\"https:\/\/luchonoticias.com\/editor\/neiva-recibe-hoy-a-miss-universe-colombia\/\"},\"wordCount\":248,\"commentCount\":0,\"publisher\":{\"@id\":\"https:\/\/luchonoticias.com\/editor\/#\/schema\/person\/7a7fd911f58561fd056dbac7b55af9cd\"},\"image\":{\"@id\":\"https:\/\/luchonoticias.com\/editor\/neiva-recibe-hoy-a-miss-universe-colombia\/#primaryimage\"},\"thumbnailUrl\":\"https:\/\/luchonoticias.com\/wp-content\/uploads\/2022\/05\/WhatsApp-Image-2022-05-20-at-8.34.54-PM.jpeg\",\"articleSection\":[\"Destacado\",\"Neiva\"],\"inLanguage\":\"es\",\"potentialAction\":[{\"@type\":\"CommentAction\",\"name\":\"Comment\",\"target\":[\"https:\/\/luchonoticias.com\/editor\/neiva-recibe-hoy-a-miss-universe-colombia\/#respond\"]}]},{\"@type\":\"WebPage\",\"@id\":\"https:\/\/luchonoticias.com\/editor\/neiva-recibe-hoy-a-miss-universe-colombia\/\",\"url\":\"https:\/\/luchonoticias.com\/editor\/neiva-recibe-hoy-a-miss-universe-colombia\/\",\"name\":\"Neiva recibe hoy a Miss Universe Colombia -\",\"isPartOf\":{\"@id\":\"https:\/\/luchonoticias.com\/editor\/#website\"},\"primaryImageOfPage\":{\"@id\":\"https:\/\/luchonoticias.com\/editor\/neiva-recibe-hoy-a-miss-universe-colombia\/#primaryimage\"},\"image\":{\"@id\":\"https:\/\/luchonoticias.com\/editor\/neiva-recibe-hoy-a-miss-universe-colombia\/#primaryimage\"},\"thumbnailUrl\":\"https:\/\/luchonoticias.com\/wp-content\/uploads\/2022\/05\/WhatsApp-Image-2022-05-20-at-8.34.54-PM.jpeg\",\"datePublished\":\"2022-05-21T12:01:22+00:00\",\"dateModified\":\"2022-05-21T12:01:24+00:00\",\"breadcrumb\":{\"@id\":\"https:\/\/luchonoticias.com\/editor\/neiva-recibe-hoy-a-miss-universe-colombia\/#breadcrumb\"},\"inLanguage\":\"es\",\"potentialAction\":[{\"@type\":\"ReadAction\",\"target\":[\"https:\/\/luchonoticias.com\/editor\/neiva-recibe-hoy-a-miss-universe-colombia\/\"]}]},{\"@type\":\"ImageObject\",\"inLanguage\":\"es\",\"@id\":\"https:\/\/luchonoticias.com\/editor\/neiva-recibe-hoy-a-miss-universe-colombia\/#primaryimage\",\"url\":\"https:\/\/luchonoticias.com\/wp-content\/uploads\/2022\/05\/WhatsApp-Image-2022-05-20-at-8.34.54-PM.jpeg\",\"contentUrl\":\"https:\/\/luchonoticias.com\/wp-content\/uploads\/2022\/05\/WhatsApp-Image-2022-05-20-at-8.34.54-PM.jpeg\"},{\"@type\":\"BreadcrumbList\",\"@id\":\"https:\/\/luchonoticias.com\/editor\/neiva-recibe-hoy-a-miss-universe-colombia\/#breadcrumb\",\"itemListElement\":[{\"@type\":\"ListItem\",\"position\":1,\"name\":\"Portada\",\"item\":\"https:\/\/luchonoticias.com\/editor\/\"},{\"@type\":\"ListItem\",\"position\":2,\"name\":\"Neiva recibe hoy a Miss Universe Colombia\"}]},{\"@type\":\"WebSite\",\"@id\":\"https:\/\/luchonoticias.com\/editor\/#website\",\"url\":\"https:\/\/luchonoticias.com\/editor\/\",\"name\":\"\",\"description\":\"\",\"publisher\":{\"@id\":\"https:\/\/luchonoticias.com\/editor\/#\/schema\/person\/7a7fd911f58561fd056dbac7b55af9cd\"},\"potentialAction\":[{\"@type\":\"SearchAction\",\"target\":{\"@type\":\"EntryPoint\",\"urlTemplate\":\"https:\/\/luchonoticias.com\/editor\/?s={search_term_string}\"},\"query-input\":{\"@type\":\"PropertyValueSpecification\",\"valueRequired\":true,\"valueName\":\"search_term_string\"}}],\"inLanguage\":\"es\"},{\"@type\":[\"Person\",\"Organization\"],\"@id\":\"https:\/\/luchonoticias.com\/editor\/#\/schema\/person\/7a7fd911f58561fd056dbac7b55af9cd\",\"name\":\"admin\",\"image\":{\"@type\":\"ImageObject\",\"inLanguage\":\"es\",\"@id\":\"https:\/\/luchonoticias.com\/editor\/#\/schema\/person\/image\/\",\"url\":\"https:\/\/luchonoticias.com\/editor\/wp-content\/uploads\/2024\/02\/cropped-cropped-logolu.webp\",\"contentUrl\":\"https:\/\/luchonoticias.com\/editor\/wp-content\/uploads\/2024\/02\/cropped-cropped-logolu.webp\",\"width\":382,\"height\":170,\"caption\":\"admin\"},\"logo\":{\"@id\":\"https:\/\/luchonoticias.com\/editor\/#\/schema\/person\/image\/\"},\"sameAs\":[\"https:\/\/www.facebook.com\/luchonoticiasneiva\"],\"url\":\"https:\/\/luchonoticias.com\/editor\/author\/admin\/\"}]}<\/script>\n<!-- \/ Yoast SEO plugin. -->","yoast_head_json":{"title":"Neiva recibe hoy a Miss Universe Colombia -","robots":{"index":"index","follow":"follow","max-snippet":"max-snippet:-1","max-image-preview":"max-image-preview:large","max-video-preview":"max-video-preview:-1"},"canonical":"https:\/\/luchonoticias.com\/editor\/neiva-recibe-hoy-a-miss-universe-colombia\/","og_locale":"es_ES","og_type":"article","og_title":"Neiva recibe hoy a Miss Universe Colombia -","og_url":"https:\/\/luchonoticias.com\/editor\/neiva-recibe-hoy-a-miss-universe-colombia\/","article_publisher":"https:\/\/www.facebook.com\/luchonoticiasneiva","article_author":"https:\/\/www.facebook.com\/luchonoticiasneiva","article_published_time":"2022-05-21T12:01:22+00:00","article_modified_time":"2022-05-21T12:01:24+00:00","og_image":[{"url":"https:\/\/luchonoticias.com\/wp-content\/uploads\/2022\/05\/WhatsApp-Image-2022-05-20-at-8.34.54-PM.jpeg","type":"","width":"","height":""}],"author":"admin","twitter_card":"summary_large_image","twitter_misc":{"Escrito por":"admin","Tiempo de lectura":"1 minuto"},"schema":{"@context":"https:\/\/schema.org","@graph":[{"@type":"Article","@id":"https:\/\/luchonoticias.com\/editor\/neiva-recibe-hoy-a-miss-universe-colombia\/#article","isPartOf":{"@id":"https:\/\/luchonoticias.com\/editor\/neiva-recibe-hoy-a-miss-universe-colombia\/"},"author":{"name":"admin","@id":"https:\/\/luchonoticias.com\/editor\/#\/schema\/person\/7a7fd911f58561fd056dbac7b55af9cd"},"headline":"Neiva recibe hoy a Miss Universe Colombia","datePublished":"2022-05-21T12:01:22+00:00","dateModified":"2022-05-21T12:01:24+00:00","mainEntityOfPage":{"@id":"https:\/\/luchonoticias.com\/editor\/neiva-recibe-hoy-a-miss-universe-colombia\/"},"wordCount":248,"commentCount":0,"publisher":{"@id":"https:\/\/luchonoticias.com\/editor\/#\/schema\/person\/7a7fd911f58561fd056dbac7b55af9cd"},"image":{"@id":"https:\/\/luchonoticias.com\/editor\/neiva-recibe-hoy-a-miss-universe-colombia\/#primaryimage"},"thumbnailUrl":"https:\/\/luchonoticias.com\/wp-content\/uploads\/2022\/05\/WhatsApp-Image-2022-05-20-at-8.34.54-PM.jpeg","articleSection":["Destacado","Neiva"],"inLanguage":"es","potentialAction":[{"@type":"CommentAction","name":"Comment","target":["https:\/\/luchonoticias.com\/editor\/neiva-recibe-hoy-a-miss-universe-colombia\/#respond"]}]},{"@type":"WebPage","@id":"https:\/\/luchonoticias.com\/editor\/neiva-recibe-hoy-a-miss-universe-colombia\/","url":"https:\/\/luchonoticias.com\/editor\/neiva-recibe-hoy-a-miss-universe-colombia\/","name":"Neiva recibe hoy a Miss Universe Colombia -","isPartOf":{"@id":"https:\/\/luchonoticias.com\/editor\/#website"},"primaryImageOfPage":{"@id":"https:\/\/luchonoticias.com\/editor\/neiva-recibe-hoy-a-miss-universe-colombia\/#primaryimage"},"image":{"@id":"https:\/\/luchonoticias.com\/editor\/neiva-recibe-hoy-a-miss-universe-colombia\/#primaryimage"},"thumbnailUrl":"https:\/\/luchonoticias.com\/wp-content\/uploads\/2022\/05\/WhatsApp-Image-2022-05-20-at-8.34.54-PM.jpeg","datePublished":"2022-05-21T12:01:22+00:00","dateModified":"2022-05-21T12:01:24+00:00","breadcrumb":{"@id":"https:\/\/luchonoticias.com\/editor\/neiva-recibe-hoy-a-miss-universe-colombia\/#breadcrumb"},"inLanguage":"es","potentialAction":[{"@type":"ReadAction","target":["https:\/\/luchonoticias.com\/editor\/neiva-recibe-hoy-a-miss-universe-colombia\/"]}]},{"@type":"ImageObject","inLanguage":"es","@id":"https:\/\/luchonoticias.com\/editor\/neiva-recibe-hoy-a-miss-universe-colombia\/#primaryimage","url":"https:\/\/luchonoticias.com\/wp-content\/uploads\/2022\/05\/WhatsApp-Image-2022-05-20-at-8.34.54-PM.jpeg","contentUrl":"https:\/\/luchonoticias.com\/wp-content\/uploads\/2022\/05\/WhatsApp-Image-2022-05-20-at-8.34.54-PM.jpeg"},{"@type":"BreadcrumbList","@id":"https:\/\/luchonoticias.com\/editor\/neiva-recibe-hoy-a-miss-universe-colombia\/#breadcrumb","itemListElement":[{"@type":"ListItem","position":1,"name":"Portada","item":"https:\/\/luchonoticias.com\/editor\/"},{"@type":"ListItem","position":2,"name":"Neiva recibe hoy a Miss Universe Colombia"}]},{"@type":"WebSite","@id":"https:\/\/luchonoticias.com\/editor\/#website","url":"https:\/\/luchonoticias.com\/editor\/","name":"","description":"","publisher":{"@id":"https:\/\/luchonoticias.com\/editor\/#\/schema\/person\/7a7fd911f58561fd056dbac7b55af9cd"},"potentialAction":[{"@type":"SearchAction","target":{"@type":"EntryPoint","urlTemplate":"https:\/\/luchonoticias.com\/editor\/?s={search_term_string}"},"query-input":{"@type":"PropertyValueSpecification","valueRequired":true,"valueName":"search_term_string"}}],"inLanguage":"es"},{"@type":["Person","Organization"],"@id":"https:\/\/luchonoticias.com\/editor\/#\/schema\/person\/7a7fd911f58561fd056dbac7b55af9cd","name":"admin","image":{"@type":"ImageObject","inLanguage":"es","@id":"https:\/\/luchonoticias.com\/editor\/#\/schema\/person\/image\/","url":"https:\/\/luchonoticias.com\/editor\/wp-content\/uploads\/2024\/02\/cropped-cropped-logolu.webp","contentUrl":"https:\/\/luchonoticias.com\/editor\/wp-content\/uploads\/2024\/02\/cropped-cropped-logolu.webp","width":382,"height":170,"caption":"admin"},"logo":{"@id":"https:\/\/luchonoticias.com\/editor\/#\/schema\/person\/image\/"},"sameAs":["https:\/\/www.facebook.com\/luchonoticiasneiva"],"url":"https:\/\/luchonoticias.com\/editor\/author\/admin\/"}]}},"_links":{"self":[{"href":"https:\/\/luchonoticias.com\/editor\/wp-json\/wp\/v2\/posts\/26369","targetHints":{"allow":["GET"]}}],"collection":[{"href":"https:\/\/luchonoticias.com\/editor\/wp-json\/wp\/v2\/posts"}],"about":[{"href":"https:\/\/luchonoticias.com\/editor\/wp-json\/wp\/v2\/types\/post"}],"author":[{"embeddable":true,"href":"https:\/\/luchonoticias.com\/editor\/wp-json\/wp\/v2\/users\/1"}],"replies":[{"embeddable":true,"href":"https:\/\/luchonoticias.com\/editor\/wp-json\/wp\/v2\/comments?post=26369"}],"version-history":[{"count":0,"href":"https:\/\/luchonoticias.com\/editor\/wp-json\/wp\/v2\/posts\/26369\/revisions"}],"wp:attachment":[{"href":"https:\/\/luchonoticias.com\/editor\/wp-json\/wp\/v2\/media?parent=26369"}],"wp:term":[{"taxonomy":"category","embeddable":true,"href":"https:\/\/luchonoticias.com\/editor\/wp-json\/wp\/v2\/categories?post=26369"},{"taxonomy":"post_tag","embeddable":true,"href":"https:\/\/luchonoticias.com\/editor\/wp-json\/wp\/v2\/tags?post=26369"}],"curies":[{"name":"wp","href":"https:\/\/api.w.org\/{rel}","templated":true}]}}