{"id":26416,"date":"2022-05-22T05:21:13","date_gmt":"2022-05-22T10:21:13","guid":{"rendered":"https:\/\/luchonoticias.com\/?p=26416"},"modified":"2022-05-22T05:21:15","modified_gmt":"2022-05-22T10:21:15","slug":"policia-metropolitana-de-neiva-realiza-campana-todos-con-voluntad-por-la-seguridad","status":"publish","type":"post","link":"https:\/\/luchonoticias.com\/editor\/policia-metropolitana-de-neiva-realiza-campana-todos-con-voluntad-por-la-seguridad\/","title":{"rendered":"Polic\u00eda Metropolitana de Neiva realiza campa\u00f1a \u2018Todos con voluntad por la seguridad\u2019"},"content":{"rendered":"\n<p>Mediante planes de registro y control en diferentes sectores de la ciudad de Neiva, La Polic\u00eda Nacional viene realizando la campa\u00f1a \u2018Todos con Voluntad por la Seguridad\u2019, con el objetivo de garantizar la seguridad y la convivencia de los neivanos.<\/p>\n\n\n\n<p>\u201cEs as\u00ed con un robusto e importante grupo de hombres y mujeres de la Seccional de Investigaci\u00f3n Criminal, Seccional de Inteligencia Policial, Prevenci\u00f3n y Educaci\u00f3n Ciudadana, Seccional de Servicios Especiales de Infancia y adolescencia y personal de Vigilancia Comunitaria por cuadrantes, llegan hasta los sectores vulnerables de esta ciudad\u201d, indicaron las autoridades.<\/p>\n\n\n\n<figure class=\"wp-block-gallery has-nested-images columns-default is-cropped wp-block-gallery-1 is-layout-flex wp-block-gallery-is-layout-flex\">\n<figure class=\"wp-block-image size-large\"><img decoding=\"async\" data-id=\"26418\" src=\"https:\/\/luchonoticias.com\/wp-content\/uploads\/2022\/05\/WhatsApp-Image-2022-05-21-at-6.50.00-PM-2-1024x574.jpeg\" alt=\"\" class=\"wp-image-26418\"\/><\/figure>\n\n\n\n<figure class=\"wp-block-image size-large\"><img decoding=\"async\" data-id=\"26419\" src=\"https:\/\/luchonoticias.com\/wp-content\/uploads\/2022\/05\/WhatsApp-Image-2022-05-21-at-6.49.32-PM-2-1024x574.jpeg\" alt=\"\" class=\"wp-image-26419\"\/><\/figure>\n\n\n\n<figure class=\"wp-block-image size-large\"><img decoding=\"async\" data-id=\"26420\" src=\"https:\/\/luchonoticias.com\/wp-content\/uploads\/2022\/05\/WhatsApp-Image-2022-05-21-at-6.49.32-PM-1024x574.jpeg\" alt=\"\" class=\"wp-image-26420\"\/><\/figure>\n<\/figure>\n\n\n\n<p><strong>Primeros resultados<\/strong><\/p>\n\n\n\n<p>En lo dado a conocer por la Polic\u00eda Metropolitana, como primeros resultados mediante registros preventivos a personas, veh\u00edculos de servicio p\u00fablico y establecimientos de comercio, preservamos la seguridad y la convivencia de esta importante zona, se ha logrado la incautaci\u00f3n de 25 armas blancas, 1.400 dosis de marihuana, adem\u00e1s de la imposici\u00f3n de 63 comparendos por comportamientos contrarios a la convivencia.<\/p>\n\n\n\n<figure class=\"wp-block-gallery has-nested-images columns-default is-cropped wp-block-gallery-2 is-layout-flex wp-block-gallery-is-layout-flex\">\n<figure class=\"wp-block-image size-large\"><img decoding=\"async\" data-id=\"26421\" src=\"https:\/\/luchonoticias.com\/wp-content\/uploads\/2022\/05\/WhatsApp-Image-2022-05-21-at-6.50.01-PM-1024x574.jpeg\" alt=\"\" class=\"wp-image-26421\"\/><\/figure>\n\n\n\n<figure class=\"wp-block-image size-large\"><img decoding=\"async\" data-id=\"26422\" src=\"https:\/\/luchonoticias.com\/wp-content\/uploads\/2022\/05\/WhatsApp-Image-2022-05-21-at-6.50.00-PM-1024x574.jpeg\" alt=\"\" class=\"wp-image-26422\"\/><\/figure>\n<\/figure>\n\n\n\n<p>\u201cDe esta manera se hace la invitaci\u00f3n a los habitantes del \u00e1rea metropolitana de Neiva, a continuar denunciando todo hecho que atente contra la seguridad y convivencia de los Opitas\u201d, concluyeron.<\/p>\n","protected":false},"excerpt":{"rendered":"<p>Mediante planes de registro y control en diferentes sectores de la ciudad de Neiva, La Polic\u00eda Nacional viene realizando la campa\u00f1a \u2018Todos con Voluntad por la Seguridad\u2019, con el objetivo de garantizar la seguridad y la convivencia de los neivanos. \u201cEs as\u00ed con un robusto e importante grupo de hombres y mujeres de la Seccional [&hellip;]<\/p>\n","protected":false},"author":1,"featured_media":0,"comment_status":"open","ping_status":"open","sticky":false,"template":"","format":"standard","meta":{"footnotes":""},"categories":[36,29],"tags":[],"class_list":["post-26416","post","type-post","status-publish","format-standard","hentry","category-destacado","category-judicial"],"yoast_head":"<!-- This site is optimized with the Yoast SEO plugin v26.6 - https:\/\/yoast.com\/wordpress\/plugins\/seo\/ -->\n<title>Polic\u00eda Metropolitana de Neiva realiza campa\u00f1a \u2018Todos con voluntad por la seguridad\u2019 -<\/title>\n<meta name=\"robots\" content=\"index, follow, max-snippet:-1, max-image-preview:large, max-video-preview:-1\" \/>\n<link rel=\"canonical\" href=\"https:\/\/luchonoticias.com\/editor\/policia-metropolitana-de-neiva-realiza-campana-todos-con-voluntad-por-la-seguridad\/\" \/>\n<meta property=\"og:locale\" content=\"es_ES\" \/>\n<meta property=\"og:type\" content=\"article\" \/>\n<meta property=\"og:title\" content=\"Polic\u00eda Metropolitana de Neiva realiza campa\u00f1a \u2018Todos con voluntad por la seguridad\u2019 -\" \/>\n<meta property=\"og:url\" content=\"https:\/\/luchonoticias.com\/editor\/policia-metropolitana-de-neiva-realiza-campana-todos-con-voluntad-por-la-seguridad\/\" \/>\n<meta property=\"article:publisher\" content=\"https:\/\/www.facebook.com\/luchonoticiasneiva\" \/>\n<meta property=\"article:author\" content=\"https:\/\/www.facebook.com\/luchonoticiasneiva\" \/>\n<meta property=\"article:published_time\" content=\"2022-05-22T10:21:13+00:00\" \/>\n<meta property=\"article:modified_time\" content=\"2022-05-22T10:21:15+00:00\" \/>\n<meta property=\"og:image\" content=\"https:\/\/luchonoticias.com\/wp-content\/uploads\/2022\/05\/WhatsApp-Image-2022-05-21-at-6.50.00-PM-2-1024x574.jpeg\" \/>\n<meta name=\"author\" content=\"admin\" \/>\n<meta name=\"twitter:card\" content=\"summary_large_image\" \/>\n<meta name=\"twitter:label1\" content=\"Escrito por\" \/>\n\t<meta name=\"twitter:data1\" content=\"admin\" \/>\n\t<meta name=\"twitter:label2\" content=\"Tiempo de lectura\" \/>\n\t<meta name=\"twitter:data2\" content=\"1 minuto\" \/>\n<script type=\"application\/ld+json\" class=\"yoast-schema-graph\">{\"@context\":\"https:\/\/schema.org\",\"@graph\":[{\"@type\":\"Article\",\"@id\":\"https:\/\/luchonoticias.com\/editor\/policia-metropolitana-de-neiva-realiza-campana-todos-con-voluntad-por-la-seguridad\/#article\",\"isPartOf\":{\"@id\":\"https:\/\/luchonoticias.com\/editor\/policia-metropolitana-de-neiva-realiza-campana-todos-con-voluntad-por-la-seguridad\/\"},\"author\":{\"name\":\"admin\",\"@id\":\"https:\/\/luchonoticias.com\/editor\/#\/schema\/person\/7a7fd911f58561fd056dbac7b55af9cd\"},\"headline\":\"Polic\u00eda Metropolitana de Neiva realiza campa\u00f1a \u2018Todos con voluntad por la seguridad\u2019\",\"datePublished\":\"2022-05-22T10:21:13+00:00\",\"dateModified\":\"2022-05-22T10:21:15+00:00\",\"mainEntityOfPage\":{\"@id\":\"https:\/\/luchonoticias.com\/editor\/policia-metropolitana-de-neiva-realiza-campana-todos-con-voluntad-por-la-seguridad\/\"},\"wordCount\":209,\"commentCount\":0,\"publisher\":{\"@id\":\"https:\/\/luchonoticias.com\/editor\/#\/schema\/person\/7a7fd911f58561fd056dbac7b55af9cd\"},\"image\":{\"@id\":\"https:\/\/luchonoticias.com\/editor\/policia-metropolitana-de-neiva-realiza-campana-todos-con-voluntad-por-la-seguridad\/#primaryimage\"},\"thumbnailUrl\":\"https:\/\/luchonoticias.com\/wp-content\/uploads\/2022\/05\/WhatsApp-Image-2022-05-21-at-6.50.00-PM-2-1024x574.jpeg\",\"articleSection\":[\"Destacado\",\"Judicial\"],\"inLanguage\":\"es\",\"potentialAction\":[{\"@type\":\"CommentAction\",\"name\":\"Comment\",\"target\":[\"https:\/\/luchonoticias.com\/editor\/policia-metropolitana-de-neiva-realiza-campana-todos-con-voluntad-por-la-seguridad\/#respond\"]}]},{\"@type\":\"WebPage\",\"@id\":\"https:\/\/luchonoticias.com\/editor\/policia-metropolitana-de-neiva-realiza-campana-todos-con-voluntad-por-la-seguridad\/\",\"url\":\"https:\/\/luchonoticias.com\/editor\/policia-metropolitana-de-neiva-realiza-campana-todos-con-voluntad-por-la-seguridad\/\",\"name\":\"Polic\u00eda Metropolitana de Neiva realiza campa\u00f1a \u2018Todos con voluntad por la seguridad\u2019 -\",\"isPartOf\":{\"@id\":\"https:\/\/luchonoticias.com\/editor\/#website\"},\"primaryImageOfPage\":{\"@id\":\"https:\/\/luchonoticias.com\/editor\/policia-metropolitana-de-neiva-realiza-campana-todos-con-voluntad-por-la-seguridad\/#primaryimage\"},\"image\":{\"@id\":\"https:\/\/luchonoticias.com\/editor\/policia-metropolitana-de-neiva-realiza-campana-todos-con-voluntad-por-la-seguridad\/#primaryimage\"},\"thumbnailUrl\":\"https:\/\/luchonoticias.com\/wp-content\/uploads\/2022\/05\/WhatsApp-Image-2022-05-21-at-6.50.00-PM-2-1024x574.jpeg\",\"datePublished\":\"2022-05-22T10:21:13+00:00\",\"dateModified\":\"2022-05-22T10:21:15+00:00\",\"breadcrumb\":{\"@id\":\"https:\/\/luchonoticias.com\/editor\/policia-metropolitana-de-neiva-realiza-campana-todos-con-voluntad-por-la-seguridad\/#breadcrumb\"},\"inLanguage\":\"es\",\"potentialAction\":[{\"@type\":\"ReadAction\",\"target\":[\"https:\/\/luchonoticias.com\/editor\/policia-metropolitana-de-neiva-realiza-campana-todos-con-voluntad-por-la-seguridad\/\"]}]},{\"@type\":\"ImageObject\",\"inLanguage\":\"es\",\"@id\":\"https:\/\/luchonoticias.com\/editor\/policia-metropolitana-de-neiva-realiza-campana-todos-con-voluntad-por-la-seguridad\/#primaryimage\",\"url\":\"https:\/\/luchonoticias.com\/wp-content\/uploads\/2022\/05\/WhatsApp-Image-2022-05-21-at-6.50.00-PM-2-1024x574.jpeg\",\"contentUrl\":\"https:\/\/luchonoticias.com\/wp-content\/uploads\/2022\/05\/WhatsApp-Image-2022-05-21-at-6.50.00-PM-2-1024x574.jpeg\"},{\"@type\":\"BreadcrumbList\",\"@id\":\"https:\/\/luchonoticias.com\/editor\/policia-metropolitana-de-neiva-realiza-campana-todos-con-voluntad-por-la-seguridad\/#breadcrumb\",\"itemListElement\":[{\"@type\":\"ListItem\",\"position\":1,\"name\":\"Portada\",\"item\":\"https:\/\/luchonoticias.com\/editor\/\"},{\"@type\":\"ListItem\",\"position\":2,\"name\":\"Polic\u00eda Metropolitana de Neiva realiza campa\u00f1a \u2018Todos con voluntad por la seguridad\u2019\"}]},{\"@type\":\"WebSite\",\"@id\":\"https:\/\/luchonoticias.com\/editor\/#website\",\"url\":\"https:\/\/luchonoticias.com\/editor\/\",\"name\":\"\",\"description\":\"\",\"publisher\":{\"@id\":\"https:\/\/luchonoticias.com\/editor\/#\/schema\/person\/7a7fd911f58561fd056dbac7b55af9cd\"},\"potentialAction\":[{\"@type\":\"SearchAction\",\"target\":{\"@type\":\"EntryPoint\",\"urlTemplate\":\"https:\/\/luchonoticias.com\/editor\/?s={search_term_string}\"},\"query-input\":{\"@type\":\"PropertyValueSpecification\",\"valueRequired\":true,\"valueName\":\"search_term_string\"}}],\"inLanguage\":\"es\"},{\"@type\":[\"Person\",\"Organization\"],\"@id\":\"https:\/\/luchonoticias.com\/editor\/#\/schema\/person\/7a7fd911f58561fd056dbac7b55af9cd\",\"name\":\"admin\",\"image\":{\"@type\":\"ImageObject\",\"inLanguage\":\"es\",\"@id\":\"https:\/\/luchonoticias.com\/editor\/#\/schema\/person\/image\/\",\"url\":\"https:\/\/luchonoticias.com\/editor\/wp-content\/uploads\/2024\/02\/cropped-cropped-logolu.webp\",\"contentUrl\":\"https:\/\/luchonoticias.com\/editor\/wp-content\/uploads\/2024\/02\/cropped-cropped-logolu.webp\",\"width\":382,\"height\":170,\"caption\":\"admin\"},\"logo\":{\"@id\":\"https:\/\/luchonoticias.com\/editor\/#\/schema\/person\/image\/\"},\"sameAs\":[\"https:\/\/www.facebook.com\/luchonoticiasneiva\"],\"url\":\"https:\/\/luchonoticias.com\/editor\/author\/admin\/\"}]}<\/script>\n<!-- \/ Yoast SEO plugin. -->","yoast_head_json":{"title":"Polic\u00eda Metropolitana de Neiva realiza campa\u00f1a \u2018Todos con voluntad por la seguridad\u2019 -","robots":{"index":"index","follow":"follow","max-snippet":"max-snippet:-1","max-image-preview":"max-image-preview:large","max-video-preview":"max-video-preview:-1"},"canonical":"https:\/\/luchonoticias.com\/editor\/policia-metropolitana-de-neiva-realiza-campana-todos-con-voluntad-por-la-seguridad\/","og_locale":"es_ES","og_type":"article","og_title":"Polic\u00eda Metropolitana de Neiva realiza campa\u00f1a \u2018Todos con voluntad por la seguridad\u2019 -","og_url":"https:\/\/luchonoticias.com\/editor\/policia-metropolitana-de-neiva-realiza-campana-todos-con-voluntad-por-la-seguridad\/","article_publisher":"https:\/\/www.facebook.com\/luchonoticiasneiva","article_author":"https:\/\/www.facebook.com\/luchonoticiasneiva","article_published_time":"2022-05-22T10:21:13+00:00","article_modified_time":"2022-05-22T10:21:15+00:00","og_image":[{"url":"https:\/\/luchonoticias.com\/wp-content\/uploads\/2022\/05\/WhatsApp-Image-2022-05-21-at-6.50.00-PM-2-1024x574.jpeg","type":"","width":"","height":""}],"author":"admin","twitter_card":"summary_large_image","twitter_misc":{"Escrito por":"admin","Tiempo de lectura":"1 minuto"},"schema":{"@context":"https:\/\/schema.org","@graph":[{"@type":"Article","@id":"https:\/\/luchonoticias.com\/editor\/policia-metropolitana-de-neiva-realiza-campana-todos-con-voluntad-por-la-seguridad\/#article","isPartOf":{"@id":"https:\/\/luchonoticias.com\/editor\/policia-metropolitana-de-neiva-realiza-campana-todos-con-voluntad-por-la-seguridad\/"},"author":{"name":"admin","@id":"https:\/\/luchonoticias.com\/editor\/#\/schema\/person\/7a7fd911f58561fd056dbac7b55af9cd"},"headline":"Polic\u00eda Metropolitana de Neiva realiza campa\u00f1a \u2018Todos con voluntad por la seguridad\u2019","datePublished":"2022-05-22T10:21:13+00:00","dateModified":"2022-05-22T10:21:15+00:00","mainEntityOfPage":{"@id":"https:\/\/luchonoticias.com\/editor\/policia-metropolitana-de-neiva-realiza-campana-todos-con-voluntad-por-la-seguridad\/"},"wordCount":209,"commentCount":0,"publisher":{"@id":"https:\/\/luchonoticias.com\/editor\/#\/schema\/person\/7a7fd911f58561fd056dbac7b55af9cd"},"image":{"@id":"https:\/\/luchonoticias.com\/editor\/policia-metropolitana-de-neiva-realiza-campana-todos-con-voluntad-por-la-seguridad\/#primaryimage"},"thumbnailUrl":"https:\/\/luchonoticias.com\/wp-content\/uploads\/2022\/05\/WhatsApp-Image-2022-05-21-at-6.50.00-PM-2-1024x574.jpeg","articleSection":["Destacado","Judicial"],"inLanguage":"es","potentialAction":[{"@type":"CommentAction","name":"Comment","target":["https:\/\/luchonoticias.com\/editor\/policia-metropolitana-de-neiva-realiza-campana-todos-con-voluntad-por-la-seguridad\/#respond"]}]},{"@type":"WebPage","@id":"https:\/\/luchonoticias.com\/editor\/policia-metropolitana-de-neiva-realiza-campana-todos-con-voluntad-por-la-seguridad\/","url":"https:\/\/luchonoticias.com\/editor\/policia-metropolitana-de-neiva-realiza-campana-todos-con-voluntad-por-la-seguridad\/","name":"Polic\u00eda Metropolitana de Neiva realiza campa\u00f1a \u2018Todos con voluntad por la seguridad\u2019 -","isPartOf":{"@id":"https:\/\/luchonoticias.com\/editor\/#website"},"primaryImageOfPage":{"@id":"https:\/\/luchonoticias.com\/editor\/policia-metropolitana-de-neiva-realiza-campana-todos-con-voluntad-por-la-seguridad\/#primaryimage"},"image":{"@id":"https:\/\/luchonoticias.com\/editor\/policia-metropolitana-de-neiva-realiza-campana-todos-con-voluntad-por-la-seguridad\/#primaryimage"},"thumbnailUrl":"https:\/\/luchonoticias.com\/wp-content\/uploads\/2022\/05\/WhatsApp-Image-2022-05-21-at-6.50.00-PM-2-1024x574.jpeg","datePublished":"2022-05-22T10:21:13+00:00","dateModified":"2022-05-22T10:21:15+00:00","breadcrumb":{"@id":"https:\/\/luchonoticias.com\/editor\/policia-metropolitana-de-neiva-realiza-campana-todos-con-voluntad-por-la-seguridad\/#breadcrumb"},"inLanguage":"es","potentialAction":[{"@type":"ReadAction","target":["https:\/\/luchonoticias.com\/editor\/policia-metropolitana-de-neiva-realiza-campana-todos-con-voluntad-por-la-seguridad\/"]}]},{"@type":"ImageObject","inLanguage":"es","@id":"https:\/\/luchonoticias.com\/editor\/policia-metropolitana-de-neiva-realiza-campana-todos-con-voluntad-por-la-seguridad\/#primaryimage","url":"https:\/\/luchonoticias.com\/wp-content\/uploads\/2022\/05\/WhatsApp-Image-2022-05-21-at-6.50.00-PM-2-1024x574.jpeg","contentUrl":"https:\/\/luchonoticias.com\/wp-content\/uploads\/2022\/05\/WhatsApp-Image-2022-05-21-at-6.50.00-PM-2-1024x574.jpeg"},{"@type":"BreadcrumbList","@id":"https:\/\/luchonoticias.com\/editor\/policia-metropolitana-de-neiva-realiza-campana-todos-con-voluntad-por-la-seguridad\/#breadcrumb","itemListElement":[{"@type":"ListItem","position":1,"name":"Portada","item":"https:\/\/luchonoticias.com\/editor\/"},{"@type":"ListItem","position":2,"name":"Polic\u00eda Metropolitana de Neiva realiza campa\u00f1a \u2018Todos con voluntad por la seguridad\u2019"}]},{"@type":"WebSite","@id":"https:\/\/luchonoticias.com\/editor\/#website","url":"https:\/\/luchonoticias.com\/editor\/","name":"","description":"","publisher":{"@id":"https:\/\/luchonoticias.com\/editor\/#\/schema\/person\/7a7fd911f58561fd056dbac7b55af9cd"},"potentialAction":[{"@type":"SearchAction","target":{"@type":"EntryPoint","urlTemplate":"https:\/\/luchonoticias.com\/editor\/?s={search_term_string}"},"query-input":{"@type":"PropertyValueSpecification","valueRequired":true,"valueName":"search_term_string"}}],"inLanguage":"es"},{"@type":["Person","Organization"],"@id":"https:\/\/luchonoticias.com\/editor\/#\/schema\/person\/7a7fd911f58561fd056dbac7b55af9cd","name":"admin","image":{"@type":"ImageObject","inLanguage":"es","@id":"https:\/\/luchonoticias.com\/editor\/#\/schema\/person\/image\/","url":"https:\/\/luchonoticias.com\/editor\/wp-content\/uploads\/2024\/02\/cropped-cropped-logolu.webp","contentUrl":"https:\/\/luchonoticias.com\/editor\/wp-content\/uploads\/2024\/02\/cropped-cropped-logolu.webp","width":382,"height":170,"caption":"admin"},"logo":{"@id":"https:\/\/luchonoticias.com\/editor\/#\/schema\/person\/image\/"},"sameAs":["https:\/\/www.facebook.com\/luchonoticiasneiva"],"url":"https:\/\/luchonoticias.com\/editor\/author\/admin\/"}]}},"_links":{"self":[{"href":"https:\/\/luchonoticias.com\/editor\/wp-json\/wp\/v2\/posts\/26416","targetHints":{"allow":["GET"]}}],"collection":[{"href":"https:\/\/luchonoticias.com\/editor\/wp-json\/wp\/v2\/posts"}],"about":[{"href":"https:\/\/luchonoticias.com\/editor\/wp-json\/wp\/v2\/types\/post"}],"author":[{"embeddable":true,"href":"https:\/\/luchonoticias.com\/editor\/wp-json\/wp\/v2\/users\/1"}],"replies":[{"embeddable":true,"href":"https:\/\/luchonoticias.com\/editor\/wp-json\/wp\/v2\/comments?post=26416"}],"version-history":[{"count":0,"href":"https:\/\/luchonoticias.com\/editor\/wp-json\/wp\/v2\/posts\/26416\/revisions"}],"wp:attachment":[{"href":"https:\/\/luchonoticias.com\/editor\/wp-json\/wp\/v2\/media?parent=26416"}],"wp:term":[{"taxonomy":"category","embeddable":true,"href":"https:\/\/luchonoticias.com\/editor\/wp-json\/wp\/v2\/categories?post=26416"},{"taxonomy":"post_tag","embeddable":true,"href":"https:\/\/luchonoticias.com\/editor\/wp-json\/wp\/v2\/tags?post=26416"}],"curies":[{"name":"wp","href":"https:\/\/api.w.org\/{rel}","templated":true}]}}