{"id":26592,"date":"2022-05-24T18:04:41","date_gmt":"2022-05-24T23:04:41","guid":{"rendered":"https:\/\/luchonoticias.com\/?p=26592"},"modified":"2022-05-24T18:04:42","modified_gmt":"2022-05-24T23:04:42","slug":"seleccion-colombia-convocada-para-juego-amistoso","status":"publish","type":"post","link":"https:\/\/luchonoticias.com\/editor\/seleccion-colombia-convocada-para-juego-amistoso\/","title":{"rendered":"Selecci\u00f3n Colombia convocada para juego amistoso"},"content":{"rendered":"\n<p>El cuerpo t\u00e9cnico de la&nbsp;<strong>Selecci\u00f3n Colombia&nbsp;<\/strong>dio a conocer la lista de convocados para el amistoso del pr\u00f3ximo<strong>&nbsp;5 de junio ante Arabia Saudita&nbsp;<\/strong>en Murcia, Espa\u00f1a.<\/p>\n\n\n\n<p>Ser\u00e1 el primer partido del equipo nacional luego del tortuoso proceso eliminatorio a Catar, juego que por ahora,&nbsp;<strong>no tiene hora definida.<\/strong><\/p>\n\n\n\n<p>Estos son los convocados<\/p>\n\n\n\n<ol class=\"wp-block-list\"><li>Jos\u00e9 Luis Chunga \u2013 Alianza Petrolera (COL)&nbsp;<\/li><li>Iv\u00e1n Arboleda \u2013 Newell\u2019s Old Boys (ARG)&nbsp;<\/li><li>D\u00e1vinson S\u00e1nchez \u2013 Tottenham Hotspur (ING)&nbsp;<\/li><li>Jhon Lucum\u00ed \u2013 KRC Genk (BEL)&nbsp;<\/li><li>Daniel Mu\u00f1oz \u2013 KRC Genk (BEL)&nbsp;<\/li><li>Helibelton Palacios \u2013 Elche CF (ESP)&nbsp;<\/li><li>Carlos Cuesta \u2013 KRC Genk (BEL)&nbsp;<\/li><li>Yairo Moreno \u2013 CF Pachuca (MEX)&nbsp;<\/li><li>\u00c9der \u00c1lvarez Balanta \u2013 Club Brujas (BEL)&nbsp;<\/li><li>Kevin Agudelo \u2013 Spezia Calcio (ITA)&nbsp;<\/li><li>Eduard Atuesta \u2013 Palmeiras (BRA)<\/li><li>Kevin Velasco \u2013 Deportivo Cali (COL)&nbsp;<\/li><li>Luis Su\u00e1rez \u2013 Granada CF (ESP)&nbsp;<\/li><li>Rafael Santos Borr\u00e9 \u2013 Eintracht Frankfurt (ALE)&nbsp;<\/li><li>Juan Camilo Hern\u00e1ndez \u2013 Watford FC (ING)&nbsp;<\/li><li>Steven Alzate \u2013 Brighton &amp; Hove Albion F.C. (ING)&nbsp;<\/li><li>Jhon Arias \u2013 Fluminense (BRA)&nbsp;<\/li><li>Luis Sinisterra \u2013 Feyenoord (NLD)&nbsp;<\/li><li>\u00d3scar Estupi\u00f1\u00e1n \u2013 Vit\u00f3ria SC (POR)&nbsp;<\/li><li>Jaminton Campaz \u2013 Gremio (BRA)<\/li><\/ol>\n\n\n\n<p>FOTO: Ilustraci\u00f3n.<\/p>\n","protected":false},"excerpt":{"rendered":"<p>El cuerpo t\u00e9cnico de la&nbsp;Selecci\u00f3n Colombia&nbsp;dio a conocer la lista de convocados para el amistoso del pr\u00f3ximo&nbsp;5 de junio ante Arabia Saudita&nbsp;en Murcia, Espa\u00f1a. Ser\u00e1 el primer partido del equipo nacional luego del tortuoso proceso eliminatorio a Catar, juego que por ahora,&nbsp;no tiene hora definida. Estos son los convocados Jos\u00e9 Luis Chunga \u2013 Alianza Petrolera [&hellip;]<\/p>\n","protected":false},"author":1,"featured_media":0,"comment_status":"open","ping_status":"open","sticky":false,"template":"","format":"standard","meta":{"footnotes":""},"categories":[34],"tags":[],"class_list":["post-26592","post","type-post","status-publish","format-standard","hentry","category-deportes"],"yoast_head":"<!-- This site is optimized with the Yoast SEO plugin v26.6 - https:\/\/yoast.com\/wordpress\/plugins\/seo\/ -->\n<title>Selecci\u00f3n Colombia convocada para juego amistoso -<\/title>\n<meta name=\"robots\" content=\"index, follow, max-snippet:-1, max-image-preview:large, max-video-preview:-1\" \/>\n<link rel=\"canonical\" href=\"https:\/\/luchonoticias.com\/editor\/seleccion-colombia-convocada-para-juego-amistoso\/\" \/>\n<meta property=\"og:locale\" content=\"es_ES\" \/>\n<meta property=\"og:type\" content=\"article\" \/>\n<meta property=\"og:title\" content=\"Selecci\u00f3n Colombia convocada para juego amistoso -\" \/>\n<meta property=\"og:url\" content=\"https:\/\/luchonoticias.com\/editor\/seleccion-colombia-convocada-para-juego-amistoso\/\" \/>\n<meta property=\"article:publisher\" content=\"https:\/\/www.facebook.com\/luchonoticiasneiva\" \/>\n<meta property=\"article:author\" content=\"https:\/\/www.facebook.com\/luchonoticiasneiva\" \/>\n<meta property=\"article:published_time\" content=\"2022-05-24T23:04:41+00:00\" \/>\n<meta property=\"article:modified_time\" content=\"2022-05-24T23:04:42+00:00\" \/>\n<meta name=\"author\" content=\"admin\" \/>\n<meta name=\"twitter:card\" content=\"summary_large_image\" \/>\n<meta name=\"twitter:label1\" content=\"Escrito por\" \/>\n\t<meta name=\"twitter:data1\" content=\"admin\" \/>\n\t<meta name=\"twitter:label2\" content=\"Tiempo de lectura\" \/>\n\t<meta name=\"twitter:data2\" content=\"1 minuto\" \/>\n<script type=\"application\/ld+json\" class=\"yoast-schema-graph\">{\"@context\":\"https:\/\/schema.org\",\"@graph\":[{\"@type\":\"Article\",\"@id\":\"https:\/\/luchonoticias.com\/editor\/seleccion-colombia-convocada-para-juego-amistoso\/#article\",\"isPartOf\":{\"@id\":\"https:\/\/luchonoticias.com\/editor\/seleccion-colombia-convocada-para-juego-amistoso\/\"},\"author\":{\"name\":\"admin\",\"@id\":\"https:\/\/luchonoticias.com\/editor\/#\/schema\/person\/7a7fd911f58561fd056dbac7b55af9cd\"},\"headline\":\"Selecci\u00f3n Colombia convocada para juego amistoso\",\"datePublished\":\"2022-05-24T23:04:41+00:00\",\"dateModified\":\"2022-05-24T23:04:42+00:00\",\"mainEntityOfPage\":{\"@id\":\"https:\/\/luchonoticias.com\/editor\/seleccion-colombia-convocada-para-juego-amistoso\/\"},\"wordCount\":204,\"commentCount\":0,\"publisher\":{\"@id\":\"https:\/\/luchonoticias.com\/editor\/#\/schema\/person\/7a7fd911f58561fd056dbac7b55af9cd\"},\"articleSection\":[\"Deportes\"],\"inLanguage\":\"es\",\"potentialAction\":[{\"@type\":\"CommentAction\",\"name\":\"Comment\",\"target\":[\"https:\/\/luchonoticias.com\/editor\/seleccion-colombia-convocada-para-juego-amistoso\/#respond\"]}]},{\"@type\":\"WebPage\",\"@id\":\"https:\/\/luchonoticias.com\/editor\/seleccion-colombia-convocada-para-juego-amistoso\/\",\"url\":\"https:\/\/luchonoticias.com\/editor\/seleccion-colombia-convocada-para-juego-amistoso\/\",\"name\":\"Selecci\u00f3n Colombia convocada para juego amistoso -\",\"isPartOf\":{\"@id\":\"https:\/\/luchonoticias.com\/editor\/#website\"},\"datePublished\":\"2022-05-24T23:04:41+00:00\",\"dateModified\":\"2022-05-24T23:04:42+00:00\",\"breadcrumb\":{\"@id\":\"https:\/\/luchonoticias.com\/editor\/seleccion-colombia-convocada-para-juego-amistoso\/#breadcrumb\"},\"inLanguage\":\"es\",\"potentialAction\":[{\"@type\":\"ReadAction\",\"target\":[\"https:\/\/luchonoticias.com\/editor\/seleccion-colombia-convocada-para-juego-amistoso\/\"]}]},{\"@type\":\"BreadcrumbList\",\"@id\":\"https:\/\/luchonoticias.com\/editor\/seleccion-colombia-convocada-para-juego-amistoso\/#breadcrumb\",\"itemListElement\":[{\"@type\":\"ListItem\",\"position\":1,\"name\":\"Portada\",\"item\":\"https:\/\/luchonoticias.com\/editor\/\"},{\"@type\":\"ListItem\",\"position\":2,\"name\":\"Selecci\u00f3n Colombia convocada para juego amistoso\"}]},{\"@type\":\"WebSite\",\"@id\":\"https:\/\/luchonoticias.com\/editor\/#website\",\"url\":\"https:\/\/luchonoticias.com\/editor\/\",\"name\":\"\",\"description\":\"\",\"publisher\":{\"@id\":\"https:\/\/luchonoticias.com\/editor\/#\/schema\/person\/7a7fd911f58561fd056dbac7b55af9cd\"},\"potentialAction\":[{\"@type\":\"SearchAction\",\"target\":{\"@type\":\"EntryPoint\",\"urlTemplate\":\"https:\/\/luchonoticias.com\/editor\/?s={search_term_string}\"},\"query-input\":{\"@type\":\"PropertyValueSpecification\",\"valueRequired\":true,\"valueName\":\"search_term_string\"}}],\"inLanguage\":\"es\"},{\"@type\":[\"Person\",\"Organization\"],\"@id\":\"https:\/\/luchonoticias.com\/editor\/#\/schema\/person\/7a7fd911f58561fd056dbac7b55af9cd\",\"name\":\"admin\",\"image\":{\"@type\":\"ImageObject\",\"inLanguage\":\"es\",\"@id\":\"https:\/\/luchonoticias.com\/editor\/#\/schema\/person\/image\/\",\"url\":\"https:\/\/luchonoticias.com\/editor\/wp-content\/uploads\/2024\/02\/cropped-cropped-logolu.webp\",\"contentUrl\":\"https:\/\/luchonoticias.com\/editor\/wp-content\/uploads\/2024\/02\/cropped-cropped-logolu.webp\",\"width\":382,\"height\":170,\"caption\":\"admin\"},\"logo\":{\"@id\":\"https:\/\/luchonoticias.com\/editor\/#\/schema\/person\/image\/\"},\"sameAs\":[\"https:\/\/www.facebook.com\/luchonoticiasneiva\"],\"url\":\"https:\/\/luchonoticias.com\/editor\/author\/admin\/\"}]}<\/script>\n<!-- \/ Yoast SEO plugin. -->","yoast_head_json":{"title":"Selecci\u00f3n Colombia convocada para juego amistoso -","robots":{"index":"index","follow":"follow","max-snippet":"max-snippet:-1","max-image-preview":"max-image-preview:large","max-video-preview":"max-video-preview:-1"},"canonical":"https:\/\/luchonoticias.com\/editor\/seleccion-colombia-convocada-para-juego-amistoso\/","og_locale":"es_ES","og_type":"article","og_title":"Selecci\u00f3n Colombia convocada para juego amistoso -","og_url":"https:\/\/luchonoticias.com\/editor\/seleccion-colombia-convocada-para-juego-amistoso\/","article_publisher":"https:\/\/www.facebook.com\/luchonoticiasneiva","article_author":"https:\/\/www.facebook.com\/luchonoticiasneiva","article_published_time":"2022-05-24T23:04:41+00:00","article_modified_time":"2022-05-24T23:04:42+00:00","author":"admin","twitter_card":"summary_large_image","twitter_misc":{"Escrito por":"admin","Tiempo de lectura":"1 minuto"},"schema":{"@context":"https:\/\/schema.org","@graph":[{"@type":"Article","@id":"https:\/\/luchonoticias.com\/editor\/seleccion-colombia-convocada-para-juego-amistoso\/#article","isPartOf":{"@id":"https:\/\/luchonoticias.com\/editor\/seleccion-colombia-convocada-para-juego-amistoso\/"},"author":{"name":"admin","@id":"https:\/\/luchonoticias.com\/editor\/#\/schema\/person\/7a7fd911f58561fd056dbac7b55af9cd"},"headline":"Selecci\u00f3n Colombia convocada para juego amistoso","datePublished":"2022-05-24T23:04:41+00:00","dateModified":"2022-05-24T23:04:42+00:00","mainEntityOfPage":{"@id":"https:\/\/luchonoticias.com\/editor\/seleccion-colombia-convocada-para-juego-amistoso\/"},"wordCount":204,"commentCount":0,"publisher":{"@id":"https:\/\/luchonoticias.com\/editor\/#\/schema\/person\/7a7fd911f58561fd056dbac7b55af9cd"},"articleSection":["Deportes"],"inLanguage":"es","potentialAction":[{"@type":"CommentAction","name":"Comment","target":["https:\/\/luchonoticias.com\/editor\/seleccion-colombia-convocada-para-juego-amistoso\/#respond"]}]},{"@type":"WebPage","@id":"https:\/\/luchonoticias.com\/editor\/seleccion-colombia-convocada-para-juego-amistoso\/","url":"https:\/\/luchonoticias.com\/editor\/seleccion-colombia-convocada-para-juego-amistoso\/","name":"Selecci\u00f3n Colombia convocada para juego amistoso -","isPartOf":{"@id":"https:\/\/luchonoticias.com\/editor\/#website"},"datePublished":"2022-05-24T23:04:41+00:00","dateModified":"2022-05-24T23:04:42+00:00","breadcrumb":{"@id":"https:\/\/luchonoticias.com\/editor\/seleccion-colombia-convocada-para-juego-amistoso\/#breadcrumb"},"inLanguage":"es","potentialAction":[{"@type":"ReadAction","target":["https:\/\/luchonoticias.com\/editor\/seleccion-colombia-convocada-para-juego-amistoso\/"]}]},{"@type":"BreadcrumbList","@id":"https:\/\/luchonoticias.com\/editor\/seleccion-colombia-convocada-para-juego-amistoso\/#breadcrumb","itemListElement":[{"@type":"ListItem","position":1,"name":"Portada","item":"https:\/\/luchonoticias.com\/editor\/"},{"@type":"ListItem","position":2,"name":"Selecci\u00f3n Colombia convocada para juego amistoso"}]},{"@type":"WebSite","@id":"https:\/\/luchonoticias.com\/editor\/#website","url":"https:\/\/luchonoticias.com\/editor\/","name":"","description":"","publisher":{"@id":"https:\/\/luchonoticias.com\/editor\/#\/schema\/person\/7a7fd911f58561fd056dbac7b55af9cd"},"potentialAction":[{"@type":"SearchAction","target":{"@type":"EntryPoint","urlTemplate":"https:\/\/luchonoticias.com\/editor\/?s={search_term_string}"},"query-input":{"@type":"PropertyValueSpecification","valueRequired":true,"valueName":"search_term_string"}}],"inLanguage":"es"},{"@type":["Person","Organization"],"@id":"https:\/\/luchonoticias.com\/editor\/#\/schema\/person\/7a7fd911f58561fd056dbac7b55af9cd","name":"admin","image":{"@type":"ImageObject","inLanguage":"es","@id":"https:\/\/luchonoticias.com\/editor\/#\/schema\/person\/image\/","url":"https:\/\/luchonoticias.com\/editor\/wp-content\/uploads\/2024\/02\/cropped-cropped-logolu.webp","contentUrl":"https:\/\/luchonoticias.com\/editor\/wp-content\/uploads\/2024\/02\/cropped-cropped-logolu.webp","width":382,"height":170,"caption":"admin"},"logo":{"@id":"https:\/\/luchonoticias.com\/editor\/#\/schema\/person\/image\/"},"sameAs":["https:\/\/www.facebook.com\/luchonoticiasneiva"],"url":"https:\/\/luchonoticias.com\/editor\/author\/admin\/"}]}},"_links":{"self":[{"href":"https:\/\/luchonoticias.com\/editor\/wp-json\/wp\/v2\/posts\/26592","targetHints":{"allow":["GET"]}}],"collection":[{"href":"https:\/\/luchonoticias.com\/editor\/wp-json\/wp\/v2\/posts"}],"about":[{"href":"https:\/\/luchonoticias.com\/editor\/wp-json\/wp\/v2\/types\/post"}],"author":[{"embeddable":true,"href":"https:\/\/luchonoticias.com\/editor\/wp-json\/wp\/v2\/users\/1"}],"replies":[{"embeddable":true,"href":"https:\/\/luchonoticias.com\/editor\/wp-json\/wp\/v2\/comments?post=26592"}],"version-history":[{"count":0,"href":"https:\/\/luchonoticias.com\/editor\/wp-json\/wp\/v2\/posts\/26592\/revisions"}],"wp:attachment":[{"href":"https:\/\/luchonoticias.com\/editor\/wp-json\/wp\/v2\/media?parent=26592"}],"wp:term":[{"taxonomy":"category","embeddable":true,"href":"https:\/\/luchonoticias.com\/editor\/wp-json\/wp\/v2\/categories?post=26592"},{"taxonomy":"post_tag","embeddable":true,"href":"https:\/\/luchonoticias.com\/editor\/wp-json\/wp\/v2\/tags?post=26592"}],"curies":[{"name":"wp","href":"https:\/\/api.w.org\/{rel}","templated":true}]}}