{"id":26626,"date":"2022-05-25T06:51:47","date_gmt":"2022-05-25T11:51:47","guid":{"rendered":"https:\/\/luchonoticias.com\/?p=26626"},"modified":"2022-05-25T06:51:50","modified_gmt":"2022-05-25T11:51:50","slug":"neiva-se-aproxima-a-la-meta-del-40-en-terceras-dosis","status":"publish","type":"post","link":"https:\/\/luchonoticias.com\/editor\/neiva-se-aproxima-a-la-meta-del-40-en-terceras-dosis\/","title":{"rendered":"Neiva se aproxima a la meta del 40% en terceras dosis"},"content":{"rendered":"\n<p>Con corte al 22 de mayo, el municipio de Neiva estaba en el 36,31% en aplicaci\u00f3n de tercera dosis o refuerzo, lo que indica que es muy factible que, antes de iniciar las fiestas de San Pedro, se haya alcanzado la meta del 40% que exige el Gobierno Nacional para permitir que las personas puedan quitarse el tapabocas en algunos espacios cerrados.<\/p>\n\n\n\n<p>Pero todo depende de la colaboraci\u00f3n y disposici\u00f3n de la comunidad para aceptar la tercera dosis o refuerzo, porque si bien es cierto que se est\u00e1n brindando todas las facilidades por parte de las IPS para el acceso a las vacunas, algunas personas que ya cumplieron el tiempo para la aplicaci\u00f3n a\u00fan no se acercan a los puntos de vacunaci\u00f3n, lo que perjudica a toda la comunidad, porque de no lograrse la meta seguir\u00e1n las medidas restrictivas con el uso del tapabocas.<\/p>\n\n\n\n<figure class=\"wp-block-image size-large is-style-rounded\"><img decoding=\"async\" src=\"https:\/\/luchonoticias.com\/wp-content\/uploads\/2022\/05\/WhatsApp-Image-2022-05-24-at-6.26.21-PM-1-1024x683.jpeg\" alt=\"\" class=\"wp-image-26628\"\/><\/figure>\n\n\n\n<p>Por eso la invitaci\u00f3n de la Administraci\u00f3n Municipal y de la Secretar\u00eda de Salud de Neiva, es a que la gente se acerque a los puntos de vacunaci\u00f3n y tomen el tercer refuerzo y, de esta manera, tener m\u00e1s tranquilidad, ahora que se avecinan aglomeraciones por las festividades de junio.<\/p>\n\n\n\n<p>\u201cEstamos a menos de cuatro puntos de poder lograr la meta, necesitamos seguir asistiendo a los puntos de vacunaci\u00f3n de todas las IPS, las cuales est\u00e1n atentas a colocar los biol\u00f3gicos, incluso, est\u00e1n llamando a las personas que est\u00e1n listas para el refuerzo o tercera dosis para que se vacunen. Frente al cumplimiento de primera y segunda dosis o esquema completo estamos en el 75,72% lo que indica que hemos avanzado en un volumen importante\u201d, explic\u00f3 la secretaria de Salud de Neiva, Mar\u00eda del Pilar Perdomo Lozada.<\/p>\n\n\n\n<p><strong>Vacunas para menores<\/strong><\/p>\n\n\n\n<p>La Secretaria de Salud hizo un llamado especial a los padres de familia para que protejan a sus hijos por medio de las vacunas, los invit\u00f3 a hacerles el acompa\u00f1amiento en este proceso y as\u00ed protegerlos del Covid-19, que aunque ha disminuido todav\u00eda existe, por lo que es un riesgo latente no adquirir todas las dosis que se recomiendan para los menores.<\/p>\n\n\n\n<figure class=\"wp-block-image size-large is-style-rounded\"><img decoding=\"async\" src=\"https:\/\/luchonoticias.com\/wp-content\/uploads\/2022\/05\/WhatsApp-Image-2022-05-24-at-6.26.21-PM-1024x768.jpeg\" alt=\"\" class=\"wp-image-26629\"\/><\/figure>\n\n\n\n<p>\u201cLa invitaci\u00f3n es para los pap\u00e1s, que firmen el consentimiento informado de sus hijos para que reciban las dosis pertinentes y, con ello, los protejamos durante las festividades de San Pedro, lo que queremos es llegar el pr\u00f3ximo 30 de mayo a la meta del 40% para tener unas actividades sampedrinas con tranquilidad y poder eliminar el uso del tapabocas, de lo contrario vamos a tener que seguir cumpliendo con el uso del tapabocas en lugares cerrados, m\u00e1xime cuando vamos a tener un buen volumen de personas reunidas\u201d, concluy\u00f3 la secretaria de Salud de Neiva, Mar\u00eda del Pilar Perdomo Lozada.<\/p>\n","protected":false},"excerpt":{"rendered":"<p>Con corte al 22 de mayo, el municipio de Neiva estaba en el 36,31% en aplicaci\u00f3n de tercera dosis o refuerzo, lo que indica que es muy factible que, antes de iniciar las fiestas de San Pedro, se haya alcanzado la meta del 40% que exige el Gobierno Nacional para permitir que las personas puedan [&hellip;]<\/p>\n","protected":false},"author":1,"featured_media":0,"comment_status":"open","ping_status":"open","sticky":false,"template":"","format":"standard","meta":{"footnotes":""},"categories":[36,53],"tags":[],"class_list":["post-26626","post","type-post","status-publish","format-standard","hentry","category-destacado","category-neiva"],"yoast_head":"<!-- This site is optimized with the Yoast SEO plugin v26.6 - https:\/\/yoast.com\/wordpress\/plugins\/seo\/ -->\n<title>Neiva se aproxima a la meta del 40% en terceras dosis -<\/title>\n<meta name=\"robots\" content=\"index, follow, max-snippet:-1, max-image-preview:large, max-video-preview:-1\" \/>\n<link rel=\"canonical\" href=\"https:\/\/luchonoticias.com\/editor\/neiva-se-aproxima-a-la-meta-del-40-en-terceras-dosis\/\" \/>\n<meta property=\"og:locale\" content=\"es_ES\" \/>\n<meta property=\"og:type\" content=\"article\" \/>\n<meta property=\"og:title\" content=\"Neiva se aproxima a la meta del 40% en terceras dosis -\" \/>\n<meta property=\"og:url\" content=\"https:\/\/luchonoticias.com\/editor\/neiva-se-aproxima-a-la-meta-del-40-en-terceras-dosis\/\" \/>\n<meta property=\"article:publisher\" content=\"https:\/\/www.facebook.com\/luchonoticiasneiva\" \/>\n<meta property=\"article:author\" content=\"https:\/\/www.facebook.com\/luchonoticiasneiva\" \/>\n<meta property=\"article:published_time\" content=\"2022-05-25T11:51:47+00:00\" \/>\n<meta property=\"article:modified_time\" content=\"2022-05-25T11:51:50+00:00\" \/>\n<meta property=\"og:image\" content=\"https:\/\/luchonoticias.com\/wp-content\/uploads\/2022\/05\/WhatsApp-Image-2022-05-24-at-6.26.21-PM-1-1024x683.jpeg\" \/>\n<meta name=\"author\" content=\"admin\" \/>\n<meta name=\"twitter:card\" content=\"summary_large_image\" \/>\n<meta name=\"twitter:label1\" content=\"Escrito por\" \/>\n\t<meta name=\"twitter:data1\" content=\"admin\" \/>\n\t<meta name=\"twitter:label2\" content=\"Tiempo de lectura\" \/>\n\t<meta name=\"twitter:data2\" content=\"2 minutos\" \/>\n<script type=\"application\/ld+json\" class=\"yoast-schema-graph\">{\"@context\":\"https:\/\/schema.org\",\"@graph\":[{\"@type\":\"Article\",\"@id\":\"https:\/\/luchonoticias.com\/editor\/neiva-se-aproxima-a-la-meta-del-40-en-terceras-dosis\/#article\",\"isPartOf\":{\"@id\":\"https:\/\/luchonoticias.com\/editor\/neiva-se-aproxima-a-la-meta-del-40-en-terceras-dosis\/\"},\"author\":{\"name\":\"admin\",\"@id\":\"https:\/\/luchonoticias.com\/editor\/#\/schema\/person\/7a7fd911f58561fd056dbac7b55af9cd\"},\"headline\":\"Neiva se aproxima a la meta del 40% en terceras dosis\",\"datePublished\":\"2022-05-25T11:51:47+00:00\",\"dateModified\":\"2022-05-25T11:51:50+00:00\",\"mainEntityOfPage\":{\"@id\":\"https:\/\/luchonoticias.com\/editor\/neiva-se-aproxima-a-la-meta-del-40-en-terceras-dosis\/\"},\"wordCount\":476,\"commentCount\":0,\"publisher\":{\"@id\":\"https:\/\/luchonoticias.com\/editor\/#\/schema\/person\/7a7fd911f58561fd056dbac7b55af9cd\"},\"image\":{\"@id\":\"https:\/\/luchonoticias.com\/editor\/neiva-se-aproxima-a-la-meta-del-40-en-terceras-dosis\/#primaryimage\"},\"thumbnailUrl\":\"https:\/\/luchonoticias.com\/wp-content\/uploads\/2022\/05\/WhatsApp-Image-2022-05-24-at-6.26.21-PM-1-1024x683.jpeg\",\"articleSection\":[\"Destacado\",\"Neiva\"],\"inLanguage\":\"es\",\"potentialAction\":[{\"@type\":\"CommentAction\",\"name\":\"Comment\",\"target\":[\"https:\/\/luchonoticias.com\/editor\/neiva-se-aproxima-a-la-meta-del-40-en-terceras-dosis\/#respond\"]}]},{\"@type\":\"WebPage\",\"@id\":\"https:\/\/luchonoticias.com\/editor\/neiva-se-aproxima-a-la-meta-del-40-en-terceras-dosis\/\",\"url\":\"https:\/\/luchonoticias.com\/editor\/neiva-se-aproxima-a-la-meta-del-40-en-terceras-dosis\/\",\"name\":\"Neiva se aproxima a la meta del 40% en terceras dosis -\",\"isPartOf\":{\"@id\":\"https:\/\/luchonoticias.com\/editor\/#website\"},\"primaryImageOfPage\":{\"@id\":\"https:\/\/luchonoticias.com\/editor\/neiva-se-aproxima-a-la-meta-del-40-en-terceras-dosis\/#primaryimage\"},\"image\":{\"@id\":\"https:\/\/luchonoticias.com\/editor\/neiva-se-aproxima-a-la-meta-del-40-en-terceras-dosis\/#primaryimage\"},\"thumbnailUrl\":\"https:\/\/luchonoticias.com\/wp-content\/uploads\/2022\/05\/WhatsApp-Image-2022-05-24-at-6.26.21-PM-1-1024x683.jpeg\",\"datePublished\":\"2022-05-25T11:51:47+00:00\",\"dateModified\":\"2022-05-25T11:51:50+00:00\",\"breadcrumb\":{\"@id\":\"https:\/\/luchonoticias.com\/editor\/neiva-se-aproxima-a-la-meta-del-40-en-terceras-dosis\/#breadcrumb\"},\"inLanguage\":\"es\",\"potentialAction\":[{\"@type\":\"ReadAction\",\"target\":[\"https:\/\/luchonoticias.com\/editor\/neiva-se-aproxima-a-la-meta-del-40-en-terceras-dosis\/\"]}]},{\"@type\":\"ImageObject\",\"inLanguage\":\"es\",\"@id\":\"https:\/\/luchonoticias.com\/editor\/neiva-se-aproxima-a-la-meta-del-40-en-terceras-dosis\/#primaryimage\",\"url\":\"https:\/\/luchonoticias.com\/wp-content\/uploads\/2022\/05\/WhatsApp-Image-2022-05-24-at-6.26.21-PM-1-1024x683.jpeg\",\"contentUrl\":\"https:\/\/luchonoticias.com\/wp-content\/uploads\/2022\/05\/WhatsApp-Image-2022-05-24-at-6.26.21-PM-1-1024x683.jpeg\"},{\"@type\":\"BreadcrumbList\",\"@id\":\"https:\/\/luchonoticias.com\/editor\/neiva-se-aproxima-a-la-meta-del-40-en-terceras-dosis\/#breadcrumb\",\"itemListElement\":[{\"@type\":\"ListItem\",\"position\":1,\"name\":\"Portada\",\"item\":\"https:\/\/luchonoticias.com\/editor\/\"},{\"@type\":\"ListItem\",\"position\":2,\"name\":\"Neiva se aproxima a la meta del 40% en terceras dosis\"}]},{\"@type\":\"WebSite\",\"@id\":\"https:\/\/luchonoticias.com\/editor\/#website\",\"url\":\"https:\/\/luchonoticias.com\/editor\/\",\"name\":\"\",\"description\":\"\",\"publisher\":{\"@id\":\"https:\/\/luchonoticias.com\/editor\/#\/schema\/person\/7a7fd911f58561fd056dbac7b55af9cd\"},\"potentialAction\":[{\"@type\":\"SearchAction\",\"target\":{\"@type\":\"EntryPoint\",\"urlTemplate\":\"https:\/\/luchonoticias.com\/editor\/?s={search_term_string}\"},\"query-input\":{\"@type\":\"PropertyValueSpecification\",\"valueRequired\":true,\"valueName\":\"search_term_string\"}}],\"inLanguage\":\"es\"},{\"@type\":[\"Person\",\"Organization\"],\"@id\":\"https:\/\/luchonoticias.com\/editor\/#\/schema\/person\/7a7fd911f58561fd056dbac7b55af9cd\",\"name\":\"admin\",\"image\":{\"@type\":\"ImageObject\",\"inLanguage\":\"es\",\"@id\":\"https:\/\/luchonoticias.com\/editor\/#\/schema\/person\/image\/\",\"url\":\"https:\/\/luchonoticias.com\/editor\/wp-content\/uploads\/2024\/02\/cropped-cropped-logolu.webp\",\"contentUrl\":\"https:\/\/luchonoticias.com\/editor\/wp-content\/uploads\/2024\/02\/cropped-cropped-logolu.webp\",\"width\":382,\"height\":170,\"caption\":\"admin\"},\"logo\":{\"@id\":\"https:\/\/luchonoticias.com\/editor\/#\/schema\/person\/image\/\"},\"sameAs\":[\"https:\/\/www.facebook.com\/luchonoticiasneiva\"],\"url\":\"https:\/\/luchonoticias.com\/editor\/author\/admin\/\"}]}<\/script>\n<!-- \/ Yoast SEO plugin. -->","yoast_head_json":{"title":"Neiva se aproxima a la meta del 40% en terceras dosis -","robots":{"index":"index","follow":"follow","max-snippet":"max-snippet:-1","max-image-preview":"max-image-preview:large","max-video-preview":"max-video-preview:-1"},"canonical":"https:\/\/luchonoticias.com\/editor\/neiva-se-aproxima-a-la-meta-del-40-en-terceras-dosis\/","og_locale":"es_ES","og_type":"article","og_title":"Neiva se aproxima a la meta del 40% en terceras dosis -","og_url":"https:\/\/luchonoticias.com\/editor\/neiva-se-aproxima-a-la-meta-del-40-en-terceras-dosis\/","article_publisher":"https:\/\/www.facebook.com\/luchonoticiasneiva","article_author":"https:\/\/www.facebook.com\/luchonoticiasneiva","article_published_time":"2022-05-25T11:51:47+00:00","article_modified_time":"2022-05-25T11:51:50+00:00","og_image":[{"url":"https:\/\/luchonoticias.com\/wp-content\/uploads\/2022\/05\/WhatsApp-Image-2022-05-24-at-6.26.21-PM-1-1024x683.jpeg","type":"","width":"","height":""}],"author":"admin","twitter_card":"summary_large_image","twitter_misc":{"Escrito por":"admin","Tiempo de lectura":"2 minutos"},"schema":{"@context":"https:\/\/schema.org","@graph":[{"@type":"Article","@id":"https:\/\/luchonoticias.com\/editor\/neiva-se-aproxima-a-la-meta-del-40-en-terceras-dosis\/#article","isPartOf":{"@id":"https:\/\/luchonoticias.com\/editor\/neiva-se-aproxima-a-la-meta-del-40-en-terceras-dosis\/"},"author":{"name":"admin","@id":"https:\/\/luchonoticias.com\/editor\/#\/schema\/person\/7a7fd911f58561fd056dbac7b55af9cd"},"headline":"Neiva se aproxima a la meta del 40% en terceras dosis","datePublished":"2022-05-25T11:51:47+00:00","dateModified":"2022-05-25T11:51:50+00:00","mainEntityOfPage":{"@id":"https:\/\/luchonoticias.com\/editor\/neiva-se-aproxima-a-la-meta-del-40-en-terceras-dosis\/"},"wordCount":476,"commentCount":0,"publisher":{"@id":"https:\/\/luchonoticias.com\/editor\/#\/schema\/person\/7a7fd911f58561fd056dbac7b55af9cd"},"image":{"@id":"https:\/\/luchonoticias.com\/editor\/neiva-se-aproxima-a-la-meta-del-40-en-terceras-dosis\/#primaryimage"},"thumbnailUrl":"https:\/\/luchonoticias.com\/wp-content\/uploads\/2022\/05\/WhatsApp-Image-2022-05-24-at-6.26.21-PM-1-1024x683.jpeg","articleSection":["Destacado","Neiva"],"inLanguage":"es","potentialAction":[{"@type":"CommentAction","name":"Comment","target":["https:\/\/luchonoticias.com\/editor\/neiva-se-aproxima-a-la-meta-del-40-en-terceras-dosis\/#respond"]}]},{"@type":"WebPage","@id":"https:\/\/luchonoticias.com\/editor\/neiva-se-aproxima-a-la-meta-del-40-en-terceras-dosis\/","url":"https:\/\/luchonoticias.com\/editor\/neiva-se-aproxima-a-la-meta-del-40-en-terceras-dosis\/","name":"Neiva se aproxima a la meta del 40% en terceras dosis -","isPartOf":{"@id":"https:\/\/luchonoticias.com\/editor\/#website"},"primaryImageOfPage":{"@id":"https:\/\/luchonoticias.com\/editor\/neiva-se-aproxima-a-la-meta-del-40-en-terceras-dosis\/#primaryimage"},"image":{"@id":"https:\/\/luchonoticias.com\/editor\/neiva-se-aproxima-a-la-meta-del-40-en-terceras-dosis\/#primaryimage"},"thumbnailUrl":"https:\/\/luchonoticias.com\/wp-content\/uploads\/2022\/05\/WhatsApp-Image-2022-05-24-at-6.26.21-PM-1-1024x683.jpeg","datePublished":"2022-05-25T11:51:47+00:00","dateModified":"2022-05-25T11:51:50+00:00","breadcrumb":{"@id":"https:\/\/luchonoticias.com\/editor\/neiva-se-aproxima-a-la-meta-del-40-en-terceras-dosis\/#breadcrumb"},"inLanguage":"es","potentialAction":[{"@type":"ReadAction","target":["https:\/\/luchonoticias.com\/editor\/neiva-se-aproxima-a-la-meta-del-40-en-terceras-dosis\/"]}]},{"@type":"ImageObject","inLanguage":"es","@id":"https:\/\/luchonoticias.com\/editor\/neiva-se-aproxima-a-la-meta-del-40-en-terceras-dosis\/#primaryimage","url":"https:\/\/luchonoticias.com\/wp-content\/uploads\/2022\/05\/WhatsApp-Image-2022-05-24-at-6.26.21-PM-1-1024x683.jpeg","contentUrl":"https:\/\/luchonoticias.com\/wp-content\/uploads\/2022\/05\/WhatsApp-Image-2022-05-24-at-6.26.21-PM-1-1024x683.jpeg"},{"@type":"BreadcrumbList","@id":"https:\/\/luchonoticias.com\/editor\/neiva-se-aproxima-a-la-meta-del-40-en-terceras-dosis\/#breadcrumb","itemListElement":[{"@type":"ListItem","position":1,"name":"Portada","item":"https:\/\/luchonoticias.com\/editor\/"},{"@type":"ListItem","position":2,"name":"Neiva se aproxima a la meta del 40% en terceras dosis"}]},{"@type":"WebSite","@id":"https:\/\/luchonoticias.com\/editor\/#website","url":"https:\/\/luchonoticias.com\/editor\/","name":"","description":"","publisher":{"@id":"https:\/\/luchonoticias.com\/editor\/#\/schema\/person\/7a7fd911f58561fd056dbac7b55af9cd"},"potentialAction":[{"@type":"SearchAction","target":{"@type":"EntryPoint","urlTemplate":"https:\/\/luchonoticias.com\/editor\/?s={search_term_string}"},"query-input":{"@type":"PropertyValueSpecification","valueRequired":true,"valueName":"search_term_string"}}],"inLanguage":"es"},{"@type":["Person","Organization"],"@id":"https:\/\/luchonoticias.com\/editor\/#\/schema\/person\/7a7fd911f58561fd056dbac7b55af9cd","name":"admin","image":{"@type":"ImageObject","inLanguage":"es","@id":"https:\/\/luchonoticias.com\/editor\/#\/schema\/person\/image\/","url":"https:\/\/luchonoticias.com\/editor\/wp-content\/uploads\/2024\/02\/cropped-cropped-logolu.webp","contentUrl":"https:\/\/luchonoticias.com\/editor\/wp-content\/uploads\/2024\/02\/cropped-cropped-logolu.webp","width":382,"height":170,"caption":"admin"},"logo":{"@id":"https:\/\/luchonoticias.com\/editor\/#\/schema\/person\/image\/"},"sameAs":["https:\/\/www.facebook.com\/luchonoticiasneiva"],"url":"https:\/\/luchonoticias.com\/editor\/author\/admin\/"}]}},"_links":{"self":[{"href":"https:\/\/luchonoticias.com\/editor\/wp-json\/wp\/v2\/posts\/26626","targetHints":{"allow":["GET"]}}],"collection":[{"href":"https:\/\/luchonoticias.com\/editor\/wp-json\/wp\/v2\/posts"}],"about":[{"href":"https:\/\/luchonoticias.com\/editor\/wp-json\/wp\/v2\/types\/post"}],"author":[{"embeddable":true,"href":"https:\/\/luchonoticias.com\/editor\/wp-json\/wp\/v2\/users\/1"}],"replies":[{"embeddable":true,"href":"https:\/\/luchonoticias.com\/editor\/wp-json\/wp\/v2\/comments?post=26626"}],"version-history":[{"count":0,"href":"https:\/\/luchonoticias.com\/editor\/wp-json\/wp\/v2\/posts\/26626\/revisions"}],"wp:attachment":[{"href":"https:\/\/luchonoticias.com\/editor\/wp-json\/wp\/v2\/media?parent=26626"}],"wp:term":[{"taxonomy":"category","embeddable":true,"href":"https:\/\/luchonoticias.com\/editor\/wp-json\/wp\/v2\/categories?post=26626"},{"taxonomy":"post_tag","embeddable":true,"href":"https:\/\/luchonoticias.com\/editor\/wp-json\/wp\/v2\/tags?post=26626"}],"curies":[{"name":"wp","href":"https:\/\/api.w.org\/{rel}","templated":true}]}}