{"id":26673,"date":"2022-05-25T19:44:48","date_gmt":"2022-05-26T00:44:48","guid":{"rendered":"https:\/\/luchonoticias.com\/?p=26673"},"modified":"2022-05-25T19:44:56","modified_gmt":"2022-05-26T00:44:56","slug":"usco-ahora-cuenta-con-sala-para-madres-lactantes","status":"publish","type":"post","link":"https:\/\/luchonoticias.com\/editor\/usco-ahora-cuenta-con-sala-para-madres-lactantes\/","title":{"rendered":"Usco ahora cuenta con sala para madres lactantes"},"content":{"rendered":"\n<p>La Universidad Surcolombiana inaugur\u00f3 la primera sala de lactancia materna, con la que busca garantizar ambientes amables para las madres lactantes. La sala est\u00e1 ubicada en el primer piso del bloque de Bienestar Universitario de la Sede Central.<\/p>\n\n\n\n<p>El espacio no es solo para las docentes tambi\u00e9n es para las estudiantes y funcionarias administrativas del alma m\u00e1ter. \u201cEste es un espacio que est\u00e1 dirigido a todas las mujeres lactantes que formen parte de la comunidad universitaria, es decir, tanto estudiantes como administrativas pueden hacer uso de ella desde las 7:30 de la ma\u00f1ana hasta las 8 de la noche en jornada continua\u201d, dijo el jefe del \u00e1rea m\u00e9dica de Bienestar, Alex\u00e1nder Lara.<\/p>\n\n\n\n<p>La rectora de la USCO, Nidia Guzm\u00e1n Dur\u00e1n manifest\u00f3 que con la sala se garantiza el derecho fundamental de las ni\u00f1as y ni\u00f1os a una nutrici\u00f3n adecuada y a un desarrollo integral, \u201cteniendo en cuenta que la leche materna es el principal alimento y nutriente del ni\u00f1o desde que nace hasta los seis meses de vida y complementario hasta los dos a\u00f1os o m\u00e1s\u201d.<\/p>\n\n\n\n<p>En la jornada de apertura participaron la vicerrectora acad\u00e9mica Mar\u00eda Fernanda Jaime Osorio; el director de Bienestar Universitario, \u00c9dgar Cometa; el jefe del \u00e1rea m\u00e9dica de Bienestar, Alex\u00e1nder Lara; docentes, funcionarios y estudiantes de la casa de estudios.<\/p>\n","protected":false},"excerpt":{"rendered":"<p>La Universidad Surcolombiana inaugur\u00f3 la primera sala de lactancia materna, con la que busca garantizar ambientes amables para las madres lactantes. La sala est\u00e1 ubicada en el primer piso del bloque de Bienestar Universitario de la Sede Central. El espacio no es solo para las docentes tambi\u00e9n es para las estudiantes y funcionarias administrativas del [&hellip;]<\/p>\n","protected":false},"author":1,"featured_media":0,"comment_status":"open","ping_status":"open","sticky":false,"template":"","format":"standard","meta":{"footnotes":""},"categories":[31],"tags":[],"class_list":["post-26673","post","type-post","status-publish","format-standard","hentry","category-local"],"yoast_head":"<!-- This site is optimized with the Yoast SEO plugin v26.6 - https:\/\/yoast.com\/wordpress\/plugins\/seo\/ -->\n<title>Usco ahora cuenta con sala para madres lactantes -<\/title>\n<meta name=\"robots\" content=\"index, follow, max-snippet:-1, max-image-preview:large, max-video-preview:-1\" \/>\n<link rel=\"canonical\" href=\"https:\/\/luchonoticias.com\/editor\/usco-ahora-cuenta-con-sala-para-madres-lactantes\/\" \/>\n<meta property=\"og:locale\" content=\"es_ES\" \/>\n<meta property=\"og:type\" content=\"article\" \/>\n<meta property=\"og:title\" content=\"Usco ahora cuenta con sala para madres lactantes -\" \/>\n<meta property=\"og:url\" content=\"https:\/\/luchonoticias.com\/editor\/usco-ahora-cuenta-con-sala-para-madres-lactantes\/\" \/>\n<meta property=\"article:publisher\" content=\"https:\/\/www.facebook.com\/luchonoticiasneiva\" \/>\n<meta property=\"article:author\" content=\"https:\/\/www.facebook.com\/luchonoticiasneiva\" \/>\n<meta property=\"article:published_time\" content=\"2022-05-26T00:44:48+00:00\" \/>\n<meta property=\"article:modified_time\" content=\"2022-05-26T00:44:56+00:00\" \/>\n<meta name=\"author\" content=\"admin\" \/>\n<meta name=\"twitter:card\" content=\"summary_large_image\" \/>\n<meta name=\"twitter:label1\" content=\"Escrito por\" \/>\n\t<meta name=\"twitter:data1\" content=\"admin\" \/>\n\t<meta name=\"twitter:label2\" content=\"Tiempo de lectura\" \/>\n\t<meta name=\"twitter:data2\" content=\"1 minuto\" \/>\n<script type=\"application\/ld+json\" class=\"yoast-schema-graph\">{\"@context\":\"https:\/\/schema.org\",\"@graph\":[{\"@type\":\"Article\",\"@id\":\"https:\/\/luchonoticias.com\/editor\/usco-ahora-cuenta-con-sala-para-madres-lactantes\/#article\",\"isPartOf\":{\"@id\":\"https:\/\/luchonoticias.com\/editor\/usco-ahora-cuenta-con-sala-para-madres-lactantes\/\"},\"author\":{\"name\":\"admin\",\"@id\":\"https:\/\/luchonoticias.com\/editor\/#\/schema\/person\/7a7fd911f58561fd056dbac7b55af9cd\"},\"headline\":\"Usco ahora cuenta con sala para madres lactantes\",\"datePublished\":\"2022-05-26T00:44:48+00:00\",\"dateModified\":\"2022-05-26T00:44:56+00:00\",\"mainEntityOfPage\":{\"@id\":\"https:\/\/luchonoticias.com\/editor\/usco-ahora-cuenta-con-sala-para-madres-lactantes\/\"},\"wordCount\":237,\"commentCount\":0,\"publisher\":{\"@id\":\"https:\/\/luchonoticias.com\/editor\/#\/schema\/person\/7a7fd911f58561fd056dbac7b55af9cd\"},\"articleSection\":[\"Local\"],\"inLanguage\":\"es\",\"potentialAction\":[{\"@type\":\"CommentAction\",\"name\":\"Comment\",\"target\":[\"https:\/\/luchonoticias.com\/editor\/usco-ahora-cuenta-con-sala-para-madres-lactantes\/#respond\"]}]},{\"@type\":\"WebPage\",\"@id\":\"https:\/\/luchonoticias.com\/editor\/usco-ahora-cuenta-con-sala-para-madres-lactantes\/\",\"url\":\"https:\/\/luchonoticias.com\/editor\/usco-ahora-cuenta-con-sala-para-madres-lactantes\/\",\"name\":\"Usco ahora cuenta con sala para madres lactantes -\",\"isPartOf\":{\"@id\":\"https:\/\/luchonoticias.com\/editor\/#website\"},\"datePublished\":\"2022-05-26T00:44:48+00:00\",\"dateModified\":\"2022-05-26T00:44:56+00:00\",\"breadcrumb\":{\"@id\":\"https:\/\/luchonoticias.com\/editor\/usco-ahora-cuenta-con-sala-para-madres-lactantes\/#breadcrumb\"},\"inLanguage\":\"es\",\"potentialAction\":[{\"@type\":\"ReadAction\",\"target\":[\"https:\/\/luchonoticias.com\/editor\/usco-ahora-cuenta-con-sala-para-madres-lactantes\/\"]}]},{\"@type\":\"BreadcrumbList\",\"@id\":\"https:\/\/luchonoticias.com\/editor\/usco-ahora-cuenta-con-sala-para-madres-lactantes\/#breadcrumb\",\"itemListElement\":[{\"@type\":\"ListItem\",\"position\":1,\"name\":\"Portada\",\"item\":\"https:\/\/luchonoticias.com\/editor\/\"},{\"@type\":\"ListItem\",\"position\":2,\"name\":\"Usco ahora cuenta con sala para madres lactantes\"}]},{\"@type\":\"WebSite\",\"@id\":\"https:\/\/luchonoticias.com\/editor\/#website\",\"url\":\"https:\/\/luchonoticias.com\/editor\/\",\"name\":\"\",\"description\":\"\",\"publisher\":{\"@id\":\"https:\/\/luchonoticias.com\/editor\/#\/schema\/person\/7a7fd911f58561fd056dbac7b55af9cd\"},\"potentialAction\":[{\"@type\":\"SearchAction\",\"target\":{\"@type\":\"EntryPoint\",\"urlTemplate\":\"https:\/\/luchonoticias.com\/editor\/?s={search_term_string}\"},\"query-input\":{\"@type\":\"PropertyValueSpecification\",\"valueRequired\":true,\"valueName\":\"search_term_string\"}}],\"inLanguage\":\"es\"},{\"@type\":[\"Person\",\"Organization\"],\"@id\":\"https:\/\/luchonoticias.com\/editor\/#\/schema\/person\/7a7fd911f58561fd056dbac7b55af9cd\",\"name\":\"admin\",\"image\":{\"@type\":\"ImageObject\",\"inLanguage\":\"es\",\"@id\":\"https:\/\/luchonoticias.com\/editor\/#\/schema\/person\/image\/\",\"url\":\"https:\/\/luchonoticias.com\/editor\/wp-content\/uploads\/2024\/02\/cropped-cropped-logolu.webp\",\"contentUrl\":\"https:\/\/luchonoticias.com\/editor\/wp-content\/uploads\/2024\/02\/cropped-cropped-logolu.webp\",\"width\":382,\"height\":170,\"caption\":\"admin\"},\"logo\":{\"@id\":\"https:\/\/luchonoticias.com\/editor\/#\/schema\/person\/image\/\"},\"sameAs\":[\"https:\/\/www.facebook.com\/luchonoticiasneiva\"],\"url\":\"https:\/\/luchonoticias.com\/editor\/author\/admin\/\"}]}<\/script>\n<!-- \/ Yoast SEO plugin. -->","yoast_head_json":{"title":"Usco ahora cuenta con sala para madres lactantes -","robots":{"index":"index","follow":"follow","max-snippet":"max-snippet:-1","max-image-preview":"max-image-preview:large","max-video-preview":"max-video-preview:-1"},"canonical":"https:\/\/luchonoticias.com\/editor\/usco-ahora-cuenta-con-sala-para-madres-lactantes\/","og_locale":"es_ES","og_type":"article","og_title":"Usco ahora cuenta con sala para madres lactantes -","og_url":"https:\/\/luchonoticias.com\/editor\/usco-ahora-cuenta-con-sala-para-madres-lactantes\/","article_publisher":"https:\/\/www.facebook.com\/luchonoticiasneiva","article_author":"https:\/\/www.facebook.com\/luchonoticiasneiva","article_published_time":"2022-05-26T00:44:48+00:00","article_modified_time":"2022-05-26T00:44:56+00:00","author":"admin","twitter_card":"summary_large_image","twitter_misc":{"Escrito por":"admin","Tiempo de lectura":"1 minuto"},"schema":{"@context":"https:\/\/schema.org","@graph":[{"@type":"Article","@id":"https:\/\/luchonoticias.com\/editor\/usco-ahora-cuenta-con-sala-para-madres-lactantes\/#article","isPartOf":{"@id":"https:\/\/luchonoticias.com\/editor\/usco-ahora-cuenta-con-sala-para-madres-lactantes\/"},"author":{"name":"admin","@id":"https:\/\/luchonoticias.com\/editor\/#\/schema\/person\/7a7fd911f58561fd056dbac7b55af9cd"},"headline":"Usco ahora cuenta con sala para madres lactantes","datePublished":"2022-05-26T00:44:48+00:00","dateModified":"2022-05-26T00:44:56+00:00","mainEntityOfPage":{"@id":"https:\/\/luchonoticias.com\/editor\/usco-ahora-cuenta-con-sala-para-madres-lactantes\/"},"wordCount":237,"commentCount":0,"publisher":{"@id":"https:\/\/luchonoticias.com\/editor\/#\/schema\/person\/7a7fd911f58561fd056dbac7b55af9cd"},"articleSection":["Local"],"inLanguage":"es","potentialAction":[{"@type":"CommentAction","name":"Comment","target":["https:\/\/luchonoticias.com\/editor\/usco-ahora-cuenta-con-sala-para-madres-lactantes\/#respond"]}]},{"@type":"WebPage","@id":"https:\/\/luchonoticias.com\/editor\/usco-ahora-cuenta-con-sala-para-madres-lactantes\/","url":"https:\/\/luchonoticias.com\/editor\/usco-ahora-cuenta-con-sala-para-madres-lactantes\/","name":"Usco ahora cuenta con sala para madres lactantes -","isPartOf":{"@id":"https:\/\/luchonoticias.com\/editor\/#website"},"datePublished":"2022-05-26T00:44:48+00:00","dateModified":"2022-05-26T00:44:56+00:00","breadcrumb":{"@id":"https:\/\/luchonoticias.com\/editor\/usco-ahora-cuenta-con-sala-para-madres-lactantes\/#breadcrumb"},"inLanguage":"es","potentialAction":[{"@type":"ReadAction","target":["https:\/\/luchonoticias.com\/editor\/usco-ahora-cuenta-con-sala-para-madres-lactantes\/"]}]},{"@type":"BreadcrumbList","@id":"https:\/\/luchonoticias.com\/editor\/usco-ahora-cuenta-con-sala-para-madres-lactantes\/#breadcrumb","itemListElement":[{"@type":"ListItem","position":1,"name":"Portada","item":"https:\/\/luchonoticias.com\/editor\/"},{"@type":"ListItem","position":2,"name":"Usco ahora cuenta con sala para madres lactantes"}]},{"@type":"WebSite","@id":"https:\/\/luchonoticias.com\/editor\/#website","url":"https:\/\/luchonoticias.com\/editor\/","name":"","description":"","publisher":{"@id":"https:\/\/luchonoticias.com\/editor\/#\/schema\/person\/7a7fd911f58561fd056dbac7b55af9cd"},"potentialAction":[{"@type":"SearchAction","target":{"@type":"EntryPoint","urlTemplate":"https:\/\/luchonoticias.com\/editor\/?s={search_term_string}"},"query-input":{"@type":"PropertyValueSpecification","valueRequired":true,"valueName":"search_term_string"}}],"inLanguage":"es"},{"@type":["Person","Organization"],"@id":"https:\/\/luchonoticias.com\/editor\/#\/schema\/person\/7a7fd911f58561fd056dbac7b55af9cd","name":"admin","image":{"@type":"ImageObject","inLanguage":"es","@id":"https:\/\/luchonoticias.com\/editor\/#\/schema\/person\/image\/","url":"https:\/\/luchonoticias.com\/editor\/wp-content\/uploads\/2024\/02\/cropped-cropped-logolu.webp","contentUrl":"https:\/\/luchonoticias.com\/editor\/wp-content\/uploads\/2024\/02\/cropped-cropped-logolu.webp","width":382,"height":170,"caption":"admin"},"logo":{"@id":"https:\/\/luchonoticias.com\/editor\/#\/schema\/person\/image\/"},"sameAs":["https:\/\/www.facebook.com\/luchonoticiasneiva"],"url":"https:\/\/luchonoticias.com\/editor\/author\/admin\/"}]}},"_links":{"self":[{"href":"https:\/\/luchonoticias.com\/editor\/wp-json\/wp\/v2\/posts\/26673","targetHints":{"allow":["GET"]}}],"collection":[{"href":"https:\/\/luchonoticias.com\/editor\/wp-json\/wp\/v2\/posts"}],"about":[{"href":"https:\/\/luchonoticias.com\/editor\/wp-json\/wp\/v2\/types\/post"}],"author":[{"embeddable":true,"href":"https:\/\/luchonoticias.com\/editor\/wp-json\/wp\/v2\/users\/1"}],"replies":[{"embeddable":true,"href":"https:\/\/luchonoticias.com\/editor\/wp-json\/wp\/v2\/comments?post=26673"}],"version-history":[{"count":0,"href":"https:\/\/luchonoticias.com\/editor\/wp-json\/wp\/v2\/posts\/26673\/revisions"}],"wp:attachment":[{"href":"https:\/\/luchonoticias.com\/editor\/wp-json\/wp\/v2\/media?parent=26673"}],"wp:term":[{"taxonomy":"category","embeddable":true,"href":"https:\/\/luchonoticias.com\/editor\/wp-json\/wp\/v2\/categories?post=26673"},{"taxonomy":"post_tag","embeddable":true,"href":"https:\/\/luchonoticias.com\/editor\/wp-json\/wp\/v2\/tags?post=26673"}],"curies":[{"name":"wp","href":"https:\/\/api.w.org\/{rel}","templated":true}]}}