{"id":26677,"date":"2022-05-26T06:04:37","date_gmt":"2022-05-26T11:04:37","guid":{"rendered":"https:\/\/luchonoticias.com\/?p=26677"},"modified":"2022-05-26T06:04:40","modified_gmt":"2022-05-26T11:04:40","slug":"rehabilitacion-de-tramos-viales-en-via-neiva-palermo","status":"publish","type":"post","link":"https:\/\/luchonoticias.com\/editor\/rehabilitacion-de-tramos-viales-en-via-neiva-palermo\/","title":{"rendered":"Rehabilitaci\u00f3n de tramos viales en v\u00eda Neiva &#8211; Palermo"},"content":{"rendered":"\n<p>Con presencia de l\u00edderes y comunidad del municipio de Palermo y el secretario de V\u00edas e Infraestructura del Huila, Julio Cesar Fierro, fueron analizados y visualizados los&nbsp;<strong>tramos viales&nbsp;<\/strong>de la v\u00eda Neiva \u2013 Palermo y que ser\u00e1n&nbsp;<strong>rehabilitados por parte del Gobierno Departamental&nbsp;<\/strong>en el&nbsp;<strong>proyecto de inversi\u00f3n vial de $4.017 millones,<\/strong>&nbsp;que se encuentra en licitaci\u00f3n, el cual se espera sea adjudicado en el presente mes para que se inicien las obras en el mes de junio.&nbsp;<\/p>\n\n\n\n<p>\u201cHicimos un compromiso de presentar un proyecto al Sistema General de Regal\u00edas para esta rehabilitaci\u00f3n, as\u00ed como un estudio, por eso, hoy&nbsp;<strong>estamos hablando de una realidad de $4.017 millones, para rehabilitar los tramos de este corredor.<\/strong>&nbsp;Un compromiso que se hiciese por parte del gobernador, Luis Enrique Duss\u00e1n y que hoy estamos viendo cumplido\u201d, indic\u00f3 el secretario de V\u00edas e Infraestructura del Huila.&nbsp;<\/p>\n\n\n\n<p>Coment\u00f3 que&nbsp;<strong>el proyecto est\u00e1 en proceso de licitaci\u00f3n p\u00fablica<\/strong>, \u201ccon un pliego tipo, donde se han presentado 58 oferentes, esperamos esta semana poder adjudicar este contrato que es importante para Palermo y&nbsp;<strong>una vez adjudicado pues tendr\u00e1 un tiempo de ejecuci\u00f3n prudente de cuatro meses y luego su liquidaci\u00f3n.&nbsp;<\/strong>Hemos realizado otro compromiso de volver a revisar esta v\u00eda y mirar algunos componentes que nos quedan faltando y que podr\u00e1n ser objeto de un parcheo, para as\u00ed, terminar este corredor importante de Palermo\u201d, expuso Julio C\u00e9sar Fierro, secretario de V\u00edas e Infraestructura del Huila.<\/p>\n","protected":false},"excerpt":{"rendered":"<p>Con presencia de l\u00edderes y comunidad del municipio de Palermo y el secretario de V\u00edas e Infraestructura del Huila, Julio Cesar Fierro, fueron analizados y visualizados los&nbsp;tramos viales&nbsp;de la v\u00eda Neiva \u2013 Palermo y que ser\u00e1n&nbsp;rehabilitados por parte del Gobierno Departamental&nbsp;en el&nbsp;proyecto de inversi\u00f3n vial de $4.017 millones,&nbsp;que se encuentra en licitaci\u00f3n, el cual se [&hellip;]<\/p>\n","protected":false},"author":1,"featured_media":0,"comment_status":"open","ping_status":"open","sticky":false,"template":"","format":"standard","meta":{"footnotes":""},"categories":[36,33],"tags":[],"class_list":["post-26677","post","type-post","status-publish","format-standard","hentry","category-destacado","category-huila"],"yoast_head":"<!-- This site is optimized with the Yoast SEO plugin v26.6 - https:\/\/yoast.com\/wordpress\/plugins\/seo\/ -->\n<title>Rehabilitaci\u00f3n de tramos viales en v\u00eda Neiva - Palermo -<\/title>\n<meta name=\"robots\" content=\"index, follow, max-snippet:-1, max-image-preview:large, max-video-preview:-1\" \/>\n<link rel=\"canonical\" href=\"https:\/\/luchonoticias.com\/editor\/rehabilitacion-de-tramos-viales-en-via-neiva-palermo\/\" \/>\n<meta property=\"og:locale\" content=\"es_ES\" \/>\n<meta property=\"og:type\" content=\"article\" \/>\n<meta property=\"og:title\" content=\"Rehabilitaci\u00f3n de tramos viales en v\u00eda Neiva - Palermo -\" \/>\n<meta property=\"og:url\" content=\"https:\/\/luchonoticias.com\/editor\/rehabilitacion-de-tramos-viales-en-via-neiva-palermo\/\" \/>\n<meta property=\"article:publisher\" content=\"https:\/\/www.facebook.com\/luchonoticiasneiva\" \/>\n<meta property=\"article:author\" content=\"https:\/\/www.facebook.com\/luchonoticiasneiva\" \/>\n<meta property=\"article:published_time\" content=\"2022-05-26T11:04:37+00:00\" \/>\n<meta property=\"article:modified_time\" content=\"2022-05-26T11:04:40+00:00\" \/>\n<meta name=\"author\" content=\"admin\" \/>\n<meta name=\"twitter:card\" content=\"summary_large_image\" \/>\n<meta name=\"twitter:label1\" content=\"Escrito por\" \/>\n\t<meta name=\"twitter:data1\" content=\"admin\" \/>\n\t<meta name=\"twitter:label2\" content=\"Tiempo de lectura\" \/>\n\t<meta name=\"twitter:data2\" content=\"1 minuto\" \/>\n<script type=\"application\/ld+json\" class=\"yoast-schema-graph\">{\"@context\":\"https:\/\/schema.org\",\"@graph\":[{\"@type\":\"Article\",\"@id\":\"https:\/\/luchonoticias.com\/editor\/rehabilitacion-de-tramos-viales-en-via-neiva-palermo\/#article\",\"isPartOf\":{\"@id\":\"https:\/\/luchonoticias.com\/editor\/rehabilitacion-de-tramos-viales-en-via-neiva-palermo\/\"},\"author\":{\"name\":\"admin\",\"@id\":\"https:\/\/luchonoticias.com\/editor\/#\/schema\/person\/7a7fd911f58561fd056dbac7b55af9cd\"},\"headline\":\"Rehabilitaci\u00f3n de tramos viales en v\u00eda Neiva &#8211; Palermo\",\"datePublished\":\"2022-05-26T11:04:37+00:00\",\"dateModified\":\"2022-05-26T11:04:40+00:00\",\"mainEntityOfPage\":{\"@id\":\"https:\/\/luchonoticias.com\/editor\/rehabilitacion-de-tramos-viales-en-via-neiva-palermo\/\"},\"wordCount\":276,\"commentCount\":0,\"publisher\":{\"@id\":\"https:\/\/luchonoticias.com\/editor\/#\/schema\/person\/7a7fd911f58561fd056dbac7b55af9cd\"},\"articleSection\":[\"Destacado\",\"Huila\"],\"inLanguage\":\"es\",\"potentialAction\":[{\"@type\":\"CommentAction\",\"name\":\"Comment\",\"target\":[\"https:\/\/luchonoticias.com\/editor\/rehabilitacion-de-tramos-viales-en-via-neiva-palermo\/#respond\"]}]},{\"@type\":\"WebPage\",\"@id\":\"https:\/\/luchonoticias.com\/editor\/rehabilitacion-de-tramos-viales-en-via-neiva-palermo\/\",\"url\":\"https:\/\/luchonoticias.com\/editor\/rehabilitacion-de-tramos-viales-en-via-neiva-palermo\/\",\"name\":\"Rehabilitaci\u00f3n de tramos viales en v\u00eda Neiva - Palermo -\",\"isPartOf\":{\"@id\":\"https:\/\/luchonoticias.com\/editor\/#website\"},\"datePublished\":\"2022-05-26T11:04:37+00:00\",\"dateModified\":\"2022-05-26T11:04:40+00:00\",\"breadcrumb\":{\"@id\":\"https:\/\/luchonoticias.com\/editor\/rehabilitacion-de-tramos-viales-en-via-neiva-palermo\/#breadcrumb\"},\"inLanguage\":\"es\",\"potentialAction\":[{\"@type\":\"ReadAction\",\"target\":[\"https:\/\/luchonoticias.com\/editor\/rehabilitacion-de-tramos-viales-en-via-neiva-palermo\/\"]}]},{\"@type\":\"BreadcrumbList\",\"@id\":\"https:\/\/luchonoticias.com\/editor\/rehabilitacion-de-tramos-viales-en-via-neiva-palermo\/#breadcrumb\",\"itemListElement\":[{\"@type\":\"ListItem\",\"position\":1,\"name\":\"Portada\",\"item\":\"https:\/\/luchonoticias.com\/editor\/\"},{\"@type\":\"ListItem\",\"position\":2,\"name\":\"Rehabilitaci\u00f3n de tramos viales en v\u00eda Neiva &#8211; Palermo\"}]},{\"@type\":\"WebSite\",\"@id\":\"https:\/\/luchonoticias.com\/editor\/#website\",\"url\":\"https:\/\/luchonoticias.com\/editor\/\",\"name\":\"\",\"description\":\"\",\"publisher\":{\"@id\":\"https:\/\/luchonoticias.com\/editor\/#\/schema\/person\/7a7fd911f58561fd056dbac7b55af9cd\"},\"potentialAction\":[{\"@type\":\"SearchAction\",\"target\":{\"@type\":\"EntryPoint\",\"urlTemplate\":\"https:\/\/luchonoticias.com\/editor\/?s={search_term_string}\"},\"query-input\":{\"@type\":\"PropertyValueSpecification\",\"valueRequired\":true,\"valueName\":\"search_term_string\"}}],\"inLanguage\":\"es\"},{\"@type\":[\"Person\",\"Organization\"],\"@id\":\"https:\/\/luchonoticias.com\/editor\/#\/schema\/person\/7a7fd911f58561fd056dbac7b55af9cd\",\"name\":\"admin\",\"image\":{\"@type\":\"ImageObject\",\"inLanguage\":\"es\",\"@id\":\"https:\/\/luchonoticias.com\/editor\/#\/schema\/person\/image\/\",\"url\":\"https:\/\/luchonoticias.com\/editor\/wp-content\/uploads\/2024\/02\/cropped-cropped-logolu.webp\",\"contentUrl\":\"https:\/\/luchonoticias.com\/editor\/wp-content\/uploads\/2024\/02\/cropped-cropped-logolu.webp\",\"width\":382,\"height\":170,\"caption\":\"admin\"},\"logo\":{\"@id\":\"https:\/\/luchonoticias.com\/editor\/#\/schema\/person\/image\/\"},\"sameAs\":[\"https:\/\/www.facebook.com\/luchonoticiasneiva\"],\"url\":\"https:\/\/luchonoticias.com\/editor\/author\/admin\/\"}]}<\/script>\n<!-- \/ Yoast SEO plugin. -->","yoast_head_json":{"title":"Rehabilitaci\u00f3n de tramos viales en v\u00eda Neiva - Palermo -","robots":{"index":"index","follow":"follow","max-snippet":"max-snippet:-1","max-image-preview":"max-image-preview:large","max-video-preview":"max-video-preview:-1"},"canonical":"https:\/\/luchonoticias.com\/editor\/rehabilitacion-de-tramos-viales-en-via-neiva-palermo\/","og_locale":"es_ES","og_type":"article","og_title":"Rehabilitaci\u00f3n de tramos viales en v\u00eda Neiva - Palermo -","og_url":"https:\/\/luchonoticias.com\/editor\/rehabilitacion-de-tramos-viales-en-via-neiva-palermo\/","article_publisher":"https:\/\/www.facebook.com\/luchonoticiasneiva","article_author":"https:\/\/www.facebook.com\/luchonoticiasneiva","article_published_time":"2022-05-26T11:04:37+00:00","article_modified_time":"2022-05-26T11:04:40+00:00","author":"admin","twitter_card":"summary_large_image","twitter_misc":{"Escrito por":"admin","Tiempo de lectura":"1 minuto"},"schema":{"@context":"https:\/\/schema.org","@graph":[{"@type":"Article","@id":"https:\/\/luchonoticias.com\/editor\/rehabilitacion-de-tramos-viales-en-via-neiva-palermo\/#article","isPartOf":{"@id":"https:\/\/luchonoticias.com\/editor\/rehabilitacion-de-tramos-viales-en-via-neiva-palermo\/"},"author":{"name":"admin","@id":"https:\/\/luchonoticias.com\/editor\/#\/schema\/person\/7a7fd911f58561fd056dbac7b55af9cd"},"headline":"Rehabilitaci\u00f3n de tramos viales en v\u00eda Neiva &#8211; Palermo","datePublished":"2022-05-26T11:04:37+00:00","dateModified":"2022-05-26T11:04:40+00:00","mainEntityOfPage":{"@id":"https:\/\/luchonoticias.com\/editor\/rehabilitacion-de-tramos-viales-en-via-neiva-palermo\/"},"wordCount":276,"commentCount":0,"publisher":{"@id":"https:\/\/luchonoticias.com\/editor\/#\/schema\/person\/7a7fd911f58561fd056dbac7b55af9cd"},"articleSection":["Destacado","Huila"],"inLanguage":"es","potentialAction":[{"@type":"CommentAction","name":"Comment","target":["https:\/\/luchonoticias.com\/editor\/rehabilitacion-de-tramos-viales-en-via-neiva-palermo\/#respond"]}]},{"@type":"WebPage","@id":"https:\/\/luchonoticias.com\/editor\/rehabilitacion-de-tramos-viales-en-via-neiva-palermo\/","url":"https:\/\/luchonoticias.com\/editor\/rehabilitacion-de-tramos-viales-en-via-neiva-palermo\/","name":"Rehabilitaci\u00f3n de tramos viales en v\u00eda Neiva - Palermo -","isPartOf":{"@id":"https:\/\/luchonoticias.com\/editor\/#website"},"datePublished":"2022-05-26T11:04:37+00:00","dateModified":"2022-05-26T11:04:40+00:00","breadcrumb":{"@id":"https:\/\/luchonoticias.com\/editor\/rehabilitacion-de-tramos-viales-en-via-neiva-palermo\/#breadcrumb"},"inLanguage":"es","potentialAction":[{"@type":"ReadAction","target":["https:\/\/luchonoticias.com\/editor\/rehabilitacion-de-tramos-viales-en-via-neiva-palermo\/"]}]},{"@type":"BreadcrumbList","@id":"https:\/\/luchonoticias.com\/editor\/rehabilitacion-de-tramos-viales-en-via-neiva-palermo\/#breadcrumb","itemListElement":[{"@type":"ListItem","position":1,"name":"Portada","item":"https:\/\/luchonoticias.com\/editor\/"},{"@type":"ListItem","position":2,"name":"Rehabilitaci\u00f3n de tramos viales en v\u00eda Neiva &#8211; Palermo"}]},{"@type":"WebSite","@id":"https:\/\/luchonoticias.com\/editor\/#website","url":"https:\/\/luchonoticias.com\/editor\/","name":"","description":"","publisher":{"@id":"https:\/\/luchonoticias.com\/editor\/#\/schema\/person\/7a7fd911f58561fd056dbac7b55af9cd"},"potentialAction":[{"@type":"SearchAction","target":{"@type":"EntryPoint","urlTemplate":"https:\/\/luchonoticias.com\/editor\/?s={search_term_string}"},"query-input":{"@type":"PropertyValueSpecification","valueRequired":true,"valueName":"search_term_string"}}],"inLanguage":"es"},{"@type":["Person","Organization"],"@id":"https:\/\/luchonoticias.com\/editor\/#\/schema\/person\/7a7fd911f58561fd056dbac7b55af9cd","name":"admin","image":{"@type":"ImageObject","inLanguage":"es","@id":"https:\/\/luchonoticias.com\/editor\/#\/schema\/person\/image\/","url":"https:\/\/luchonoticias.com\/editor\/wp-content\/uploads\/2024\/02\/cropped-cropped-logolu.webp","contentUrl":"https:\/\/luchonoticias.com\/editor\/wp-content\/uploads\/2024\/02\/cropped-cropped-logolu.webp","width":382,"height":170,"caption":"admin"},"logo":{"@id":"https:\/\/luchonoticias.com\/editor\/#\/schema\/person\/image\/"},"sameAs":["https:\/\/www.facebook.com\/luchonoticiasneiva"],"url":"https:\/\/luchonoticias.com\/editor\/author\/admin\/"}]}},"_links":{"self":[{"href":"https:\/\/luchonoticias.com\/editor\/wp-json\/wp\/v2\/posts\/26677","targetHints":{"allow":["GET"]}}],"collection":[{"href":"https:\/\/luchonoticias.com\/editor\/wp-json\/wp\/v2\/posts"}],"about":[{"href":"https:\/\/luchonoticias.com\/editor\/wp-json\/wp\/v2\/types\/post"}],"author":[{"embeddable":true,"href":"https:\/\/luchonoticias.com\/editor\/wp-json\/wp\/v2\/users\/1"}],"replies":[{"embeddable":true,"href":"https:\/\/luchonoticias.com\/editor\/wp-json\/wp\/v2\/comments?post=26677"}],"version-history":[{"count":0,"href":"https:\/\/luchonoticias.com\/editor\/wp-json\/wp\/v2\/posts\/26677\/revisions"}],"wp:attachment":[{"href":"https:\/\/luchonoticias.com\/editor\/wp-json\/wp\/v2\/media?parent=26677"}],"wp:term":[{"taxonomy":"category","embeddable":true,"href":"https:\/\/luchonoticias.com\/editor\/wp-json\/wp\/v2\/categories?post=26677"},{"taxonomy":"post_tag","embeddable":true,"href":"https:\/\/luchonoticias.com\/editor\/wp-json\/wp\/v2\/tags?post=26677"}],"curies":[{"name":"wp","href":"https:\/\/api.w.org\/{rel}","templated":true}]}}