{"id":26730,"date":"2022-05-26T14:24:59","date_gmt":"2022-05-26T19:24:59","guid":{"rendered":"https:\/\/luchonoticias.com\/?p=26730"},"modified":"2022-05-26T14:25:01","modified_gmt":"2022-05-26T19:25:01","slug":"en-el-huila-la-policia-incauto-el-cargamento-mas-grande-de-cocaina-de-los-ultimos-20-anos","status":"publish","type":"post","link":"https:\/\/luchonoticias.com\/editor\/en-el-huila-la-policia-incauto-el-cargamento-mas-grande-de-cocaina-de-los-ultimos-20-anos\/","title":{"rendered":"En el Huila, la Polic\u00eda incaut\u00f3 el cargamento m\u00e1s grande de coca\u00edna de los \u00faltimos 20 a\u00f1os"},"content":{"rendered":"\n<p>Gracias a las constantes labores de registro y control desarrolladas a lo largo de las diferentes v\u00edas de acceso y salida del departamento del Huila, la Seccional de Tr\u00e1nsito y Transporte logr\u00f3 interceptar un veh\u00edculo tipo cami\u00f3n sobre la v\u00eda Yaguar\u00e1 \u2013 Neiva, con una carga de malla electrosoldada, en la cual fue hallada una caleta con 800 paquetes impermeabilizados de clorhidrato de coca\u00edna, algunos marcados con la imagen de un billete de d\u00f3lar y otros con los n\u00fameros 59-80; todo esto, gracias a la pericia de los uniformados en el procedimiento de registro.&nbsp;<\/p>\n\n\n\n<p>\u201cEl veh\u00edculo era conducido por un hombre y su acompa\u00f1ante, los cuales fueron capturados e identificados como Heider Fabi\u00e1n Arias Ram\u00edrez y Uriel Alberto Hincapi\u00e9 Gonz\u00e1lez de 35 y 36 a\u00f1os de edad, al parecer cubr\u00edan la ruta Popay\u00e1n \u2013 Bogot\u00e1, hasta donde se presume llegar\u00edan los estupefacientes para enviarlos fuera del pa\u00eds, donde tendr\u00eda un valor aproximado a los 3 mil millones de pesos\u201d, indic\u00f3 el Departamento de Polic\u00eda Huila, en un comunicado de prensa. <\/p>\n\n\n\n<figure class=\"wp-block-gallery has-nested-images columns-default is-cropped wp-block-gallery-1 is-layout-flex wp-block-gallery-is-layout-flex\">\n<figure class=\"wp-block-image size-large\"><img decoding=\"async\" data-id=\"26732\" src=\"https:\/\/luchonoticias.com\/wp-content\/uploads\/2022\/05\/WhatsApp-Image-2022-05-26-at-8.54.28-AM-1-1024x1024.jpeg\" alt=\"\" class=\"wp-image-26732\"\/><\/figure>\n\n\n\n<figure class=\"wp-block-image size-large\"><img decoding=\"async\" data-id=\"26733\" src=\"https:\/\/luchonoticias.com\/wp-content\/uploads\/2022\/05\/WhatsApp-Image-2022-05-26-at-8.54.28-AM-1024x768.jpeg\" alt=\"\" class=\"wp-image-26733\"\/><\/figure>\n<\/figure>\n\n\n\n<p>Finalmente se estableci\u00f3 que los capturados fueron dejados a disposici\u00f3n de la Fiscal\u00eda 50 Seccional especializada de Manizales, por el delito de tr\u00e1fico, fabricaci\u00f3n y porte de estupefacientes. Luego de su presentaci\u00f3n ante un juez de control de garant\u00edas, les fue determinada la medida de aseguramiento en centro carcelario.\u00a0<\/p>\n","protected":false},"excerpt":{"rendered":"<p>Gracias a las constantes labores de registro y control desarrolladas a lo largo de las diferentes v\u00edas de acceso y salida del departamento del Huila, la Seccional de Tr\u00e1nsito y Transporte logr\u00f3 interceptar un veh\u00edculo tipo cami\u00f3n sobre la v\u00eda Yaguar\u00e1 \u2013 Neiva, con una carga de malla electrosoldada, en la cual fue hallada una [&hellip;]<\/p>\n","protected":false},"author":1,"featured_media":0,"comment_status":"open","ping_status":"open","sticky":false,"template":"","format":"standard","meta":{"footnotes":""},"categories":[36,29],"tags":[],"class_list":["post-26730","post","type-post","status-publish","format-standard","hentry","category-destacado","category-judicial"],"yoast_head":"<!-- This site is optimized with the Yoast SEO plugin v26.6 - https:\/\/yoast.com\/wordpress\/plugins\/seo\/ -->\n<title>En el Huila, la Polic\u00eda incaut\u00f3 el cargamento m\u00e1s grande de coca\u00edna de los \u00faltimos 20 a\u00f1os -<\/title>\n<meta name=\"robots\" content=\"index, follow, max-snippet:-1, max-image-preview:large, max-video-preview:-1\" \/>\n<link rel=\"canonical\" href=\"https:\/\/luchonoticias.com\/editor\/en-el-huila-la-policia-incauto-el-cargamento-mas-grande-de-cocaina-de-los-ultimos-20-anos\/\" \/>\n<meta property=\"og:locale\" content=\"es_ES\" \/>\n<meta property=\"og:type\" content=\"article\" \/>\n<meta property=\"og:title\" content=\"En el Huila, la Polic\u00eda incaut\u00f3 el cargamento m\u00e1s grande de coca\u00edna de los \u00faltimos 20 a\u00f1os -\" \/>\n<meta property=\"og:url\" content=\"https:\/\/luchonoticias.com\/editor\/en-el-huila-la-policia-incauto-el-cargamento-mas-grande-de-cocaina-de-los-ultimos-20-anos\/\" \/>\n<meta property=\"article:publisher\" content=\"https:\/\/www.facebook.com\/luchonoticiasneiva\" \/>\n<meta property=\"article:author\" content=\"https:\/\/www.facebook.com\/luchonoticiasneiva\" \/>\n<meta property=\"article:published_time\" content=\"2022-05-26T19:24:59+00:00\" \/>\n<meta property=\"article:modified_time\" content=\"2022-05-26T19:25:01+00:00\" \/>\n<meta property=\"og:image\" content=\"https:\/\/luchonoticias.com\/wp-content\/uploads\/2022\/05\/WhatsApp-Image-2022-05-26-at-8.54.28-AM-1-1024x1024.jpeg\" \/>\n<meta name=\"author\" content=\"admin\" \/>\n<meta name=\"twitter:card\" content=\"summary_large_image\" \/>\n<meta name=\"twitter:label1\" content=\"Escrito por\" \/>\n\t<meta name=\"twitter:data1\" content=\"admin\" \/>\n\t<meta name=\"twitter:label2\" content=\"Tiempo de lectura\" \/>\n\t<meta name=\"twitter:data2\" content=\"1 minuto\" \/>\n<script type=\"application\/ld+json\" class=\"yoast-schema-graph\">{\"@context\":\"https:\/\/schema.org\",\"@graph\":[{\"@type\":\"Article\",\"@id\":\"https:\/\/luchonoticias.com\/editor\/en-el-huila-la-policia-incauto-el-cargamento-mas-grande-de-cocaina-de-los-ultimos-20-anos\/#article\",\"isPartOf\":{\"@id\":\"https:\/\/luchonoticias.com\/editor\/en-el-huila-la-policia-incauto-el-cargamento-mas-grande-de-cocaina-de-los-ultimos-20-anos\/\"},\"author\":{\"name\":\"admin\",\"@id\":\"https:\/\/luchonoticias.com\/editor\/#\/schema\/person\/7a7fd911f58561fd056dbac7b55af9cd\"},\"headline\":\"En el Huila, la Polic\u00eda incaut\u00f3 el cargamento m\u00e1s grande de coca\u00edna de los \u00faltimos 20 a\u00f1os\",\"datePublished\":\"2022-05-26T19:24:59+00:00\",\"dateModified\":\"2022-05-26T19:25:01+00:00\",\"mainEntityOfPage\":{\"@id\":\"https:\/\/luchonoticias.com\/editor\/en-el-huila-la-policia-incauto-el-cargamento-mas-grande-de-cocaina-de-los-ultimos-20-anos\/\"},\"wordCount\":259,\"commentCount\":0,\"publisher\":{\"@id\":\"https:\/\/luchonoticias.com\/editor\/#\/schema\/person\/7a7fd911f58561fd056dbac7b55af9cd\"},\"image\":{\"@id\":\"https:\/\/luchonoticias.com\/editor\/en-el-huila-la-policia-incauto-el-cargamento-mas-grande-de-cocaina-de-los-ultimos-20-anos\/#primaryimage\"},\"thumbnailUrl\":\"https:\/\/luchonoticias.com\/wp-content\/uploads\/2022\/05\/WhatsApp-Image-2022-05-26-at-8.54.28-AM-1-1024x1024.jpeg\",\"articleSection\":[\"Destacado\",\"Judicial\"],\"inLanguage\":\"es\",\"potentialAction\":[{\"@type\":\"CommentAction\",\"name\":\"Comment\",\"target\":[\"https:\/\/luchonoticias.com\/editor\/en-el-huila-la-policia-incauto-el-cargamento-mas-grande-de-cocaina-de-los-ultimos-20-anos\/#respond\"]}]},{\"@type\":\"WebPage\",\"@id\":\"https:\/\/luchonoticias.com\/editor\/en-el-huila-la-policia-incauto-el-cargamento-mas-grande-de-cocaina-de-los-ultimos-20-anos\/\",\"url\":\"https:\/\/luchonoticias.com\/editor\/en-el-huila-la-policia-incauto-el-cargamento-mas-grande-de-cocaina-de-los-ultimos-20-anos\/\",\"name\":\"En el Huila, la Polic\u00eda incaut\u00f3 el cargamento m\u00e1s grande de coca\u00edna de los \u00faltimos 20 a\u00f1os -\",\"isPartOf\":{\"@id\":\"https:\/\/luchonoticias.com\/editor\/#website\"},\"primaryImageOfPage\":{\"@id\":\"https:\/\/luchonoticias.com\/editor\/en-el-huila-la-policia-incauto-el-cargamento-mas-grande-de-cocaina-de-los-ultimos-20-anos\/#primaryimage\"},\"image\":{\"@id\":\"https:\/\/luchonoticias.com\/editor\/en-el-huila-la-policia-incauto-el-cargamento-mas-grande-de-cocaina-de-los-ultimos-20-anos\/#primaryimage\"},\"thumbnailUrl\":\"https:\/\/luchonoticias.com\/wp-content\/uploads\/2022\/05\/WhatsApp-Image-2022-05-26-at-8.54.28-AM-1-1024x1024.jpeg\",\"datePublished\":\"2022-05-26T19:24:59+00:00\",\"dateModified\":\"2022-05-26T19:25:01+00:00\",\"breadcrumb\":{\"@id\":\"https:\/\/luchonoticias.com\/editor\/en-el-huila-la-policia-incauto-el-cargamento-mas-grande-de-cocaina-de-los-ultimos-20-anos\/#breadcrumb\"},\"inLanguage\":\"es\",\"potentialAction\":[{\"@type\":\"ReadAction\",\"target\":[\"https:\/\/luchonoticias.com\/editor\/en-el-huila-la-policia-incauto-el-cargamento-mas-grande-de-cocaina-de-los-ultimos-20-anos\/\"]}]},{\"@type\":\"ImageObject\",\"inLanguage\":\"es\",\"@id\":\"https:\/\/luchonoticias.com\/editor\/en-el-huila-la-policia-incauto-el-cargamento-mas-grande-de-cocaina-de-los-ultimos-20-anos\/#primaryimage\",\"url\":\"https:\/\/luchonoticias.com\/wp-content\/uploads\/2022\/05\/WhatsApp-Image-2022-05-26-at-8.54.28-AM-1-1024x1024.jpeg\",\"contentUrl\":\"https:\/\/luchonoticias.com\/wp-content\/uploads\/2022\/05\/WhatsApp-Image-2022-05-26-at-8.54.28-AM-1-1024x1024.jpeg\"},{\"@type\":\"BreadcrumbList\",\"@id\":\"https:\/\/luchonoticias.com\/editor\/en-el-huila-la-policia-incauto-el-cargamento-mas-grande-de-cocaina-de-los-ultimos-20-anos\/#breadcrumb\",\"itemListElement\":[{\"@type\":\"ListItem\",\"position\":1,\"name\":\"Portada\",\"item\":\"https:\/\/luchonoticias.com\/editor\/\"},{\"@type\":\"ListItem\",\"position\":2,\"name\":\"En el Huila, la Polic\u00eda incaut\u00f3 el cargamento m\u00e1s grande de coca\u00edna de los \u00faltimos 20 a\u00f1os\"}]},{\"@type\":\"WebSite\",\"@id\":\"https:\/\/luchonoticias.com\/editor\/#website\",\"url\":\"https:\/\/luchonoticias.com\/editor\/\",\"name\":\"\",\"description\":\"\",\"publisher\":{\"@id\":\"https:\/\/luchonoticias.com\/editor\/#\/schema\/person\/7a7fd911f58561fd056dbac7b55af9cd\"},\"potentialAction\":[{\"@type\":\"SearchAction\",\"target\":{\"@type\":\"EntryPoint\",\"urlTemplate\":\"https:\/\/luchonoticias.com\/editor\/?s={search_term_string}\"},\"query-input\":{\"@type\":\"PropertyValueSpecification\",\"valueRequired\":true,\"valueName\":\"search_term_string\"}}],\"inLanguage\":\"es\"},{\"@type\":[\"Person\",\"Organization\"],\"@id\":\"https:\/\/luchonoticias.com\/editor\/#\/schema\/person\/7a7fd911f58561fd056dbac7b55af9cd\",\"name\":\"admin\",\"image\":{\"@type\":\"ImageObject\",\"inLanguage\":\"es\",\"@id\":\"https:\/\/luchonoticias.com\/editor\/#\/schema\/person\/image\/\",\"url\":\"https:\/\/luchonoticias.com\/editor\/wp-content\/uploads\/2024\/02\/cropped-cropped-logolu.webp\",\"contentUrl\":\"https:\/\/luchonoticias.com\/editor\/wp-content\/uploads\/2024\/02\/cropped-cropped-logolu.webp\",\"width\":382,\"height\":170,\"caption\":\"admin\"},\"logo\":{\"@id\":\"https:\/\/luchonoticias.com\/editor\/#\/schema\/person\/image\/\"},\"sameAs\":[\"https:\/\/www.facebook.com\/luchonoticiasneiva\"],\"url\":\"https:\/\/luchonoticias.com\/editor\/author\/admin\/\"}]}<\/script>\n<!-- \/ Yoast SEO plugin. -->","yoast_head_json":{"title":"En el Huila, la Polic\u00eda incaut\u00f3 el cargamento m\u00e1s grande de coca\u00edna de los \u00faltimos 20 a\u00f1os -","robots":{"index":"index","follow":"follow","max-snippet":"max-snippet:-1","max-image-preview":"max-image-preview:large","max-video-preview":"max-video-preview:-1"},"canonical":"https:\/\/luchonoticias.com\/editor\/en-el-huila-la-policia-incauto-el-cargamento-mas-grande-de-cocaina-de-los-ultimos-20-anos\/","og_locale":"es_ES","og_type":"article","og_title":"En el Huila, la Polic\u00eda incaut\u00f3 el cargamento m\u00e1s grande de coca\u00edna de los \u00faltimos 20 a\u00f1os -","og_url":"https:\/\/luchonoticias.com\/editor\/en-el-huila-la-policia-incauto-el-cargamento-mas-grande-de-cocaina-de-los-ultimos-20-anos\/","article_publisher":"https:\/\/www.facebook.com\/luchonoticiasneiva","article_author":"https:\/\/www.facebook.com\/luchonoticiasneiva","article_published_time":"2022-05-26T19:24:59+00:00","article_modified_time":"2022-05-26T19:25:01+00:00","og_image":[{"url":"https:\/\/luchonoticias.com\/wp-content\/uploads\/2022\/05\/WhatsApp-Image-2022-05-26-at-8.54.28-AM-1-1024x1024.jpeg","type":"","width":"","height":""}],"author":"admin","twitter_card":"summary_large_image","twitter_misc":{"Escrito por":"admin","Tiempo de lectura":"1 minuto"},"schema":{"@context":"https:\/\/schema.org","@graph":[{"@type":"Article","@id":"https:\/\/luchonoticias.com\/editor\/en-el-huila-la-policia-incauto-el-cargamento-mas-grande-de-cocaina-de-los-ultimos-20-anos\/#article","isPartOf":{"@id":"https:\/\/luchonoticias.com\/editor\/en-el-huila-la-policia-incauto-el-cargamento-mas-grande-de-cocaina-de-los-ultimos-20-anos\/"},"author":{"name":"admin","@id":"https:\/\/luchonoticias.com\/editor\/#\/schema\/person\/7a7fd911f58561fd056dbac7b55af9cd"},"headline":"En el Huila, la Polic\u00eda incaut\u00f3 el cargamento m\u00e1s grande de coca\u00edna de los \u00faltimos 20 a\u00f1os","datePublished":"2022-05-26T19:24:59+00:00","dateModified":"2022-05-26T19:25:01+00:00","mainEntityOfPage":{"@id":"https:\/\/luchonoticias.com\/editor\/en-el-huila-la-policia-incauto-el-cargamento-mas-grande-de-cocaina-de-los-ultimos-20-anos\/"},"wordCount":259,"commentCount":0,"publisher":{"@id":"https:\/\/luchonoticias.com\/editor\/#\/schema\/person\/7a7fd911f58561fd056dbac7b55af9cd"},"image":{"@id":"https:\/\/luchonoticias.com\/editor\/en-el-huila-la-policia-incauto-el-cargamento-mas-grande-de-cocaina-de-los-ultimos-20-anos\/#primaryimage"},"thumbnailUrl":"https:\/\/luchonoticias.com\/wp-content\/uploads\/2022\/05\/WhatsApp-Image-2022-05-26-at-8.54.28-AM-1-1024x1024.jpeg","articleSection":["Destacado","Judicial"],"inLanguage":"es","potentialAction":[{"@type":"CommentAction","name":"Comment","target":["https:\/\/luchonoticias.com\/editor\/en-el-huila-la-policia-incauto-el-cargamento-mas-grande-de-cocaina-de-los-ultimos-20-anos\/#respond"]}]},{"@type":"WebPage","@id":"https:\/\/luchonoticias.com\/editor\/en-el-huila-la-policia-incauto-el-cargamento-mas-grande-de-cocaina-de-los-ultimos-20-anos\/","url":"https:\/\/luchonoticias.com\/editor\/en-el-huila-la-policia-incauto-el-cargamento-mas-grande-de-cocaina-de-los-ultimos-20-anos\/","name":"En el Huila, la Polic\u00eda incaut\u00f3 el cargamento m\u00e1s grande de coca\u00edna de los \u00faltimos 20 a\u00f1os -","isPartOf":{"@id":"https:\/\/luchonoticias.com\/editor\/#website"},"primaryImageOfPage":{"@id":"https:\/\/luchonoticias.com\/editor\/en-el-huila-la-policia-incauto-el-cargamento-mas-grande-de-cocaina-de-los-ultimos-20-anos\/#primaryimage"},"image":{"@id":"https:\/\/luchonoticias.com\/editor\/en-el-huila-la-policia-incauto-el-cargamento-mas-grande-de-cocaina-de-los-ultimos-20-anos\/#primaryimage"},"thumbnailUrl":"https:\/\/luchonoticias.com\/wp-content\/uploads\/2022\/05\/WhatsApp-Image-2022-05-26-at-8.54.28-AM-1-1024x1024.jpeg","datePublished":"2022-05-26T19:24:59+00:00","dateModified":"2022-05-26T19:25:01+00:00","breadcrumb":{"@id":"https:\/\/luchonoticias.com\/editor\/en-el-huila-la-policia-incauto-el-cargamento-mas-grande-de-cocaina-de-los-ultimos-20-anos\/#breadcrumb"},"inLanguage":"es","potentialAction":[{"@type":"ReadAction","target":["https:\/\/luchonoticias.com\/editor\/en-el-huila-la-policia-incauto-el-cargamento-mas-grande-de-cocaina-de-los-ultimos-20-anos\/"]}]},{"@type":"ImageObject","inLanguage":"es","@id":"https:\/\/luchonoticias.com\/editor\/en-el-huila-la-policia-incauto-el-cargamento-mas-grande-de-cocaina-de-los-ultimos-20-anos\/#primaryimage","url":"https:\/\/luchonoticias.com\/wp-content\/uploads\/2022\/05\/WhatsApp-Image-2022-05-26-at-8.54.28-AM-1-1024x1024.jpeg","contentUrl":"https:\/\/luchonoticias.com\/wp-content\/uploads\/2022\/05\/WhatsApp-Image-2022-05-26-at-8.54.28-AM-1-1024x1024.jpeg"},{"@type":"BreadcrumbList","@id":"https:\/\/luchonoticias.com\/editor\/en-el-huila-la-policia-incauto-el-cargamento-mas-grande-de-cocaina-de-los-ultimos-20-anos\/#breadcrumb","itemListElement":[{"@type":"ListItem","position":1,"name":"Portada","item":"https:\/\/luchonoticias.com\/editor\/"},{"@type":"ListItem","position":2,"name":"En el Huila, la Polic\u00eda incaut\u00f3 el cargamento m\u00e1s grande de coca\u00edna de los \u00faltimos 20 a\u00f1os"}]},{"@type":"WebSite","@id":"https:\/\/luchonoticias.com\/editor\/#website","url":"https:\/\/luchonoticias.com\/editor\/","name":"","description":"","publisher":{"@id":"https:\/\/luchonoticias.com\/editor\/#\/schema\/person\/7a7fd911f58561fd056dbac7b55af9cd"},"potentialAction":[{"@type":"SearchAction","target":{"@type":"EntryPoint","urlTemplate":"https:\/\/luchonoticias.com\/editor\/?s={search_term_string}"},"query-input":{"@type":"PropertyValueSpecification","valueRequired":true,"valueName":"search_term_string"}}],"inLanguage":"es"},{"@type":["Person","Organization"],"@id":"https:\/\/luchonoticias.com\/editor\/#\/schema\/person\/7a7fd911f58561fd056dbac7b55af9cd","name":"admin","image":{"@type":"ImageObject","inLanguage":"es","@id":"https:\/\/luchonoticias.com\/editor\/#\/schema\/person\/image\/","url":"https:\/\/luchonoticias.com\/editor\/wp-content\/uploads\/2024\/02\/cropped-cropped-logolu.webp","contentUrl":"https:\/\/luchonoticias.com\/editor\/wp-content\/uploads\/2024\/02\/cropped-cropped-logolu.webp","width":382,"height":170,"caption":"admin"},"logo":{"@id":"https:\/\/luchonoticias.com\/editor\/#\/schema\/person\/image\/"},"sameAs":["https:\/\/www.facebook.com\/luchonoticiasneiva"],"url":"https:\/\/luchonoticias.com\/editor\/author\/admin\/"}]}},"_links":{"self":[{"href":"https:\/\/luchonoticias.com\/editor\/wp-json\/wp\/v2\/posts\/26730","targetHints":{"allow":["GET"]}}],"collection":[{"href":"https:\/\/luchonoticias.com\/editor\/wp-json\/wp\/v2\/posts"}],"about":[{"href":"https:\/\/luchonoticias.com\/editor\/wp-json\/wp\/v2\/types\/post"}],"author":[{"embeddable":true,"href":"https:\/\/luchonoticias.com\/editor\/wp-json\/wp\/v2\/users\/1"}],"replies":[{"embeddable":true,"href":"https:\/\/luchonoticias.com\/editor\/wp-json\/wp\/v2\/comments?post=26730"}],"version-history":[{"count":0,"href":"https:\/\/luchonoticias.com\/editor\/wp-json\/wp\/v2\/posts\/26730\/revisions"}],"wp:attachment":[{"href":"https:\/\/luchonoticias.com\/editor\/wp-json\/wp\/v2\/media?parent=26730"}],"wp:term":[{"taxonomy":"category","embeddable":true,"href":"https:\/\/luchonoticias.com\/editor\/wp-json\/wp\/v2\/categories?post=26730"},{"taxonomy":"post_tag","embeddable":true,"href":"https:\/\/luchonoticias.com\/editor\/wp-json\/wp\/v2\/tags?post=26730"}],"curies":[{"name":"wp","href":"https:\/\/api.w.org\/{rel}","templated":true}]}}