{"id":26735,"date":"2022-05-26T14:27:03","date_gmt":"2022-05-26T19:27:03","guid":{"rendered":"https:\/\/luchonoticias.com\/?p=26735"},"modified":"2022-05-26T14:27:04","modified_gmt":"2022-05-26T19:27:04","slug":"alcaldia-de-neiva-instalara-puntos-de-vacunacion-cerca-a-los-puestos-de-votacion-este-domingo","status":"publish","type":"post","link":"https:\/\/luchonoticias.com\/editor\/alcaldia-de-neiva-instalara-puntos-de-vacunacion-cerca-a-los-puestos-de-votacion-este-domingo\/","title":{"rendered":"Alcald\u00eda de Neiva instalar\u00e1 puntos de vacunaci\u00f3n cerca a los puestos de votaci\u00f3n, este domingo"},"content":{"rendered":"\n<p>La Administraci\u00f3n Municipal en su prop\u00f3sito de llegar a todas las personas con la vacunaci\u00f3n contra el Covid-19, instalar\u00e1 este domingo 29 de mayo, d\u00eda en el que realizar\u00e1n las elecciones presidenciales, puntos de vacunaci\u00f3n en los principales puestos de votaci\u00f3n de Neiva.<\/p>\n\n\n\n<p>As\u00ed lo dio a conocer la secretaria de Salud de Neiva, Mar\u00eda del Pilar Perdomo Lozada, quien asever\u00f3 que \u201cse est\u00e1n dando todas las facilidades para que las personas adquieran las vacunas sin importar en qu\u00e9 estado se encuentra su esquema. Es decir pueden acercarse para que se coloquen la primera, segunda, tercera o cuarta dosis\u201d.<\/p>\n\n\n\n<p>A la estrategia que se realizar\u00e1 este domingo se sumaron las IPS del municipio, que ya est\u00e1n organizando sus grupos de vacunadores para distribuirlos por todos los puestos de votaci\u00f3n, aprovechando la cantidad de gente que va a llegar a estos lugares.<\/p>\n\n\n\n<p>\u201cQueremos invitar a todas las personas que van a salir este domingo a ejercer su derecho al voto, y que tengan pendiente alguna dosis de vacuna contra el Covid-19, para que se acerquen a los puntos de vacunaci\u00f3n que vamos a instalar aleda\u00f1os a los puestos de votaci\u00f3n, es una oportunidad muy especial ya que tienen libre el fin de semana porque el lunes es festivo. As\u00ed aprovechamos tambi\u00e9n para llegar al 40% que nos exigen y quitarnos el tapabocas en lugares cerrados\u201d, explic\u00f3 la secretaria de Salud de Neiva, Mar\u00eda del Pilar Perdomo Lozada.<\/p>\n\n\n\n<figure class=\"wp-block-gallery has-nested-images columns-default is-cropped wp-block-gallery-1 is-layout-flex wp-block-gallery-is-layout-flex\">\n<figure class=\"wp-block-image size-large\"><img decoding=\"async\" data-id=\"26737\" src=\"https:\/\/luchonoticias.com\/wp-content\/uploads\/2022\/05\/WhatsApp-Image-2022-05-26-at-11.42.59-AM-1-1024x768.jpeg\" alt=\"\" class=\"wp-image-26737\"\/><\/figure>\n<\/figure>\n\n\n\n<p><strong>Los sitios<\/strong><\/p>\n\n\n\n<p>Las IPS de Neiva distribuir\u00e1n sus equipos de vacunadores por todas las comunas de la ciudad. Por su parte la ESE \u00b4Carmen Emilia Ospina\u00b4, inform\u00f3 que tendr\u00e1 puntos de vacunaci\u00f3n en la comuna Nueve, en el puesto de votaci\u00f3n del colegio \u2018Gabriel Garc\u00eda M\u00e1rquez\u2019, en la comuna Cinco, en el colegio \u2018Jos\u00e9 Eustasio Rivera\u2019, entre tanto en la Comuna 10 se instalar\u00e1 la jornada de vacunaci\u00f3n en el puesto de votaci\u00f3n de la escuela del barrio Las Palmas.<\/p>\n\n\n\n<p><strong>Las cifras<\/strong><\/p>\n\n\n\n<p>Con corte al martes 24 de mayo, la aplicaci\u00f3n de tercera dosis o refuerzo avanz\u00f3 al 36,50%, es decir faltan menos de 9.000 personas por vacunar. El total de dosis aplicadas en el municipio de Neiva llega a las 680.252.<\/p>\n\n\n\n<p>Lograr la cifra del 40% en la aplicaci\u00f3n de refuerzos es muy importante, porque adem\u00e1s de permitir que nos quitemos el tapabocas en algunos espacios cerrados, nos da tranquilidad para gozar a plenitud las fiestas de San Pedro.<\/p>\n","protected":false},"excerpt":{"rendered":"<p>La Administraci\u00f3n Municipal en su prop\u00f3sito de llegar a todas las personas con la vacunaci\u00f3n contra el Covid-19, instalar\u00e1 este domingo 29 de mayo, d\u00eda en el que realizar\u00e1n las elecciones presidenciales, puntos de vacunaci\u00f3n en los principales puestos de votaci\u00f3n de Neiva. As\u00ed lo dio a conocer la secretaria de Salud de Neiva, Mar\u00eda [&hellip;]<\/p>\n","protected":false},"author":1,"featured_media":0,"comment_status":"open","ping_status":"open","sticky":false,"template":"","format":"standard","meta":{"footnotes":""},"categories":[36,53],"tags":[],"class_list":["post-26735","post","type-post","status-publish","format-standard","hentry","category-destacado","category-neiva"],"yoast_head":"<!-- This site is optimized with the Yoast SEO plugin v26.6 - https:\/\/yoast.com\/wordpress\/plugins\/seo\/ -->\n<title>Alcald\u00eda de Neiva instalar\u00e1 puntos de vacunaci\u00f3n cerca a los puestos de votaci\u00f3n, este domingo -<\/title>\n<meta name=\"robots\" content=\"index, follow, max-snippet:-1, max-image-preview:large, max-video-preview:-1\" \/>\n<link rel=\"canonical\" href=\"https:\/\/luchonoticias.com\/editor\/alcaldia-de-neiva-instalara-puntos-de-vacunacion-cerca-a-los-puestos-de-votacion-este-domingo\/\" \/>\n<meta property=\"og:locale\" content=\"es_ES\" \/>\n<meta property=\"og:type\" content=\"article\" \/>\n<meta property=\"og:title\" content=\"Alcald\u00eda de Neiva instalar\u00e1 puntos de vacunaci\u00f3n cerca a los puestos de votaci\u00f3n, este domingo -\" \/>\n<meta property=\"og:url\" content=\"https:\/\/luchonoticias.com\/editor\/alcaldia-de-neiva-instalara-puntos-de-vacunacion-cerca-a-los-puestos-de-votacion-este-domingo\/\" \/>\n<meta property=\"article:publisher\" content=\"https:\/\/www.facebook.com\/luchonoticiasneiva\" \/>\n<meta property=\"article:author\" content=\"https:\/\/www.facebook.com\/luchonoticiasneiva\" \/>\n<meta property=\"article:published_time\" content=\"2022-05-26T19:27:03+00:00\" \/>\n<meta property=\"article:modified_time\" content=\"2022-05-26T19:27:04+00:00\" \/>\n<meta property=\"og:image\" content=\"https:\/\/luchonoticias.com\/wp-content\/uploads\/2022\/05\/WhatsApp-Image-2022-05-26-at-11.42.59-AM-1-1024x768.jpeg\" \/>\n<meta name=\"author\" content=\"admin\" \/>\n<meta name=\"twitter:card\" content=\"summary_large_image\" \/>\n<meta name=\"twitter:label1\" content=\"Escrito por\" \/>\n\t<meta name=\"twitter:data1\" content=\"admin\" \/>\n\t<meta name=\"twitter:label2\" content=\"Tiempo de lectura\" \/>\n\t<meta name=\"twitter:data2\" content=\"2 minutos\" \/>\n<script type=\"application\/ld+json\" class=\"yoast-schema-graph\">{\"@context\":\"https:\/\/schema.org\",\"@graph\":[{\"@type\":\"Article\",\"@id\":\"https:\/\/luchonoticias.com\/editor\/alcaldia-de-neiva-instalara-puntos-de-vacunacion-cerca-a-los-puestos-de-votacion-este-domingo\/#article\",\"isPartOf\":{\"@id\":\"https:\/\/luchonoticias.com\/editor\/alcaldia-de-neiva-instalara-puntos-de-vacunacion-cerca-a-los-puestos-de-votacion-este-domingo\/\"},\"author\":{\"name\":\"admin\",\"@id\":\"https:\/\/luchonoticias.com\/editor\/#\/schema\/person\/7a7fd911f58561fd056dbac7b55af9cd\"},\"headline\":\"Alcald\u00eda de Neiva instalar\u00e1 puntos de vacunaci\u00f3n cerca a los puestos de votaci\u00f3n, este domingo\",\"datePublished\":\"2022-05-26T19:27:03+00:00\",\"dateModified\":\"2022-05-26T19:27:04+00:00\",\"mainEntityOfPage\":{\"@id\":\"https:\/\/luchonoticias.com\/editor\/alcaldia-de-neiva-instalara-puntos-de-vacunacion-cerca-a-los-puestos-de-votacion-este-domingo\/\"},\"wordCount\":432,\"commentCount\":0,\"publisher\":{\"@id\":\"https:\/\/luchonoticias.com\/editor\/#\/schema\/person\/7a7fd911f58561fd056dbac7b55af9cd\"},\"image\":{\"@id\":\"https:\/\/luchonoticias.com\/editor\/alcaldia-de-neiva-instalara-puntos-de-vacunacion-cerca-a-los-puestos-de-votacion-este-domingo\/#primaryimage\"},\"thumbnailUrl\":\"https:\/\/luchonoticias.com\/wp-content\/uploads\/2022\/05\/WhatsApp-Image-2022-05-26-at-11.42.59-AM-1-1024x768.jpeg\",\"articleSection\":[\"Destacado\",\"Neiva\"],\"inLanguage\":\"es\",\"potentialAction\":[{\"@type\":\"CommentAction\",\"name\":\"Comment\",\"target\":[\"https:\/\/luchonoticias.com\/editor\/alcaldia-de-neiva-instalara-puntos-de-vacunacion-cerca-a-los-puestos-de-votacion-este-domingo\/#respond\"]}]},{\"@type\":\"WebPage\",\"@id\":\"https:\/\/luchonoticias.com\/editor\/alcaldia-de-neiva-instalara-puntos-de-vacunacion-cerca-a-los-puestos-de-votacion-este-domingo\/\",\"url\":\"https:\/\/luchonoticias.com\/editor\/alcaldia-de-neiva-instalara-puntos-de-vacunacion-cerca-a-los-puestos-de-votacion-este-domingo\/\",\"name\":\"Alcald\u00eda de Neiva instalar\u00e1 puntos de vacunaci\u00f3n cerca a los puestos de votaci\u00f3n, este domingo -\",\"isPartOf\":{\"@id\":\"https:\/\/luchonoticias.com\/editor\/#website\"},\"primaryImageOfPage\":{\"@id\":\"https:\/\/luchonoticias.com\/editor\/alcaldia-de-neiva-instalara-puntos-de-vacunacion-cerca-a-los-puestos-de-votacion-este-domingo\/#primaryimage\"},\"image\":{\"@id\":\"https:\/\/luchonoticias.com\/editor\/alcaldia-de-neiva-instalara-puntos-de-vacunacion-cerca-a-los-puestos-de-votacion-este-domingo\/#primaryimage\"},\"thumbnailUrl\":\"https:\/\/luchonoticias.com\/wp-content\/uploads\/2022\/05\/WhatsApp-Image-2022-05-26-at-11.42.59-AM-1-1024x768.jpeg\",\"datePublished\":\"2022-05-26T19:27:03+00:00\",\"dateModified\":\"2022-05-26T19:27:04+00:00\",\"breadcrumb\":{\"@id\":\"https:\/\/luchonoticias.com\/editor\/alcaldia-de-neiva-instalara-puntos-de-vacunacion-cerca-a-los-puestos-de-votacion-este-domingo\/#breadcrumb\"},\"inLanguage\":\"es\",\"potentialAction\":[{\"@type\":\"ReadAction\",\"target\":[\"https:\/\/luchonoticias.com\/editor\/alcaldia-de-neiva-instalara-puntos-de-vacunacion-cerca-a-los-puestos-de-votacion-este-domingo\/\"]}]},{\"@type\":\"ImageObject\",\"inLanguage\":\"es\",\"@id\":\"https:\/\/luchonoticias.com\/editor\/alcaldia-de-neiva-instalara-puntos-de-vacunacion-cerca-a-los-puestos-de-votacion-este-domingo\/#primaryimage\",\"url\":\"https:\/\/luchonoticias.com\/wp-content\/uploads\/2022\/05\/WhatsApp-Image-2022-05-26-at-11.42.59-AM-1-1024x768.jpeg\",\"contentUrl\":\"https:\/\/luchonoticias.com\/wp-content\/uploads\/2022\/05\/WhatsApp-Image-2022-05-26-at-11.42.59-AM-1-1024x768.jpeg\"},{\"@type\":\"BreadcrumbList\",\"@id\":\"https:\/\/luchonoticias.com\/editor\/alcaldia-de-neiva-instalara-puntos-de-vacunacion-cerca-a-los-puestos-de-votacion-este-domingo\/#breadcrumb\",\"itemListElement\":[{\"@type\":\"ListItem\",\"position\":1,\"name\":\"Portada\",\"item\":\"https:\/\/luchonoticias.com\/editor\/\"},{\"@type\":\"ListItem\",\"position\":2,\"name\":\"Alcald\u00eda de Neiva instalar\u00e1 puntos de vacunaci\u00f3n cerca a los puestos de votaci\u00f3n, este domingo\"}]},{\"@type\":\"WebSite\",\"@id\":\"https:\/\/luchonoticias.com\/editor\/#website\",\"url\":\"https:\/\/luchonoticias.com\/editor\/\",\"name\":\"\",\"description\":\"\",\"publisher\":{\"@id\":\"https:\/\/luchonoticias.com\/editor\/#\/schema\/person\/7a7fd911f58561fd056dbac7b55af9cd\"},\"potentialAction\":[{\"@type\":\"SearchAction\",\"target\":{\"@type\":\"EntryPoint\",\"urlTemplate\":\"https:\/\/luchonoticias.com\/editor\/?s={search_term_string}\"},\"query-input\":{\"@type\":\"PropertyValueSpecification\",\"valueRequired\":true,\"valueName\":\"search_term_string\"}}],\"inLanguage\":\"es\"},{\"@type\":[\"Person\",\"Organization\"],\"@id\":\"https:\/\/luchonoticias.com\/editor\/#\/schema\/person\/7a7fd911f58561fd056dbac7b55af9cd\",\"name\":\"admin\",\"image\":{\"@type\":\"ImageObject\",\"inLanguage\":\"es\",\"@id\":\"https:\/\/luchonoticias.com\/editor\/#\/schema\/person\/image\/\",\"url\":\"https:\/\/luchonoticias.com\/editor\/wp-content\/uploads\/2024\/02\/cropped-cropped-logolu.webp\",\"contentUrl\":\"https:\/\/luchonoticias.com\/editor\/wp-content\/uploads\/2024\/02\/cropped-cropped-logolu.webp\",\"width\":382,\"height\":170,\"caption\":\"admin\"},\"logo\":{\"@id\":\"https:\/\/luchonoticias.com\/editor\/#\/schema\/person\/image\/\"},\"sameAs\":[\"https:\/\/www.facebook.com\/luchonoticiasneiva\"],\"url\":\"https:\/\/luchonoticias.com\/editor\/author\/admin\/\"}]}<\/script>\n<!-- \/ Yoast SEO plugin. -->","yoast_head_json":{"title":"Alcald\u00eda de Neiva instalar\u00e1 puntos de vacunaci\u00f3n cerca a los puestos de votaci\u00f3n, este domingo -","robots":{"index":"index","follow":"follow","max-snippet":"max-snippet:-1","max-image-preview":"max-image-preview:large","max-video-preview":"max-video-preview:-1"},"canonical":"https:\/\/luchonoticias.com\/editor\/alcaldia-de-neiva-instalara-puntos-de-vacunacion-cerca-a-los-puestos-de-votacion-este-domingo\/","og_locale":"es_ES","og_type":"article","og_title":"Alcald\u00eda de Neiva instalar\u00e1 puntos de vacunaci\u00f3n cerca a los puestos de votaci\u00f3n, este domingo -","og_url":"https:\/\/luchonoticias.com\/editor\/alcaldia-de-neiva-instalara-puntos-de-vacunacion-cerca-a-los-puestos-de-votacion-este-domingo\/","article_publisher":"https:\/\/www.facebook.com\/luchonoticiasneiva","article_author":"https:\/\/www.facebook.com\/luchonoticiasneiva","article_published_time":"2022-05-26T19:27:03+00:00","article_modified_time":"2022-05-26T19:27:04+00:00","og_image":[{"url":"https:\/\/luchonoticias.com\/wp-content\/uploads\/2022\/05\/WhatsApp-Image-2022-05-26-at-11.42.59-AM-1-1024x768.jpeg","type":"","width":"","height":""}],"author":"admin","twitter_card":"summary_large_image","twitter_misc":{"Escrito por":"admin","Tiempo de lectura":"2 minutos"},"schema":{"@context":"https:\/\/schema.org","@graph":[{"@type":"Article","@id":"https:\/\/luchonoticias.com\/editor\/alcaldia-de-neiva-instalara-puntos-de-vacunacion-cerca-a-los-puestos-de-votacion-este-domingo\/#article","isPartOf":{"@id":"https:\/\/luchonoticias.com\/editor\/alcaldia-de-neiva-instalara-puntos-de-vacunacion-cerca-a-los-puestos-de-votacion-este-domingo\/"},"author":{"name":"admin","@id":"https:\/\/luchonoticias.com\/editor\/#\/schema\/person\/7a7fd911f58561fd056dbac7b55af9cd"},"headline":"Alcald\u00eda de Neiva instalar\u00e1 puntos de vacunaci\u00f3n cerca a los puestos de votaci\u00f3n, este domingo","datePublished":"2022-05-26T19:27:03+00:00","dateModified":"2022-05-26T19:27:04+00:00","mainEntityOfPage":{"@id":"https:\/\/luchonoticias.com\/editor\/alcaldia-de-neiva-instalara-puntos-de-vacunacion-cerca-a-los-puestos-de-votacion-este-domingo\/"},"wordCount":432,"commentCount":0,"publisher":{"@id":"https:\/\/luchonoticias.com\/editor\/#\/schema\/person\/7a7fd911f58561fd056dbac7b55af9cd"},"image":{"@id":"https:\/\/luchonoticias.com\/editor\/alcaldia-de-neiva-instalara-puntos-de-vacunacion-cerca-a-los-puestos-de-votacion-este-domingo\/#primaryimage"},"thumbnailUrl":"https:\/\/luchonoticias.com\/wp-content\/uploads\/2022\/05\/WhatsApp-Image-2022-05-26-at-11.42.59-AM-1-1024x768.jpeg","articleSection":["Destacado","Neiva"],"inLanguage":"es","potentialAction":[{"@type":"CommentAction","name":"Comment","target":["https:\/\/luchonoticias.com\/editor\/alcaldia-de-neiva-instalara-puntos-de-vacunacion-cerca-a-los-puestos-de-votacion-este-domingo\/#respond"]}]},{"@type":"WebPage","@id":"https:\/\/luchonoticias.com\/editor\/alcaldia-de-neiva-instalara-puntos-de-vacunacion-cerca-a-los-puestos-de-votacion-este-domingo\/","url":"https:\/\/luchonoticias.com\/editor\/alcaldia-de-neiva-instalara-puntos-de-vacunacion-cerca-a-los-puestos-de-votacion-este-domingo\/","name":"Alcald\u00eda de Neiva instalar\u00e1 puntos de vacunaci\u00f3n cerca a los puestos de votaci\u00f3n, este domingo -","isPartOf":{"@id":"https:\/\/luchonoticias.com\/editor\/#website"},"primaryImageOfPage":{"@id":"https:\/\/luchonoticias.com\/editor\/alcaldia-de-neiva-instalara-puntos-de-vacunacion-cerca-a-los-puestos-de-votacion-este-domingo\/#primaryimage"},"image":{"@id":"https:\/\/luchonoticias.com\/editor\/alcaldia-de-neiva-instalara-puntos-de-vacunacion-cerca-a-los-puestos-de-votacion-este-domingo\/#primaryimage"},"thumbnailUrl":"https:\/\/luchonoticias.com\/wp-content\/uploads\/2022\/05\/WhatsApp-Image-2022-05-26-at-11.42.59-AM-1-1024x768.jpeg","datePublished":"2022-05-26T19:27:03+00:00","dateModified":"2022-05-26T19:27:04+00:00","breadcrumb":{"@id":"https:\/\/luchonoticias.com\/editor\/alcaldia-de-neiva-instalara-puntos-de-vacunacion-cerca-a-los-puestos-de-votacion-este-domingo\/#breadcrumb"},"inLanguage":"es","potentialAction":[{"@type":"ReadAction","target":["https:\/\/luchonoticias.com\/editor\/alcaldia-de-neiva-instalara-puntos-de-vacunacion-cerca-a-los-puestos-de-votacion-este-domingo\/"]}]},{"@type":"ImageObject","inLanguage":"es","@id":"https:\/\/luchonoticias.com\/editor\/alcaldia-de-neiva-instalara-puntos-de-vacunacion-cerca-a-los-puestos-de-votacion-este-domingo\/#primaryimage","url":"https:\/\/luchonoticias.com\/wp-content\/uploads\/2022\/05\/WhatsApp-Image-2022-05-26-at-11.42.59-AM-1-1024x768.jpeg","contentUrl":"https:\/\/luchonoticias.com\/wp-content\/uploads\/2022\/05\/WhatsApp-Image-2022-05-26-at-11.42.59-AM-1-1024x768.jpeg"},{"@type":"BreadcrumbList","@id":"https:\/\/luchonoticias.com\/editor\/alcaldia-de-neiva-instalara-puntos-de-vacunacion-cerca-a-los-puestos-de-votacion-este-domingo\/#breadcrumb","itemListElement":[{"@type":"ListItem","position":1,"name":"Portada","item":"https:\/\/luchonoticias.com\/editor\/"},{"@type":"ListItem","position":2,"name":"Alcald\u00eda de Neiva instalar\u00e1 puntos de vacunaci\u00f3n cerca a los puestos de votaci\u00f3n, este domingo"}]},{"@type":"WebSite","@id":"https:\/\/luchonoticias.com\/editor\/#website","url":"https:\/\/luchonoticias.com\/editor\/","name":"","description":"","publisher":{"@id":"https:\/\/luchonoticias.com\/editor\/#\/schema\/person\/7a7fd911f58561fd056dbac7b55af9cd"},"potentialAction":[{"@type":"SearchAction","target":{"@type":"EntryPoint","urlTemplate":"https:\/\/luchonoticias.com\/editor\/?s={search_term_string}"},"query-input":{"@type":"PropertyValueSpecification","valueRequired":true,"valueName":"search_term_string"}}],"inLanguage":"es"},{"@type":["Person","Organization"],"@id":"https:\/\/luchonoticias.com\/editor\/#\/schema\/person\/7a7fd911f58561fd056dbac7b55af9cd","name":"admin","image":{"@type":"ImageObject","inLanguage":"es","@id":"https:\/\/luchonoticias.com\/editor\/#\/schema\/person\/image\/","url":"https:\/\/luchonoticias.com\/editor\/wp-content\/uploads\/2024\/02\/cropped-cropped-logolu.webp","contentUrl":"https:\/\/luchonoticias.com\/editor\/wp-content\/uploads\/2024\/02\/cropped-cropped-logolu.webp","width":382,"height":170,"caption":"admin"},"logo":{"@id":"https:\/\/luchonoticias.com\/editor\/#\/schema\/person\/image\/"},"sameAs":["https:\/\/www.facebook.com\/luchonoticiasneiva"],"url":"https:\/\/luchonoticias.com\/editor\/author\/admin\/"}]}},"_links":{"self":[{"href":"https:\/\/luchonoticias.com\/editor\/wp-json\/wp\/v2\/posts\/26735","targetHints":{"allow":["GET"]}}],"collection":[{"href":"https:\/\/luchonoticias.com\/editor\/wp-json\/wp\/v2\/posts"}],"about":[{"href":"https:\/\/luchonoticias.com\/editor\/wp-json\/wp\/v2\/types\/post"}],"author":[{"embeddable":true,"href":"https:\/\/luchonoticias.com\/editor\/wp-json\/wp\/v2\/users\/1"}],"replies":[{"embeddable":true,"href":"https:\/\/luchonoticias.com\/editor\/wp-json\/wp\/v2\/comments?post=26735"}],"version-history":[{"count":0,"href":"https:\/\/luchonoticias.com\/editor\/wp-json\/wp\/v2\/posts\/26735\/revisions"}],"wp:attachment":[{"href":"https:\/\/luchonoticias.com\/editor\/wp-json\/wp\/v2\/media?parent=26735"}],"wp:term":[{"taxonomy":"category","embeddable":true,"href":"https:\/\/luchonoticias.com\/editor\/wp-json\/wp\/v2\/categories?post=26735"},{"taxonomy":"post_tag","embeddable":true,"href":"https:\/\/luchonoticias.com\/editor\/wp-json\/wp\/v2\/tags?post=26735"}],"curies":[{"name":"wp","href":"https:\/\/api.w.org\/{rel}","templated":true}]}}