{"id":26748,"date":"2022-05-27T05:08:27","date_gmt":"2022-05-27T10:08:27","guid":{"rendered":"https:\/\/luchonoticias.com\/?p=26748"},"modified":"2022-05-27T05:08:30","modified_gmt":"2022-05-27T10:08:30","slug":"con-actividades-ludico-deportivas-estudiantes-de-neiva-aprenden-sobre-cultura-motor","status":"publish","type":"post","link":"https:\/\/luchonoticias.com\/editor\/con-actividades-ludico-deportivas-estudiantes-de-neiva-aprenden-sobre-cultura-motor\/","title":{"rendered":"Con actividades l\u00fadico deportivas estudiantes de Neiva aprenden sobre cultura motor"},"content":{"rendered":"\n<p>En el marco del programa \u2018Rugen los Motores con Cultura\u2019, liderado por la Administraci\u00f3n Municipal en un trabajo articulado con la agremiaci\u00f3n Cultura Motor, la Alcald\u00eda de Neiva, a trav\u00e9s de la Secretar\u00eda de Movilidad, inici\u00f3 un importante trabajo de sensibilizaci\u00f3n con j\u00f3venes de los grados 9\u00ba, 10\u00ba y 11\u00ba, de las diferentes instituciones educativas de la ciudad.<\/p>\n\n\n\n<p>Este trabajo de sensibilizaci\u00f3n arranc\u00f3 con j\u00f3venes de la Instituci\u00f3n Educativa Central, quienes conocieron testimonios reales de otros j\u00f3venes que han sufrido considerables lesiones f\u00edsicas al participar de los denominados piques ilegales.<\/p>\n\n\n\n<figure class=\"wp-block-gallery has-nested-images columns-default is-cropped wp-block-gallery-1 is-layout-flex wp-block-gallery-is-layout-flex\">\n<figure class=\"wp-block-image size-large\"><img decoding=\"async\" data-id=\"26752\" src=\"https:\/\/luchonoticias.com\/wp-content\/uploads\/2022\/05\/WhatsApp-Image-2022-05-26-at-6.46.36-PM-1024x652.jpeg\" alt=\"\" class=\"wp-image-26752\"\/><\/figure>\n<\/figure>\n\n\n\n<p>\u201cEstamos llegando a los colegios, con personas que tienen conocimientos de sus motocicletas, para esos j\u00f3venes de los grados 9\u00ba, 10\u00ba y 11\u00ba y poderlos sensibilizar en los peligros que se corren en una motocicleta sin el casco de seguridad, sin el chaleco reflectivo y la responsabilidad que conlleva el conducir una motocicleta\u201d, afirm\u00f3 Alex\u00e1nder S\u00e1nchez, secretario de Movilidad.<\/p>\n\n\n\n<p>Las jornadas, cuentan adem\u00e1s con la participaci\u00f3n activa de representantes huilenses de este deporte extremo, quienes, a trav\u00e9s de su experiencia promueven en los j\u00f3venes la importancia de ser responsables en la v\u00eda y cumplir las normas de tr\u00e1nsito.<\/p>\n\n\n\n<p>\u201cEl mensaje en general a los j\u00f3venes es que deben aprender antes de experimentar sus actitudes para la conducci\u00f3n, nosotros contamos con mucha gente experimentada, gente que ha ido a competir dentro y fuera del pa\u00eds representando el departamento. Queremos dar a ellos el mensaje de que con prevenci\u00f3n y cumpliendo las normas, se pueden hacer grandes cosas y. lo m\u00e1s importante. que es salvar nuestras vidas y la de todos los actores viales\u201d. resalt\u00f3 Rafael Antonio Delgado, directivo de Cultura Motor.<\/p>\n\n\n\n<p>A trav\u00e9s de estas jornadas l\u00fadicas, la Administraci\u00f3n Municipal busca llegar a todas las instituciones educativas y colegios p\u00fablicos y privados de la ciudad con el fin de sensibilizar a toda la poblaci\u00f3n juvenil y lograr disminuir los siniestros viales provocados por este tipo de imprudencias.<\/p>\n\n\n\n<figure class=\"wp-block-gallery has-nested-images columns-default is-cropped wp-block-gallery-2 is-layout-flex wp-block-gallery-is-layout-flex\">\n<figure class=\"wp-block-image size-large\"><img decoding=\"async\" data-id=\"26751\" src=\"https:\/\/luchonoticias.com\/wp-content\/uploads\/2022\/05\/WhatsApp-Image-2022-05-26-at-6.46.35-PM-1-1024x683.jpeg\" alt=\"\" class=\"wp-image-26751\"\/><\/figure>\n\n\n\n<figure class=\"wp-block-image size-large\"><img decoding=\"async\" data-id=\"26750\" src=\"https:\/\/luchonoticias.com\/wp-content\/uploads\/2022\/05\/WhatsApp-Image-2022-05-26-at-6.46.35-PM-1024x683.jpeg\" alt=\"\" class=\"wp-image-26750\"\/><\/figure>\n<\/figure>\n\n\n\n<p><strong>Cultura vial<\/strong><\/p>\n\n\n\n<p>Por su parte, el Secretario de Movilidad de Neiva hace un llamado a todos los conductores de la ciudad a hacer buen uso de los veh\u00edculos y respetar las normas y se\u00f1ales de tr\u00e1nsito. \u201cLa invitaci\u00f3n es a que, si est\u00e1 en una motocicleta no realizar maniobras peligrosas, utilizar casco de seguridad, la prenda reflectiva, no llevar sobrecupo en la motocicleta. Si es en el veh\u00edculo, respetar los l\u00edmites de velocidad, el cintur\u00f3n de seguridad y, ante todo, apostarle a la educaci\u00f3n vial antes de una sanci\u00f3n\u201d.<\/p>\n\n\n\n<p>El programa contempla, adem\u00e1s, jornadas de sensibilizaci\u00f3n en las v\u00edas de la ciudad a trav\u00e9s de operativos pedag\u00f3gicos y realizaci\u00f3n de diferentes eventos abiertos a toda la poblaci\u00f3n de la ciudad, entre los cuales se encuentran concursos de balineras, v\u00e1lidas y dem\u00e1s relacionados con este deporte.<\/p>\n","protected":false},"excerpt":{"rendered":"<p>En el marco del programa \u2018Rugen los Motores con Cultura\u2019, liderado por la Administraci\u00f3n Municipal en un trabajo articulado con la agremiaci\u00f3n Cultura Motor, la Alcald\u00eda de Neiva, a trav\u00e9s de la Secretar\u00eda de Movilidad, inici\u00f3 un importante trabajo de sensibilizaci\u00f3n con j\u00f3venes de los grados 9\u00ba, 10\u00ba y 11\u00ba, de las diferentes instituciones educativas [&hellip;]<\/p>\n","protected":false},"author":1,"featured_media":0,"comment_status":"open","ping_status":"open","sticky":false,"template":"","format":"standard","meta":{"footnotes":""},"categories":[36,53],"tags":[],"class_list":["post-26748","post","type-post","status-publish","format-standard","hentry","category-destacado","category-neiva"],"yoast_head":"<!-- This site is optimized with the Yoast SEO plugin v26.6 - https:\/\/yoast.com\/wordpress\/plugins\/seo\/ -->\n<title>Con actividades l\u00fadico deportivas estudiantes de Neiva aprenden sobre cultura motor -<\/title>\n<meta name=\"robots\" content=\"index, follow, max-snippet:-1, max-image-preview:large, max-video-preview:-1\" \/>\n<link rel=\"canonical\" href=\"https:\/\/luchonoticias.com\/editor\/con-actividades-ludico-deportivas-estudiantes-de-neiva-aprenden-sobre-cultura-motor\/\" \/>\n<meta property=\"og:locale\" content=\"es_ES\" \/>\n<meta property=\"og:type\" content=\"article\" \/>\n<meta property=\"og:title\" content=\"Con actividades l\u00fadico deportivas estudiantes de Neiva aprenden sobre cultura motor -\" \/>\n<meta property=\"og:url\" content=\"https:\/\/luchonoticias.com\/editor\/con-actividades-ludico-deportivas-estudiantes-de-neiva-aprenden-sobre-cultura-motor\/\" \/>\n<meta property=\"article:publisher\" content=\"https:\/\/www.facebook.com\/luchonoticiasneiva\" \/>\n<meta property=\"article:author\" content=\"https:\/\/www.facebook.com\/luchonoticiasneiva\" \/>\n<meta property=\"article:published_time\" content=\"2022-05-27T10:08:27+00:00\" \/>\n<meta property=\"article:modified_time\" content=\"2022-05-27T10:08:30+00:00\" \/>\n<meta property=\"og:image\" content=\"https:\/\/luchonoticias.com\/wp-content\/uploads\/2022\/05\/WhatsApp-Image-2022-05-26-at-6.46.36-PM-1024x652.jpeg\" \/>\n<meta name=\"author\" content=\"admin\" \/>\n<meta name=\"twitter:card\" content=\"summary_large_image\" \/>\n<meta name=\"twitter:label1\" content=\"Escrito por\" \/>\n\t<meta name=\"twitter:data1\" content=\"admin\" \/>\n\t<meta name=\"twitter:label2\" content=\"Tiempo de lectura\" \/>\n\t<meta name=\"twitter:data2\" content=\"2 minutos\" \/>\n<script type=\"application\/ld+json\" class=\"yoast-schema-graph\">{\"@context\":\"https:\/\/schema.org\",\"@graph\":[{\"@type\":\"Article\",\"@id\":\"https:\/\/luchonoticias.com\/editor\/con-actividades-ludico-deportivas-estudiantes-de-neiva-aprenden-sobre-cultura-motor\/#article\",\"isPartOf\":{\"@id\":\"https:\/\/luchonoticias.com\/editor\/con-actividades-ludico-deportivas-estudiantes-de-neiva-aprenden-sobre-cultura-motor\/\"},\"author\":{\"name\":\"admin\",\"@id\":\"https:\/\/luchonoticias.com\/editor\/#\/schema\/person\/7a7fd911f58561fd056dbac7b55af9cd\"},\"headline\":\"Con actividades l\u00fadico deportivas estudiantes de Neiva aprenden sobre cultura motor\",\"datePublished\":\"2022-05-27T10:08:27+00:00\",\"dateModified\":\"2022-05-27T10:08:30+00:00\",\"mainEntityOfPage\":{\"@id\":\"https:\/\/luchonoticias.com\/editor\/con-actividades-ludico-deportivas-estudiantes-de-neiva-aprenden-sobre-cultura-motor\/\"},\"wordCount\":506,\"commentCount\":0,\"publisher\":{\"@id\":\"https:\/\/luchonoticias.com\/editor\/#\/schema\/person\/7a7fd911f58561fd056dbac7b55af9cd\"},\"image\":{\"@id\":\"https:\/\/luchonoticias.com\/editor\/con-actividades-ludico-deportivas-estudiantes-de-neiva-aprenden-sobre-cultura-motor\/#primaryimage\"},\"thumbnailUrl\":\"https:\/\/luchonoticias.com\/wp-content\/uploads\/2022\/05\/WhatsApp-Image-2022-05-26-at-6.46.36-PM-1024x652.jpeg\",\"articleSection\":[\"Destacado\",\"Neiva\"],\"inLanguage\":\"es\",\"potentialAction\":[{\"@type\":\"CommentAction\",\"name\":\"Comment\",\"target\":[\"https:\/\/luchonoticias.com\/editor\/con-actividades-ludico-deportivas-estudiantes-de-neiva-aprenden-sobre-cultura-motor\/#respond\"]}]},{\"@type\":\"WebPage\",\"@id\":\"https:\/\/luchonoticias.com\/editor\/con-actividades-ludico-deportivas-estudiantes-de-neiva-aprenden-sobre-cultura-motor\/\",\"url\":\"https:\/\/luchonoticias.com\/editor\/con-actividades-ludico-deportivas-estudiantes-de-neiva-aprenden-sobre-cultura-motor\/\",\"name\":\"Con actividades l\u00fadico deportivas estudiantes de Neiva aprenden sobre cultura motor -\",\"isPartOf\":{\"@id\":\"https:\/\/luchonoticias.com\/editor\/#website\"},\"primaryImageOfPage\":{\"@id\":\"https:\/\/luchonoticias.com\/editor\/con-actividades-ludico-deportivas-estudiantes-de-neiva-aprenden-sobre-cultura-motor\/#primaryimage\"},\"image\":{\"@id\":\"https:\/\/luchonoticias.com\/editor\/con-actividades-ludico-deportivas-estudiantes-de-neiva-aprenden-sobre-cultura-motor\/#primaryimage\"},\"thumbnailUrl\":\"https:\/\/luchonoticias.com\/wp-content\/uploads\/2022\/05\/WhatsApp-Image-2022-05-26-at-6.46.36-PM-1024x652.jpeg\",\"datePublished\":\"2022-05-27T10:08:27+00:00\",\"dateModified\":\"2022-05-27T10:08:30+00:00\",\"breadcrumb\":{\"@id\":\"https:\/\/luchonoticias.com\/editor\/con-actividades-ludico-deportivas-estudiantes-de-neiva-aprenden-sobre-cultura-motor\/#breadcrumb\"},\"inLanguage\":\"es\",\"potentialAction\":[{\"@type\":\"ReadAction\",\"target\":[\"https:\/\/luchonoticias.com\/editor\/con-actividades-ludico-deportivas-estudiantes-de-neiva-aprenden-sobre-cultura-motor\/\"]}]},{\"@type\":\"ImageObject\",\"inLanguage\":\"es\",\"@id\":\"https:\/\/luchonoticias.com\/editor\/con-actividades-ludico-deportivas-estudiantes-de-neiva-aprenden-sobre-cultura-motor\/#primaryimage\",\"url\":\"https:\/\/luchonoticias.com\/wp-content\/uploads\/2022\/05\/WhatsApp-Image-2022-05-26-at-6.46.36-PM-1024x652.jpeg\",\"contentUrl\":\"https:\/\/luchonoticias.com\/wp-content\/uploads\/2022\/05\/WhatsApp-Image-2022-05-26-at-6.46.36-PM-1024x652.jpeg\"},{\"@type\":\"BreadcrumbList\",\"@id\":\"https:\/\/luchonoticias.com\/editor\/con-actividades-ludico-deportivas-estudiantes-de-neiva-aprenden-sobre-cultura-motor\/#breadcrumb\",\"itemListElement\":[{\"@type\":\"ListItem\",\"position\":1,\"name\":\"Portada\",\"item\":\"https:\/\/luchonoticias.com\/editor\/\"},{\"@type\":\"ListItem\",\"position\":2,\"name\":\"Con actividades l\u00fadico deportivas estudiantes de Neiva aprenden sobre cultura motor\"}]},{\"@type\":\"WebSite\",\"@id\":\"https:\/\/luchonoticias.com\/editor\/#website\",\"url\":\"https:\/\/luchonoticias.com\/editor\/\",\"name\":\"\",\"description\":\"\",\"publisher\":{\"@id\":\"https:\/\/luchonoticias.com\/editor\/#\/schema\/person\/7a7fd911f58561fd056dbac7b55af9cd\"},\"potentialAction\":[{\"@type\":\"SearchAction\",\"target\":{\"@type\":\"EntryPoint\",\"urlTemplate\":\"https:\/\/luchonoticias.com\/editor\/?s={search_term_string}\"},\"query-input\":{\"@type\":\"PropertyValueSpecification\",\"valueRequired\":true,\"valueName\":\"search_term_string\"}}],\"inLanguage\":\"es\"},{\"@type\":[\"Person\",\"Organization\"],\"@id\":\"https:\/\/luchonoticias.com\/editor\/#\/schema\/person\/7a7fd911f58561fd056dbac7b55af9cd\",\"name\":\"admin\",\"image\":{\"@type\":\"ImageObject\",\"inLanguage\":\"es\",\"@id\":\"https:\/\/luchonoticias.com\/editor\/#\/schema\/person\/image\/\",\"url\":\"https:\/\/luchonoticias.com\/editor\/wp-content\/uploads\/2024\/02\/cropped-cropped-logolu.webp\",\"contentUrl\":\"https:\/\/luchonoticias.com\/editor\/wp-content\/uploads\/2024\/02\/cropped-cropped-logolu.webp\",\"width\":382,\"height\":170,\"caption\":\"admin\"},\"logo\":{\"@id\":\"https:\/\/luchonoticias.com\/editor\/#\/schema\/person\/image\/\"},\"sameAs\":[\"https:\/\/www.facebook.com\/luchonoticiasneiva\"],\"url\":\"https:\/\/luchonoticias.com\/editor\/author\/admin\/\"}]}<\/script>\n<!-- \/ Yoast SEO plugin. -->","yoast_head_json":{"title":"Con actividades l\u00fadico deportivas estudiantes de Neiva aprenden sobre cultura motor -","robots":{"index":"index","follow":"follow","max-snippet":"max-snippet:-1","max-image-preview":"max-image-preview:large","max-video-preview":"max-video-preview:-1"},"canonical":"https:\/\/luchonoticias.com\/editor\/con-actividades-ludico-deportivas-estudiantes-de-neiva-aprenden-sobre-cultura-motor\/","og_locale":"es_ES","og_type":"article","og_title":"Con actividades l\u00fadico deportivas estudiantes de Neiva aprenden sobre cultura motor -","og_url":"https:\/\/luchonoticias.com\/editor\/con-actividades-ludico-deportivas-estudiantes-de-neiva-aprenden-sobre-cultura-motor\/","article_publisher":"https:\/\/www.facebook.com\/luchonoticiasneiva","article_author":"https:\/\/www.facebook.com\/luchonoticiasneiva","article_published_time":"2022-05-27T10:08:27+00:00","article_modified_time":"2022-05-27T10:08:30+00:00","og_image":[{"url":"https:\/\/luchonoticias.com\/wp-content\/uploads\/2022\/05\/WhatsApp-Image-2022-05-26-at-6.46.36-PM-1024x652.jpeg","type":"","width":"","height":""}],"author":"admin","twitter_card":"summary_large_image","twitter_misc":{"Escrito por":"admin","Tiempo de lectura":"2 minutos"},"schema":{"@context":"https:\/\/schema.org","@graph":[{"@type":"Article","@id":"https:\/\/luchonoticias.com\/editor\/con-actividades-ludico-deportivas-estudiantes-de-neiva-aprenden-sobre-cultura-motor\/#article","isPartOf":{"@id":"https:\/\/luchonoticias.com\/editor\/con-actividades-ludico-deportivas-estudiantes-de-neiva-aprenden-sobre-cultura-motor\/"},"author":{"name":"admin","@id":"https:\/\/luchonoticias.com\/editor\/#\/schema\/person\/7a7fd911f58561fd056dbac7b55af9cd"},"headline":"Con actividades l\u00fadico deportivas estudiantes de Neiva aprenden sobre cultura motor","datePublished":"2022-05-27T10:08:27+00:00","dateModified":"2022-05-27T10:08:30+00:00","mainEntityOfPage":{"@id":"https:\/\/luchonoticias.com\/editor\/con-actividades-ludico-deportivas-estudiantes-de-neiva-aprenden-sobre-cultura-motor\/"},"wordCount":506,"commentCount":0,"publisher":{"@id":"https:\/\/luchonoticias.com\/editor\/#\/schema\/person\/7a7fd911f58561fd056dbac7b55af9cd"},"image":{"@id":"https:\/\/luchonoticias.com\/editor\/con-actividades-ludico-deportivas-estudiantes-de-neiva-aprenden-sobre-cultura-motor\/#primaryimage"},"thumbnailUrl":"https:\/\/luchonoticias.com\/wp-content\/uploads\/2022\/05\/WhatsApp-Image-2022-05-26-at-6.46.36-PM-1024x652.jpeg","articleSection":["Destacado","Neiva"],"inLanguage":"es","potentialAction":[{"@type":"CommentAction","name":"Comment","target":["https:\/\/luchonoticias.com\/editor\/con-actividades-ludico-deportivas-estudiantes-de-neiva-aprenden-sobre-cultura-motor\/#respond"]}]},{"@type":"WebPage","@id":"https:\/\/luchonoticias.com\/editor\/con-actividades-ludico-deportivas-estudiantes-de-neiva-aprenden-sobre-cultura-motor\/","url":"https:\/\/luchonoticias.com\/editor\/con-actividades-ludico-deportivas-estudiantes-de-neiva-aprenden-sobre-cultura-motor\/","name":"Con actividades l\u00fadico deportivas estudiantes de Neiva aprenden sobre cultura motor -","isPartOf":{"@id":"https:\/\/luchonoticias.com\/editor\/#website"},"primaryImageOfPage":{"@id":"https:\/\/luchonoticias.com\/editor\/con-actividades-ludico-deportivas-estudiantes-de-neiva-aprenden-sobre-cultura-motor\/#primaryimage"},"image":{"@id":"https:\/\/luchonoticias.com\/editor\/con-actividades-ludico-deportivas-estudiantes-de-neiva-aprenden-sobre-cultura-motor\/#primaryimage"},"thumbnailUrl":"https:\/\/luchonoticias.com\/wp-content\/uploads\/2022\/05\/WhatsApp-Image-2022-05-26-at-6.46.36-PM-1024x652.jpeg","datePublished":"2022-05-27T10:08:27+00:00","dateModified":"2022-05-27T10:08:30+00:00","breadcrumb":{"@id":"https:\/\/luchonoticias.com\/editor\/con-actividades-ludico-deportivas-estudiantes-de-neiva-aprenden-sobre-cultura-motor\/#breadcrumb"},"inLanguage":"es","potentialAction":[{"@type":"ReadAction","target":["https:\/\/luchonoticias.com\/editor\/con-actividades-ludico-deportivas-estudiantes-de-neiva-aprenden-sobre-cultura-motor\/"]}]},{"@type":"ImageObject","inLanguage":"es","@id":"https:\/\/luchonoticias.com\/editor\/con-actividades-ludico-deportivas-estudiantes-de-neiva-aprenden-sobre-cultura-motor\/#primaryimage","url":"https:\/\/luchonoticias.com\/wp-content\/uploads\/2022\/05\/WhatsApp-Image-2022-05-26-at-6.46.36-PM-1024x652.jpeg","contentUrl":"https:\/\/luchonoticias.com\/wp-content\/uploads\/2022\/05\/WhatsApp-Image-2022-05-26-at-6.46.36-PM-1024x652.jpeg"},{"@type":"BreadcrumbList","@id":"https:\/\/luchonoticias.com\/editor\/con-actividades-ludico-deportivas-estudiantes-de-neiva-aprenden-sobre-cultura-motor\/#breadcrumb","itemListElement":[{"@type":"ListItem","position":1,"name":"Portada","item":"https:\/\/luchonoticias.com\/editor\/"},{"@type":"ListItem","position":2,"name":"Con actividades l\u00fadico deportivas estudiantes de Neiva aprenden sobre cultura motor"}]},{"@type":"WebSite","@id":"https:\/\/luchonoticias.com\/editor\/#website","url":"https:\/\/luchonoticias.com\/editor\/","name":"","description":"","publisher":{"@id":"https:\/\/luchonoticias.com\/editor\/#\/schema\/person\/7a7fd911f58561fd056dbac7b55af9cd"},"potentialAction":[{"@type":"SearchAction","target":{"@type":"EntryPoint","urlTemplate":"https:\/\/luchonoticias.com\/editor\/?s={search_term_string}"},"query-input":{"@type":"PropertyValueSpecification","valueRequired":true,"valueName":"search_term_string"}}],"inLanguage":"es"},{"@type":["Person","Organization"],"@id":"https:\/\/luchonoticias.com\/editor\/#\/schema\/person\/7a7fd911f58561fd056dbac7b55af9cd","name":"admin","image":{"@type":"ImageObject","inLanguage":"es","@id":"https:\/\/luchonoticias.com\/editor\/#\/schema\/person\/image\/","url":"https:\/\/luchonoticias.com\/editor\/wp-content\/uploads\/2024\/02\/cropped-cropped-logolu.webp","contentUrl":"https:\/\/luchonoticias.com\/editor\/wp-content\/uploads\/2024\/02\/cropped-cropped-logolu.webp","width":382,"height":170,"caption":"admin"},"logo":{"@id":"https:\/\/luchonoticias.com\/editor\/#\/schema\/person\/image\/"},"sameAs":["https:\/\/www.facebook.com\/luchonoticiasneiva"],"url":"https:\/\/luchonoticias.com\/editor\/author\/admin\/"}]}},"_links":{"self":[{"href":"https:\/\/luchonoticias.com\/editor\/wp-json\/wp\/v2\/posts\/26748","targetHints":{"allow":["GET"]}}],"collection":[{"href":"https:\/\/luchonoticias.com\/editor\/wp-json\/wp\/v2\/posts"}],"about":[{"href":"https:\/\/luchonoticias.com\/editor\/wp-json\/wp\/v2\/types\/post"}],"author":[{"embeddable":true,"href":"https:\/\/luchonoticias.com\/editor\/wp-json\/wp\/v2\/users\/1"}],"replies":[{"embeddable":true,"href":"https:\/\/luchonoticias.com\/editor\/wp-json\/wp\/v2\/comments?post=26748"}],"version-history":[{"count":0,"href":"https:\/\/luchonoticias.com\/editor\/wp-json\/wp\/v2\/posts\/26748\/revisions"}],"wp:attachment":[{"href":"https:\/\/luchonoticias.com\/editor\/wp-json\/wp\/v2\/media?parent=26748"}],"wp:term":[{"taxonomy":"category","embeddable":true,"href":"https:\/\/luchonoticias.com\/editor\/wp-json\/wp\/v2\/categories?post=26748"},{"taxonomy":"post_tag","embeddable":true,"href":"https:\/\/luchonoticias.com\/editor\/wp-json\/wp\/v2\/tags?post=26748"}],"curies":[{"name":"wp","href":"https:\/\/api.w.org\/{rel}","templated":true}]}}