{"id":26859,"date":"2022-05-28T18:18:09","date_gmt":"2022-05-28T23:18:09","guid":{"rendered":"https:\/\/luchonoticias.com\/?p=26859"},"modified":"2022-05-28T18:18:11","modified_gmt":"2022-05-28T23:18:11","slug":"mas-de-2-500-hombres-velaran-por-la-seguridad-de-neiva-en-las-elecciones","status":"publish","type":"post","link":"https:\/\/luchonoticias.com\/editor\/mas-de-2-500-hombres-velaran-por-la-seguridad-de-neiva-en-las-elecciones\/","title":{"rendered":"M\u00e1s de 2.500 hombres velar\u00e1n por la seguridad de Neiva en las elecciones"},"content":{"rendered":"\n<p>Un total de 42 instituciones educativas fueron adecuadas, en el \u00e1rea urbana, para lo que ser\u00e1 la primera vuelta de las elecciones presidenciales en Colombia y, desde muy temprano, el s\u00e1bado fue instalado ante cualquier eventualidad que se presente el Puesto de Mando Unificado, PMU.<\/p>\n\n\n\n<p>\u00abCon el fin de poder hacer seguimiento y control a esas garant\u00edas que se requieren, para poder implementar el d\u00eda electoral, toda la log\u00edstica ya est\u00e1 instalada, adecuado para poder que los neivanos salgan a votar de forma segura, dispositivos importantes que quedaron generados en el Decreto 286 donde, a partir de ah\u00ed, tenemos unas medidas que se van a implementar, entre ellas, la ley seca que inicia desde el s\u00e1bado a las 6:00 p.m. El domingo, al terminar la jornada, estaremos nuevamente en PMU\u201d, dijo Gorky Mu\u00f1oz Calder\u00f3n, alcalde de Neiva.<\/p>\n\n\n\n<figure class=\"wp-block-gallery has-nested-images columns-default is-cropped wp-block-gallery-1 is-layout-flex wp-block-gallery-is-layout-flex\">\n<figure class=\"wp-block-image size-large\"><img decoding=\"async\" data-id=\"26861\" src=\"https:\/\/luchonoticias.com\/wp-content\/uploads\/2022\/05\/WhatsApp-Image-2022-05-28-at-5.18.15-PM-1-1024x768.jpeg\" alt=\"\" class=\"wp-image-26861\"\/><\/figure>\n<\/figure>\n\n\n\n<p>El mandatario hizo un llamado a la comunidad e invit\u00f3 salir a votar de forma tranquila, en paz, alegr\u00eda, \u201cque vayamos al ejercicio dem\u00f3crata, donde podamos aportar nuestro grano de arena para que el pa\u00eds siga trabajado de la mejor manera\u201d.<\/p>\n\n\n\n<p>En las instalaciones de la Polic\u00eda Metropolitana se llev\u00f3 a cabo la instalaci\u00f3n del Puesto de Mando Unificado, PMU, de cara a la jornada electoral presidencial que vivir\u00e1 el pa\u00eds. Las autoridades militares, organismos de control, log\u00edstico y dem\u00e1s representantes, estuvieron presentes en la reuni\u00f3n analizando y presentando sus informes para conocer la situaci\u00f3n previa a la jornada.<\/p>\n\n\n\n<p>Existe un parte de tranquilidad hasta el momento, por parte de la Polic\u00eda Metropolitana y el Ej\u00e9rcito. La institucionalidad reunida, de la mano con el Ej\u00e9rcito, Polic\u00eda, Fiscal\u00eda, Ministerio P\u00fablico, Contralor\u00eda y dem\u00e1s organismos garantizar\u00e1n el normal desarrollo de las elecciones.<\/p>\n\n\n\n<figure class=\"wp-block-gallery has-nested-images columns-default is-cropped wp-block-gallery-2 is-layout-flex wp-block-gallery-is-layout-flex\">\n<figure class=\"wp-block-image size-large\"><img decoding=\"async\" data-id=\"26862\" src=\"https:\/\/luchonoticias.com\/wp-content\/uploads\/2022\/05\/WhatsApp-Image-2022-05-28-at-5.18.15-PM-1024x575.jpeg\" alt=\"\" class=\"wp-image-26862\"\/><\/figure>\n\n\n\n<figure class=\"wp-block-image size-large\"><img decoding=\"async\" data-id=\"26863\" src=\"https:\/\/luchonoticias.com\/wp-content\/uploads\/2022\/05\/WhatsApp-Image-2022-05-28-at-5.18.14-PM-2-1024x768.jpeg\" alt=\"\" class=\"wp-image-26863\"\/><\/figure>\n<\/figure>\n\n\n\n<p>El coronel Diego V\u00e1squez, comandante de la Polic\u00eda Metropolitana de Neiva explic\u00f3 que \u201ccontamos con la asistencia de todas las autoridades para analizar todos los aspectos previos a este d\u00eda de elecciones, estamos con las capacidades institucionales y todos los canales de comunicaci\u00f3n para atender cualquier requerimiento en tiempo real. A lo largo de la semana hemos adelantado ciertos planes operativos, los cuales vamos a mantener el fin de semana y tambi\u00e9n el cumplimiento de las medidas restrictivas del decreto de la Alcald\u00eda para que la jornada transcurra en total calma y normalidad. Lo importante es que los neivanos entiendan este compromiso con la democracia, acudan masivamente el domingo, lo hagan de manera anticipada, prevean cualquier situaci\u00f3n que se pueda presentar\u201d.<\/p>\n\n\n\n<p><strong>Polic\u00eda y Ej\u00e9rcito, trabajo en conjunto<\/strong><\/p>\n\n\n\n<p>Ser\u00e1n 2.200 hombres dispuestos por la Polic\u00eda Metropolitana que tiene a cargo 54 puestos de votaci\u00f3n urbanos y en los corregimientos de Vegalarga, Fortalecillas, El Cagu\u00e1n y San Luis.<\/p>\n\n\n\n<p>Por su parte, el Ej\u00e9rcito contar\u00e1 con 636 hombres en 34 puestos de votaci\u00f3n, 66 mesas de votaci\u00f3n en el \u00e1rea de operaciones del Batall\u00f3n Tenerife. El coronel Juan Pablo Baham\u00f3n, comandante del Batall\u00f3n Tenerife agreg\u00f3: \u00abes muy importante brindarle toda esa informaci\u00f3n a la comunidad, todas las instituciones en este d\u00eda est\u00e1n con todas las capacidades volcadas, para garantizar el domingo que se cumplan estos comicios electorales sin ning\u00fan problema, con la \u00fanica intenci\u00f3n de que la comunidad pueda asistir a esos puestos de votaci\u00f3n y cumpla con su derecho constitucional\u2019.<\/p>\n\n\n\n<p>Baham\u00f3n destac\u00f3 que los hombres ya est\u00e1n en los puestos de votaci\u00f3n, que han tenido contacto con l\u00edderes para velar por el cumplimiento de la democracia.<\/p>\n","protected":false},"excerpt":{"rendered":"<p>Un total de 42 instituciones educativas fueron adecuadas, en el \u00e1rea urbana, para lo que ser\u00e1 la primera vuelta de las elecciones presidenciales en Colombia y, desde muy temprano, el s\u00e1bado fue instalado ante cualquier eventualidad que se presente el Puesto de Mando Unificado, PMU. \u00abCon el fin de poder hacer seguimiento y control a [&hellip;]<\/p>\n","protected":false},"author":1,"featured_media":0,"comment_status":"open","ping_status":"open","sticky":false,"template":"","format":"standard","meta":{"footnotes":""},"categories":[36,31],"tags":[],"class_list":["post-26859","post","type-post","status-publish","format-standard","hentry","category-destacado","category-local"],"yoast_head":"<!-- This site is optimized with the Yoast SEO plugin v26.6 - https:\/\/yoast.com\/wordpress\/plugins\/seo\/ -->\n<title>M\u00e1s de 2.500 hombres velar\u00e1n por la seguridad de Neiva en las elecciones -<\/title>\n<meta name=\"robots\" content=\"index, follow, max-snippet:-1, max-image-preview:large, max-video-preview:-1\" \/>\n<link rel=\"canonical\" href=\"https:\/\/luchonoticias.com\/editor\/mas-de-2-500-hombres-velaran-por-la-seguridad-de-neiva-en-las-elecciones\/\" \/>\n<meta property=\"og:locale\" content=\"es_ES\" \/>\n<meta property=\"og:type\" content=\"article\" \/>\n<meta property=\"og:title\" content=\"M\u00e1s de 2.500 hombres velar\u00e1n por la seguridad de Neiva en las elecciones -\" \/>\n<meta property=\"og:url\" content=\"https:\/\/luchonoticias.com\/editor\/mas-de-2-500-hombres-velaran-por-la-seguridad-de-neiva-en-las-elecciones\/\" \/>\n<meta property=\"article:publisher\" content=\"https:\/\/www.facebook.com\/luchonoticiasneiva\" \/>\n<meta property=\"article:author\" content=\"https:\/\/www.facebook.com\/luchonoticiasneiva\" \/>\n<meta property=\"article:published_time\" content=\"2022-05-28T23:18:09+00:00\" \/>\n<meta property=\"article:modified_time\" content=\"2022-05-28T23:18:11+00:00\" \/>\n<meta property=\"og:image\" content=\"https:\/\/luchonoticias.com\/wp-content\/uploads\/2022\/05\/WhatsApp-Image-2022-05-28-at-5.18.15-PM-1-1024x768.jpeg\" \/>\n<meta name=\"author\" content=\"admin\" \/>\n<meta name=\"twitter:card\" content=\"summary_large_image\" \/>\n<meta name=\"twitter:label1\" content=\"Escrito por\" \/>\n\t<meta name=\"twitter:data1\" content=\"admin\" \/>\n\t<meta name=\"twitter:label2\" content=\"Tiempo de lectura\" \/>\n\t<meta name=\"twitter:data2\" content=\"3 minutos\" \/>\n<script type=\"application\/ld+json\" class=\"yoast-schema-graph\">{\"@context\":\"https:\/\/schema.org\",\"@graph\":[{\"@type\":\"Article\",\"@id\":\"https:\/\/luchonoticias.com\/editor\/mas-de-2-500-hombres-velaran-por-la-seguridad-de-neiva-en-las-elecciones\/#article\",\"isPartOf\":{\"@id\":\"https:\/\/luchonoticias.com\/editor\/mas-de-2-500-hombres-velaran-por-la-seguridad-de-neiva-en-las-elecciones\/\"},\"author\":{\"name\":\"admin\",\"@id\":\"https:\/\/luchonoticias.com\/editor\/#\/schema\/person\/7a7fd911f58561fd056dbac7b55af9cd\"},\"headline\":\"M\u00e1s de 2.500 hombres velar\u00e1n por la seguridad de Neiva en las elecciones\",\"datePublished\":\"2022-05-28T23:18:09+00:00\",\"dateModified\":\"2022-05-28T23:18:11+00:00\",\"mainEntityOfPage\":{\"@id\":\"https:\/\/luchonoticias.com\/editor\/mas-de-2-500-hombres-velaran-por-la-seguridad-de-neiva-en-las-elecciones\/\"},\"wordCount\":613,\"commentCount\":0,\"publisher\":{\"@id\":\"https:\/\/luchonoticias.com\/editor\/#\/schema\/person\/7a7fd911f58561fd056dbac7b55af9cd\"},\"image\":{\"@id\":\"https:\/\/luchonoticias.com\/editor\/mas-de-2-500-hombres-velaran-por-la-seguridad-de-neiva-en-las-elecciones\/#primaryimage\"},\"thumbnailUrl\":\"https:\/\/luchonoticias.com\/wp-content\/uploads\/2022\/05\/WhatsApp-Image-2022-05-28-at-5.18.15-PM-1-1024x768.jpeg\",\"articleSection\":[\"Destacado\",\"Local\"],\"inLanguage\":\"es\",\"potentialAction\":[{\"@type\":\"CommentAction\",\"name\":\"Comment\",\"target\":[\"https:\/\/luchonoticias.com\/editor\/mas-de-2-500-hombres-velaran-por-la-seguridad-de-neiva-en-las-elecciones\/#respond\"]}]},{\"@type\":\"WebPage\",\"@id\":\"https:\/\/luchonoticias.com\/editor\/mas-de-2-500-hombres-velaran-por-la-seguridad-de-neiva-en-las-elecciones\/\",\"url\":\"https:\/\/luchonoticias.com\/editor\/mas-de-2-500-hombres-velaran-por-la-seguridad-de-neiva-en-las-elecciones\/\",\"name\":\"M\u00e1s de 2.500 hombres velar\u00e1n por la seguridad de Neiva en las elecciones -\",\"isPartOf\":{\"@id\":\"https:\/\/luchonoticias.com\/editor\/#website\"},\"primaryImageOfPage\":{\"@id\":\"https:\/\/luchonoticias.com\/editor\/mas-de-2-500-hombres-velaran-por-la-seguridad-de-neiva-en-las-elecciones\/#primaryimage\"},\"image\":{\"@id\":\"https:\/\/luchonoticias.com\/editor\/mas-de-2-500-hombres-velaran-por-la-seguridad-de-neiva-en-las-elecciones\/#primaryimage\"},\"thumbnailUrl\":\"https:\/\/luchonoticias.com\/wp-content\/uploads\/2022\/05\/WhatsApp-Image-2022-05-28-at-5.18.15-PM-1-1024x768.jpeg\",\"datePublished\":\"2022-05-28T23:18:09+00:00\",\"dateModified\":\"2022-05-28T23:18:11+00:00\",\"breadcrumb\":{\"@id\":\"https:\/\/luchonoticias.com\/editor\/mas-de-2-500-hombres-velaran-por-la-seguridad-de-neiva-en-las-elecciones\/#breadcrumb\"},\"inLanguage\":\"es\",\"potentialAction\":[{\"@type\":\"ReadAction\",\"target\":[\"https:\/\/luchonoticias.com\/editor\/mas-de-2-500-hombres-velaran-por-la-seguridad-de-neiva-en-las-elecciones\/\"]}]},{\"@type\":\"ImageObject\",\"inLanguage\":\"es\",\"@id\":\"https:\/\/luchonoticias.com\/editor\/mas-de-2-500-hombres-velaran-por-la-seguridad-de-neiva-en-las-elecciones\/#primaryimage\",\"url\":\"https:\/\/luchonoticias.com\/wp-content\/uploads\/2022\/05\/WhatsApp-Image-2022-05-28-at-5.18.15-PM-1-1024x768.jpeg\",\"contentUrl\":\"https:\/\/luchonoticias.com\/wp-content\/uploads\/2022\/05\/WhatsApp-Image-2022-05-28-at-5.18.15-PM-1-1024x768.jpeg\"},{\"@type\":\"BreadcrumbList\",\"@id\":\"https:\/\/luchonoticias.com\/editor\/mas-de-2-500-hombres-velaran-por-la-seguridad-de-neiva-en-las-elecciones\/#breadcrumb\",\"itemListElement\":[{\"@type\":\"ListItem\",\"position\":1,\"name\":\"Portada\",\"item\":\"https:\/\/luchonoticias.com\/editor\/\"},{\"@type\":\"ListItem\",\"position\":2,\"name\":\"M\u00e1s de 2.500 hombres velar\u00e1n por la seguridad de Neiva en las elecciones\"}]},{\"@type\":\"WebSite\",\"@id\":\"https:\/\/luchonoticias.com\/editor\/#website\",\"url\":\"https:\/\/luchonoticias.com\/editor\/\",\"name\":\"\",\"description\":\"\",\"publisher\":{\"@id\":\"https:\/\/luchonoticias.com\/editor\/#\/schema\/person\/7a7fd911f58561fd056dbac7b55af9cd\"},\"potentialAction\":[{\"@type\":\"SearchAction\",\"target\":{\"@type\":\"EntryPoint\",\"urlTemplate\":\"https:\/\/luchonoticias.com\/editor\/?s={search_term_string}\"},\"query-input\":{\"@type\":\"PropertyValueSpecification\",\"valueRequired\":true,\"valueName\":\"search_term_string\"}}],\"inLanguage\":\"es\"},{\"@type\":[\"Person\",\"Organization\"],\"@id\":\"https:\/\/luchonoticias.com\/editor\/#\/schema\/person\/7a7fd911f58561fd056dbac7b55af9cd\",\"name\":\"admin\",\"image\":{\"@type\":\"ImageObject\",\"inLanguage\":\"es\",\"@id\":\"https:\/\/luchonoticias.com\/editor\/#\/schema\/person\/image\/\",\"url\":\"https:\/\/luchonoticias.com\/editor\/wp-content\/uploads\/2024\/02\/cropped-cropped-logolu.webp\",\"contentUrl\":\"https:\/\/luchonoticias.com\/editor\/wp-content\/uploads\/2024\/02\/cropped-cropped-logolu.webp\",\"width\":382,\"height\":170,\"caption\":\"admin\"},\"logo\":{\"@id\":\"https:\/\/luchonoticias.com\/editor\/#\/schema\/person\/image\/\"},\"sameAs\":[\"https:\/\/www.facebook.com\/luchonoticiasneiva\"],\"url\":\"https:\/\/luchonoticias.com\/editor\/author\/admin\/\"}]}<\/script>\n<!-- \/ Yoast SEO plugin. -->","yoast_head_json":{"title":"M\u00e1s de 2.500 hombres velar\u00e1n por la seguridad de Neiva en las elecciones -","robots":{"index":"index","follow":"follow","max-snippet":"max-snippet:-1","max-image-preview":"max-image-preview:large","max-video-preview":"max-video-preview:-1"},"canonical":"https:\/\/luchonoticias.com\/editor\/mas-de-2-500-hombres-velaran-por-la-seguridad-de-neiva-en-las-elecciones\/","og_locale":"es_ES","og_type":"article","og_title":"M\u00e1s de 2.500 hombres velar\u00e1n por la seguridad de Neiva en las elecciones -","og_url":"https:\/\/luchonoticias.com\/editor\/mas-de-2-500-hombres-velaran-por-la-seguridad-de-neiva-en-las-elecciones\/","article_publisher":"https:\/\/www.facebook.com\/luchonoticiasneiva","article_author":"https:\/\/www.facebook.com\/luchonoticiasneiva","article_published_time":"2022-05-28T23:18:09+00:00","article_modified_time":"2022-05-28T23:18:11+00:00","og_image":[{"url":"https:\/\/luchonoticias.com\/wp-content\/uploads\/2022\/05\/WhatsApp-Image-2022-05-28-at-5.18.15-PM-1-1024x768.jpeg","type":"","width":"","height":""}],"author":"admin","twitter_card":"summary_large_image","twitter_misc":{"Escrito por":"admin","Tiempo de lectura":"3 minutos"},"schema":{"@context":"https:\/\/schema.org","@graph":[{"@type":"Article","@id":"https:\/\/luchonoticias.com\/editor\/mas-de-2-500-hombres-velaran-por-la-seguridad-de-neiva-en-las-elecciones\/#article","isPartOf":{"@id":"https:\/\/luchonoticias.com\/editor\/mas-de-2-500-hombres-velaran-por-la-seguridad-de-neiva-en-las-elecciones\/"},"author":{"name":"admin","@id":"https:\/\/luchonoticias.com\/editor\/#\/schema\/person\/7a7fd911f58561fd056dbac7b55af9cd"},"headline":"M\u00e1s de 2.500 hombres velar\u00e1n por la seguridad de Neiva en las elecciones","datePublished":"2022-05-28T23:18:09+00:00","dateModified":"2022-05-28T23:18:11+00:00","mainEntityOfPage":{"@id":"https:\/\/luchonoticias.com\/editor\/mas-de-2-500-hombres-velaran-por-la-seguridad-de-neiva-en-las-elecciones\/"},"wordCount":613,"commentCount":0,"publisher":{"@id":"https:\/\/luchonoticias.com\/editor\/#\/schema\/person\/7a7fd911f58561fd056dbac7b55af9cd"},"image":{"@id":"https:\/\/luchonoticias.com\/editor\/mas-de-2-500-hombres-velaran-por-la-seguridad-de-neiva-en-las-elecciones\/#primaryimage"},"thumbnailUrl":"https:\/\/luchonoticias.com\/wp-content\/uploads\/2022\/05\/WhatsApp-Image-2022-05-28-at-5.18.15-PM-1-1024x768.jpeg","articleSection":["Destacado","Local"],"inLanguage":"es","potentialAction":[{"@type":"CommentAction","name":"Comment","target":["https:\/\/luchonoticias.com\/editor\/mas-de-2-500-hombres-velaran-por-la-seguridad-de-neiva-en-las-elecciones\/#respond"]}]},{"@type":"WebPage","@id":"https:\/\/luchonoticias.com\/editor\/mas-de-2-500-hombres-velaran-por-la-seguridad-de-neiva-en-las-elecciones\/","url":"https:\/\/luchonoticias.com\/editor\/mas-de-2-500-hombres-velaran-por-la-seguridad-de-neiva-en-las-elecciones\/","name":"M\u00e1s de 2.500 hombres velar\u00e1n por la seguridad de Neiva en las elecciones -","isPartOf":{"@id":"https:\/\/luchonoticias.com\/editor\/#website"},"primaryImageOfPage":{"@id":"https:\/\/luchonoticias.com\/editor\/mas-de-2-500-hombres-velaran-por-la-seguridad-de-neiva-en-las-elecciones\/#primaryimage"},"image":{"@id":"https:\/\/luchonoticias.com\/editor\/mas-de-2-500-hombres-velaran-por-la-seguridad-de-neiva-en-las-elecciones\/#primaryimage"},"thumbnailUrl":"https:\/\/luchonoticias.com\/wp-content\/uploads\/2022\/05\/WhatsApp-Image-2022-05-28-at-5.18.15-PM-1-1024x768.jpeg","datePublished":"2022-05-28T23:18:09+00:00","dateModified":"2022-05-28T23:18:11+00:00","breadcrumb":{"@id":"https:\/\/luchonoticias.com\/editor\/mas-de-2-500-hombres-velaran-por-la-seguridad-de-neiva-en-las-elecciones\/#breadcrumb"},"inLanguage":"es","potentialAction":[{"@type":"ReadAction","target":["https:\/\/luchonoticias.com\/editor\/mas-de-2-500-hombres-velaran-por-la-seguridad-de-neiva-en-las-elecciones\/"]}]},{"@type":"ImageObject","inLanguage":"es","@id":"https:\/\/luchonoticias.com\/editor\/mas-de-2-500-hombres-velaran-por-la-seguridad-de-neiva-en-las-elecciones\/#primaryimage","url":"https:\/\/luchonoticias.com\/wp-content\/uploads\/2022\/05\/WhatsApp-Image-2022-05-28-at-5.18.15-PM-1-1024x768.jpeg","contentUrl":"https:\/\/luchonoticias.com\/wp-content\/uploads\/2022\/05\/WhatsApp-Image-2022-05-28-at-5.18.15-PM-1-1024x768.jpeg"},{"@type":"BreadcrumbList","@id":"https:\/\/luchonoticias.com\/editor\/mas-de-2-500-hombres-velaran-por-la-seguridad-de-neiva-en-las-elecciones\/#breadcrumb","itemListElement":[{"@type":"ListItem","position":1,"name":"Portada","item":"https:\/\/luchonoticias.com\/editor\/"},{"@type":"ListItem","position":2,"name":"M\u00e1s de 2.500 hombres velar\u00e1n por la seguridad de Neiva en las elecciones"}]},{"@type":"WebSite","@id":"https:\/\/luchonoticias.com\/editor\/#website","url":"https:\/\/luchonoticias.com\/editor\/","name":"","description":"","publisher":{"@id":"https:\/\/luchonoticias.com\/editor\/#\/schema\/person\/7a7fd911f58561fd056dbac7b55af9cd"},"potentialAction":[{"@type":"SearchAction","target":{"@type":"EntryPoint","urlTemplate":"https:\/\/luchonoticias.com\/editor\/?s={search_term_string}"},"query-input":{"@type":"PropertyValueSpecification","valueRequired":true,"valueName":"search_term_string"}}],"inLanguage":"es"},{"@type":["Person","Organization"],"@id":"https:\/\/luchonoticias.com\/editor\/#\/schema\/person\/7a7fd911f58561fd056dbac7b55af9cd","name":"admin","image":{"@type":"ImageObject","inLanguage":"es","@id":"https:\/\/luchonoticias.com\/editor\/#\/schema\/person\/image\/","url":"https:\/\/luchonoticias.com\/editor\/wp-content\/uploads\/2024\/02\/cropped-cropped-logolu.webp","contentUrl":"https:\/\/luchonoticias.com\/editor\/wp-content\/uploads\/2024\/02\/cropped-cropped-logolu.webp","width":382,"height":170,"caption":"admin"},"logo":{"@id":"https:\/\/luchonoticias.com\/editor\/#\/schema\/person\/image\/"},"sameAs":["https:\/\/www.facebook.com\/luchonoticiasneiva"],"url":"https:\/\/luchonoticias.com\/editor\/author\/admin\/"}]}},"_links":{"self":[{"href":"https:\/\/luchonoticias.com\/editor\/wp-json\/wp\/v2\/posts\/26859","targetHints":{"allow":["GET"]}}],"collection":[{"href":"https:\/\/luchonoticias.com\/editor\/wp-json\/wp\/v2\/posts"}],"about":[{"href":"https:\/\/luchonoticias.com\/editor\/wp-json\/wp\/v2\/types\/post"}],"author":[{"embeddable":true,"href":"https:\/\/luchonoticias.com\/editor\/wp-json\/wp\/v2\/users\/1"}],"replies":[{"embeddable":true,"href":"https:\/\/luchonoticias.com\/editor\/wp-json\/wp\/v2\/comments?post=26859"}],"version-history":[{"count":0,"href":"https:\/\/luchonoticias.com\/editor\/wp-json\/wp\/v2\/posts\/26859\/revisions"}],"wp:attachment":[{"href":"https:\/\/luchonoticias.com\/editor\/wp-json\/wp\/v2\/media?parent=26859"}],"wp:term":[{"taxonomy":"category","embeddable":true,"href":"https:\/\/luchonoticias.com\/editor\/wp-json\/wp\/v2\/categories?post=26859"},{"taxonomy":"post_tag","embeddable":true,"href":"https:\/\/luchonoticias.com\/editor\/wp-json\/wp\/v2\/tags?post=26859"}],"curies":[{"name":"wp","href":"https:\/\/api.w.org\/{rel}","templated":true}]}}