{"id":26885,"date":"2022-05-30T07:39:28","date_gmt":"2022-05-30T12:39:28","guid":{"rendered":"https:\/\/luchonoticias.com\/?p=26885"},"modified":"2022-05-30T07:39:30","modified_gmt":"2022-05-30T12:39:30","slug":"alcalde-de-neiva-y-autoridades-entregaron-parte-de-tranquilidad-en-elecciones","status":"publish","type":"post","link":"https:\/\/luchonoticias.com\/editor\/alcalde-de-neiva-y-autoridades-entregaron-parte-de-tranquilidad-en-elecciones\/","title":{"rendered":"Alcalde de Neiva y autoridades entregaron parte de tranquilidad en elecciones"},"content":{"rendered":"\n<p>En total calma transcurri\u00f3 la jornada electoral presidencial en el departamento del Huila y su capital Neiva, una vez cerradas las urnas, el Puesto de Mando Unificado, PMU, evalu\u00f3 la situaci\u00f3n y activ\u00f3 permanentemente los consejos electorales y otros detalles para lo que ser\u00e1 la segunda vuelta el pr\u00f3ximo 19 de junio.<\/p>\n\n\n\n<p>Gorky Mu\u00f1oz Calder\u00f3n, alcalde de Neiva manifest\u00f3 que \u201ccon mucho cari\u00f1o y voluntad se trabaj\u00f3 integralmente en las decisiones que se ven\u00edan, siempre trabajando en los comit\u00e9s electorales pero tambi\u00e9n en los PMU, y los consejos de seguridad. Ha sido bastante importante que a partir de ah\u00ed, con una hoja de ruta trazada, hoy estamos dando un parte de tranquilidad, donde todos los ciudadanos salimos a votar en paz y alegr\u00eda, se tuvo un balance que ha dejado muy buena opini\u00f3n, una muy buena visi\u00f3n de lo que pas\u00f3 en estas elecciones. Se realizaron sobrevuelos por los sectores rurales de Neiva como Aipecito, Chapinero, San Luis, Vegalarga y El Cagu\u00e1n, como tambi\u00e9n en la zona urbana. Seguimos en comit\u00e9 permanente para lo que ser\u00e1 la segunda vuelta y, l\u00f3gicamente, hay que seguir trabajando, articulando esas decisiones consensuadas para seguir adelante, generando esas garant\u00edas que tanto necesita y puede el pueblo colombiano\u201d.<\/p>\n\n\n\n<p>Adem\u00e1s del Alcalde de Neiva, estuvo presente en el balance el gobernador del Huila, Luis Enrique Duss\u00e1n, el viceministro de Defensa, Gustavo Alonso Ni\u00f1o Furnieles y todos los organismos garantes en la jornada electoral.<\/p>\n\n\n\n<figure class=\"wp-block-gallery has-nested-images columns-default is-cropped wp-block-gallery-1 is-layout-flex wp-block-gallery-is-layout-flex\">\n<figure class=\"wp-block-image size-large\"><img decoding=\"async\" data-id=\"26887\" src=\"https:\/\/luchonoticias.com\/wp-content\/uploads\/2022\/05\/WhatsApp-Image-2022-05-29-at-7.45.05-PM-1024x682.jpeg\" alt=\"\" class=\"wp-image-26887\"\/><\/figure>\n<\/figure>\n\n\n\n<p>El coronel Diego V\u00e1squez, comandante de la Polic\u00eda Metropolitana, tambi\u00e9n se refiri\u00f3 a lo sucedido en la cita electoral. \u201cUn buen balance pero hay que felicitar a la ciudadan\u00eda que acudi\u00f3 de manera oportuna y masiva a los puestos de votaci\u00f3n, felicitar al personal de las Fuerzas Militares y de Polic\u00eda que cumplieron con un eficiente servicio, siempre pensando en el ciudadano, en el de hoy no se registraron capturas por delitos electorales, pero si se realizaron aplicaciones por violaciones al C\u00f3digo de Convivencia, fueron 26 por comportamientos contrarios a la convivencia, a lo que respecta a utilizar el celular dentro de los puestos de votaci\u00f3n fueron 19 medidas y siete a personas que portaban material electoral, de la que fue incautado un total de 1.950 elementos\u201d.<\/p>\n\n\n\n<p>Por su parte el coronel Juan Pablo Baham\u00f3n, comandante del Batall\u00f3n Tenerife puntualiz\u00f3 que \u201cel balance ha sido muy positivo, hasta el momento todo sali\u00f3 con normalidad, no tuvimos alteraciones de orden p\u00fablico, en cada uno de los sitios donde estuvo la presencia del Ej\u00e9rcito se garantiz\u00f3 que la comunidad llegara y pudiera cumplir con el derecho constitucional. Aqu\u00ed el mensaje principal para la comunidad es que todas las condiciones de seguridad est\u00e1n dadas, para que asistan nuevamente a la segunda vuelta el pr\u00f3ximo 19 de junio\u201d.<\/p>\n","protected":false},"excerpt":{"rendered":"<p>En total calma transcurri\u00f3 la jornada electoral presidencial en el departamento del Huila y su capital Neiva, una vez cerradas las urnas, el Puesto de Mando Unificado, PMU, evalu\u00f3 la situaci\u00f3n y activ\u00f3 permanentemente los consejos electorales y otros detalles para lo que ser\u00e1 la segunda vuelta el pr\u00f3ximo 19 de junio. Gorky Mu\u00f1oz Calder\u00f3n, [&hellip;]<\/p>\n","protected":false},"author":1,"featured_media":0,"comment_status":"open","ping_status":"open","sticky":false,"template":"","format":"standard","meta":{"footnotes":""},"categories":[36,31],"tags":[],"class_list":["post-26885","post","type-post","status-publish","format-standard","hentry","category-destacado","category-local"],"yoast_head":"<!-- This site is optimized with the Yoast SEO plugin v26.6 - https:\/\/yoast.com\/wordpress\/plugins\/seo\/ -->\n<title>Alcalde de Neiva y autoridades entregaron parte de tranquilidad en elecciones -<\/title>\n<meta name=\"robots\" content=\"index, follow, max-snippet:-1, max-image-preview:large, max-video-preview:-1\" \/>\n<link rel=\"canonical\" href=\"https:\/\/luchonoticias.com\/editor\/alcalde-de-neiva-y-autoridades-entregaron-parte-de-tranquilidad-en-elecciones\/\" \/>\n<meta property=\"og:locale\" content=\"es_ES\" \/>\n<meta property=\"og:type\" content=\"article\" \/>\n<meta property=\"og:title\" content=\"Alcalde de Neiva y autoridades entregaron parte de tranquilidad en elecciones -\" \/>\n<meta property=\"og:url\" content=\"https:\/\/luchonoticias.com\/editor\/alcalde-de-neiva-y-autoridades-entregaron-parte-de-tranquilidad-en-elecciones\/\" \/>\n<meta property=\"article:publisher\" content=\"https:\/\/www.facebook.com\/luchonoticiasneiva\" \/>\n<meta property=\"article:author\" content=\"https:\/\/www.facebook.com\/luchonoticiasneiva\" \/>\n<meta property=\"article:published_time\" content=\"2022-05-30T12:39:28+00:00\" \/>\n<meta property=\"article:modified_time\" content=\"2022-05-30T12:39:30+00:00\" \/>\n<meta property=\"og:image\" content=\"https:\/\/luchonoticias.com\/wp-content\/uploads\/2022\/05\/WhatsApp-Image-2022-05-29-at-7.45.05-PM-1024x682.jpeg\" \/>\n<meta name=\"author\" content=\"admin\" \/>\n<meta name=\"twitter:card\" content=\"summary_large_image\" \/>\n<meta name=\"twitter:label1\" content=\"Escrito por\" \/>\n\t<meta name=\"twitter:data1\" content=\"admin\" \/>\n\t<meta name=\"twitter:label2\" content=\"Tiempo de lectura\" \/>\n\t<meta name=\"twitter:data2\" content=\"2 minutos\" \/>\n<script type=\"application\/ld+json\" class=\"yoast-schema-graph\">{\"@context\":\"https:\/\/schema.org\",\"@graph\":[{\"@type\":\"Article\",\"@id\":\"https:\/\/luchonoticias.com\/editor\/alcalde-de-neiva-y-autoridades-entregaron-parte-de-tranquilidad-en-elecciones\/#article\",\"isPartOf\":{\"@id\":\"https:\/\/luchonoticias.com\/editor\/alcalde-de-neiva-y-autoridades-entregaron-parte-de-tranquilidad-en-elecciones\/\"},\"author\":{\"name\":\"admin\",\"@id\":\"https:\/\/luchonoticias.com\/editor\/#\/schema\/person\/7a7fd911f58561fd056dbac7b55af9cd\"},\"headline\":\"Alcalde de Neiva y autoridades entregaron parte de tranquilidad en elecciones\",\"datePublished\":\"2022-05-30T12:39:28+00:00\",\"dateModified\":\"2022-05-30T12:39:30+00:00\",\"mainEntityOfPage\":{\"@id\":\"https:\/\/luchonoticias.com\/editor\/alcalde-de-neiva-y-autoridades-entregaron-parte-de-tranquilidad-en-elecciones\/\"},\"wordCount\":489,\"commentCount\":0,\"publisher\":{\"@id\":\"https:\/\/luchonoticias.com\/editor\/#\/schema\/person\/7a7fd911f58561fd056dbac7b55af9cd\"},\"image\":{\"@id\":\"https:\/\/luchonoticias.com\/editor\/alcalde-de-neiva-y-autoridades-entregaron-parte-de-tranquilidad-en-elecciones\/#primaryimage\"},\"thumbnailUrl\":\"https:\/\/luchonoticias.com\/wp-content\/uploads\/2022\/05\/WhatsApp-Image-2022-05-29-at-7.45.05-PM-1024x682.jpeg\",\"articleSection\":[\"Destacado\",\"Local\"],\"inLanguage\":\"es\",\"potentialAction\":[{\"@type\":\"CommentAction\",\"name\":\"Comment\",\"target\":[\"https:\/\/luchonoticias.com\/editor\/alcalde-de-neiva-y-autoridades-entregaron-parte-de-tranquilidad-en-elecciones\/#respond\"]}]},{\"@type\":\"WebPage\",\"@id\":\"https:\/\/luchonoticias.com\/editor\/alcalde-de-neiva-y-autoridades-entregaron-parte-de-tranquilidad-en-elecciones\/\",\"url\":\"https:\/\/luchonoticias.com\/editor\/alcalde-de-neiva-y-autoridades-entregaron-parte-de-tranquilidad-en-elecciones\/\",\"name\":\"Alcalde de Neiva y autoridades entregaron parte de tranquilidad en elecciones -\",\"isPartOf\":{\"@id\":\"https:\/\/luchonoticias.com\/editor\/#website\"},\"primaryImageOfPage\":{\"@id\":\"https:\/\/luchonoticias.com\/editor\/alcalde-de-neiva-y-autoridades-entregaron-parte-de-tranquilidad-en-elecciones\/#primaryimage\"},\"image\":{\"@id\":\"https:\/\/luchonoticias.com\/editor\/alcalde-de-neiva-y-autoridades-entregaron-parte-de-tranquilidad-en-elecciones\/#primaryimage\"},\"thumbnailUrl\":\"https:\/\/luchonoticias.com\/wp-content\/uploads\/2022\/05\/WhatsApp-Image-2022-05-29-at-7.45.05-PM-1024x682.jpeg\",\"datePublished\":\"2022-05-30T12:39:28+00:00\",\"dateModified\":\"2022-05-30T12:39:30+00:00\",\"breadcrumb\":{\"@id\":\"https:\/\/luchonoticias.com\/editor\/alcalde-de-neiva-y-autoridades-entregaron-parte-de-tranquilidad-en-elecciones\/#breadcrumb\"},\"inLanguage\":\"es\",\"potentialAction\":[{\"@type\":\"ReadAction\",\"target\":[\"https:\/\/luchonoticias.com\/editor\/alcalde-de-neiva-y-autoridades-entregaron-parte-de-tranquilidad-en-elecciones\/\"]}]},{\"@type\":\"ImageObject\",\"inLanguage\":\"es\",\"@id\":\"https:\/\/luchonoticias.com\/editor\/alcalde-de-neiva-y-autoridades-entregaron-parte-de-tranquilidad-en-elecciones\/#primaryimage\",\"url\":\"https:\/\/luchonoticias.com\/wp-content\/uploads\/2022\/05\/WhatsApp-Image-2022-05-29-at-7.45.05-PM-1024x682.jpeg\",\"contentUrl\":\"https:\/\/luchonoticias.com\/wp-content\/uploads\/2022\/05\/WhatsApp-Image-2022-05-29-at-7.45.05-PM-1024x682.jpeg\"},{\"@type\":\"BreadcrumbList\",\"@id\":\"https:\/\/luchonoticias.com\/editor\/alcalde-de-neiva-y-autoridades-entregaron-parte-de-tranquilidad-en-elecciones\/#breadcrumb\",\"itemListElement\":[{\"@type\":\"ListItem\",\"position\":1,\"name\":\"Portada\",\"item\":\"https:\/\/luchonoticias.com\/editor\/\"},{\"@type\":\"ListItem\",\"position\":2,\"name\":\"Alcalde de Neiva y autoridades entregaron parte de tranquilidad en elecciones\"}]},{\"@type\":\"WebSite\",\"@id\":\"https:\/\/luchonoticias.com\/editor\/#website\",\"url\":\"https:\/\/luchonoticias.com\/editor\/\",\"name\":\"\",\"description\":\"\",\"publisher\":{\"@id\":\"https:\/\/luchonoticias.com\/editor\/#\/schema\/person\/7a7fd911f58561fd056dbac7b55af9cd\"},\"potentialAction\":[{\"@type\":\"SearchAction\",\"target\":{\"@type\":\"EntryPoint\",\"urlTemplate\":\"https:\/\/luchonoticias.com\/editor\/?s={search_term_string}\"},\"query-input\":{\"@type\":\"PropertyValueSpecification\",\"valueRequired\":true,\"valueName\":\"search_term_string\"}}],\"inLanguage\":\"es\"},{\"@type\":[\"Person\",\"Organization\"],\"@id\":\"https:\/\/luchonoticias.com\/editor\/#\/schema\/person\/7a7fd911f58561fd056dbac7b55af9cd\",\"name\":\"admin\",\"image\":{\"@type\":\"ImageObject\",\"inLanguage\":\"es\",\"@id\":\"https:\/\/luchonoticias.com\/editor\/#\/schema\/person\/image\/\",\"url\":\"https:\/\/luchonoticias.com\/editor\/wp-content\/uploads\/2024\/02\/cropped-cropped-logolu.webp\",\"contentUrl\":\"https:\/\/luchonoticias.com\/editor\/wp-content\/uploads\/2024\/02\/cropped-cropped-logolu.webp\",\"width\":382,\"height\":170,\"caption\":\"admin\"},\"logo\":{\"@id\":\"https:\/\/luchonoticias.com\/editor\/#\/schema\/person\/image\/\"},\"sameAs\":[\"https:\/\/www.facebook.com\/luchonoticiasneiva\"],\"url\":\"https:\/\/luchonoticias.com\/editor\/author\/admin\/\"}]}<\/script>\n<!-- \/ Yoast SEO plugin. -->","yoast_head_json":{"title":"Alcalde de Neiva y autoridades entregaron parte de tranquilidad en elecciones -","robots":{"index":"index","follow":"follow","max-snippet":"max-snippet:-1","max-image-preview":"max-image-preview:large","max-video-preview":"max-video-preview:-1"},"canonical":"https:\/\/luchonoticias.com\/editor\/alcalde-de-neiva-y-autoridades-entregaron-parte-de-tranquilidad-en-elecciones\/","og_locale":"es_ES","og_type":"article","og_title":"Alcalde de Neiva y autoridades entregaron parte de tranquilidad en elecciones -","og_url":"https:\/\/luchonoticias.com\/editor\/alcalde-de-neiva-y-autoridades-entregaron-parte-de-tranquilidad-en-elecciones\/","article_publisher":"https:\/\/www.facebook.com\/luchonoticiasneiva","article_author":"https:\/\/www.facebook.com\/luchonoticiasneiva","article_published_time":"2022-05-30T12:39:28+00:00","article_modified_time":"2022-05-30T12:39:30+00:00","og_image":[{"url":"https:\/\/luchonoticias.com\/wp-content\/uploads\/2022\/05\/WhatsApp-Image-2022-05-29-at-7.45.05-PM-1024x682.jpeg","type":"","width":"","height":""}],"author":"admin","twitter_card":"summary_large_image","twitter_misc":{"Escrito por":"admin","Tiempo de lectura":"2 minutos"},"schema":{"@context":"https:\/\/schema.org","@graph":[{"@type":"Article","@id":"https:\/\/luchonoticias.com\/editor\/alcalde-de-neiva-y-autoridades-entregaron-parte-de-tranquilidad-en-elecciones\/#article","isPartOf":{"@id":"https:\/\/luchonoticias.com\/editor\/alcalde-de-neiva-y-autoridades-entregaron-parte-de-tranquilidad-en-elecciones\/"},"author":{"name":"admin","@id":"https:\/\/luchonoticias.com\/editor\/#\/schema\/person\/7a7fd911f58561fd056dbac7b55af9cd"},"headline":"Alcalde de Neiva y autoridades entregaron parte de tranquilidad en elecciones","datePublished":"2022-05-30T12:39:28+00:00","dateModified":"2022-05-30T12:39:30+00:00","mainEntityOfPage":{"@id":"https:\/\/luchonoticias.com\/editor\/alcalde-de-neiva-y-autoridades-entregaron-parte-de-tranquilidad-en-elecciones\/"},"wordCount":489,"commentCount":0,"publisher":{"@id":"https:\/\/luchonoticias.com\/editor\/#\/schema\/person\/7a7fd911f58561fd056dbac7b55af9cd"},"image":{"@id":"https:\/\/luchonoticias.com\/editor\/alcalde-de-neiva-y-autoridades-entregaron-parte-de-tranquilidad-en-elecciones\/#primaryimage"},"thumbnailUrl":"https:\/\/luchonoticias.com\/wp-content\/uploads\/2022\/05\/WhatsApp-Image-2022-05-29-at-7.45.05-PM-1024x682.jpeg","articleSection":["Destacado","Local"],"inLanguage":"es","potentialAction":[{"@type":"CommentAction","name":"Comment","target":["https:\/\/luchonoticias.com\/editor\/alcalde-de-neiva-y-autoridades-entregaron-parte-de-tranquilidad-en-elecciones\/#respond"]}]},{"@type":"WebPage","@id":"https:\/\/luchonoticias.com\/editor\/alcalde-de-neiva-y-autoridades-entregaron-parte-de-tranquilidad-en-elecciones\/","url":"https:\/\/luchonoticias.com\/editor\/alcalde-de-neiva-y-autoridades-entregaron-parte-de-tranquilidad-en-elecciones\/","name":"Alcalde de Neiva y autoridades entregaron parte de tranquilidad en elecciones -","isPartOf":{"@id":"https:\/\/luchonoticias.com\/editor\/#website"},"primaryImageOfPage":{"@id":"https:\/\/luchonoticias.com\/editor\/alcalde-de-neiva-y-autoridades-entregaron-parte-de-tranquilidad-en-elecciones\/#primaryimage"},"image":{"@id":"https:\/\/luchonoticias.com\/editor\/alcalde-de-neiva-y-autoridades-entregaron-parte-de-tranquilidad-en-elecciones\/#primaryimage"},"thumbnailUrl":"https:\/\/luchonoticias.com\/wp-content\/uploads\/2022\/05\/WhatsApp-Image-2022-05-29-at-7.45.05-PM-1024x682.jpeg","datePublished":"2022-05-30T12:39:28+00:00","dateModified":"2022-05-30T12:39:30+00:00","breadcrumb":{"@id":"https:\/\/luchonoticias.com\/editor\/alcalde-de-neiva-y-autoridades-entregaron-parte-de-tranquilidad-en-elecciones\/#breadcrumb"},"inLanguage":"es","potentialAction":[{"@type":"ReadAction","target":["https:\/\/luchonoticias.com\/editor\/alcalde-de-neiva-y-autoridades-entregaron-parte-de-tranquilidad-en-elecciones\/"]}]},{"@type":"ImageObject","inLanguage":"es","@id":"https:\/\/luchonoticias.com\/editor\/alcalde-de-neiva-y-autoridades-entregaron-parte-de-tranquilidad-en-elecciones\/#primaryimage","url":"https:\/\/luchonoticias.com\/wp-content\/uploads\/2022\/05\/WhatsApp-Image-2022-05-29-at-7.45.05-PM-1024x682.jpeg","contentUrl":"https:\/\/luchonoticias.com\/wp-content\/uploads\/2022\/05\/WhatsApp-Image-2022-05-29-at-7.45.05-PM-1024x682.jpeg"},{"@type":"BreadcrumbList","@id":"https:\/\/luchonoticias.com\/editor\/alcalde-de-neiva-y-autoridades-entregaron-parte-de-tranquilidad-en-elecciones\/#breadcrumb","itemListElement":[{"@type":"ListItem","position":1,"name":"Portada","item":"https:\/\/luchonoticias.com\/editor\/"},{"@type":"ListItem","position":2,"name":"Alcalde de Neiva y autoridades entregaron parte de tranquilidad en elecciones"}]},{"@type":"WebSite","@id":"https:\/\/luchonoticias.com\/editor\/#website","url":"https:\/\/luchonoticias.com\/editor\/","name":"","description":"","publisher":{"@id":"https:\/\/luchonoticias.com\/editor\/#\/schema\/person\/7a7fd911f58561fd056dbac7b55af9cd"},"potentialAction":[{"@type":"SearchAction","target":{"@type":"EntryPoint","urlTemplate":"https:\/\/luchonoticias.com\/editor\/?s={search_term_string}"},"query-input":{"@type":"PropertyValueSpecification","valueRequired":true,"valueName":"search_term_string"}}],"inLanguage":"es"},{"@type":["Person","Organization"],"@id":"https:\/\/luchonoticias.com\/editor\/#\/schema\/person\/7a7fd911f58561fd056dbac7b55af9cd","name":"admin","image":{"@type":"ImageObject","inLanguage":"es","@id":"https:\/\/luchonoticias.com\/editor\/#\/schema\/person\/image\/","url":"https:\/\/luchonoticias.com\/editor\/wp-content\/uploads\/2024\/02\/cropped-cropped-logolu.webp","contentUrl":"https:\/\/luchonoticias.com\/editor\/wp-content\/uploads\/2024\/02\/cropped-cropped-logolu.webp","width":382,"height":170,"caption":"admin"},"logo":{"@id":"https:\/\/luchonoticias.com\/editor\/#\/schema\/person\/image\/"},"sameAs":["https:\/\/www.facebook.com\/luchonoticiasneiva"],"url":"https:\/\/luchonoticias.com\/editor\/author\/admin\/"}]}},"_links":{"self":[{"href":"https:\/\/luchonoticias.com\/editor\/wp-json\/wp\/v2\/posts\/26885","targetHints":{"allow":["GET"]}}],"collection":[{"href":"https:\/\/luchonoticias.com\/editor\/wp-json\/wp\/v2\/posts"}],"about":[{"href":"https:\/\/luchonoticias.com\/editor\/wp-json\/wp\/v2\/types\/post"}],"author":[{"embeddable":true,"href":"https:\/\/luchonoticias.com\/editor\/wp-json\/wp\/v2\/users\/1"}],"replies":[{"embeddable":true,"href":"https:\/\/luchonoticias.com\/editor\/wp-json\/wp\/v2\/comments?post=26885"}],"version-history":[{"count":0,"href":"https:\/\/luchonoticias.com\/editor\/wp-json\/wp\/v2\/posts\/26885\/revisions"}],"wp:attachment":[{"href":"https:\/\/luchonoticias.com\/editor\/wp-json\/wp\/v2\/media?parent=26885"}],"wp:term":[{"taxonomy":"category","embeddable":true,"href":"https:\/\/luchonoticias.com\/editor\/wp-json\/wp\/v2\/categories?post=26885"},{"taxonomy":"post_tag","embeddable":true,"href":"https:\/\/luchonoticias.com\/editor\/wp-json\/wp\/v2\/tags?post=26885"}],"curies":[{"name":"wp","href":"https:\/\/api.w.org\/{rel}","templated":true}]}}