{"id":27373,"date":"2022-06-06T08:26:09","date_gmt":"2022-06-06T13:26:09","guid":{"rendered":"https:\/\/luchonoticias.com\/?p=27373"},"modified":"2022-06-06T08:26:11","modified_gmt":"2022-06-06T13:26:11","slug":"nuevo-llamado-a-los-huilenses-a-vacunarse-contra-el-covid-19","status":"publish","type":"post","link":"https:\/\/luchonoticias.com\/editor\/nuevo-llamado-a-los-huilenses-a-vacunarse-contra-el-covid-19\/","title":{"rendered":"Nuevo llamado a los huilenses a vacunarse contra el COVID 19"},"content":{"rendered":"\n<p>Sigue adelante el&nbsp;<strong>plan de choque de vacunaci\u00f3n contra el Covid19&nbsp;<\/strong>en los 37 municipios, al tiempo que&nbsp;<strong>se acerca la fecha l\u00edmite de evaluaci\u00f3n&nbsp;<\/strong>que llevar\u00e1 al Gobierno \u201cHuila Crece\u201d a&nbsp;<strong>tomar decisiones frente a la celebraci\u00f3n de las fiestas,<\/strong>&nbsp;especialmente en los territorios donde se refleja poca voluntad de los ciudadanos por lograr la inmunizaci\u00f3n.<\/p>\n\n\n\n<p>\u201c<strong>Se ha dinamizado la vacunaci\u00f3n<\/strong>, traemos en desarrollo un plan de choque desde el gobierno departamental para&nbsp;<strong>reforzar a los municipios que ven\u00edan m\u00e1s quedados<\/strong>, especialmente en el sur del departamento, ha mejorado y&nbsp;<strong>esperamos que de aqu\u00ed al festival ya todos los municipios puedan lograr ese 70% con esquemas completos<\/strong>\u201d expres\u00f3 el gobernador, Luis Enrique Duss\u00e1n.<\/p>\n\n\n\n<p>As\u00ed mismo afirm\u00f3 que,&nbsp;<strong>los municipios que no logren llegar a los indicadores establecidos<\/strong>&nbsp;ser\u00e1n evaluados y se gestionar\u00e1 ante el Gobierno Nacional la autorizaci\u00f3n para aplicar las medidas restrictivas.<\/p>\n\n\n\n<p>Con corte al 29 de mayo de 2022&nbsp;<strong>se hab\u00edan colocado 1.748.373 dosis<\/strong>, de las cuales 908.330 corresponden a primera dosis, 736.118 a segunda dosis, 219.471 de refuerzo.<\/p>\n\n\n\n<p>Tello, Aipe, Altamira, Santa Mar\u00eda, Agrado, La Argentina, Iquira y Garz\u00f3n se encuentran cerca de alcanzar la meta de cobertura del 70% de esquemas completos, todo est\u00e1 en la voluntad de acudir a los hospitales, IPS y puntos de vacunaci\u00f3n para aportar al cumplimiento del municipio.<\/p>\n","protected":false},"excerpt":{"rendered":"<p>Sigue adelante el&nbsp;plan de choque de vacunaci\u00f3n contra el Covid19&nbsp;en los 37 municipios, al tiempo que&nbsp;se acerca la fecha l\u00edmite de evaluaci\u00f3n&nbsp;que llevar\u00e1 al Gobierno \u201cHuila Crece\u201d a&nbsp;tomar decisiones frente a la celebraci\u00f3n de las fiestas,&nbsp;especialmente en los territorios donde se refleja poca voluntad de los ciudadanos por lograr la inmunizaci\u00f3n. \u201cSe ha dinamizado la [&hellip;]<\/p>\n","protected":false},"author":1,"featured_media":0,"comment_status":"open","ping_status":"open","sticky":false,"template":"","format":"standard","meta":{"footnotes":""},"categories":[36,33],"tags":[],"class_list":["post-27373","post","type-post","status-publish","format-standard","hentry","category-destacado","category-huila"],"yoast_head":"<!-- This site is optimized with the Yoast SEO plugin v26.6 - https:\/\/yoast.com\/wordpress\/plugins\/seo\/ -->\n<title>Nuevo llamado a los huilenses a vacunarse contra el COVID 19 -<\/title>\n<meta name=\"robots\" content=\"index, follow, max-snippet:-1, max-image-preview:large, max-video-preview:-1\" \/>\n<link rel=\"canonical\" href=\"https:\/\/luchonoticias.com\/editor\/nuevo-llamado-a-los-huilenses-a-vacunarse-contra-el-covid-19\/\" \/>\n<meta property=\"og:locale\" content=\"es_ES\" \/>\n<meta property=\"og:type\" content=\"article\" \/>\n<meta property=\"og:title\" content=\"Nuevo llamado a los huilenses a vacunarse contra el COVID 19 -\" \/>\n<meta property=\"og:url\" content=\"https:\/\/luchonoticias.com\/editor\/nuevo-llamado-a-los-huilenses-a-vacunarse-contra-el-covid-19\/\" \/>\n<meta property=\"article:publisher\" content=\"https:\/\/www.facebook.com\/luchonoticiasneiva\" \/>\n<meta property=\"article:author\" content=\"https:\/\/www.facebook.com\/luchonoticiasneiva\" \/>\n<meta property=\"article:published_time\" content=\"2022-06-06T13:26:09+00:00\" \/>\n<meta property=\"article:modified_time\" content=\"2022-06-06T13:26:11+00:00\" \/>\n<meta name=\"author\" content=\"admin\" \/>\n<meta name=\"twitter:card\" content=\"summary_large_image\" \/>\n<meta name=\"twitter:label1\" content=\"Escrito por\" \/>\n\t<meta name=\"twitter:data1\" content=\"admin\" \/>\n\t<meta name=\"twitter:label2\" content=\"Tiempo de lectura\" \/>\n\t<meta name=\"twitter:data2\" content=\"1 minuto\" \/>\n<script type=\"application\/ld+json\" class=\"yoast-schema-graph\">{\"@context\":\"https:\/\/schema.org\",\"@graph\":[{\"@type\":\"Article\",\"@id\":\"https:\/\/luchonoticias.com\/editor\/nuevo-llamado-a-los-huilenses-a-vacunarse-contra-el-covid-19\/#article\",\"isPartOf\":{\"@id\":\"https:\/\/luchonoticias.com\/editor\/nuevo-llamado-a-los-huilenses-a-vacunarse-contra-el-covid-19\/\"},\"author\":{\"name\":\"admin\",\"@id\":\"https:\/\/luchonoticias.com\/editor\/#\/schema\/person\/7a7fd911f58561fd056dbac7b55af9cd\"},\"headline\":\"Nuevo llamado a los huilenses a vacunarse contra el COVID 19\",\"datePublished\":\"2022-06-06T13:26:09+00:00\",\"dateModified\":\"2022-06-06T13:26:11+00:00\",\"mainEntityOfPage\":{\"@id\":\"https:\/\/luchonoticias.com\/editor\/nuevo-llamado-a-los-huilenses-a-vacunarse-contra-el-covid-19\/\"},\"wordCount\":245,\"commentCount\":0,\"publisher\":{\"@id\":\"https:\/\/luchonoticias.com\/editor\/#\/schema\/person\/7a7fd911f58561fd056dbac7b55af9cd\"},\"articleSection\":[\"Destacado\",\"Huila\"],\"inLanguage\":\"es\",\"potentialAction\":[{\"@type\":\"CommentAction\",\"name\":\"Comment\",\"target\":[\"https:\/\/luchonoticias.com\/editor\/nuevo-llamado-a-los-huilenses-a-vacunarse-contra-el-covid-19\/#respond\"]}]},{\"@type\":\"WebPage\",\"@id\":\"https:\/\/luchonoticias.com\/editor\/nuevo-llamado-a-los-huilenses-a-vacunarse-contra-el-covid-19\/\",\"url\":\"https:\/\/luchonoticias.com\/editor\/nuevo-llamado-a-los-huilenses-a-vacunarse-contra-el-covid-19\/\",\"name\":\"Nuevo llamado a los huilenses a vacunarse contra el COVID 19 -\",\"isPartOf\":{\"@id\":\"https:\/\/luchonoticias.com\/editor\/#website\"},\"datePublished\":\"2022-06-06T13:26:09+00:00\",\"dateModified\":\"2022-06-06T13:26:11+00:00\",\"breadcrumb\":{\"@id\":\"https:\/\/luchonoticias.com\/editor\/nuevo-llamado-a-los-huilenses-a-vacunarse-contra-el-covid-19\/#breadcrumb\"},\"inLanguage\":\"es\",\"potentialAction\":[{\"@type\":\"ReadAction\",\"target\":[\"https:\/\/luchonoticias.com\/editor\/nuevo-llamado-a-los-huilenses-a-vacunarse-contra-el-covid-19\/\"]}]},{\"@type\":\"BreadcrumbList\",\"@id\":\"https:\/\/luchonoticias.com\/editor\/nuevo-llamado-a-los-huilenses-a-vacunarse-contra-el-covid-19\/#breadcrumb\",\"itemListElement\":[{\"@type\":\"ListItem\",\"position\":1,\"name\":\"Portada\",\"item\":\"https:\/\/luchonoticias.com\/editor\/\"},{\"@type\":\"ListItem\",\"position\":2,\"name\":\"Nuevo llamado a los huilenses a vacunarse contra el COVID 19\"}]},{\"@type\":\"WebSite\",\"@id\":\"https:\/\/luchonoticias.com\/editor\/#website\",\"url\":\"https:\/\/luchonoticias.com\/editor\/\",\"name\":\"\",\"description\":\"\",\"publisher\":{\"@id\":\"https:\/\/luchonoticias.com\/editor\/#\/schema\/person\/7a7fd911f58561fd056dbac7b55af9cd\"},\"potentialAction\":[{\"@type\":\"SearchAction\",\"target\":{\"@type\":\"EntryPoint\",\"urlTemplate\":\"https:\/\/luchonoticias.com\/editor\/?s={search_term_string}\"},\"query-input\":{\"@type\":\"PropertyValueSpecification\",\"valueRequired\":true,\"valueName\":\"search_term_string\"}}],\"inLanguage\":\"es\"},{\"@type\":[\"Person\",\"Organization\"],\"@id\":\"https:\/\/luchonoticias.com\/editor\/#\/schema\/person\/7a7fd911f58561fd056dbac7b55af9cd\",\"name\":\"admin\",\"image\":{\"@type\":\"ImageObject\",\"inLanguage\":\"es\",\"@id\":\"https:\/\/luchonoticias.com\/editor\/#\/schema\/person\/image\/\",\"url\":\"https:\/\/luchonoticias.com\/editor\/wp-content\/uploads\/2024\/02\/cropped-cropped-logolu.webp\",\"contentUrl\":\"https:\/\/luchonoticias.com\/editor\/wp-content\/uploads\/2024\/02\/cropped-cropped-logolu.webp\",\"width\":382,\"height\":170,\"caption\":\"admin\"},\"logo\":{\"@id\":\"https:\/\/luchonoticias.com\/editor\/#\/schema\/person\/image\/\"},\"sameAs\":[\"https:\/\/www.facebook.com\/luchonoticiasneiva\"],\"url\":\"https:\/\/luchonoticias.com\/editor\/author\/admin\/\"}]}<\/script>\n<!-- \/ Yoast SEO plugin. -->","yoast_head_json":{"title":"Nuevo llamado a los huilenses a vacunarse contra el COVID 19 -","robots":{"index":"index","follow":"follow","max-snippet":"max-snippet:-1","max-image-preview":"max-image-preview:large","max-video-preview":"max-video-preview:-1"},"canonical":"https:\/\/luchonoticias.com\/editor\/nuevo-llamado-a-los-huilenses-a-vacunarse-contra-el-covid-19\/","og_locale":"es_ES","og_type":"article","og_title":"Nuevo llamado a los huilenses a vacunarse contra el COVID 19 -","og_url":"https:\/\/luchonoticias.com\/editor\/nuevo-llamado-a-los-huilenses-a-vacunarse-contra-el-covid-19\/","article_publisher":"https:\/\/www.facebook.com\/luchonoticiasneiva","article_author":"https:\/\/www.facebook.com\/luchonoticiasneiva","article_published_time":"2022-06-06T13:26:09+00:00","article_modified_time":"2022-06-06T13:26:11+00:00","author":"admin","twitter_card":"summary_large_image","twitter_misc":{"Escrito por":"admin","Tiempo de lectura":"1 minuto"},"schema":{"@context":"https:\/\/schema.org","@graph":[{"@type":"Article","@id":"https:\/\/luchonoticias.com\/editor\/nuevo-llamado-a-los-huilenses-a-vacunarse-contra-el-covid-19\/#article","isPartOf":{"@id":"https:\/\/luchonoticias.com\/editor\/nuevo-llamado-a-los-huilenses-a-vacunarse-contra-el-covid-19\/"},"author":{"name":"admin","@id":"https:\/\/luchonoticias.com\/editor\/#\/schema\/person\/7a7fd911f58561fd056dbac7b55af9cd"},"headline":"Nuevo llamado a los huilenses a vacunarse contra el COVID 19","datePublished":"2022-06-06T13:26:09+00:00","dateModified":"2022-06-06T13:26:11+00:00","mainEntityOfPage":{"@id":"https:\/\/luchonoticias.com\/editor\/nuevo-llamado-a-los-huilenses-a-vacunarse-contra-el-covid-19\/"},"wordCount":245,"commentCount":0,"publisher":{"@id":"https:\/\/luchonoticias.com\/editor\/#\/schema\/person\/7a7fd911f58561fd056dbac7b55af9cd"},"articleSection":["Destacado","Huila"],"inLanguage":"es","potentialAction":[{"@type":"CommentAction","name":"Comment","target":["https:\/\/luchonoticias.com\/editor\/nuevo-llamado-a-los-huilenses-a-vacunarse-contra-el-covid-19\/#respond"]}]},{"@type":"WebPage","@id":"https:\/\/luchonoticias.com\/editor\/nuevo-llamado-a-los-huilenses-a-vacunarse-contra-el-covid-19\/","url":"https:\/\/luchonoticias.com\/editor\/nuevo-llamado-a-los-huilenses-a-vacunarse-contra-el-covid-19\/","name":"Nuevo llamado a los huilenses a vacunarse contra el COVID 19 -","isPartOf":{"@id":"https:\/\/luchonoticias.com\/editor\/#website"},"datePublished":"2022-06-06T13:26:09+00:00","dateModified":"2022-06-06T13:26:11+00:00","breadcrumb":{"@id":"https:\/\/luchonoticias.com\/editor\/nuevo-llamado-a-los-huilenses-a-vacunarse-contra-el-covid-19\/#breadcrumb"},"inLanguage":"es","potentialAction":[{"@type":"ReadAction","target":["https:\/\/luchonoticias.com\/editor\/nuevo-llamado-a-los-huilenses-a-vacunarse-contra-el-covid-19\/"]}]},{"@type":"BreadcrumbList","@id":"https:\/\/luchonoticias.com\/editor\/nuevo-llamado-a-los-huilenses-a-vacunarse-contra-el-covid-19\/#breadcrumb","itemListElement":[{"@type":"ListItem","position":1,"name":"Portada","item":"https:\/\/luchonoticias.com\/editor\/"},{"@type":"ListItem","position":2,"name":"Nuevo llamado a los huilenses a vacunarse contra el COVID 19"}]},{"@type":"WebSite","@id":"https:\/\/luchonoticias.com\/editor\/#website","url":"https:\/\/luchonoticias.com\/editor\/","name":"","description":"","publisher":{"@id":"https:\/\/luchonoticias.com\/editor\/#\/schema\/person\/7a7fd911f58561fd056dbac7b55af9cd"},"potentialAction":[{"@type":"SearchAction","target":{"@type":"EntryPoint","urlTemplate":"https:\/\/luchonoticias.com\/editor\/?s={search_term_string}"},"query-input":{"@type":"PropertyValueSpecification","valueRequired":true,"valueName":"search_term_string"}}],"inLanguage":"es"},{"@type":["Person","Organization"],"@id":"https:\/\/luchonoticias.com\/editor\/#\/schema\/person\/7a7fd911f58561fd056dbac7b55af9cd","name":"admin","image":{"@type":"ImageObject","inLanguage":"es","@id":"https:\/\/luchonoticias.com\/editor\/#\/schema\/person\/image\/","url":"https:\/\/luchonoticias.com\/editor\/wp-content\/uploads\/2024\/02\/cropped-cropped-logolu.webp","contentUrl":"https:\/\/luchonoticias.com\/editor\/wp-content\/uploads\/2024\/02\/cropped-cropped-logolu.webp","width":382,"height":170,"caption":"admin"},"logo":{"@id":"https:\/\/luchonoticias.com\/editor\/#\/schema\/person\/image\/"},"sameAs":["https:\/\/www.facebook.com\/luchonoticiasneiva"],"url":"https:\/\/luchonoticias.com\/editor\/author\/admin\/"}]}},"_links":{"self":[{"href":"https:\/\/luchonoticias.com\/editor\/wp-json\/wp\/v2\/posts\/27373","targetHints":{"allow":["GET"]}}],"collection":[{"href":"https:\/\/luchonoticias.com\/editor\/wp-json\/wp\/v2\/posts"}],"about":[{"href":"https:\/\/luchonoticias.com\/editor\/wp-json\/wp\/v2\/types\/post"}],"author":[{"embeddable":true,"href":"https:\/\/luchonoticias.com\/editor\/wp-json\/wp\/v2\/users\/1"}],"replies":[{"embeddable":true,"href":"https:\/\/luchonoticias.com\/editor\/wp-json\/wp\/v2\/comments?post=27373"}],"version-history":[{"count":0,"href":"https:\/\/luchonoticias.com\/editor\/wp-json\/wp\/v2\/posts\/27373\/revisions"}],"wp:attachment":[{"href":"https:\/\/luchonoticias.com\/editor\/wp-json\/wp\/v2\/media?parent=27373"}],"wp:term":[{"taxonomy":"category","embeddable":true,"href":"https:\/\/luchonoticias.com\/editor\/wp-json\/wp\/v2\/categories?post=27373"},{"taxonomy":"post_tag","embeddable":true,"href":"https:\/\/luchonoticias.com\/editor\/wp-json\/wp\/v2\/tags?post=27373"}],"curies":[{"name":"wp","href":"https:\/\/api.w.org\/{rel}","templated":true}]}}