{"id":27378,"date":"2022-06-06T08:30:00","date_gmt":"2022-06-06T13:30:00","guid":{"rendered":"https:\/\/luchonoticias.com\/?p=27378"},"modified":"2022-06-06T08:30:02","modified_gmt":"2022-06-06T13:30:02","slug":"doble-competencia-de-voleibol-playa-en-la-usco","status":"publish","type":"post","link":"https:\/\/luchonoticias.com\/editor\/doble-competencia-de-voleibol-playa-en-la-usco\/","title":{"rendered":"Doble competencia de voleibol playa en la Usco"},"content":{"rendered":"\n<p>de&nbsp;<strong>dos torneos de voleibol playa<\/strong>, uno orientado a los estudiantes, y el otro a toda la comunidad universitaria en general (estudiantes, docentes, egresados y administrativos).<\/p>\n\n\n\n<p>La competencia&nbsp;<strong>tuvo lugar en las canchas de voleibol playa<\/strong>&nbsp;de la entidad acad\u00e9mica, con acci\u00f3n por la ma\u00f1ana para los estudiantes mientras que por la tarde fue el torneo de integraci\u00f3n; estudiantes de educaci\u00f3n f\u00edsica se encargaron del juzgamiento.<\/p>\n\n\n\n<p>Un equipo denominado Pacto Hist\u00f3rico (confirmado por estudiantes de varias carreras) se llev\u00f3 el torneo de la ma\u00f1ana mientras que el de la tarde le dio la victoria al quinteto denominado Los Vencedores.<\/p>\n\n\n\n<p>La competencia fue organizada por la unidad de Bienestar Universitario en colaboraci\u00f3n con la Oficina de Graduados.<\/p>\n","protected":false},"excerpt":{"rendered":"<p>de&nbsp;dos torneos de voleibol playa, uno orientado a los estudiantes, y el otro a toda la comunidad universitaria en general (estudiantes, docentes, egresados y administrativos). La competencia&nbsp;tuvo lugar en las canchas de voleibol playa&nbsp;de la entidad acad\u00e9mica, con acci\u00f3n por la ma\u00f1ana para los estudiantes mientras que por la tarde fue el torneo de integraci\u00f3n; [&hellip;]<\/p>\n","protected":false},"author":1,"featured_media":0,"comment_status":"open","ping_status":"open","sticky":false,"template":"","format":"standard","meta":{"footnotes":""},"categories":[34],"tags":[],"class_list":["post-27378","post","type-post","status-publish","format-standard","hentry","category-deportes"],"yoast_head":"<!-- This site is optimized with the Yoast SEO plugin v26.6 - https:\/\/yoast.com\/wordpress\/plugins\/seo\/ -->\n<title>Doble competencia de voleibol playa en la Usco -<\/title>\n<meta name=\"robots\" content=\"index, follow, max-snippet:-1, max-image-preview:large, max-video-preview:-1\" \/>\n<link rel=\"canonical\" href=\"https:\/\/luchonoticias.com\/editor\/doble-competencia-de-voleibol-playa-en-la-usco\/\" \/>\n<meta property=\"og:locale\" content=\"es_ES\" \/>\n<meta property=\"og:type\" content=\"article\" \/>\n<meta property=\"og:title\" content=\"Doble competencia de voleibol playa en la Usco -\" \/>\n<meta property=\"og:url\" content=\"https:\/\/luchonoticias.com\/editor\/doble-competencia-de-voleibol-playa-en-la-usco\/\" \/>\n<meta property=\"article:publisher\" content=\"https:\/\/www.facebook.com\/luchonoticiasneiva\" \/>\n<meta property=\"article:author\" content=\"https:\/\/www.facebook.com\/luchonoticiasneiva\" \/>\n<meta property=\"article:published_time\" content=\"2022-06-06T13:30:00+00:00\" \/>\n<meta property=\"article:modified_time\" content=\"2022-06-06T13:30:02+00:00\" \/>\n<meta name=\"author\" content=\"admin\" \/>\n<meta name=\"twitter:card\" content=\"summary_large_image\" \/>\n<meta name=\"twitter:label1\" content=\"Escrito por\" \/>\n\t<meta name=\"twitter:data1\" content=\"admin\" \/>\n\t<meta name=\"twitter:label2\" content=\"Tiempo de lectura\" \/>\n\t<meta name=\"twitter:data2\" content=\"1 minuto\" \/>\n<script type=\"application\/ld+json\" class=\"yoast-schema-graph\">{\"@context\":\"https:\/\/schema.org\",\"@graph\":[{\"@type\":\"Article\",\"@id\":\"https:\/\/luchonoticias.com\/editor\/doble-competencia-de-voleibol-playa-en-la-usco\/#article\",\"isPartOf\":{\"@id\":\"https:\/\/luchonoticias.com\/editor\/doble-competencia-de-voleibol-playa-en-la-usco\/\"},\"author\":{\"name\":\"admin\",\"@id\":\"https:\/\/luchonoticias.com\/editor\/#\/schema\/person\/7a7fd911f58561fd056dbac7b55af9cd\"},\"headline\":\"Doble competencia de voleibol playa en la Usco\",\"datePublished\":\"2022-06-06T13:30:00+00:00\",\"dateModified\":\"2022-06-06T13:30:02+00:00\",\"mainEntityOfPage\":{\"@id\":\"https:\/\/luchonoticias.com\/editor\/doble-competencia-de-voleibol-playa-en-la-usco\/\"},\"wordCount\":136,\"commentCount\":0,\"publisher\":{\"@id\":\"https:\/\/luchonoticias.com\/editor\/#\/schema\/person\/7a7fd911f58561fd056dbac7b55af9cd\"},\"articleSection\":[\"Deportes\"],\"inLanguage\":\"es\",\"potentialAction\":[{\"@type\":\"CommentAction\",\"name\":\"Comment\",\"target\":[\"https:\/\/luchonoticias.com\/editor\/doble-competencia-de-voleibol-playa-en-la-usco\/#respond\"]}]},{\"@type\":\"WebPage\",\"@id\":\"https:\/\/luchonoticias.com\/editor\/doble-competencia-de-voleibol-playa-en-la-usco\/\",\"url\":\"https:\/\/luchonoticias.com\/editor\/doble-competencia-de-voleibol-playa-en-la-usco\/\",\"name\":\"Doble competencia de voleibol playa en la Usco -\",\"isPartOf\":{\"@id\":\"https:\/\/luchonoticias.com\/editor\/#website\"},\"datePublished\":\"2022-06-06T13:30:00+00:00\",\"dateModified\":\"2022-06-06T13:30:02+00:00\",\"breadcrumb\":{\"@id\":\"https:\/\/luchonoticias.com\/editor\/doble-competencia-de-voleibol-playa-en-la-usco\/#breadcrumb\"},\"inLanguage\":\"es\",\"potentialAction\":[{\"@type\":\"ReadAction\",\"target\":[\"https:\/\/luchonoticias.com\/editor\/doble-competencia-de-voleibol-playa-en-la-usco\/\"]}]},{\"@type\":\"BreadcrumbList\",\"@id\":\"https:\/\/luchonoticias.com\/editor\/doble-competencia-de-voleibol-playa-en-la-usco\/#breadcrumb\",\"itemListElement\":[{\"@type\":\"ListItem\",\"position\":1,\"name\":\"Portada\",\"item\":\"https:\/\/luchonoticias.com\/editor\/\"},{\"@type\":\"ListItem\",\"position\":2,\"name\":\"Doble competencia de voleibol playa en la Usco\"}]},{\"@type\":\"WebSite\",\"@id\":\"https:\/\/luchonoticias.com\/editor\/#website\",\"url\":\"https:\/\/luchonoticias.com\/editor\/\",\"name\":\"\",\"description\":\"\",\"publisher\":{\"@id\":\"https:\/\/luchonoticias.com\/editor\/#\/schema\/person\/7a7fd911f58561fd056dbac7b55af9cd\"},\"potentialAction\":[{\"@type\":\"SearchAction\",\"target\":{\"@type\":\"EntryPoint\",\"urlTemplate\":\"https:\/\/luchonoticias.com\/editor\/?s={search_term_string}\"},\"query-input\":{\"@type\":\"PropertyValueSpecification\",\"valueRequired\":true,\"valueName\":\"search_term_string\"}}],\"inLanguage\":\"es\"},{\"@type\":[\"Person\",\"Organization\"],\"@id\":\"https:\/\/luchonoticias.com\/editor\/#\/schema\/person\/7a7fd911f58561fd056dbac7b55af9cd\",\"name\":\"admin\",\"image\":{\"@type\":\"ImageObject\",\"inLanguage\":\"es\",\"@id\":\"https:\/\/luchonoticias.com\/editor\/#\/schema\/person\/image\/\",\"url\":\"https:\/\/luchonoticias.com\/editor\/wp-content\/uploads\/2024\/02\/cropped-cropped-logolu.webp\",\"contentUrl\":\"https:\/\/luchonoticias.com\/editor\/wp-content\/uploads\/2024\/02\/cropped-cropped-logolu.webp\",\"width\":382,\"height\":170,\"caption\":\"admin\"},\"logo\":{\"@id\":\"https:\/\/luchonoticias.com\/editor\/#\/schema\/person\/image\/\"},\"sameAs\":[\"https:\/\/www.facebook.com\/luchonoticiasneiva\"],\"url\":\"https:\/\/luchonoticias.com\/editor\/author\/admin\/\"}]}<\/script>\n<!-- \/ Yoast SEO plugin. -->","yoast_head_json":{"title":"Doble competencia de voleibol playa en la Usco -","robots":{"index":"index","follow":"follow","max-snippet":"max-snippet:-1","max-image-preview":"max-image-preview:large","max-video-preview":"max-video-preview:-1"},"canonical":"https:\/\/luchonoticias.com\/editor\/doble-competencia-de-voleibol-playa-en-la-usco\/","og_locale":"es_ES","og_type":"article","og_title":"Doble competencia de voleibol playa en la Usco -","og_url":"https:\/\/luchonoticias.com\/editor\/doble-competencia-de-voleibol-playa-en-la-usco\/","article_publisher":"https:\/\/www.facebook.com\/luchonoticiasneiva","article_author":"https:\/\/www.facebook.com\/luchonoticiasneiva","article_published_time":"2022-06-06T13:30:00+00:00","article_modified_time":"2022-06-06T13:30:02+00:00","author":"admin","twitter_card":"summary_large_image","twitter_misc":{"Escrito por":"admin","Tiempo de lectura":"1 minuto"},"schema":{"@context":"https:\/\/schema.org","@graph":[{"@type":"Article","@id":"https:\/\/luchonoticias.com\/editor\/doble-competencia-de-voleibol-playa-en-la-usco\/#article","isPartOf":{"@id":"https:\/\/luchonoticias.com\/editor\/doble-competencia-de-voleibol-playa-en-la-usco\/"},"author":{"name":"admin","@id":"https:\/\/luchonoticias.com\/editor\/#\/schema\/person\/7a7fd911f58561fd056dbac7b55af9cd"},"headline":"Doble competencia de voleibol playa en la Usco","datePublished":"2022-06-06T13:30:00+00:00","dateModified":"2022-06-06T13:30:02+00:00","mainEntityOfPage":{"@id":"https:\/\/luchonoticias.com\/editor\/doble-competencia-de-voleibol-playa-en-la-usco\/"},"wordCount":136,"commentCount":0,"publisher":{"@id":"https:\/\/luchonoticias.com\/editor\/#\/schema\/person\/7a7fd911f58561fd056dbac7b55af9cd"},"articleSection":["Deportes"],"inLanguage":"es","potentialAction":[{"@type":"CommentAction","name":"Comment","target":["https:\/\/luchonoticias.com\/editor\/doble-competencia-de-voleibol-playa-en-la-usco\/#respond"]}]},{"@type":"WebPage","@id":"https:\/\/luchonoticias.com\/editor\/doble-competencia-de-voleibol-playa-en-la-usco\/","url":"https:\/\/luchonoticias.com\/editor\/doble-competencia-de-voleibol-playa-en-la-usco\/","name":"Doble competencia de voleibol playa en la Usco -","isPartOf":{"@id":"https:\/\/luchonoticias.com\/editor\/#website"},"datePublished":"2022-06-06T13:30:00+00:00","dateModified":"2022-06-06T13:30:02+00:00","breadcrumb":{"@id":"https:\/\/luchonoticias.com\/editor\/doble-competencia-de-voleibol-playa-en-la-usco\/#breadcrumb"},"inLanguage":"es","potentialAction":[{"@type":"ReadAction","target":["https:\/\/luchonoticias.com\/editor\/doble-competencia-de-voleibol-playa-en-la-usco\/"]}]},{"@type":"BreadcrumbList","@id":"https:\/\/luchonoticias.com\/editor\/doble-competencia-de-voleibol-playa-en-la-usco\/#breadcrumb","itemListElement":[{"@type":"ListItem","position":1,"name":"Portada","item":"https:\/\/luchonoticias.com\/editor\/"},{"@type":"ListItem","position":2,"name":"Doble competencia de voleibol playa en la Usco"}]},{"@type":"WebSite","@id":"https:\/\/luchonoticias.com\/editor\/#website","url":"https:\/\/luchonoticias.com\/editor\/","name":"","description":"","publisher":{"@id":"https:\/\/luchonoticias.com\/editor\/#\/schema\/person\/7a7fd911f58561fd056dbac7b55af9cd"},"potentialAction":[{"@type":"SearchAction","target":{"@type":"EntryPoint","urlTemplate":"https:\/\/luchonoticias.com\/editor\/?s={search_term_string}"},"query-input":{"@type":"PropertyValueSpecification","valueRequired":true,"valueName":"search_term_string"}}],"inLanguage":"es"},{"@type":["Person","Organization"],"@id":"https:\/\/luchonoticias.com\/editor\/#\/schema\/person\/7a7fd911f58561fd056dbac7b55af9cd","name":"admin","image":{"@type":"ImageObject","inLanguage":"es","@id":"https:\/\/luchonoticias.com\/editor\/#\/schema\/person\/image\/","url":"https:\/\/luchonoticias.com\/editor\/wp-content\/uploads\/2024\/02\/cropped-cropped-logolu.webp","contentUrl":"https:\/\/luchonoticias.com\/editor\/wp-content\/uploads\/2024\/02\/cropped-cropped-logolu.webp","width":382,"height":170,"caption":"admin"},"logo":{"@id":"https:\/\/luchonoticias.com\/editor\/#\/schema\/person\/image\/"},"sameAs":["https:\/\/www.facebook.com\/luchonoticiasneiva"],"url":"https:\/\/luchonoticias.com\/editor\/author\/admin\/"}]}},"_links":{"self":[{"href":"https:\/\/luchonoticias.com\/editor\/wp-json\/wp\/v2\/posts\/27378","targetHints":{"allow":["GET"]}}],"collection":[{"href":"https:\/\/luchonoticias.com\/editor\/wp-json\/wp\/v2\/posts"}],"about":[{"href":"https:\/\/luchonoticias.com\/editor\/wp-json\/wp\/v2\/types\/post"}],"author":[{"embeddable":true,"href":"https:\/\/luchonoticias.com\/editor\/wp-json\/wp\/v2\/users\/1"}],"replies":[{"embeddable":true,"href":"https:\/\/luchonoticias.com\/editor\/wp-json\/wp\/v2\/comments?post=27378"}],"version-history":[{"count":0,"href":"https:\/\/luchonoticias.com\/editor\/wp-json\/wp\/v2\/posts\/27378\/revisions"}],"wp:attachment":[{"href":"https:\/\/luchonoticias.com\/editor\/wp-json\/wp\/v2\/media?parent=27378"}],"wp:term":[{"taxonomy":"category","embeddable":true,"href":"https:\/\/luchonoticias.com\/editor\/wp-json\/wp\/v2\/categories?post=27378"},{"taxonomy":"post_tag","embeddable":true,"href":"https:\/\/luchonoticias.com\/editor\/wp-json\/wp\/v2\/tags?post=27378"}],"curies":[{"name":"wp","href":"https:\/\/api.w.org\/{rel}","templated":true}]}}