{"id":27394,"date":"2022-06-07T05:45:00","date_gmt":"2022-06-07T10:45:00","guid":{"rendered":"https:\/\/luchonoticias.com\/?p=27394"},"modified":"2022-06-07T05:45:02","modified_gmt":"2022-06-07T10:45:02","slug":"fecha-de-contrastes-para-el-huila-en-la-rotax-max","status":"publish","type":"post","link":"https:\/\/luchonoticias.com\/editor\/fecha-de-contrastes-para-el-huila-en-la-rotax-max\/","title":{"rendered":"Fecha de contrastes para el Huila en la Rotax Max"},"content":{"rendered":"\n<p>Cajic\u00e1 fue escenario de la&nbsp;<strong>s\u00e9ptima v\u00e1lida<\/strong>&nbsp;del&nbsp;<strong>campeonato Rotax Max de kartismo,<\/strong>&nbsp;en donde los&nbsp;<strong>pilotos huilenses<\/strong>&nbsp;tuvieron una&nbsp;<strong>jornada de contrastes<\/strong>.<\/p>\n\n\n\n<p><strong>Sebasti\u00e1n \u2018Tat\u00e1n\u2019 Garz\u00f3n<\/strong>&nbsp;protagoniz\u00f3 la&nbsp;<strong>buena noticia para el departamento<\/strong>, en la&nbsp;<strong>categor\u00eda junior<\/strong>&nbsp;Garz\u00f3n pr\u00e1cticamente no tuvo competencia, ganando los tres heat, la pole, la vuelta m\u00e1s r\u00e1pida y la ronda final.<\/p>\n\n\n\n<p><strong>Sebasti\u00e1n Vanegas<\/strong>&nbsp;protagoniz\u00f3 el&nbsp;<strong>contraste de la jornada<\/strong>, el piloto que interviene en la categor\u00eda mini logr\u00f3 buenas posiciones en las clasificatorias y en los heats, no obstante los problemas mec\u00e1nicos se ensa\u00f1aron en su contra y&nbsp;<strong>termin\u00f3 en la quinta plaza<\/strong>&nbsp;tras varios inconvenientes.<\/p>\n","protected":false},"excerpt":{"rendered":"<p>Cajic\u00e1 fue escenario de la&nbsp;s\u00e9ptima v\u00e1lida&nbsp;del&nbsp;campeonato Rotax Max de kartismo,&nbsp;en donde los&nbsp;pilotos huilenses&nbsp;tuvieron una&nbsp;jornada de contrastes. Sebasti\u00e1n \u2018Tat\u00e1n\u2019 Garz\u00f3n&nbsp;protagoniz\u00f3 la&nbsp;buena noticia para el departamento, en la&nbsp;categor\u00eda junior&nbsp;Garz\u00f3n pr\u00e1cticamente no tuvo competencia, ganando los tres heat, la pole, la vuelta m\u00e1s r\u00e1pida y la ronda final. Sebasti\u00e1n Vanegas&nbsp;protagoniz\u00f3 el&nbsp;contraste de la jornada, el piloto que interviene [&hellip;]<\/p>\n","protected":false},"author":1,"featured_media":0,"comment_status":"open","ping_status":"open","sticky":false,"template":"","format":"standard","meta":{"footnotes":""},"categories":[34],"tags":[],"class_list":["post-27394","post","type-post","status-publish","format-standard","hentry","category-deportes"],"yoast_head":"<!-- This site is optimized with the Yoast SEO plugin v26.6 - https:\/\/yoast.com\/wordpress\/plugins\/seo\/ -->\n<title>Fecha de contrastes para el Huila en la Rotax Max -<\/title>\n<meta name=\"robots\" content=\"index, follow, max-snippet:-1, max-image-preview:large, max-video-preview:-1\" \/>\n<link rel=\"canonical\" href=\"https:\/\/luchonoticias.com\/editor\/fecha-de-contrastes-para-el-huila-en-la-rotax-max\/\" \/>\n<meta property=\"og:locale\" content=\"es_ES\" \/>\n<meta property=\"og:type\" content=\"article\" \/>\n<meta property=\"og:title\" content=\"Fecha de contrastes para el Huila en la Rotax Max -\" \/>\n<meta property=\"og:url\" content=\"https:\/\/luchonoticias.com\/editor\/fecha-de-contrastes-para-el-huila-en-la-rotax-max\/\" \/>\n<meta property=\"article:publisher\" content=\"https:\/\/www.facebook.com\/luchonoticiasneiva\" \/>\n<meta property=\"article:author\" content=\"https:\/\/www.facebook.com\/luchonoticiasneiva\" \/>\n<meta property=\"article:published_time\" content=\"2022-06-07T10:45:00+00:00\" \/>\n<meta property=\"article:modified_time\" content=\"2022-06-07T10:45:02+00:00\" \/>\n<meta name=\"author\" content=\"admin\" \/>\n<meta name=\"twitter:card\" content=\"summary_large_image\" \/>\n<meta name=\"twitter:label1\" content=\"Escrito por\" \/>\n\t<meta name=\"twitter:data1\" content=\"admin\" \/>\n\t<meta name=\"twitter:label2\" content=\"Tiempo de lectura\" \/>\n\t<meta name=\"twitter:data2\" content=\"1 minuto\" \/>\n<script type=\"application\/ld+json\" class=\"yoast-schema-graph\">{\"@context\":\"https:\/\/schema.org\",\"@graph\":[{\"@type\":\"Article\",\"@id\":\"https:\/\/luchonoticias.com\/editor\/fecha-de-contrastes-para-el-huila-en-la-rotax-max\/#article\",\"isPartOf\":{\"@id\":\"https:\/\/luchonoticias.com\/editor\/fecha-de-contrastes-para-el-huila-en-la-rotax-max\/\"},\"author\":{\"name\":\"admin\",\"@id\":\"https:\/\/luchonoticias.com\/editor\/#\/schema\/person\/7a7fd911f58561fd056dbac7b55af9cd\"},\"headline\":\"Fecha de contrastes para el Huila en la Rotax Max\",\"datePublished\":\"2022-06-07T10:45:00+00:00\",\"dateModified\":\"2022-06-07T10:45:02+00:00\",\"mainEntityOfPage\":{\"@id\":\"https:\/\/luchonoticias.com\/editor\/fecha-de-contrastes-para-el-huila-en-la-rotax-max\/\"},\"wordCount\":140,\"commentCount\":0,\"publisher\":{\"@id\":\"https:\/\/luchonoticias.com\/editor\/#\/schema\/person\/7a7fd911f58561fd056dbac7b55af9cd\"},\"articleSection\":[\"Deportes\"],\"inLanguage\":\"es\",\"potentialAction\":[{\"@type\":\"CommentAction\",\"name\":\"Comment\",\"target\":[\"https:\/\/luchonoticias.com\/editor\/fecha-de-contrastes-para-el-huila-en-la-rotax-max\/#respond\"]}]},{\"@type\":\"WebPage\",\"@id\":\"https:\/\/luchonoticias.com\/editor\/fecha-de-contrastes-para-el-huila-en-la-rotax-max\/\",\"url\":\"https:\/\/luchonoticias.com\/editor\/fecha-de-contrastes-para-el-huila-en-la-rotax-max\/\",\"name\":\"Fecha de contrastes para el Huila en la Rotax Max -\",\"isPartOf\":{\"@id\":\"https:\/\/luchonoticias.com\/editor\/#website\"},\"datePublished\":\"2022-06-07T10:45:00+00:00\",\"dateModified\":\"2022-06-07T10:45:02+00:00\",\"breadcrumb\":{\"@id\":\"https:\/\/luchonoticias.com\/editor\/fecha-de-contrastes-para-el-huila-en-la-rotax-max\/#breadcrumb\"},\"inLanguage\":\"es\",\"potentialAction\":[{\"@type\":\"ReadAction\",\"target\":[\"https:\/\/luchonoticias.com\/editor\/fecha-de-contrastes-para-el-huila-en-la-rotax-max\/\"]}]},{\"@type\":\"BreadcrumbList\",\"@id\":\"https:\/\/luchonoticias.com\/editor\/fecha-de-contrastes-para-el-huila-en-la-rotax-max\/#breadcrumb\",\"itemListElement\":[{\"@type\":\"ListItem\",\"position\":1,\"name\":\"Portada\",\"item\":\"https:\/\/luchonoticias.com\/editor\/\"},{\"@type\":\"ListItem\",\"position\":2,\"name\":\"Fecha de contrastes para el Huila en la Rotax Max\"}]},{\"@type\":\"WebSite\",\"@id\":\"https:\/\/luchonoticias.com\/editor\/#website\",\"url\":\"https:\/\/luchonoticias.com\/editor\/\",\"name\":\"\",\"description\":\"\",\"publisher\":{\"@id\":\"https:\/\/luchonoticias.com\/editor\/#\/schema\/person\/7a7fd911f58561fd056dbac7b55af9cd\"},\"potentialAction\":[{\"@type\":\"SearchAction\",\"target\":{\"@type\":\"EntryPoint\",\"urlTemplate\":\"https:\/\/luchonoticias.com\/editor\/?s={search_term_string}\"},\"query-input\":{\"@type\":\"PropertyValueSpecification\",\"valueRequired\":true,\"valueName\":\"search_term_string\"}}],\"inLanguage\":\"es\"},{\"@type\":[\"Person\",\"Organization\"],\"@id\":\"https:\/\/luchonoticias.com\/editor\/#\/schema\/person\/7a7fd911f58561fd056dbac7b55af9cd\",\"name\":\"admin\",\"image\":{\"@type\":\"ImageObject\",\"inLanguage\":\"es\",\"@id\":\"https:\/\/luchonoticias.com\/editor\/#\/schema\/person\/image\/\",\"url\":\"https:\/\/luchonoticias.com\/editor\/wp-content\/uploads\/2024\/02\/cropped-cropped-logolu.webp\",\"contentUrl\":\"https:\/\/luchonoticias.com\/editor\/wp-content\/uploads\/2024\/02\/cropped-cropped-logolu.webp\",\"width\":382,\"height\":170,\"caption\":\"admin\"},\"logo\":{\"@id\":\"https:\/\/luchonoticias.com\/editor\/#\/schema\/person\/image\/\"},\"sameAs\":[\"https:\/\/www.facebook.com\/luchonoticiasneiva\"],\"url\":\"https:\/\/luchonoticias.com\/editor\/author\/admin\/\"}]}<\/script>\n<!-- \/ Yoast SEO plugin. -->","yoast_head_json":{"title":"Fecha de contrastes para el Huila en la Rotax Max -","robots":{"index":"index","follow":"follow","max-snippet":"max-snippet:-1","max-image-preview":"max-image-preview:large","max-video-preview":"max-video-preview:-1"},"canonical":"https:\/\/luchonoticias.com\/editor\/fecha-de-contrastes-para-el-huila-en-la-rotax-max\/","og_locale":"es_ES","og_type":"article","og_title":"Fecha de contrastes para el Huila en la Rotax Max -","og_url":"https:\/\/luchonoticias.com\/editor\/fecha-de-contrastes-para-el-huila-en-la-rotax-max\/","article_publisher":"https:\/\/www.facebook.com\/luchonoticiasneiva","article_author":"https:\/\/www.facebook.com\/luchonoticiasneiva","article_published_time":"2022-06-07T10:45:00+00:00","article_modified_time":"2022-06-07T10:45:02+00:00","author":"admin","twitter_card":"summary_large_image","twitter_misc":{"Escrito por":"admin","Tiempo de lectura":"1 minuto"},"schema":{"@context":"https:\/\/schema.org","@graph":[{"@type":"Article","@id":"https:\/\/luchonoticias.com\/editor\/fecha-de-contrastes-para-el-huila-en-la-rotax-max\/#article","isPartOf":{"@id":"https:\/\/luchonoticias.com\/editor\/fecha-de-contrastes-para-el-huila-en-la-rotax-max\/"},"author":{"name":"admin","@id":"https:\/\/luchonoticias.com\/editor\/#\/schema\/person\/7a7fd911f58561fd056dbac7b55af9cd"},"headline":"Fecha de contrastes para el Huila en la Rotax Max","datePublished":"2022-06-07T10:45:00+00:00","dateModified":"2022-06-07T10:45:02+00:00","mainEntityOfPage":{"@id":"https:\/\/luchonoticias.com\/editor\/fecha-de-contrastes-para-el-huila-en-la-rotax-max\/"},"wordCount":140,"commentCount":0,"publisher":{"@id":"https:\/\/luchonoticias.com\/editor\/#\/schema\/person\/7a7fd911f58561fd056dbac7b55af9cd"},"articleSection":["Deportes"],"inLanguage":"es","potentialAction":[{"@type":"CommentAction","name":"Comment","target":["https:\/\/luchonoticias.com\/editor\/fecha-de-contrastes-para-el-huila-en-la-rotax-max\/#respond"]}]},{"@type":"WebPage","@id":"https:\/\/luchonoticias.com\/editor\/fecha-de-contrastes-para-el-huila-en-la-rotax-max\/","url":"https:\/\/luchonoticias.com\/editor\/fecha-de-contrastes-para-el-huila-en-la-rotax-max\/","name":"Fecha de contrastes para el Huila en la Rotax Max -","isPartOf":{"@id":"https:\/\/luchonoticias.com\/editor\/#website"},"datePublished":"2022-06-07T10:45:00+00:00","dateModified":"2022-06-07T10:45:02+00:00","breadcrumb":{"@id":"https:\/\/luchonoticias.com\/editor\/fecha-de-contrastes-para-el-huila-en-la-rotax-max\/#breadcrumb"},"inLanguage":"es","potentialAction":[{"@type":"ReadAction","target":["https:\/\/luchonoticias.com\/editor\/fecha-de-contrastes-para-el-huila-en-la-rotax-max\/"]}]},{"@type":"BreadcrumbList","@id":"https:\/\/luchonoticias.com\/editor\/fecha-de-contrastes-para-el-huila-en-la-rotax-max\/#breadcrumb","itemListElement":[{"@type":"ListItem","position":1,"name":"Portada","item":"https:\/\/luchonoticias.com\/editor\/"},{"@type":"ListItem","position":2,"name":"Fecha de contrastes para el Huila en la Rotax Max"}]},{"@type":"WebSite","@id":"https:\/\/luchonoticias.com\/editor\/#website","url":"https:\/\/luchonoticias.com\/editor\/","name":"","description":"","publisher":{"@id":"https:\/\/luchonoticias.com\/editor\/#\/schema\/person\/7a7fd911f58561fd056dbac7b55af9cd"},"potentialAction":[{"@type":"SearchAction","target":{"@type":"EntryPoint","urlTemplate":"https:\/\/luchonoticias.com\/editor\/?s={search_term_string}"},"query-input":{"@type":"PropertyValueSpecification","valueRequired":true,"valueName":"search_term_string"}}],"inLanguage":"es"},{"@type":["Person","Organization"],"@id":"https:\/\/luchonoticias.com\/editor\/#\/schema\/person\/7a7fd911f58561fd056dbac7b55af9cd","name":"admin","image":{"@type":"ImageObject","inLanguage":"es","@id":"https:\/\/luchonoticias.com\/editor\/#\/schema\/person\/image\/","url":"https:\/\/luchonoticias.com\/editor\/wp-content\/uploads\/2024\/02\/cropped-cropped-logolu.webp","contentUrl":"https:\/\/luchonoticias.com\/editor\/wp-content\/uploads\/2024\/02\/cropped-cropped-logolu.webp","width":382,"height":170,"caption":"admin"},"logo":{"@id":"https:\/\/luchonoticias.com\/editor\/#\/schema\/person\/image\/"},"sameAs":["https:\/\/www.facebook.com\/luchonoticiasneiva"],"url":"https:\/\/luchonoticias.com\/editor\/author\/admin\/"}]}},"_links":{"self":[{"href":"https:\/\/luchonoticias.com\/editor\/wp-json\/wp\/v2\/posts\/27394","targetHints":{"allow":["GET"]}}],"collection":[{"href":"https:\/\/luchonoticias.com\/editor\/wp-json\/wp\/v2\/posts"}],"about":[{"href":"https:\/\/luchonoticias.com\/editor\/wp-json\/wp\/v2\/types\/post"}],"author":[{"embeddable":true,"href":"https:\/\/luchonoticias.com\/editor\/wp-json\/wp\/v2\/users\/1"}],"replies":[{"embeddable":true,"href":"https:\/\/luchonoticias.com\/editor\/wp-json\/wp\/v2\/comments?post=27394"}],"version-history":[{"count":0,"href":"https:\/\/luchonoticias.com\/editor\/wp-json\/wp\/v2\/posts\/27394\/revisions"}],"wp:attachment":[{"href":"https:\/\/luchonoticias.com\/editor\/wp-json\/wp\/v2\/media?parent=27394"}],"wp:term":[{"taxonomy":"category","embeddable":true,"href":"https:\/\/luchonoticias.com\/editor\/wp-json\/wp\/v2\/categories?post=27394"},{"taxonomy":"post_tag","embeddable":true,"href":"https:\/\/luchonoticias.com\/editor\/wp-json\/wp\/v2\/tags?post=27394"}],"curies":[{"name":"wp","href":"https:\/\/api.w.org\/{rel}","templated":true}]}}