{"id":27402,"date":"2022-06-07T05:49:33","date_gmt":"2022-06-07T10:49:33","guid":{"rendered":"https:\/\/luchonoticias.com\/?p=27402"},"modified":"2022-06-07T05:49:44","modified_gmt":"2022-06-07T10:49:44","slug":"productos-huilenses-en-la-plaza-de-bolivar-en-bogota","status":"publish","type":"post","link":"https:\/\/luchonoticias.com\/editor\/productos-huilenses-en-la-plaza-de-bolivar-en-bogota\/","title":{"rendered":"Productos huilenses en la Plaza de Bol\u00edvar en Bogot\u00e1"},"content":{"rendered":"\n<p>El gobernador del Huila, Luis Enrique Duss\u00e1n, hizo presencia en el&nbsp;<strong>mercado campesino<\/strong>&nbsp;llevado a cabo en la Plaza de Bol\u00edvar como presidente de la Junta Directiva de la RAPE-Regi\u00f3n Central en donde habl\u00f3 de c\u00f3mo se lograr\u00e1 superar las brechas de desigualdad para el campesinado de esta regi\u00f3n.<\/p>\n\n\n\n<p>M\u00e1s de&nbsp;<strong>420 productores campesinos de Bogot\u00e1, Boyac\u00e1, Cundinamarca, Huila, Meta y Tolima&nbsp;<\/strong>ofertaron sus productos aut\u00f3ctonos de la m\u00e1s alta calidad y a un precio justo en el tradicional mercado campesino de la Plaza de Bol\u00edvar luego de 2 a\u00f1os de no realizarse por la pandemia del Covid-19.<\/p>\n\n\n\n<p>\u201cMuy contento de\u00a0<strong>ver materializado un sue\u00f1o de toda la Regi\u00f3n Central de Colombia de nuestra RAPE<\/strong>, con Bogot\u00e1 como el principal consumidor de alimento de Colombia, y los departamentos vecinos: Boyac\u00e1, Cundinamarca, Huila, Meta y Tolima como grandes abastecedores. Aqu\u00ed\u00a0<strong>el reto es alimentos de calidad y a menor costo\u00a0<\/strong>para los ciudadanos de Bogot\u00e1 y campesinos de nuestros departamentos bien remunerados, ese es el reto que tenemos y como acortamos esa distancia\u201d, dijo el gobernador del Huila, Luis Enrique Duss\u00e1n L\u00f3pez.\u00a0<\/p>\n\n\n\n<p>Este espacio, que hace parte de la cultura capitalina,&nbsp;<strong>se ha consolidado por a\u00f1os<\/strong>&nbsp;como el escenario para homenajear y resaltar la labor que realizan los m\u00e1s de 750.000 hombres y mujeres del centro del pa\u00eds que trabajan, a diario, la tierra para garantizar la seguridad alimentaria de la Regi\u00f3n Central.<\/p>\n\n\n\n<p>\u201cSe ha venido haciendo un gran trabajo con la creaci\u00f3n de la regi\u00f3n metropolitana Bogot\u00e1-Cundinamarca dentro de lo cual los departamentos vecinos nos sentimos parte, por eso, en buena hora la&nbsp;<strong>creaci\u00f3n de la agenda de comercializaci\u00f3n de Cundinamarca&nbsp;<\/strong>que consideramos nuestro gran aliado. Hablamos de importancia de garantizar temas claves, como alinear verdaderamente la oferta con la gran demanda de alimentos de Bogot\u00e1 especialmente en los programas sociales como el PAE a trav\u00e9s de las compras p\u00fablicas, pero tambi\u00e9n en todos los dem\u00e1s mercados de alimentos de la ciudad de Bogot\u00e1\u201d, enfatiz\u00f3 el primer mandatario de los huilenses.&nbsp;<\/p>\n","protected":false},"excerpt":{"rendered":"<p>El gobernador del Huila, Luis Enrique Duss\u00e1n, hizo presencia en el&nbsp;mercado campesino&nbsp;llevado a cabo en la Plaza de Bol\u00edvar como presidente de la Junta Directiva de la RAPE-Regi\u00f3n Central en donde habl\u00f3 de c\u00f3mo se lograr\u00e1 superar las brechas de desigualdad para el campesinado de esta regi\u00f3n. M\u00e1s de&nbsp;420 productores campesinos de Bogot\u00e1, Boyac\u00e1, Cundinamarca, [&hellip;]<\/p>\n","protected":false},"author":1,"featured_media":0,"comment_status":"open","ping_status":"open","sticky":false,"template":"","format":"standard","meta":{"footnotes":""},"categories":[36,33],"tags":[],"class_list":["post-27402","post","type-post","status-publish","format-standard","hentry","category-destacado","category-huila"],"yoast_head":"<!-- This site is optimized with the Yoast SEO plugin v26.6 - https:\/\/yoast.com\/wordpress\/plugins\/seo\/ -->\n<title>Productos huilenses en la Plaza de Bol\u00edvar en Bogot\u00e1 -<\/title>\n<meta name=\"robots\" content=\"index, follow, max-snippet:-1, max-image-preview:large, max-video-preview:-1\" \/>\n<link rel=\"canonical\" href=\"https:\/\/luchonoticias.com\/editor\/productos-huilenses-en-la-plaza-de-bolivar-en-bogota\/\" \/>\n<meta property=\"og:locale\" content=\"es_ES\" \/>\n<meta property=\"og:type\" content=\"article\" \/>\n<meta property=\"og:title\" content=\"Productos huilenses en la Plaza de Bol\u00edvar en Bogot\u00e1 -\" \/>\n<meta property=\"og:url\" content=\"https:\/\/luchonoticias.com\/editor\/productos-huilenses-en-la-plaza-de-bolivar-en-bogota\/\" \/>\n<meta property=\"article:publisher\" content=\"https:\/\/www.facebook.com\/luchonoticiasneiva\" \/>\n<meta property=\"article:author\" content=\"https:\/\/www.facebook.com\/luchonoticiasneiva\" \/>\n<meta property=\"article:published_time\" content=\"2022-06-07T10:49:33+00:00\" \/>\n<meta property=\"article:modified_time\" content=\"2022-06-07T10:49:44+00:00\" \/>\n<meta name=\"author\" content=\"admin\" \/>\n<meta name=\"twitter:card\" content=\"summary_large_image\" \/>\n<meta name=\"twitter:label1\" content=\"Escrito por\" \/>\n\t<meta name=\"twitter:data1\" content=\"admin\" \/>\n\t<meta name=\"twitter:label2\" content=\"Tiempo de lectura\" \/>\n\t<meta name=\"twitter:data2\" content=\"2 minutos\" \/>\n<script type=\"application\/ld+json\" class=\"yoast-schema-graph\">{\"@context\":\"https:\/\/schema.org\",\"@graph\":[{\"@type\":\"Article\",\"@id\":\"https:\/\/luchonoticias.com\/editor\/productos-huilenses-en-la-plaza-de-bolivar-en-bogota\/#article\",\"isPartOf\":{\"@id\":\"https:\/\/luchonoticias.com\/editor\/productos-huilenses-en-la-plaza-de-bolivar-en-bogota\/\"},\"author\":{\"name\":\"admin\",\"@id\":\"https:\/\/luchonoticias.com\/editor\/#\/schema\/person\/7a7fd911f58561fd056dbac7b55af9cd\"},\"headline\":\"Productos huilenses en la Plaza de Bol\u00edvar en Bogot\u00e1\",\"datePublished\":\"2022-06-07T10:49:33+00:00\",\"dateModified\":\"2022-06-07T10:49:44+00:00\",\"mainEntityOfPage\":{\"@id\":\"https:\/\/luchonoticias.com\/editor\/productos-huilenses-en-la-plaza-de-bolivar-en-bogota\/\"},\"wordCount\":374,\"commentCount\":0,\"publisher\":{\"@id\":\"https:\/\/luchonoticias.com\/editor\/#\/schema\/person\/7a7fd911f58561fd056dbac7b55af9cd\"},\"articleSection\":[\"Destacado\",\"Huila\"],\"inLanguage\":\"es\",\"potentialAction\":[{\"@type\":\"CommentAction\",\"name\":\"Comment\",\"target\":[\"https:\/\/luchonoticias.com\/editor\/productos-huilenses-en-la-plaza-de-bolivar-en-bogota\/#respond\"]}]},{\"@type\":\"WebPage\",\"@id\":\"https:\/\/luchonoticias.com\/editor\/productos-huilenses-en-la-plaza-de-bolivar-en-bogota\/\",\"url\":\"https:\/\/luchonoticias.com\/editor\/productos-huilenses-en-la-plaza-de-bolivar-en-bogota\/\",\"name\":\"Productos huilenses en la Plaza de Bol\u00edvar en Bogot\u00e1 -\",\"isPartOf\":{\"@id\":\"https:\/\/luchonoticias.com\/editor\/#website\"},\"datePublished\":\"2022-06-07T10:49:33+00:00\",\"dateModified\":\"2022-06-07T10:49:44+00:00\",\"breadcrumb\":{\"@id\":\"https:\/\/luchonoticias.com\/editor\/productos-huilenses-en-la-plaza-de-bolivar-en-bogota\/#breadcrumb\"},\"inLanguage\":\"es\",\"potentialAction\":[{\"@type\":\"ReadAction\",\"target\":[\"https:\/\/luchonoticias.com\/editor\/productos-huilenses-en-la-plaza-de-bolivar-en-bogota\/\"]}]},{\"@type\":\"BreadcrumbList\",\"@id\":\"https:\/\/luchonoticias.com\/editor\/productos-huilenses-en-la-plaza-de-bolivar-en-bogota\/#breadcrumb\",\"itemListElement\":[{\"@type\":\"ListItem\",\"position\":1,\"name\":\"Portada\",\"item\":\"https:\/\/luchonoticias.com\/editor\/\"},{\"@type\":\"ListItem\",\"position\":2,\"name\":\"Productos huilenses en la Plaza de Bol\u00edvar en Bogot\u00e1\"}]},{\"@type\":\"WebSite\",\"@id\":\"https:\/\/luchonoticias.com\/editor\/#website\",\"url\":\"https:\/\/luchonoticias.com\/editor\/\",\"name\":\"\",\"description\":\"\",\"publisher\":{\"@id\":\"https:\/\/luchonoticias.com\/editor\/#\/schema\/person\/7a7fd911f58561fd056dbac7b55af9cd\"},\"potentialAction\":[{\"@type\":\"SearchAction\",\"target\":{\"@type\":\"EntryPoint\",\"urlTemplate\":\"https:\/\/luchonoticias.com\/editor\/?s={search_term_string}\"},\"query-input\":{\"@type\":\"PropertyValueSpecification\",\"valueRequired\":true,\"valueName\":\"search_term_string\"}}],\"inLanguage\":\"es\"},{\"@type\":[\"Person\",\"Organization\"],\"@id\":\"https:\/\/luchonoticias.com\/editor\/#\/schema\/person\/7a7fd911f58561fd056dbac7b55af9cd\",\"name\":\"admin\",\"image\":{\"@type\":\"ImageObject\",\"inLanguage\":\"es\",\"@id\":\"https:\/\/luchonoticias.com\/editor\/#\/schema\/person\/image\/\",\"url\":\"https:\/\/luchonoticias.com\/editor\/wp-content\/uploads\/2024\/02\/cropped-cropped-logolu.webp\",\"contentUrl\":\"https:\/\/luchonoticias.com\/editor\/wp-content\/uploads\/2024\/02\/cropped-cropped-logolu.webp\",\"width\":382,\"height\":170,\"caption\":\"admin\"},\"logo\":{\"@id\":\"https:\/\/luchonoticias.com\/editor\/#\/schema\/person\/image\/\"},\"sameAs\":[\"https:\/\/www.facebook.com\/luchonoticiasneiva\"],\"url\":\"https:\/\/luchonoticias.com\/editor\/author\/admin\/\"}]}<\/script>\n<!-- \/ Yoast SEO plugin. -->","yoast_head_json":{"title":"Productos huilenses en la Plaza de Bol\u00edvar en Bogot\u00e1 -","robots":{"index":"index","follow":"follow","max-snippet":"max-snippet:-1","max-image-preview":"max-image-preview:large","max-video-preview":"max-video-preview:-1"},"canonical":"https:\/\/luchonoticias.com\/editor\/productos-huilenses-en-la-plaza-de-bolivar-en-bogota\/","og_locale":"es_ES","og_type":"article","og_title":"Productos huilenses en la Plaza de Bol\u00edvar en Bogot\u00e1 -","og_url":"https:\/\/luchonoticias.com\/editor\/productos-huilenses-en-la-plaza-de-bolivar-en-bogota\/","article_publisher":"https:\/\/www.facebook.com\/luchonoticiasneiva","article_author":"https:\/\/www.facebook.com\/luchonoticiasneiva","article_published_time":"2022-06-07T10:49:33+00:00","article_modified_time":"2022-06-07T10:49:44+00:00","author":"admin","twitter_card":"summary_large_image","twitter_misc":{"Escrito por":"admin","Tiempo de lectura":"2 minutos"},"schema":{"@context":"https:\/\/schema.org","@graph":[{"@type":"Article","@id":"https:\/\/luchonoticias.com\/editor\/productos-huilenses-en-la-plaza-de-bolivar-en-bogota\/#article","isPartOf":{"@id":"https:\/\/luchonoticias.com\/editor\/productos-huilenses-en-la-plaza-de-bolivar-en-bogota\/"},"author":{"name":"admin","@id":"https:\/\/luchonoticias.com\/editor\/#\/schema\/person\/7a7fd911f58561fd056dbac7b55af9cd"},"headline":"Productos huilenses en la Plaza de Bol\u00edvar en Bogot\u00e1","datePublished":"2022-06-07T10:49:33+00:00","dateModified":"2022-06-07T10:49:44+00:00","mainEntityOfPage":{"@id":"https:\/\/luchonoticias.com\/editor\/productos-huilenses-en-la-plaza-de-bolivar-en-bogota\/"},"wordCount":374,"commentCount":0,"publisher":{"@id":"https:\/\/luchonoticias.com\/editor\/#\/schema\/person\/7a7fd911f58561fd056dbac7b55af9cd"},"articleSection":["Destacado","Huila"],"inLanguage":"es","potentialAction":[{"@type":"CommentAction","name":"Comment","target":["https:\/\/luchonoticias.com\/editor\/productos-huilenses-en-la-plaza-de-bolivar-en-bogota\/#respond"]}]},{"@type":"WebPage","@id":"https:\/\/luchonoticias.com\/editor\/productos-huilenses-en-la-plaza-de-bolivar-en-bogota\/","url":"https:\/\/luchonoticias.com\/editor\/productos-huilenses-en-la-plaza-de-bolivar-en-bogota\/","name":"Productos huilenses en la Plaza de Bol\u00edvar en Bogot\u00e1 -","isPartOf":{"@id":"https:\/\/luchonoticias.com\/editor\/#website"},"datePublished":"2022-06-07T10:49:33+00:00","dateModified":"2022-06-07T10:49:44+00:00","breadcrumb":{"@id":"https:\/\/luchonoticias.com\/editor\/productos-huilenses-en-la-plaza-de-bolivar-en-bogota\/#breadcrumb"},"inLanguage":"es","potentialAction":[{"@type":"ReadAction","target":["https:\/\/luchonoticias.com\/editor\/productos-huilenses-en-la-plaza-de-bolivar-en-bogota\/"]}]},{"@type":"BreadcrumbList","@id":"https:\/\/luchonoticias.com\/editor\/productos-huilenses-en-la-plaza-de-bolivar-en-bogota\/#breadcrumb","itemListElement":[{"@type":"ListItem","position":1,"name":"Portada","item":"https:\/\/luchonoticias.com\/editor\/"},{"@type":"ListItem","position":2,"name":"Productos huilenses en la Plaza de Bol\u00edvar en Bogot\u00e1"}]},{"@type":"WebSite","@id":"https:\/\/luchonoticias.com\/editor\/#website","url":"https:\/\/luchonoticias.com\/editor\/","name":"","description":"","publisher":{"@id":"https:\/\/luchonoticias.com\/editor\/#\/schema\/person\/7a7fd911f58561fd056dbac7b55af9cd"},"potentialAction":[{"@type":"SearchAction","target":{"@type":"EntryPoint","urlTemplate":"https:\/\/luchonoticias.com\/editor\/?s={search_term_string}"},"query-input":{"@type":"PropertyValueSpecification","valueRequired":true,"valueName":"search_term_string"}}],"inLanguage":"es"},{"@type":["Person","Organization"],"@id":"https:\/\/luchonoticias.com\/editor\/#\/schema\/person\/7a7fd911f58561fd056dbac7b55af9cd","name":"admin","image":{"@type":"ImageObject","inLanguage":"es","@id":"https:\/\/luchonoticias.com\/editor\/#\/schema\/person\/image\/","url":"https:\/\/luchonoticias.com\/editor\/wp-content\/uploads\/2024\/02\/cropped-cropped-logolu.webp","contentUrl":"https:\/\/luchonoticias.com\/editor\/wp-content\/uploads\/2024\/02\/cropped-cropped-logolu.webp","width":382,"height":170,"caption":"admin"},"logo":{"@id":"https:\/\/luchonoticias.com\/editor\/#\/schema\/person\/image\/"},"sameAs":["https:\/\/www.facebook.com\/luchonoticiasneiva"],"url":"https:\/\/luchonoticias.com\/editor\/author\/admin\/"}]}},"_links":{"self":[{"href":"https:\/\/luchonoticias.com\/editor\/wp-json\/wp\/v2\/posts\/27402","targetHints":{"allow":["GET"]}}],"collection":[{"href":"https:\/\/luchonoticias.com\/editor\/wp-json\/wp\/v2\/posts"}],"about":[{"href":"https:\/\/luchonoticias.com\/editor\/wp-json\/wp\/v2\/types\/post"}],"author":[{"embeddable":true,"href":"https:\/\/luchonoticias.com\/editor\/wp-json\/wp\/v2\/users\/1"}],"replies":[{"embeddable":true,"href":"https:\/\/luchonoticias.com\/editor\/wp-json\/wp\/v2\/comments?post=27402"}],"version-history":[{"count":0,"href":"https:\/\/luchonoticias.com\/editor\/wp-json\/wp\/v2\/posts\/27402\/revisions"}],"wp:attachment":[{"href":"https:\/\/luchonoticias.com\/editor\/wp-json\/wp\/v2\/media?parent=27402"}],"wp:term":[{"taxonomy":"category","embeddable":true,"href":"https:\/\/luchonoticias.com\/editor\/wp-json\/wp\/v2\/categories?post=27402"},{"taxonomy":"post_tag","embeddable":true,"href":"https:\/\/luchonoticias.com\/editor\/wp-json\/wp\/v2\/tags?post=27402"}],"curies":[{"name":"wp","href":"https:\/\/api.w.org\/{rel}","templated":true}]}}