{"id":27406,"date":"2022-06-07T05:51:59","date_gmt":"2022-06-07T10:51:59","guid":{"rendered":"https:\/\/luchonoticias.com\/?p=27406"},"modified":"2022-06-07T05:52:22","modified_gmt":"2022-06-07T10:52:22","slug":"inversion-en-mantenimiento-vial-socializado-ante-la-asamblea","status":"publish","type":"post","link":"https:\/\/luchonoticias.com\/editor\/inversion-en-mantenimiento-vial-socializado-ante-la-asamblea\/","title":{"rendered":"Inversi\u00f3n en mantenimiento vial, socializado ante la Asamblea"},"content":{"rendered":"\n<p>Ante la&nbsp;<strong>citaci\u00f3n de la Asamblea del Huila<\/strong>, el secretario de gobierno, Franky Vega, el secretario de V\u00edas e Infraestructura del Huila Julio Cesar Fierro y el gerente de Aguas del Huila, Genaro Lozada presentaron un balance positivo de las acciones que lidera el gobierno \u201cHuila Crece\u201d.<\/p>\n\n\n\n<p>\u201cPor primera vez en la historia del departamento del Huila&nbsp;<strong>se est\u00e1n invirtiendo m\u00e1s de $30.000 millones en Gesti\u00f3n del Riesgo, sobre todo en el mantenimiento de v\u00edas deterioradas&nbsp;<\/strong>por la temporada de lluvias. Esto es hist\u00f3rico, lo ha dicho reiteradamente, Isabel Hern\u00e1ndez, Coordinadora de Gesti\u00f3n del Riesgo del Huila&nbsp; quien lleva muchos a\u00f1os en este cargo y reconoce p\u00fablicamente que en la historia del departamento y tal vez del pa\u00eds, un departamento como el Huila nunca hab\u00eda tenido esta inversi\u00f3n. Esperamos poderlas ejecutar en los pr\u00f3ximos seis meses. Un trabajo producto de las acciones de nuestro gobernador del Huila, Luis Enrique Duss\u00e1n L\u00f3pez\u201d, expres\u00f3 Franky Vega, secretario de Gobierno y Desarrollo Comunitario del Huila.<\/p>\n\n\n\n<p>Con respecto a la<strong>&nbsp;maquinaria amarilla del departamento<\/strong>&nbsp;el funcionario dijo que estos fueron unos elementos donados hace 9 a\u00f1os por parte de la Unidad Nacional&nbsp; de Gesti\u00f3n del Riesgo, pero que en la actualidad todav\u00eda tienen vida \u00fatil y&nbsp;<strong>en lo corrido del a\u00f1o 2022 han atendido en emergencias 1.927 kil\u00f3metros de v\u00edas&nbsp;<\/strong>y se prepara la implementaci\u00f3n del Plan de Acci\u00f3n Especifico, donde el gobierno \u201cHuila Crece\u201d invertir\u00e1 cerca de $40.000 millones para la recuperaci\u00f3n de&nbsp; v\u00edas afectadas por el invierno.&nbsp;<\/p>\n\n\n\n<p>\u201cCon este Plan de Acci\u00f3n Espec\u00edfico trataremos de llegar a todos los municipios donde nos necesiten, la Asamblea del Huila&nbsp; aprob\u00f3 hace unos d\u00edas unos recursos que llegar\u00e1n al fondo de Gesti\u00f3n y se ejecutar\u00e1n en el departamento, por la calamidad p\u00fablica de lluvias\u201d, agreg\u00f3 el Secretario de Gobierno y Desarrollo Comunitario del Huila.<\/p>\n\n\n\n<p>Por su parte, el Secretario de V\u00edas e Infraestructura, Julio C\u00e9sar Fierro, dijo que<strong>&nbsp;la maquinaria del Huila ha llegado a v\u00edas que no eran competencia del departamento,<\/strong>&nbsp; pero que lo importante era atender las emergencias de cada uno de los municipios afectados y que en la actualidad, se trabaja en un convenio grande para la recuperaci\u00f3n vial en el Huila.<\/p>\n","protected":false},"excerpt":{"rendered":"<p>Ante la&nbsp;citaci\u00f3n de la Asamblea del Huila, el secretario de gobierno, Franky Vega, el secretario de V\u00edas e Infraestructura del Huila Julio Cesar Fierro y el gerente de Aguas del Huila, Genaro Lozada presentaron un balance positivo de las acciones que lidera el gobierno \u201cHuila Crece\u201d. \u201cPor primera vez en la historia del departamento del [&hellip;]<\/p>\n","protected":false},"author":1,"featured_media":0,"comment_status":"open","ping_status":"open","sticky":false,"template":"","format":"standard","meta":{"footnotes":""},"categories":[33],"tags":[],"class_list":["post-27406","post","type-post","status-publish","format-standard","hentry","category-huila"],"yoast_head":"<!-- This site is optimized with the Yoast SEO plugin v26.6 - https:\/\/yoast.com\/wordpress\/plugins\/seo\/ -->\n<title>Inversi\u00f3n en mantenimiento vial, socializado ante la Asamblea -<\/title>\n<meta name=\"robots\" content=\"index, follow, max-snippet:-1, max-image-preview:large, max-video-preview:-1\" \/>\n<link rel=\"canonical\" href=\"https:\/\/luchonoticias.com\/editor\/inversion-en-mantenimiento-vial-socializado-ante-la-asamblea\/\" \/>\n<meta property=\"og:locale\" content=\"es_ES\" \/>\n<meta property=\"og:type\" content=\"article\" \/>\n<meta property=\"og:title\" content=\"Inversi\u00f3n en mantenimiento vial, socializado ante la Asamblea -\" \/>\n<meta property=\"og:url\" content=\"https:\/\/luchonoticias.com\/editor\/inversion-en-mantenimiento-vial-socializado-ante-la-asamblea\/\" \/>\n<meta property=\"article:publisher\" content=\"https:\/\/www.facebook.com\/luchonoticiasneiva\" \/>\n<meta property=\"article:author\" content=\"https:\/\/www.facebook.com\/luchonoticiasneiva\" \/>\n<meta property=\"article:published_time\" content=\"2022-06-07T10:51:59+00:00\" \/>\n<meta property=\"article:modified_time\" content=\"2022-06-07T10:52:22+00:00\" \/>\n<meta name=\"author\" content=\"admin\" \/>\n<meta name=\"twitter:card\" content=\"summary_large_image\" \/>\n<meta name=\"twitter:label1\" content=\"Escrito por\" \/>\n\t<meta name=\"twitter:data1\" content=\"admin\" \/>\n\t<meta name=\"twitter:label2\" content=\"Tiempo de lectura\" \/>\n\t<meta name=\"twitter:data2\" content=\"2 minutos\" \/>\n<script type=\"application\/ld+json\" class=\"yoast-schema-graph\">{\"@context\":\"https:\/\/schema.org\",\"@graph\":[{\"@type\":\"Article\",\"@id\":\"https:\/\/luchonoticias.com\/editor\/inversion-en-mantenimiento-vial-socializado-ante-la-asamblea\/#article\",\"isPartOf\":{\"@id\":\"https:\/\/luchonoticias.com\/editor\/inversion-en-mantenimiento-vial-socializado-ante-la-asamblea\/\"},\"author\":{\"name\":\"admin\",\"@id\":\"https:\/\/luchonoticias.com\/editor\/#\/schema\/person\/7a7fd911f58561fd056dbac7b55af9cd\"},\"headline\":\"Inversi\u00f3n en mantenimiento vial, socializado ante la Asamblea\",\"datePublished\":\"2022-06-07T10:51:59+00:00\",\"dateModified\":\"2022-06-07T10:52:22+00:00\",\"mainEntityOfPage\":{\"@id\":\"https:\/\/luchonoticias.com\/editor\/inversion-en-mantenimiento-vial-socializado-ante-la-asamblea\/\"},\"wordCount\":416,\"commentCount\":0,\"publisher\":{\"@id\":\"https:\/\/luchonoticias.com\/editor\/#\/schema\/person\/7a7fd911f58561fd056dbac7b55af9cd\"},\"articleSection\":[\"Huila\"],\"inLanguage\":\"es\",\"potentialAction\":[{\"@type\":\"CommentAction\",\"name\":\"Comment\",\"target\":[\"https:\/\/luchonoticias.com\/editor\/inversion-en-mantenimiento-vial-socializado-ante-la-asamblea\/#respond\"]}]},{\"@type\":\"WebPage\",\"@id\":\"https:\/\/luchonoticias.com\/editor\/inversion-en-mantenimiento-vial-socializado-ante-la-asamblea\/\",\"url\":\"https:\/\/luchonoticias.com\/editor\/inversion-en-mantenimiento-vial-socializado-ante-la-asamblea\/\",\"name\":\"Inversi\u00f3n en mantenimiento vial, socializado ante la Asamblea -\",\"isPartOf\":{\"@id\":\"https:\/\/luchonoticias.com\/editor\/#website\"},\"datePublished\":\"2022-06-07T10:51:59+00:00\",\"dateModified\":\"2022-06-07T10:52:22+00:00\",\"breadcrumb\":{\"@id\":\"https:\/\/luchonoticias.com\/editor\/inversion-en-mantenimiento-vial-socializado-ante-la-asamblea\/#breadcrumb\"},\"inLanguage\":\"es\",\"potentialAction\":[{\"@type\":\"ReadAction\",\"target\":[\"https:\/\/luchonoticias.com\/editor\/inversion-en-mantenimiento-vial-socializado-ante-la-asamblea\/\"]}]},{\"@type\":\"BreadcrumbList\",\"@id\":\"https:\/\/luchonoticias.com\/editor\/inversion-en-mantenimiento-vial-socializado-ante-la-asamblea\/#breadcrumb\",\"itemListElement\":[{\"@type\":\"ListItem\",\"position\":1,\"name\":\"Portada\",\"item\":\"https:\/\/luchonoticias.com\/editor\/\"},{\"@type\":\"ListItem\",\"position\":2,\"name\":\"Inversi\u00f3n en mantenimiento vial, socializado ante la Asamblea\"}]},{\"@type\":\"WebSite\",\"@id\":\"https:\/\/luchonoticias.com\/editor\/#website\",\"url\":\"https:\/\/luchonoticias.com\/editor\/\",\"name\":\"\",\"description\":\"\",\"publisher\":{\"@id\":\"https:\/\/luchonoticias.com\/editor\/#\/schema\/person\/7a7fd911f58561fd056dbac7b55af9cd\"},\"potentialAction\":[{\"@type\":\"SearchAction\",\"target\":{\"@type\":\"EntryPoint\",\"urlTemplate\":\"https:\/\/luchonoticias.com\/editor\/?s={search_term_string}\"},\"query-input\":{\"@type\":\"PropertyValueSpecification\",\"valueRequired\":true,\"valueName\":\"search_term_string\"}}],\"inLanguage\":\"es\"},{\"@type\":[\"Person\",\"Organization\"],\"@id\":\"https:\/\/luchonoticias.com\/editor\/#\/schema\/person\/7a7fd911f58561fd056dbac7b55af9cd\",\"name\":\"admin\",\"image\":{\"@type\":\"ImageObject\",\"inLanguage\":\"es\",\"@id\":\"https:\/\/luchonoticias.com\/editor\/#\/schema\/person\/image\/\",\"url\":\"https:\/\/luchonoticias.com\/editor\/wp-content\/uploads\/2024\/02\/cropped-cropped-logolu.webp\",\"contentUrl\":\"https:\/\/luchonoticias.com\/editor\/wp-content\/uploads\/2024\/02\/cropped-cropped-logolu.webp\",\"width\":382,\"height\":170,\"caption\":\"admin\"},\"logo\":{\"@id\":\"https:\/\/luchonoticias.com\/editor\/#\/schema\/person\/image\/\"},\"sameAs\":[\"https:\/\/www.facebook.com\/luchonoticiasneiva\"],\"url\":\"https:\/\/luchonoticias.com\/editor\/author\/admin\/\"}]}<\/script>\n<!-- \/ Yoast SEO plugin. -->","yoast_head_json":{"title":"Inversi\u00f3n en mantenimiento vial, socializado ante la Asamblea -","robots":{"index":"index","follow":"follow","max-snippet":"max-snippet:-1","max-image-preview":"max-image-preview:large","max-video-preview":"max-video-preview:-1"},"canonical":"https:\/\/luchonoticias.com\/editor\/inversion-en-mantenimiento-vial-socializado-ante-la-asamblea\/","og_locale":"es_ES","og_type":"article","og_title":"Inversi\u00f3n en mantenimiento vial, socializado ante la Asamblea -","og_url":"https:\/\/luchonoticias.com\/editor\/inversion-en-mantenimiento-vial-socializado-ante-la-asamblea\/","article_publisher":"https:\/\/www.facebook.com\/luchonoticiasneiva","article_author":"https:\/\/www.facebook.com\/luchonoticiasneiva","article_published_time":"2022-06-07T10:51:59+00:00","article_modified_time":"2022-06-07T10:52:22+00:00","author":"admin","twitter_card":"summary_large_image","twitter_misc":{"Escrito por":"admin","Tiempo de lectura":"2 minutos"},"schema":{"@context":"https:\/\/schema.org","@graph":[{"@type":"Article","@id":"https:\/\/luchonoticias.com\/editor\/inversion-en-mantenimiento-vial-socializado-ante-la-asamblea\/#article","isPartOf":{"@id":"https:\/\/luchonoticias.com\/editor\/inversion-en-mantenimiento-vial-socializado-ante-la-asamblea\/"},"author":{"name":"admin","@id":"https:\/\/luchonoticias.com\/editor\/#\/schema\/person\/7a7fd911f58561fd056dbac7b55af9cd"},"headline":"Inversi\u00f3n en mantenimiento vial, socializado ante la Asamblea","datePublished":"2022-06-07T10:51:59+00:00","dateModified":"2022-06-07T10:52:22+00:00","mainEntityOfPage":{"@id":"https:\/\/luchonoticias.com\/editor\/inversion-en-mantenimiento-vial-socializado-ante-la-asamblea\/"},"wordCount":416,"commentCount":0,"publisher":{"@id":"https:\/\/luchonoticias.com\/editor\/#\/schema\/person\/7a7fd911f58561fd056dbac7b55af9cd"},"articleSection":["Huila"],"inLanguage":"es","potentialAction":[{"@type":"CommentAction","name":"Comment","target":["https:\/\/luchonoticias.com\/editor\/inversion-en-mantenimiento-vial-socializado-ante-la-asamblea\/#respond"]}]},{"@type":"WebPage","@id":"https:\/\/luchonoticias.com\/editor\/inversion-en-mantenimiento-vial-socializado-ante-la-asamblea\/","url":"https:\/\/luchonoticias.com\/editor\/inversion-en-mantenimiento-vial-socializado-ante-la-asamblea\/","name":"Inversi\u00f3n en mantenimiento vial, socializado ante la Asamblea -","isPartOf":{"@id":"https:\/\/luchonoticias.com\/editor\/#website"},"datePublished":"2022-06-07T10:51:59+00:00","dateModified":"2022-06-07T10:52:22+00:00","breadcrumb":{"@id":"https:\/\/luchonoticias.com\/editor\/inversion-en-mantenimiento-vial-socializado-ante-la-asamblea\/#breadcrumb"},"inLanguage":"es","potentialAction":[{"@type":"ReadAction","target":["https:\/\/luchonoticias.com\/editor\/inversion-en-mantenimiento-vial-socializado-ante-la-asamblea\/"]}]},{"@type":"BreadcrumbList","@id":"https:\/\/luchonoticias.com\/editor\/inversion-en-mantenimiento-vial-socializado-ante-la-asamblea\/#breadcrumb","itemListElement":[{"@type":"ListItem","position":1,"name":"Portada","item":"https:\/\/luchonoticias.com\/editor\/"},{"@type":"ListItem","position":2,"name":"Inversi\u00f3n en mantenimiento vial, socializado ante la Asamblea"}]},{"@type":"WebSite","@id":"https:\/\/luchonoticias.com\/editor\/#website","url":"https:\/\/luchonoticias.com\/editor\/","name":"","description":"","publisher":{"@id":"https:\/\/luchonoticias.com\/editor\/#\/schema\/person\/7a7fd911f58561fd056dbac7b55af9cd"},"potentialAction":[{"@type":"SearchAction","target":{"@type":"EntryPoint","urlTemplate":"https:\/\/luchonoticias.com\/editor\/?s={search_term_string}"},"query-input":{"@type":"PropertyValueSpecification","valueRequired":true,"valueName":"search_term_string"}}],"inLanguage":"es"},{"@type":["Person","Organization"],"@id":"https:\/\/luchonoticias.com\/editor\/#\/schema\/person\/7a7fd911f58561fd056dbac7b55af9cd","name":"admin","image":{"@type":"ImageObject","inLanguage":"es","@id":"https:\/\/luchonoticias.com\/editor\/#\/schema\/person\/image\/","url":"https:\/\/luchonoticias.com\/editor\/wp-content\/uploads\/2024\/02\/cropped-cropped-logolu.webp","contentUrl":"https:\/\/luchonoticias.com\/editor\/wp-content\/uploads\/2024\/02\/cropped-cropped-logolu.webp","width":382,"height":170,"caption":"admin"},"logo":{"@id":"https:\/\/luchonoticias.com\/editor\/#\/schema\/person\/image\/"},"sameAs":["https:\/\/www.facebook.com\/luchonoticiasneiva"],"url":"https:\/\/luchonoticias.com\/editor\/author\/admin\/"}]}},"_links":{"self":[{"href":"https:\/\/luchonoticias.com\/editor\/wp-json\/wp\/v2\/posts\/27406","targetHints":{"allow":["GET"]}}],"collection":[{"href":"https:\/\/luchonoticias.com\/editor\/wp-json\/wp\/v2\/posts"}],"about":[{"href":"https:\/\/luchonoticias.com\/editor\/wp-json\/wp\/v2\/types\/post"}],"author":[{"embeddable":true,"href":"https:\/\/luchonoticias.com\/editor\/wp-json\/wp\/v2\/users\/1"}],"replies":[{"embeddable":true,"href":"https:\/\/luchonoticias.com\/editor\/wp-json\/wp\/v2\/comments?post=27406"}],"version-history":[{"count":0,"href":"https:\/\/luchonoticias.com\/editor\/wp-json\/wp\/v2\/posts\/27406\/revisions"}],"wp:attachment":[{"href":"https:\/\/luchonoticias.com\/editor\/wp-json\/wp\/v2\/media?parent=27406"}],"wp:term":[{"taxonomy":"category","embeddable":true,"href":"https:\/\/luchonoticias.com\/editor\/wp-json\/wp\/v2\/categories?post=27406"},{"taxonomy":"post_tag","embeddable":true,"href":"https:\/\/luchonoticias.com\/editor\/wp-json\/wp\/v2\/tags?post=27406"}],"curies":[{"name":"wp","href":"https:\/\/api.w.org\/{rel}","templated":true}]}}