{"id":27447,"date":"2022-06-07T06:49:20","date_gmt":"2022-06-07T11:49:20","guid":{"rendered":"https:\/\/luchonoticias.com\/?p=27447"},"modified":"2022-06-07T06:49:22","modified_gmt":"2022-06-07T11:49:22","slug":"administracion-de-neiva-realiza-jornadas-de-sensibilizacion-para-prevenir-la-violencia-contra-la-mujer","status":"publish","type":"post","link":"https:\/\/luchonoticias.com\/editor\/administracion-de-neiva-realiza-jornadas-de-sensibilizacion-para-prevenir-la-violencia-contra-la-mujer\/","title":{"rendered":"Administraci\u00f3n de Neiva realiza jornadas de sensibilizaci\u00f3n para prevenir la violencia contra la mujer"},"content":{"rendered":"\n<p>En el marco de la estrategia &#8216;Alza tu Voz Primero las Mujeres&#8217;, que viene implementado la Alcald\u00eda de Neiva desde hace dos a\u00f1os, alrededor de 2.000 neivanas han participado en jornadas de sensibilizaci\u00f3n sobre la ruta de atenci\u00f3n que deben seguir las mujeres v\u00edctimas de violencia.<\/p>\n\n\n\n<p>\u201cDesde que lanzamos esta estrategia en el a\u00f1o 2020, hemos venido desarrollando jornadas para que las mujeres, tanto de la zona urbana como rural, conozcan c\u00f3mo activar la ruta en caso de sufrir alg\u00fan tipo de maltrato o si conocen alg\u00fan tipo de violencia. Con mi equipo de trabajo del Programa Mujer y Equidad de G\u00e9nero seguimos trabajando para dar a conocer nuestra ruta y las l\u00edneas de atenci\u00f3n, las cuales, est\u00e1n disponibles para atender los casos que sean necesarios\u201d, manifest\u00f3 Camila Ortega Su\u00e1rez, secretaria de la Mujer Infancia y Adolescencia.<\/p>\n\n\n\n<p>De igual forma, desde esta dependencia se vienen adelantando acciones de prevenci\u00f3n y atenci\u00f3n para mitigar el fen\u00f3meno de la violencia contra las mujeres del municipio, para ello, se han realizado cerca de 100 talleres dirigidos a funcionarios p\u00fablicos y privados, estudiantes de instituciones educativas, universidades, al sector transportador, propietarios de bares, etc, para que conozcan y brinden una mejor y oportuna atenci\u00f3n en caso de presentarse alg\u00fan caso de violencia.<\/p>\n\n\n\n<figure class=\"wp-block-gallery has-nested-images columns-default is-cropped wp-block-gallery-1 is-layout-flex wp-block-gallery-is-layout-flex\">\n<figure class=\"wp-block-image size-large\"><img decoding=\"async\" data-id=\"27449\" src=\"https:\/\/luchonoticias.com\/wp-content\/uploads\/2022\/06\/WhatsApp-Image-2022-06-06-at-6.51.01-PM-2-1024x768.jpeg\" alt=\"\" class=\"wp-image-27449\"\/><\/figure>\n\n\n\n<figure class=\"wp-block-image size-large\"><img decoding=\"async\" data-id=\"27450\" src=\"https:\/\/luchonoticias.com\/wp-content\/uploads\/2022\/06\/WhatsApp-Image-2022-06-06-at-6.51.01-PM-1-1024x766.jpeg\" alt=\"\" class=\"wp-image-27450\"\/><\/figure>\n<\/figure>\n\n\n\n<p><strong>Estrategia macro<\/strong><\/p>\n\n\n\n<p>De Alza tu Voz, se desprenden cinco subestrategias que tienen como prop\u00f3sito principal, la divulgaci\u00f3n de la ruta, l\u00edneas de atenci\u00f3n nacional y local y sensibilizaci\u00f3n para prevenir la violencia contra la mujer.<\/p>\n\n\n\n<p>Las estrategias que se adelantan son: Alza tu voz, espacios seguros \u00b4Pregunta por \u00c1ngela\u2019, Previniendo a todo motor, Escuela de desaprendizaje del machismo, Contigo en tu barrio y en el corregimiento contigo. \u00c9stas vienen siendo socializadas en las comunas 6, 8 y 10 que representan el mayor \u00edndice de violencia en el municipio de Neiva. En total se realizaron cerca de 100 jornadas enfocadas.<\/p>\n\n\n\n<p>Para garantizar esta atenci\u00f3n la Secretar\u00eda ha dispuesto unos canales como lo son: la l\u00ednea de atenci\u00f3n Alza tu Voz, que corresponden a dos l\u00edneas telef\u00f3nicas, 3214748384 y 3214748381 que son atendidas por una psic\u00f3loga y una abogada.<\/p>\n\n\n\n<p>De igual forma, est\u00e1 la atenci\u00f3n presencial, ubicada en la calle 8 No. 12-65 edificio Luciana, barrio Altico, en el horario de atenci\u00f3n de 8:00 a.m. a 12:00 m. y de 2:00 p.m. a 5:00 p.m.<\/p>\n\n\n\n<figure class=\"wp-block-image size-large\"><img decoding=\"async\" src=\"https:\/\/luchonoticias.com\/wp-content\/uploads\/2022\/06\/WhatsApp-Image-2022-06-06-at-6.51.01-PM-2-1-1024x768.jpeg\" alt=\"\" class=\"wp-image-27451\"\/><\/figure>\n\n\n\n<p><strong>Denuncias por maltrato<\/strong><\/p>\n\n\n\n<p>De enero a mayo se han atendido 30 denuncias, de las cuales 17 han sido a trav\u00e9s la l\u00ednea telef\u00f3nica \u2018Alza tu voz\u2019, de manera presencial 10 y por un tercero solo 3.<\/p>\n\n\n\n<p>Alza tu Voz hace parte de la Pol\u00edtica P\u00fablica de Equidad de G\u00e9nero, que lidera el alcalde de Neiva Gorky Mu\u00f1oz Calder\u00f3n, la cual, lucha contra la discriminaci\u00f3n, y plantea actuaciones dirigidas a poner fin a la violencia contra esta poblaci\u00f3n, generando sensibilizaci\u00f3n, prevenci\u00f3n y sanci\u00f3n a sus agresores.<\/p>\n","protected":false},"excerpt":{"rendered":"<p>En el marco de la estrategia &#8216;Alza tu Voz Primero las Mujeres&#8217;, que viene implementado la Alcald\u00eda de Neiva desde hace dos a\u00f1os, alrededor de 2.000 neivanas han participado en jornadas de sensibilizaci\u00f3n sobre la ruta de atenci\u00f3n que deben seguir las mujeres v\u00edctimas de violencia. \u201cDesde que lanzamos esta estrategia en el a\u00f1o 2020, [&hellip;]<\/p>\n","protected":false},"author":1,"featured_media":0,"comment_status":"open","ping_status":"open","sticky":false,"template":"","format":"standard","meta":{"footnotes":""},"categories":[36,53],"tags":[],"class_list":["post-27447","post","type-post","status-publish","format-standard","hentry","category-destacado","category-neiva"],"yoast_head":"<!-- This site is optimized with the Yoast SEO plugin v26.6 - https:\/\/yoast.com\/wordpress\/plugins\/seo\/ -->\n<title>Administraci\u00f3n de Neiva realiza jornadas de sensibilizaci\u00f3n para prevenir la violencia contra la mujer -<\/title>\n<meta name=\"robots\" content=\"index, follow, max-snippet:-1, max-image-preview:large, max-video-preview:-1\" \/>\n<link rel=\"canonical\" href=\"https:\/\/luchonoticias.com\/editor\/administracion-de-neiva-realiza-jornadas-de-sensibilizacion-para-prevenir-la-violencia-contra-la-mujer\/\" \/>\n<meta property=\"og:locale\" content=\"es_ES\" \/>\n<meta property=\"og:type\" content=\"article\" \/>\n<meta property=\"og:title\" content=\"Administraci\u00f3n de Neiva realiza jornadas de sensibilizaci\u00f3n para prevenir la violencia contra la mujer -\" \/>\n<meta property=\"og:url\" content=\"https:\/\/luchonoticias.com\/editor\/administracion-de-neiva-realiza-jornadas-de-sensibilizacion-para-prevenir-la-violencia-contra-la-mujer\/\" \/>\n<meta property=\"article:publisher\" content=\"https:\/\/www.facebook.com\/luchonoticiasneiva\" \/>\n<meta property=\"article:author\" content=\"https:\/\/www.facebook.com\/luchonoticiasneiva\" \/>\n<meta property=\"article:published_time\" content=\"2022-06-07T11:49:20+00:00\" \/>\n<meta property=\"article:modified_time\" content=\"2022-06-07T11:49:22+00:00\" \/>\n<meta property=\"og:image\" content=\"https:\/\/luchonoticias.com\/wp-content\/uploads\/2022\/06\/WhatsApp-Image-2022-06-06-at-6.51.01-PM-2-1024x768.jpeg\" \/>\n<meta name=\"author\" content=\"admin\" \/>\n<meta name=\"twitter:card\" content=\"summary_large_image\" \/>\n<meta name=\"twitter:label1\" content=\"Escrito por\" \/>\n\t<meta name=\"twitter:data1\" content=\"admin\" \/>\n\t<meta name=\"twitter:label2\" content=\"Tiempo de lectura\" \/>\n\t<meta name=\"twitter:data2\" content=\"2 minutos\" \/>\n<script type=\"application\/ld+json\" class=\"yoast-schema-graph\">{\"@context\":\"https:\/\/schema.org\",\"@graph\":[{\"@type\":\"Article\",\"@id\":\"https:\/\/luchonoticias.com\/editor\/administracion-de-neiva-realiza-jornadas-de-sensibilizacion-para-prevenir-la-violencia-contra-la-mujer\/#article\",\"isPartOf\":{\"@id\":\"https:\/\/luchonoticias.com\/editor\/administracion-de-neiva-realiza-jornadas-de-sensibilizacion-para-prevenir-la-violencia-contra-la-mujer\/\"},\"author\":{\"name\":\"admin\",\"@id\":\"https:\/\/luchonoticias.com\/editor\/#\/schema\/person\/7a7fd911f58561fd056dbac7b55af9cd\"},\"headline\":\"Administraci\u00f3n de Neiva realiza jornadas de sensibilizaci\u00f3n para prevenir la violencia contra la mujer\",\"datePublished\":\"2022-06-07T11:49:20+00:00\",\"dateModified\":\"2022-06-07T11:49:22+00:00\",\"mainEntityOfPage\":{\"@id\":\"https:\/\/luchonoticias.com\/editor\/administracion-de-neiva-realiza-jornadas-de-sensibilizacion-para-prevenir-la-violencia-contra-la-mujer\/\"},\"wordCount\":514,\"commentCount\":0,\"publisher\":{\"@id\":\"https:\/\/luchonoticias.com\/editor\/#\/schema\/person\/7a7fd911f58561fd056dbac7b55af9cd\"},\"image\":{\"@id\":\"https:\/\/luchonoticias.com\/editor\/administracion-de-neiva-realiza-jornadas-de-sensibilizacion-para-prevenir-la-violencia-contra-la-mujer\/#primaryimage\"},\"thumbnailUrl\":\"https:\/\/luchonoticias.com\/wp-content\/uploads\/2022\/06\/WhatsApp-Image-2022-06-06-at-6.51.01-PM-2-1024x768.jpeg\",\"articleSection\":[\"Destacado\",\"Neiva\"],\"inLanguage\":\"es\",\"potentialAction\":[{\"@type\":\"CommentAction\",\"name\":\"Comment\",\"target\":[\"https:\/\/luchonoticias.com\/editor\/administracion-de-neiva-realiza-jornadas-de-sensibilizacion-para-prevenir-la-violencia-contra-la-mujer\/#respond\"]}]},{\"@type\":\"WebPage\",\"@id\":\"https:\/\/luchonoticias.com\/editor\/administracion-de-neiva-realiza-jornadas-de-sensibilizacion-para-prevenir-la-violencia-contra-la-mujer\/\",\"url\":\"https:\/\/luchonoticias.com\/editor\/administracion-de-neiva-realiza-jornadas-de-sensibilizacion-para-prevenir-la-violencia-contra-la-mujer\/\",\"name\":\"Administraci\u00f3n de Neiva realiza jornadas de sensibilizaci\u00f3n para prevenir la violencia contra la mujer -\",\"isPartOf\":{\"@id\":\"https:\/\/luchonoticias.com\/editor\/#website\"},\"primaryImageOfPage\":{\"@id\":\"https:\/\/luchonoticias.com\/editor\/administracion-de-neiva-realiza-jornadas-de-sensibilizacion-para-prevenir-la-violencia-contra-la-mujer\/#primaryimage\"},\"image\":{\"@id\":\"https:\/\/luchonoticias.com\/editor\/administracion-de-neiva-realiza-jornadas-de-sensibilizacion-para-prevenir-la-violencia-contra-la-mujer\/#primaryimage\"},\"thumbnailUrl\":\"https:\/\/luchonoticias.com\/wp-content\/uploads\/2022\/06\/WhatsApp-Image-2022-06-06-at-6.51.01-PM-2-1024x768.jpeg\",\"datePublished\":\"2022-06-07T11:49:20+00:00\",\"dateModified\":\"2022-06-07T11:49:22+00:00\",\"breadcrumb\":{\"@id\":\"https:\/\/luchonoticias.com\/editor\/administracion-de-neiva-realiza-jornadas-de-sensibilizacion-para-prevenir-la-violencia-contra-la-mujer\/#breadcrumb\"},\"inLanguage\":\"es\",\"potentialAction\":[{\"@type\":\"ReadAction\",\"target\":[\"https:\/\/luchonoticias.com\/editor\/administracion-de-neiva-realiza-jornadas-de-sensibilizacion-para-prevenir-la-violencia-contra-la-mujer\/\"]}]},{\"@type\":\"ImageObject\",\"inLanguage\":\"es\",\"@id\":\"https:\/\/luchonoticias.com\/editor\/administracion-de-neiva-realiza-jornadas-de-sensibilizacion-para-prevenir-la-violencia-contra-la-mujer\/#primaryimage\",\"url\":\"https:\/\/luchonoticias.com\/wp-content\/uploads\/2022\/06\/WhatsApp-Image-2022-06-06-at-6.51.01-PM-2-1024x768.jpeg\",\"contentUrl\":\"https:\/\/luchonoticias.com\/wp-content\/uploads\/2022\/06\/WhatsApp-Image-2022-06-06-at-6.51.01-PM-2-1024x768.jpeg\"},{\"@type\":\"BreadcrumbList\",\"@id\":\"https:\/\/luchonoticias.com\/editor\/administracion-de-neiva-realiza-jornadas-de-sensibilizacion-para-prevenir-la-violencia-contra-la-mujer\/#breadcrumb\",\"itemListElement\":[{\"@type\":\"ListItem\",\"position\":1,\"name\":\"Portada\",\"item\":\"https:\/\/luchonoticias.com\/editor\/\"},{\"@type\":\"ListItem\",\"position\":2,\"name\":\"Administraci\u00f3n de Neiva realiza jornadas de sensibilizaci\u00f3n para prevenir la violencia contra la mujer\"}]},{\"@type\":\"WebSite\",\"@id\":\"https:\/\/luchonoticias.com\/editor\/#website\",\"url\":\"https:\/\/luchonoticias.com\/editor\/\",\"name\":\"\",\"description\":\"\",\"publisher\":{\"@id\":\"https:\/\/luchonoticias.com\/editor\/#\/schema\/person\/7a7fd911f58561fd056dbac7b55af9cd\"},\"potentialAction\":[{\"@type\":\"SearchAction\",\"target\":{\"@type\":\"EntryPoint\",\"urlTemplate\":\"https:\/\/luchonoticias.com\/editor\/?s={search_term_string}\"},\"query-input\":{\"@type\":\"PropertyValueSpecification\",\"valueRequired\":true,\"valueName\":\"search_term_string\"}}],\"inLanguage\":\"es\"},{\"@type\":[\"Person\",\"Organization\"],\"@id\":\"https:\/\/luchonoticias.com\/editor\/#\/schema\/person\/7a7fd911f58561fd056dbac7b55af9cd\",\"name\":\"admin\",\"image\":{\"@type\":\"ImageObject\",\"inLanguage\":\"es\",\"@id\":\"https:\/\/luchonoticias.com\/editor\/#\/schema\/person\/image\/\",\"url\":\"https:\/\/luchonoticias.com\/editor\/wp-content\/uploads\/2024\/02\/cropped-cropped-logolu.webp\",\"contentUrl\":\"https:\/\/luchonoticias.com\/editor\/wp-content\/uploads\/2024\/02\/cropped-cropped-logolu.webp\",\"width\":382,\"height\":170,\"caption\":\"admin\"},\"logo\":{\"@id\":\"https:\/\/luchonoticias.com\/editor\/#\/schema\/person\/image\/\"},\"sameAs\":[\"https:\/\/www.facebook.com\/luchonoticiasneiva\"],\"url\":\"https:\/\/luchonoticias.com\/editor\/author\/admin\/\"}]}<\/script>\n<!-- \/ Yoast SEO plugin. -->","yoast_head_json":{"title":"Administraci\u00f3n de Neiva realiza jornadas de sensibilizaci\u00f3n para prevenir la violencia contra la mujer -","robots":{"index":"index","follow":"follow","max-snippet":"max-snippet:-1","max-image-preview":"max-image-preview:large","max-video-preview":"max-video-preview:-1"},"canonical":"https:\/\/luchonoticias.com\/editor\/administracion-de-neiva-realiza-jornadas-de-sensibilizacion-para-prevenir-la-violencia-contra-la-mujer\/","og_locale":"es_ES","og_type":"article","og_title":"Administraci\u00f3n de Neiva realiza jornadas de sensibilizaci\u00f3n para prevenir la violencia contra la mujer -","og_url":"https:\/\/luchonoticias.com\/editor\/administracion-de-neiva-realiza-jornadas-de-sensibilizacion-para-prevenir-la-violencia-contra-la-mujer\/","article_publisher":"https:\/\/www.facebook.com\/luchonoticiasneiva","article_author":"https:\/\/www.facebook.com\/luchonoticiasneiva","article_published_time":"2022-06-07T11:49:20+00:00","article_modified_time":"2022-06-07T11:49:22+00:00","og_image":[{"url":"https:\/\/luchonoticias.com\/wp-content\/uploads\/2022\/06\/WhatsApp-Image-2022-06-06-at-6.51.01-PM-2-1024x768.jpeg","type":"","width":"","height":""}],"author":"admin","twitter_card":"summary_large_image","twitter_misc":{"Escrito por":"admin","Tiempo de lectura":"2 minutos"},"schema":{"@context":"https:\/\/schema.org","@graph":[{"@type":"Article","@id":"https:\/\/luchonoticias.com\/editor\/administracion-de-neiva-realiza-jornadas-de-sensibilizacion-para-prevenir-la-violencia-contra-la-mujer\/#article","isPartOf":{"@id":"https:\/\/luchonoticias.com\/editor\/administracion-de-neiva-realiza-jornadas-de-sensibilizacion-para-prevenir-la-violencia-contra-la-mujer\/"},"author":{"name":"admin","@id":"https:\/\/luchonoticias.com\/editor\/#\/schema\/person\/7a7fd911f58561fd056dbac7b55af9cd"},"headline":"Administraci\u00f3n de Neiva realiza jornadas de sensibilizaci\u00f3n para prevenir la violencia contra la mujer","datePublished":"2022-06-07T11:49:20+00:00","dateModified":"2022-06-07T11:49:22+00:00","mainEntityOfPage":{"@id":"https:\/\/luchonoticias.com\/editor\/administracion-de-neiva-realiza-jornadas-de-sensibilizacion-para-prevenir-la-violencia-contra-la-mujer\/"},"wordCount":514,"commentCount":0,"publisher":{"@id":"https:\/\/luchonoticias.com\/editor\/#\/schema\/person\/7a7fd911f58561fd056dbac7b55af9cd"},"image":{"@id":"https:\/\/luchonoticias.com\/editor\/administracion-de-neiva-realiza-jornadas-de-sensibilizacion-para-prevenir-la-violencia-contra-la-mujer\/#primaryimage"},"thumbnailUrl":"https:\/\/luchonoticias.com\/wp-content\/uploads\/2022\/06\/WhatsApp-Image-2022-06-06-at-6.51.01-PM-2-1024x768.jpeg","articleSection":["Destacado","Neiva"],"inLanguage":"es","potentialAction":[{"@type":"CommentAction","name":"Comment","target":["https:\/\/luchonoticias.com\/editor\/administracion-de-neiva-realiza-jornadas-de-sensibilizacion-para-prevenir-la-violencia-contra-la-mujer\/#respond"]}]},{"@type":"WebPage","@id":"https:\/\/luchonoticias.com\/editor\/administracion-de-neiva-realiza-jornadas-de-sensibilizacion-para-prevenir-la-violencia-contra-la-mujer\/","url":"https:\/\/luchonoticias.com\/editor\/administracion-de-neiva-realiza-jornadas-de-sensibilizacion-para-prevenir-la-violencia-contra-la-mujer\/","name":"Administraci\u00f3n de Neiva realiza jornadas de sensibilizaci\u00f3n para prevenir la violencia contra la mujer -","isPartOf":{"@id":"https:\/\/luchonoticias.com\/editor\/#website"},"primaryImageOfPage":{"@id":"https:\/\/luchonoticias.com\/editor\/administracion-de-neiva-realiza-jornadas-de-sensibilizacion-para-prevenir-la-violencia-contra-la-mujer\/#primaryimage"},"image":{"@id":"https:\/\/luchonoticias.com\/editor\/administracion-de-neiva-realiza-jornadas-de-sensibilizacion-para-prevenir-la-violencia-contra-la-mujer\/#primaryimage"},"thumbnailUrl":"https:\/\/luchonoticias.com\/wp-content\/uploads\/2022\/06\/WhatsApp-Image-2022-06-06-at-6.51.01-PM-2-1024x768.jpeg","datePublished":"2022-06-07T11:49:20+00:00","dateModified":"2022-06-07T11:49:22+00:00","breadcrumb":{"@id":"https:\/\/luchonoticias.com\/editor\/administracion-de-neiva-realiza-jornadas-de-sensibilizacion-para-prevenir-la-violencia-contra-la-mujer\/#breadcrumb"},"inLanguage":"es","potentialAction":[{"@type":"ReadAction","target":["https:\/\/luchonoticias.com\/editor\/administracion-de-neiva-realiza-jornadas-de-sensibilizacion-para-prevenir-la-violencia-contra-la-mujer\/"]}]},{"@type":"ImageObject","inLanguage":"es","@id":"https:\/\/luchonoticias.com\/editor\/administracion-de-neiva-realiza-jornadas-de-sensibilizacion-para-prevenir-la-violencia-contra-la-mujer\/#primaryimage","url":"https:\/\/luchonoticias.com\/wp-content\/uploads\/2022\/06\/WhatsApp-Image-2022-06-06-at-6.51.01-PM-2-1024x768.jpeg","contentUrl":"https:\/\/luchonoticias.com\/wp-content\/uploads\/2022\/06\/WhatsApp-Image-2022-06-06-at-6.51.01-PM-2-1024x768.jpeg"},{"@type":"BreadcrumbList","@id":"https:\/\/luchonoticias.com\/editor\/administracion-de-neiva-realiza-jornadas-de-sensibilizacion-para-prevenir-la-violencia-contra-la-mujer\/#breadcrumb","itemListElement":[{"@type":"ListItem","position":1,"name":"Portada","item":"https:\/\/luchonoticias.com\/editor\/"},{"@type":"ListItem","position":2,"name":"Administraci\u00f3n de Neiva realiza jornadas de sensibilizaci\u00f3n para prevenir la violencia contra la mujer"}]},{"@type":"WebSite","@id":"https:\/\/luchonoticias.com\/editor\/#website","url":"https:\/\/luchonoticias.com\/editor\/","name":"","description":"","publisher":{"@id":"https:\/\/luchonoticias.com\/editor\/#\/schema\/person\/7a7fd911f58561fd056dbac7b55af9cd"},"potentialAction":[{"@type":"SearchAction","target":{"@type":"EntryPoint","urlTemplate":"https:\/\/luchonoticias.com\/editor\/?s={search_term_string}"},"query-input":{"@type":"PropertyValueSpecification","valueRequired":true,"valueName":"search_term_string"}}],"inLanguage":"es"},{"@type":["Person","Organization"],"@id":"https:\/\/luchonoticias.com\/editor\/#\/schema\/person\/7a7fd911f58561fd056dbac7b55af9cd","name":"admin","image":{"@type":"ImageObject","inLanguage":"es","@id":"https:\/\/luchonoticias.com\/editor\/#\/schema\/person\/image\/","url":"https:\/\/luchonoticias.com\/editor\/wp-content\/uploads\/2024\/02\/cropped-cropped-logolu.webp","contentUrl":"https:\/\/luchonoticias.com\/editor\/wp-content\/uploads\/2024\/02\/cropped-cropped-logolu.webp","width":382,"height":170,"caption":"admin"},"logo":{"@id":"https:\/\/luchonoticias.com\/editor\/#\/schema\/person\/image\/"},"sameAs":["https:\/\/www.facebook.com\/luchonoticiasneiva"],"url":"https:\/\/luchonoticias.com\/editor\/author\/admin\/"}]}},"_links":{"self":[{"href":"https:\/\/luchonoticias.com\/editor\/wp-json\/wp\/v2\/posts\/27447","targetHints":{"allow":["GET"]}}],"collection":[{"href":"https:\/\/luchonoticias.com\/editor\/wp-json\/wp\/v2\/posts"}],"about":[{"href":"https:\/\/luchonoticias.com\/editor\/wp-json\/wp\/v2\/types\/post"}],"author":[{"embeddable":true,"href":"https:\/\/luchonoticias.com\/editor\/wp-json\/wp\/v2\/users\/1"}],"replies":[{"embeddable":true,"href":"https:\/\/luchonoticias.com\/editor\/wp-json\/wp\/v2\/comments?post=27447"}],"version-history":[{"count":0,"href":"https:\/\/luchonoticias.com\/editor\/wp-json\/wp\/v2\/posts\/27447\/revisions"}],"wp:attachment":[{"href":"https:\/\/luchonoticias.com\/editor\/wp-json\/wp\/v2\/media?parent=27447"}],"wp:term":[{"taxonomy":"category","embeddable":true,"href":"https:\/\/luchonoticias.com\/editor\/wp-json\/wp\/v2\/categories?post=27447"},{"taxonomy":"post_tag","embeddable":true,"href":"https:\/\/luchonoticias.com\/editor\/wp-json\/wp\/v2\/tags?post=27447"}],"curies":[{"name":"wp","href":"https:\/\/api.w.org\/{rel}","templated":true}]}}