{"id":29423,"date":"2022-07-13T05:12:00","date_gmt":"2022-07-13T10:12:00","guid":{"rendered":"https:\/\/luchonoticias.com\/?p=29423"},"modified":"2022-07-13T05:12:01","modified_gmt":"2022-07-13T10:12:01","slug":"proyectos-educativos-fueron-sustentados-ante-la-asamblea","status":"publish","type":"post","link":"https:\/\/luchonoticias.com\/editor\/proyectos-educativos-fueron-sustentados-ante-la-asamblea\/","title":{"rendered":"Proyectos educativos fueron sustentados ante la Asamblea"},"content":{"rendered":"\n<p>La secretaria de Educaci\u00f3n Milena Oliveros, realiz\u00f3 una&nbsp;<strong>exposici\u00f3n de los proyectos que adelanta su dependencia<\/strong>&nbsp;y que son financiados con recursos de regal\u00edas.<\/p>\n\n\n\n<p>\u201cFuimos citados ante la duma departamental varios secretarios del Gobierno de Luis Enrique Duss\u00e1n, para dar cuenta de los proyectos que venimos desarrollando en nuestras dependencias financiados con recursos de regal\u00edas y que le apuntan a metas del Plan de Desarrollo \u201cHuila Crece\u201d, los cuales&nbsp;<strong>responden a importantes necesidades de los huilense<\/strong>s\u201d, expres\u00f3 la jefe de la cartera de educaci\u00f3n departamental.<\/p>\n\n\n\n<p>\u201cEn educaci\u00f3n\u00a0<strong>venimos desarrollando 8 proyectos financiados con recursos de regal\u00edas por casi $39.000 millones<\/strong>, sumando la cofinanciaci\u00f3n que hace el Ministerio de Educaci\u00f3n Nacional y Municipios en algunos de esos proyectos, y que responden a dotaci\u00f3n, calidad educativa, transporte escolar, infraestructura educativa y fortalecimiento de capacidades en los procesos de aprendizaje,\u00a0<strong>beneficiando a cerca de 60.000 estudiantes y docentes de la comunidad educativa departamental<\/strong>\u201d, a\u00f1adi\u00f3.<\/p>\n\n\n\n<h5 class=\"wp-block-heading\">\u00bfCu\u00e1les son los proyectos?<\/h5>\n\n\n\n<p>\u2022 Apoyo a la<strong>&nbsp;permanencia en educaci\u00f3n superior de los estudiantes de la Universidad Sur colombiana<\/strong>&nbsp;por la contingencia generada durante la pandemia COVID-19 en el departamento del Huila. Valor: $4.296.000.000. Meta Plan de Desarrollo: 540 Beneficiarios de estrategias o programas de apoyo financiero para el acceso y permanencia en la educaci\u00f3n superior o terciaria 2020-2023. Impacto: Financiar temporalmente los costos de matr\u00edcula a 2.798 estudiantes.<\/p>\n\n\n\n<p>\u2022 Adquisici\u00f3n de&nbsp;<strong>mobiliario escolar para la dotaci\u00f3n a establecimientos educativos oficiales del departamento del Huila.<\/strong>&nbsp;Valor aprobado: $4.618.032.225, valor ejecutado: $4.336.515.800. Meta Plan de Desarrollo: 828 sedes educativas dotadas 2020-2023. Impacto: Implementar una dotaci\u00f3n \u00f3ptima en los Establecimientos Educativos Oficiales, beneficiando a 23.753 estudiantes y 1.626 docentes.<\/p>\n\n\n\n<p>\u2022 Apoyo para la<strong>&nbsp;prestaci\u00f3n del servicio de transporte escolar en el Departamento del Huila.<\/strong>&nbsp;Valor: $5.958.343.203. Meta del Plan de Desarrollo: 22.000 beneficiarios del servicio de transporte escolar. Impacto: Optimizar los medios de transporte para el desplazamiento hacia los establecimientos educativos oficiales a 21.034 estudiantes focalizados.<\/p>\n\n\n\n<p>\u2022 Construcci\u00f3n de&nbsp;<strong>ocho (8) aulas y dotaci\u00f3n de infraestructura escolar en la Instituci\u00f3n educativa la ULLOA sede principal del municipio de Rivera&nbsp;<\/strong>\u2013 Convenio Interadministrativo MEN-FFIE 295-19 (Cofinanciaci\u00f3n MEN). Valor: $492.475.973 \u2013 SGR (Sistema General de Regal\u00edas). Valor Cofinanciado: $1,272,431,476. Meta del Plan de Desarrollo: Sedes educativas nuevas construidas. Impacto: 631 estudiantes.<\/p>\n\n\n\n<p>\u2022 Construcci\u00f3n y<strong>&nbsp;reubicaci\u00f3n de la instituci\u00f3n educativa Buenos Aires sede principal del municipio de Palestina&nbsp;<\/strong>\u2013 Convenio Interadministrativo MEN-FFIE 295-19 (Cofinanciaci\u00f3n MEN). Valor: $ 1.439.446.129,23 (SGR), Valor Cofinanciado $3,578,668,071. Meta del Plan de Desarrollo: Sedes educativas nuevas construidas. Impacto: 192 estudiantes.<\/p>\n\n\n\n<p>\u2022<strong>&nbsp;Construcci\u00f3n sede principal de la Instituci\u00f3n educativa Monserrate del Municipio de La Plat<\/strong>a \u2013 Convenio Interadministrativo MEN-FFIE 295-19 (Cofinanciaci\u00f3n MEN). Valor: $1.902.275.766 (SGR). Valor Cofinanciado $5,392,896,563. Meta Plan de Desarrollo: Sedes educativas nuevas construidas. Impacto: 368 estudiantes.<\/p>\n\n\n\n<p>\u2022 Construcci\u00f3n de la&nbsp;<strong>3 y 4 etapa de la instituci\u00f3n educativa Mar\u00eda Auxiliadora sede Oritoguaz del municipio de El\u00edas.<\/strong>&nbsp;Valor: $ 2.696.045.404 (SGR). Meta del Plan de Desarrollo: Sedes educativas nuevas construidas. Impacto: 214 estudiantes.<\/p>\n\n\n\n<p>\u2022&nbsp;<strong>Fortalecimiento de establecimientos educativos oficiales que implementan la Jornada \u00danica<\/strong>&nbsp;para desarrollar capacidades y habilidades en CTEI, en correspondencia con la din\u00e1mica y vocaciones del sector rural en el departamento del Huila.&nbsp;<\/p>\n\n\n\n<p>\u2022 Valor: $ 10.001.784.962- Regal\u00edas. Valor Total: $11.575.040.251. Meta Plan de Desarrollo: 1. Ambientes de aprendizaje para la educaci\u00f3n inicial preescolar, b\u00e1sica y media dotados. 2. Servicio de articulaci\u00f3n entre la educaci\u00f3n media y el sector productivo. 3. Servicio de apoyo a proyectos pedag\u00f3gicos productivos. Impacto: 8.685 beneficiaros del sector rural con acceso y participaci\u00f3n en CTeI, mediante 12 ambientes de agroindustria pertinentes con las apuestas productivas.<\/p>\n","protected":false},"excerpt":{"rendered":"<p>La secretaria de Educaci\u00f3n Milena Oliveros, realiz\u00f3 una&nbsp;exposici\u00f3n de los proyectos que adelanta su dependencia&nbsp;y que son financiados con recursos de regal\u00edas. \u201cFuimos citados ante la duma departamental varios secretarios del Gobierno de Luis Enrique Duss\u00e1n, para dar cuenta de los proyectos que venimos desarrollando en nuestras dependencias financiados con recursos de regal\u00edas y que [&hellip;]<\/p>\n","protected":false},"author":1,"featured_media":0,"comment_status":"open","ping_status":"open","sticky":false,"template":"","format":"standard","meta":{"footnotes":""},"categories":[33],"tags":[],"class_list":["post-29423","post","type-post","status-publish","format-standard","hentry","category-huila"],"yoast_head":"<!-- This site is optimized with the Yoast SEO plugin v26.6 - https:\/\/yoast.com\/wordpress\/plugins\/seo\/ -->\n<title>Proyectos educativos fueron sustentados ante la Asamblea -<\/title>\n<meta name=\"robots\" content=\"index, follow, max-snippet:-1, max-image-preview:large, max-video-preview:-1\" \/>\n<link rel=\"canonical\" href=\"https:\/\/luchonoticias.com\/editor\/proyectos-educativos-fueron-sustentados-ante-la-asamblea\/\" \/>\n<meta property=\"og:locale\" content=\"es_ES\" \/>\n<meta property=\"og:type\" content=\"article\" \/>\n<meta property=\"og:title\" content=\"Proyectos educativos fueron sustentados ante la Asamblea -\" \/>\n<meta property=\"og:url\" content=\"https:\/\/luchonoticias.com\/editor\/proyectos-educativos-fueron-sustentados-ante-la-asamblea\/\" \/>\n<meta property=\"article:publisher\" content=\"https:\/\/www.facebook.com\/luchonoticiasneiva\" \/>\n<meta property=\"article:author\" content=\"https:\/\/www.facebook.com\/luchonoticiasneiva\" \/>\n<meta property=\"article:published_time\" content=\"2022-07-13T10:12:00+00:00\" \/>\n<meta property=\"article:modified_time\" content=\"2022-07-13T10:12:01+00:00\" \/>\n<meta name=\"author\" content=\"admin\" \/>\n<meta name=\"twitter:card\" content=\"summary_large_image\" \/>\n<meta name=\"twitter:label1\" content=\"Escrito por\" \/>\n\t<meta name=\"twitter:data1\" content=\"admin\" \/>\n\t<meta name=\"twitter:label2\" content=\"Tiempo de lectura\" \/>\n\t<meta name=\"twitter:data2\" content=\"3 minutos\" \/>\n<script type=\"application\/ld+json\" class=\"yoast-schema-graph\">{\"@context\":\"https:\/\/schema.org\",\"@graph\":[{\"@type\":\"Article\",\"@id\":\"https:\/\/luchonoticias.com\/editor\/proyectos-educativos-fueron-sustentados-ante-la-asamblea\/#article\",\"isPartOf\":{\"@id\":\"https:\/\/luchonoticias.com\/editor\/proyectos-educativos-fueron-sustentados-ante-la-asamblea\/\"},\"author\":{\"name\":\"admin\",\"@id\":\"https:\/\/luchonoticias.com\/editor\/#\/schema\/person\/7a7fd911f58561fd056dbac7b55af9cd\"},\"headline\":\"Proyectos educativos fueron sustentados ante la Asamblea\",\"datePublished\":\"2022-07-13T10:12:00+00:00\",\"dateModified\":\"2022-07-13T10:12:01+00:00\",\"mainEntityOfPage\":{\"@id\":\"https:\/\/luchonoticias.com\/editor\/proyectos-educativos-fueron-sustentados-ante-la-asamblea\/\"},\"wordCount\":605,\"commentCount\":0,\"publisher\":{\"@id\":\"https:\/\/luchonoticias.com\/editor\/#\/schema\/person\/7a7fd911f58561fd056dbac7b55af9cd\"},\"articleSection\":[\"Huila\"],\"inLanguage\":\"es\",\"potentialAction\":[{\"@type\":\"CommentAction\",\"name\":\"Comment\",\"target\":[\"https:\/\/luchonoticias.com\/editor\/proyectos-educativos-fueron-sustentados-ante-la-asamblea\/#respond\"]}]},{\"@type\":\"WebPage\",\"@id\":\"https:\/\/luchonoticias.com\/editor\/proyectos-educativos-fueron-sustentados-ante-la-asamblea\/\",\"url\":\"https:\/\/luchonoticias.com\/editor\/proyectos-educativos-fueron-sustentados-ante-la-asamblea\/\",\"name\":\"Proyectos educativos fueron sustentados ante la Asamblea -\",\"isPartOf\":{\"@id\":\"https:\/\/luchonoticias.com\/editor\/#website\"},\"datePublished\":\"2022-07-13T10:12:00+00:00\",\"dateModified\":\"2022-07-13T10:12:01+00:00\",\"breadcrumb\":{\"@id\":\"https:\/\/luchonoticias.com\/editor\/proyectos-educativos-fueron-sustentados-ante-la-asamblea\/#breadcrumb\"},\"inLanguage\":\"es\",\"potentialAction\":[{\"@type\":\"ReadAction\",\"target\":[\"https:\/\/luchonoticias.com\/editor\/proyectos-educativos-fueron-sustentados-ante-la-asamblea\/\"]}]},{\"@type\":\"BreadcrumbList\",\"@id\":\"https:\/\/luchonoticias.com\/editor\/proyectos-educativos-fueron-sustentados-ante-la-asamblea\/#breadcrumb\",\"itemListElement\":[{\"@type\":\"ListItem\",\"position\":1,\"name\":\"Portada\",\"item\":\"https:\/\/luchonoticias.com\/editor\/\"},{\"@type\":\"ListItem\",\"position\":2,\"name\":\"Proyectos educativos fueron sustentados ante la Asamblea\"}]},{\"@type\":\"WebSite\",\"@id\":\"https:\/\/luchonoticias.com\/editor\/#website\",\"url\":\"https:\/\/luchonoticias.com\/editor\/\",\"name\":\"\",\"description\":\"\",\"publisher\":{\"@id\":\"https:\/\/luchonoticias.com\/editor\/#\/schema\/person\/7a7fd911f58561fd056dbac7b55af9cd\"},\"potentialAction\":[{\"@type\":\"SearchAction\",\"target\":{\"@type\":\"EntryPoint\",\"urlTemplate\":\"https:\/\/luchonoticias.com\/editor\/?s={search_term_string}\"},\"query-input\":{\"@type\":\"PropertyValueSpecification\",\"valueRequired\":true,\"valueName\":\"search_term_string\"}}],\"inLanguage\":\"es\"},{\"@type\":[\"Person\",\"Organization\"],\"@id\":\"https:\/\/luchonoticias.com\/editor\/#\/schema\/person\/7a7fd911f58561fd056dbac7b55af9cd\",\"name\":\"admin\",\"image\":{\"@type\":\"ImageObject\",\"inLanguage\":\"es\",\"@id\":\"https:\/\/luchonoticias.com\/editor\/#\/schema\/person\/image\/\",\"url\":\"https:\/\/luchonoticias.com\/editor\/wp-content\/uploads\/2024\/02\/cropped-cropped-logolu.webp\",\"contentUrl\":\"https:\/\/luchonoticias.com\/editor\/wp-content\/uploads\/2024\/02\/cropped-cropped-logolu.webp\",\"width\":382,\"height\":170,\"caption\":\"admin\"},\"logo\":{\"@id\":\"https:\/\/luchonoticias.com\/editor\/#\/schema\/person\/image\/\"},\"sameAs\":[\"https:\/\/www.facebook.com\/luchonoticiasneiva\"],\"url\":\"https:\/\/luchonoticias.com\/editor\/author\/admin\/\"}]}<\/script>\n<!-- \/ Yoast SEO plugin. -->","yoast_head_json":{"title":"Proyectos educativos fueron sustentados ante la Asamblea -","robots":{"index":"index","follow":"follow","max-snippet":"max-snippet:-1","max-image-preview":"max-image-preview:large","max-video-preview":"max-video-preview:-1"},"canonical":"https:\/\/luchonoticias.com\/editor\/proyectos-educativos-fueron-sustentados-ante-la-asamblea\/","og_locale":"es_ES","og_type":"article","og_title":"Proyectos educativos fueron sustentados ante la Asamblea -","og_url":"https:\/\/luchonoticias.com\/editor\/proyectos-educativos-fueron-sustentados-ante-la-asamblea\/","article_publisher":"https:\/\/www.facebook.com\/luchonoticiasneiva","article_author":"https:\/\/www.facebook.com\/luchonoticiasneiva","article_published_time":"2022-07-13T10:12:00+00:00","article_modified_time":"2022-07-13T10:12:01+00:00","author":"admin","twitter_card":"summary_large_image","twitter_misc":{"Escrito por":"admin","Tiempo de lectura":"3 minutos"},"schema":{"@context":"https:\/\/schema.org","@graph":[{"@type":"Article","@id":"https:\/\/luchonoticias.com\/editor\/proyectos-educativos-fueron-sustentados-ante-la-asamblea\/#article","isPartOf":{"@id":"https:\/\/luchonoticias.com\/editor\/proyectos-educativos-fueron-sustentados-ante-la-asamblea\/"},"author":{"name":"admin","@id":"https:\/\/luchonoticias.com\/editor\/#\/schema\/person\/7a7fd911f58561fd056dbac7b55af9cd"},"headline":"Proyectos educativos fueron sustentados ante la Asamblea","datePublished":"2022-07-13T10:12:00+00:00","dateModified":"2022-07-13T10:12:01+00:00","mainEntityOfPage":{"@id":"https:\/\/luchonoticias.com\/editor\/proyectos-educativos-fueron-sustentados-ante-la-asamblea\/"},"wordCount":605,"commentCount":0,"publisher":{"@id":"https:\/\/luchonoticias.com\/editor\/#\/schema\/person\/7a7fd911f58561fd056dbac7b55af9cd"},"articleSection":["Huila"],"inLanguage":"es","potentialAction":[{"@type":"CommentAction","name":"Comment","target":["https:\/\/luchonoticias.com\/editor\/proyectos-educativos-fueron-sustentados-ante-la-asamblea\/#respond"]}]},{"@type":"WebPage","@id":"https:\/\/luchonoticias.com\/editor\/proyectos-educativos-fueron-sustentados-ante-la-asamblea\/","url":"https:\/\/luchonoticias.com\/editor\/proyectos-educativos-fueron-sustentados-ante-la-asamblea\/","name":"Proyectos educativos fueron sustentados ante la Asamblea -","isPartOf":{"@id":"https:\/\/luchonoticias.com\/editor\/#website"},"datePublished":"2022-07-13T10:12:00+00:00","dateModified":"2022-07-13T10:12:01+00:00","breadcrumb":{"@id":"https:\/\/luchonoticias.com\/editor\/proyectos-educativos-fueron-sustentados-ante-la-asamblea\/#breadcrumb"},"inLanguage":"es","potentialAction":[{"@type":"ReadAction","target":["https:\/\/luchonoticias.com\/editor\/proyectos-educativos-fueron-sustentados-ante-la-asamblea\/"]}]},{"@type":"BreadcrumbList","@id":"https:\/\/luchonoticias.com\/editor\/proyectos-educativos-fueron-sustentados-ante-la-asamblea\/#breadcrumb","itemListElement":[{"@type":"ListItem","position":1,"name":"Portada","item":"https:\/\/luchonoticias.com\/editor\/"},{"@type":"ListItem","position":2,"name":"Proyectos educativos fueron sustentados ante la Asamblea"}]},{"@type":"WebSite","@id":"https:\/\/luchonoticias.com\/editor\/#website","url":"https:\/\/luchonoticias.com\/editor\/","name":"","description":"","publisher":{"@id":"https:\/\/luchonoticias.com\/editor\/#\/schema\/person\/7a7fd911f58561fd056dbac7b55af9cd"},"potentialAction":[{"@type":"SearchAction","target":{"@type":"EntryPoint","urlTemplate":"https:\/\/luchonoticias.com\/editor\/?s={search_term_string}"},"query-input":{"@type":"PropertyValueSpecification","valueRequired":true,"valueName":"search_term_string"}}],"inLanguage":"es"},{"@type":["Person","Organization"],"@id":"https:\/\/luchonoticias.com\/editor\/#\/schema\/person\/7a7fd911f58561fd056dbac7b55af9cd","name":"admin","image":{"@type":"ImageObject","inLanguage":"es","@id":"https:\/\/luchonoticias.com\/editor\/#\/schema\/person\/image\/","url":"https:\/\/luchonoticias.com\/editor\/wp-content\/uploads\/2024\/02\/cropped-cropped-logolu.webp","contentUrl":"https:\/\/luchonoticias.com\/editor\/wp-content\/uploads\/2024\/02\/cropped-cropped-logolu.webp","width":382,"height":170,"caption":"admin"},"logo":{"@id":"https:\/\/luchonoticias.com\/editor\/#\/schema\/person\/image\/"},"sameAs":["https:\/\/www.facebook.com\/luchonoticiasneiva"],"url":"https:\/\/luchonoticias.com\/editor\/author\/admin\/"}]}},"_links":{"self":[{"href":"https:\/\/luchonoticias.com\/editor\/wp-json\/wp\/v2\/posts\/29423","targetHints":{"allow":["GET"]}}],"collection":[{"href":"https:\/\/luchonoticias.com\/editor\/wp-json\/wp\/v2\/posts"}],"about":[{"href":"https:\/\/luchonoticias.com\/editor\/wp-json\/wp\/v2\/types\/post"}],"author":[{"embeddable":true,"href":"https:\/\/luchonoticias.com\/editor\/wp-json\/wp\/v2\/users\/1"}],"replies":[{"embeddable":true,"href":"https:\/\/luchonoticias.com\/editor\/wp-json\/wp\/v2\/comments?post=29423"}],"version-history":[{"count":0,"href":"https:\/\/luchonoticias.com\/editor\/wp-json\/wp\/v2\/posts\/29423\/revisions"}],"wp:attachment":[{"href":"https:\/\/luchonoticias.com\/editor\/wp-json\/wp\/v2\/media?parent=29423"}],"wp:term":[{"taxonomy":"category","embeddable":true,"href":"https:\/\/luchonoticias.com\/editor\/wp-json\/wp\/v2\/categories?post=29423"},{"taxonomy":"post_tag","embeddable":true,"href":"https:\/\/luchonoticias.com\/editor\/wp-json\/wp\/v2\/tags?post=29423"}],"curies":[{"name":"wp","href":"https:\/\/api.w.org\/{rel}","templated":true}]}}